{"id":214492,"date":"2019-05-24T17:20:51","date_gmt":"2019-05-24T16:20:51","guid":{"rendered":"http:\/\/kapitalis.com\/tunisie\/?p=214492"},"modified":"2019-05-24T18:23:02","modified_gmt":"2019-05-24T17:23:02","slug":"zaghouan-un-homme-de-27-ans-retrouve-pendu-a-oued-zriba","status":"publish","type":"post","link":"https:\/\/kapitalis.com\/tunisie\/2019\/05\/24\/zaghouan-un-homme-de-27-ans-retrouve-pendu-a-oued-zriba\/","title":{"rendered":"Zaghouan : Un homme de 27 ans retrouv\u00e9 pendu \u00e0 Oued Zriba"},"content":{"rendered":"\n<figure class=\"wp-block-image\"><img decoding=\"async\" src=\"http:\/\/kapitalis.com\/tunisie\/wp-content\/uploads\/2019\/05\/Zaghouan-Med-Brik-pendu.jpg\" alt=\"\" class=\"wp-image-214494\"\/><\/figure>\n\n\n<p><em><strong>Mohamed Brik (27 ans) a \u00e9t\u00e9 retrouv\u00e9 pendu, dans la nuit du jeudi 23 au vendredi 24 mai 2019, \u00e0 un pont d\u2019Oued Zriba, \u00e0 Zaghouan. La piste du suicide est privil\u00e9gi\u00e9e.<\/strong><\/em><!--more--><\/p>\n<p>Le corps a \u00e9t\u00e9 d\u00e9couvert par une patrouille de la garde nationale vers 2h45 et transport\u00e9 \u00e0 l\u2019h\u00f4pital r\u00e9gional pour une autopsie ordonn\u00e9e par le procureur de la r\u00e9publique, afin de d\u00e9terminer les circonstances du d\u00e9c\u00e8s.<\/p>\n<p>Mohamed Brik, boucher de son \u00e9tat, passait par une p\u00e9riode difficile, confie \u00e0 Kapitalis, Lasaad, son ami, en assurant qu\u2019il avait notamment de gros soucis financiers, notamment des dettes.<\/p>\n<p>La m\u00eame source a ajout\u00e9 que Mohamed avait d\u00e9j\u00e0 parl\u00e9 de suicide, il y a quelques mois.<\/p>\n<p style=\"text-align: right;\"><strong>Y. N.<\/strong><\/p>","protected":false},"excerpt":{"rendered":"<p>Mohamed Brik (27 ans) a \u00e9t\u00e9 retrouv\u00e9 pendu, dans la nuit du jeudi 23 au vendredi 24 mai 2019, \u00e0 un pont d\u2019Oued Zriba, \u00e0 Zaghouan. La piste du suicide est privil\u00e9gi\u00e9e.<\/p>\n","protected":false},"author":6,"featured_media":214494,"comment_status":"open","ping_status":"open","sticky":false,"template":"","format":"standard","meta":{"footnotes":""},"categories":[998,2433],"tags":[112,1557,865,2066],"class_list":["post-214492","post","type-post","status-publish","format-standard","has-post-thumbnail","hentry","category-societe","category-tunisie","tag-autopsie","tag-pendu","tag-suicide","tag-zaghouan"],"yoast_head":"<!-- This site is optimized with the Yoast SEO plugin v26.6 - https:\/\/yoast.com\/wordpress\/plugins\/seo\/ -->\n<title>Zaghouan : Un homme de 27 ans retrouv\u00e9 pendu \u00e0 Oued Zriba - Kapitalis<\/title>\n<meta name=\"robots\" content=\"index, follow, max-snippet:-1, max-image-preview:large, max-video-preview:-1\" \/>\n<link rel=\"canonical\" href=\"https:\/\/kapitalis.com\/tunisie\/2019\/05\/24\/zaghouan-un-homme-de-27-ans-retrouve-pendu-a-oued-zriba\/\" \/>\n<meta property=\"og:locale\" content=\"fr_FR\" \/>\n<meta property=\"og:type\" content=\"article\" \/>\n<meta property=\"og:title\" content=\"Zaghouan : Un homme de 27 ans retrouv\u00e9 pendu \u00e0 Oued Zriba - Kapitalis\" \/>\n<meta property=\"og:description\" content=\"Mohamed Brik (27 ans) a \u00e9t\u00e9 retrouv\u00e9 pendu, dans la nuit du jeudi 23 au vendredi 24 mai 2019, \u00e0 un pont d\u2019Oued Zriba, \u00e0 Zaghouan. La piste du suicide est privil\u00e9gi\u00e9e.\" \/>\n<meta property=\"og:url\" content=\"https:\/\/kapitalis.com\/tunisie\/2019\/05\/24\/zaghouan-un-homme-de-27-ans-retrouve-pendu-a-oued-zriba\/\" \/>\n<meta property=\"og:site_name\" content=\"Kapitalis\" \/>\n<meta property=\"article:publisher\" content=\"https:\/\/www.facebook.com\/KapitalisInfo\/\" \/>\n<meta property=\"article:published_time\" content=\"2019-05-24T16:20:51+00:00\" \/>\n<meta property=\"article:modified_time\" content=\"2019-05-24T17:23:02+00:00\" \/>\n<meta property=\"og:image\" content=\"https:\/\/kapitalis.com\/tunisie\/wp-content\/uploads\/2022\/05\/kapitalis-logo-fb.png\" \/>\n\t<meta property=\"og:image:width\" content=\"1200\" \/>\n\t<meta property=\"og:image:height\" content=\"630\" \/>\n\t<meta property=\"og:image:type\" content=\"image\/png\" \/>\n<meta name=\"author\" content=\"Yusra NY\" \/>\n<meta name=\"twitter:card\" content=\"summary_large_image\" \/>\n<meta name=\"twitter:creator\" content=\"@KapitalisInfo\" \/>\n<meta name=\"twitter:site\" content=\"@KapitalisInfo\" \/>\n<meta name=\"twitter:label1\" content=\"\u00c9crit par\" \/>\n\t<meta name=\"twitter:data1\" content=\"Yusra NY\" \/>\n\t<meta name=\"twitter:label2\" content=\"Dur\u00e9e de lecture estim\u00e9e\" \/>\n\t<meta name=\"twitter:data2\" content=\"1 minute\" \/>\n<script type=\"application\/ld+json\" class=\"yoast-schema-graph\">{\"@context\":\"https:\/\/schema.org\",\"@graph\":[{\"@type\":\"Article\",\"@id\":\"https:\/\/kapitalis.com\/tunisie\/2019\/05\/24\/zaghouan-un-homme-de-27-ans-retrouve-pendu-a-oued-zriba\/#article\",\"isPartOf\":{\"@id\":\"https:\/\/kapitalis.com\/tunisie\/2019\/05\/24\/zaghouan-un-homme-de-27-ans-retrouve-pendu-a-oued-zriba\/\"},\"author\":{\"name\":\"Yusra NY\",\"@id\":\"https:\/\/kapitalis.com\/tunisie\/#\/schema\/person\/74bbde0154d49d790a92aaeac5bc01d5\"},\"headline\":\"Zaghouan : Un homme de 27 ans retrouv\u00e9 pendu \u00e0 Oued Zriba\",\"datePublished\":\"2019-05-24T16:20:51+00:00\",\"dateModified\":\"2019-05-24T17:23:02+00:00\",\"mainEntityOfPage\":{\"@id\":\"https:\/\/kapitalis.com\/tunisie\/2019\/05\/24\/zaghouan-un-homme-de-27-ans-retrouve-pendu-a-oued-zriba\/\"},\"wordCount\":133,\"commentCount\":1,\"publisher\":{\"@id\":\"https:\/\/kapitalis.com\/tunisie\/#organization\"},\"image\":{\"@id\":\"https:\/\/kapitalis.com\/tunisie\/2019\/05\/24\/zaghouan-un-homme-de-27-ans-retrouve-pendu-a-oued-zriba\/#primaryimage\"},\"thumbnailUrl\":\"\",\"keywords\":[\"autopsie\",\"pendu\",\"suicide\",\"Zaghouan\"],\"articleSection\":[\"SOCIETE\",\"Tunisie\"],\"inLanguage\":\"fr-FR\",\"potentialAction\":[{\"@type\":\"CommentAction\",\"name\":\"Comment\",\"target\":[\"https:\/\/kapitalis.com\/tunisie\/2019\/05\/24\/zaghouan-un-homme-de-27-ans-retrouve-pendu-a-oued-zriba\/#respond\"]}]},{\"@type\":\"WebPage\",\"@id\":\"https:\/\/kapitalis.com\/tunisie\/2019\/05\/24\/zaghouan-un-homme-de-27-ans-retrouve-pendu-a-oued-zriba\/\",\"url\":\"https:\/\/kapitalis.com\/tunisie\/2019\/05\/24\/zaghouan-un-homme-de-27-ans-retrouve-pendu-a-oued-zriba\/\",\"name\":\"Zaghouan : Un homme de 27 ans retrouv\u00e9 pendu \u00e0 Oued Zriba - Kapitalis\",\"isPartOf\":{\"@id\":\"https:\/\/kapitalis.com\/tunisie\/#website\"},\"primaryImageOfPage\":{\"@id\":\"https:\/\/kapitalis.com\/tunisie\/2019\/05\/24\/zaghouan-un-homme-de-27-ans-retrouve-pendu-a-oued-zriba\/#primaryimage\"},\"image\":{\"@id\":\"https:\/\/kapitalis.com\/tunisie\/2019\/05\/24\/zaghouan-un-homme-de-27-ans-retrouve-pendu-a-oued-zriba\/#primaryimage\"},\"thumbnailUrl\":\"\",\"datePublished\":\"2019-05-24T16:20:51+00:00\",\"dateModified\":\"2019-05-24T17:23:02+00:00\",\"breadcrumb\":{\"@id\":\"https:\/\/kapitalis.com\/tunisie\/2019\/05\/24\/zaghouan-un-homme-de-27-ans-retrouve-pendu-a-oued-zriba\/#breadcrumb\"},\"inLanguage\":\"fr-FR\",\"potentialAction\":[{\"@type\":\"ReadAction\",\"target\":[\"https:\/\/kapitalis.com\/tunisie\/2019\/05\/24\/zaghouan-un-homme-de-27-ans-retrouve-pendu-a-oued-zriba\/\"]}]},{\"@type\":\"ImageObject\",\"inLanguage\":\"fr-FR\",\"@id\":\"https:\/\/kapitalis.com\/tunisie\/2019\/05\/24\/zaghouan-un-homme-de-27-ans-retrouve-pendu-a-oued-zriba\/#primaryimage\",\"url\":\"\",\"contentUrl\":\"\"},{\"@type\":\"BreadcrumbList\",\"@id\":\"https:\/\/kapitalis.com\/tunisie\/2019\/05\/24\/zaghouan-un-homme-de-27-ans-retrouve-pendu-a-oued-zriba\/#breadcrumb\",\"itemListElement\":[{\"@type\":\"ListItem\",\"position\":1,\"name\":\"Accueil\",\"item\":\"https:\/\/kapitalis.com\/tunisie\/\"},{\"@type\":\"ListItem\",\"position\":2,\"name\":\"Zaghouan : Un homme de 27 ans retrouv\u00e9 pendu \u00e0 Oued Zriba\"}]},{\"@type\":\"WebSite\",\"@id\":\"https:\/\/kapitalis.com\/tunisie\/#website\",\"url\":\"https:\/\/kapitalis.com\/tunisie\/\",\"name\":\"Kapitalis\",\"description\":\"L&#039;actualit\u00e9 en Tunisie et dans le monde\",\"publisher\":{\"@id\":\"https:\/\/kapitalis.com\/tunisie\/#organization\"},\"potentialAction\":[{\"@type\":\"SearchAction\",\"target\":{\"@type\":\"EntryPoint\",\"urlTemplate\":\"https:\/\/kapitalis.com\/tunisie\/?s={search_term_string}\"},\"query-input\":{\"@type\":\"PropertyValueSpecification\",\"valueRequired\":true,\"valueName\":\"search_term_string\"}}],\"inLanguage\":\"fr-FR\"},{\"@type\":\"Organization\",\"@id\":\"https:\/\/kapitalis.com\/tunisie\/#organization\",\"name\":\"Kapitalis\",\"url\":\"https:\/\/kapitalis.com\/tunisie\/\",\"logo\":{\"@type\":\"ImageObject\",\"inLanguage\":\"fr-FR\",\"@id\":\"https:\/\/kapitalis.com\/tunisie\/#\/schema\/logo\/image\/\",\"url\":\"https:\/\/kapitalis.com\/tunisie\/wp-content\/uploads\/2022\/05\/Kapitalis-big-size.png\",\"contentUrl\":\"https:\/\/kapitalis.com\/tunisie\/wp-content\/uploads\/2022\/05\/Kapitalis-big-size.png\",\"width\":5000,\"height\":1500,\"caption\":\"Kapitalis\"},\"image\":{\"@id\":\"https:\/\/kapitalis.com\/tunisie\/#\/schema\/logo\/image\/\"},\"sameAs\":[\"https:\/\/www.facebook.com\/KapitalisInfo\/\",\"https:\/\/x.com\/KapitalisInfo\",\"https:\/\/www.youtube.com\/channel\/UC-yDYrHyfFBWWZaOw3FPg9Q\"]},{\"@type\":\"Person\",\"@id\":\"https:\/\/kapitalis.com\/tunisie\/#\/schema\/person\/74bbde0154d49d790a92aaeac5bc01d5\",\"name\":\"Yusra NY\",\"url\":\"https:\/\/kapitalis.com\/tunisie\/author\/yuza_adam\/\"}]}<\/script>\n<!-- \/ Yoast SEO plugin. -->","yoast_head_json":{"title":"Zaghouan : Un homme de 27 ans retrouv\u00e9 pendu \u00e0 Oued Zriba - Kapitalis","robots":{"index":"index","follow":"follow","max-snippet":"max-snippet:-1","max-image-preview":"max-image-preview:large","max-video-preview":"max-video-preview:-1"},"canonical":"https:\/\/kapitalis.com\/tunisie\/2019\/05\/24\/zaghouan-un-homme-de-27-ans-retrouve-pendu-a-oued-zriba\/","og_locale":"fr_FR","og_type":"article","og_title":"Zaghouan : Un homme de 27 ans retrouv\u00e9 pendu \u00e0 Oued Zriba - Kapitalis","og_description":"Mohamed Brik (27 ans) a \u00e9t\u00e9 retrouv\u00e9 pendu, dans la nuit du jeudi 23 au vendredi 24 mai 2019, \u00e0 un pont d\u2019Oued Zriba, \u00e0 Zaghouan. La piste du suicide est privil\u00e9gi\u00e9e.","og_url":"https:\/\/kapitalis.com\/tunisie\/2019\/05\/24\/zaghouan-un-homme-de-27-ans-retrouve-pendu-a-oued-zriba\/","og_site_name":"Kapitalis","article_publisher":"https:\/\/www.facebook.com\/KapitalisInfo\/","article_published_time":"2019-05-24T16:20:51+00:00","article_modified_time":"2019-05-24T17:23:02+00:00","og_image":[{"width":1200,"height":630,"url":"https:\/\/kapitalis.com\/tunisie\/wp-content\/uploads\/2022\/05\/kapitalis-logo-fb.png","type":"image\/png"}],"author":"Yusra NY","twitter_card":"summary_large_image","twitter_creator":"@KapitalisInfo","twitter_site":"@KapitalisInfo","twitter_misc":{"\u00c9crit par":"Yusra NY","Dur\u00e9e de lecture estim\u00e9e":"1 minute"},"schema":{"@context":"https:\/\/schema.org","@graph":[{"@type":"Article","@id":"https:\/\/kapitalis.com\/tunisie\/2019\/05\/24\/zaghouan-un-homme-de-27-ans-retrouve-pendu-a-oued-zriba\/#article","isPartOf":{"@id":"https:\/\/kapitalis.com\/tunisie\/2019\/05\/24\/zaghouan-un-homme-de-27-ans-retrouve-pendu-a-oued-zriba\/"},"author":{"name":"Yusra NY","@id":"https:\/\/kapitalis.com\/tunisie\/#\/schema\/person\/74bbde0154d49d790a92aaeac5bc01d5"},"headline":"Zaghouan : Un homme de 27 ans retrouv\u00e9 pendu \u00e0 Oued Zriba","datePublished":"2019-05-24T16:20:51+00:00","dateModified":"2019-05-24T17:23:02+00:00","mainEntityOfPage":{"@id":"https:\/\/kapitalis.com\/tunisie\/2019\/05\/24\/zaghouan-un-homme-de-27-ans-retrouve-pendu-a-oued-zriba\/"},"wordCount":133,"commentCount":1,"publisher":{"@id":"https:\/\/kapitalis.com\/tunisie\/#organization"},"image":{"@id":"https:\/\/kapitalis.com\/tunisie\/2019\/05\/24\/zaghouan-un-homme-de-27-ans-retrouve-pendu-a-oued-zriba\/#primaryimage"},"thumbnailUrl":"","keywords":["autopsie","pendu","suicide","Zaghouan"],"articleSection":["SOCIETE","Tunisie"],"inLanguage":"fr-FR","potentialAction":[{"@type":"CommentAction","name":"Comment","target":["https:\/\/kapitalis.com\/tunisie\/2019\/05\/24\/zaghouan-un-homme-de-27-ans-retrouve-pendu-a-oued-zriba\/#respond"]}]},{"@type":"WebPage","@id":"https:\/\/kapitalis.com\/tunisie\/2019\/05\/24\/zaghouan-un-homme-de-27-ans-retrouve-pendu-a-oued-zriba\/","url":"https:\/\/kapitalis.com\/tunisie\/2019\/05\/24\/zaghouan-un-homme-de-27-ans-retrouve-pendu-a-oued-zriba\/","name":"Zaghouan : Un homme de 27 ans retrouv\u00e9 pendu \u00e0 Oued Zriba - Kapitalis","isPartOf":{"@id":"https:\/\/kapitalis.com\/tunisie\/#website"},"primaryImageOfPage":{"@id":"https:\/\/kapitalis.com\/tunisie\/2019\/05\/24\/zaghouan-un-homme-de-27-ans-retrouve-pendu-a-oued-zriba\/#primaryimage"},"image":{"@id":"https:\/\/kapitalis.com\/tunisie\/2019\/05\/24\/zaghouan-un-homme-de-27-ans-retrouve-pendu-a-oued-zriba\/#primaryimage"},"thumbnailUrl":"","datePublished":"2019-05-24T16:20:51+00:00","dateModified":"2019-05-24T17:23:02+00:00","breadcrumb":{"@id":"https:\/\/kapitalis.com\/tunisie\/2019\/05\/24\/zaghouan-un-homme-de-27-ans-retrouve-pendu-a-oued-zriba\/#breadcrumb"},"inLanguage":"fr-FR","potentialAction":[{"@type":"ReadAction","target":["https:\/\/kapitalis.com\/tunisie\/2019\/05\/24\/zaghouan-un-homme-de-27-ans-retrouve-pendu-a-oued-zriba\/"]}]},{"@type":"ImageObject","inLanguage":"fr-FR","@id":"https:\/\/kapitalis.com\/tunisie\/2019\/05\/24\/zaghouan-un-homme-de-27-ans-retrouve-pendu-a-oued-zriba\/#primaryimage","url":"","contentUrl":""},{"@type":"BreadcrumbList","@id":"https:\/\/kapitalis.com\/tunisie\/2019\/05\/24\/zaghouan-un-homme-de-27-ans-retrouve-pendu-a-oued-zriba\/#breadcrumb","itemListElement":[{"@type":"ListItem","position":1,"name":"Accueil","item":"https:\/\/kapitalis.com\/tunisie\/"},{"@type":"ListItem","position":2,"name":"Zaghouan : Un homme de 27 ans retrouv\u00e9 pendu \u00e0 Oued Zriba"}]},{"@type":"WebSite","@id":"https:\/\/kapitalis.com\/tunisie\/#website","url":"https:\/\/kapitalis.com\/tunisie\/","name":"Kapitalis","description":"L&#039;actualit\u00e9 en Tunisie et dans le monde","publisher":{"@id":"https:\/\/kapitalis.com\/tunisie\/#organization"},"potentialAction":[{"@type":"SearchAction","target":{"@type":"EntryPoint","urlTemplate":"https:\/\/kapitalis.com\/tunisie\/?s={search_term_string}"},"query-input":{"@type":"PropertyValueSpecification","valueRequired":true,"valueName":"search_term_string"}}],"inLanguage":"fr-FR"},{"@type":"Organization","@id":"https:\/\/kapitalis.com\/tunisie\/#organization","name":"Kapitalis","url":"https:\/\/kapitalis.com\/tunisie\/","logo":{"@type":"ImageObject","inLanguage":"fr-FR","@id":"https:\/\/kapitalis.com\/tunisie\/#\/schema\/logo\/image\/","url":"https:\/\/kapitalis.com\/tunisie\/wp-content\/uploads\/2022\/05\/Kapitalis-big-size.png","contentUrl":"https:\/\/kapitalis.com\/tunisie\/wp-content\/uploads\/2022\/05\/Kapitalis-big-size.png","width":5000,"height":1500,"caption":"Kapitalis"},"image":{"@id":"https:\/\/kapitalis.com\/tunisie\/#\/schema\/logo\/image\/"},"sameAs":["https:\/\/www.facebook.com\/KapitalisInfo\/","https:\/\/x.com\/KapitalisInfo","https:\/\/www.youtube.com\/channel\/UC-yDYrHyfFBWWZaOw3FPg9Q"]},{"@type":"Person","@id":"https:\/\/kapitalis.com\/tunisie\/#\/schema\/person\/74bbde0154d49d790a92aaeac5bc01d5","name":"Yusra NY","url":"https:\/\/kapitalis.com\/tunisie\/author\/yuza_adam\/"}]}},"_links":{"self":[{"href":"https:\/\/kapitalis.com\/tunisie\/wp-json\/wp\/v2\/posts\/214492","targetHints":{"allow":["GET"]}}],"collection":[{"href":"https:\/\/kapitalis.com\/tunisie\/wp-json\/wp\/v2\/posts"}],"about":[{"href":"https:\/\/kapitalis.com\/tunisie\/wp-json\/wp\/v2\/types\/post"}],"author":[{"embeddable":true,"href":"https:\/\/kapitalis.com\/tunisie\/wp-json\/wp\/v2\/users\/6"}],"replies":[{"embeddable":true,"href":"https:\/\/kapitalis.com\/tunisie\/wp-json\/wp\/v2\/comments?post=214492"}],"version-history":[{"count":0,"href":"https:\/\/kapitalis.com\/tunisie\/wp-json\/wp\/v2\/posts\/214492\/revisions"}],"wp:featuredmedia":[{"embeddable":true,"href":"https:\/\/kapitalis.com\/tunisie\/wp-json\/wp\/v2\/media\/214494"}],"wp:attachment":[{"href":"https:\/\/kapitalis.com\/tunisie\/wp-json\/wp\/v2\/media?parent=214492"}],"wp:term":[{"taxonomy":"category","embeddable":true,"href":"https:\/\/kapitalis.com\/tunisie\/wp-json\/wp\/v2\/categories?post=214492"},{"taxonomy":"post_tag","embeddable":true,"href":"https:\/\/kapitalis.com\/tunisie\/wp-json\/wp\/v2\/tags?post=214492"}],"curies":[{"name":"wp","href":"https:\/\/api.w.org\/{rel}","templated":true}]}}