{"id":214497,"date":"2019-05-24T17:47:53","date_gmt":"2019-05-24T16:47:53","guid":{"rendered":"http:\/\/kapitalis.com\/tunisie\/?p=214497"},"modified":"2019-05-24T18:07:37","modified_gmt":"2019-05-24T17:07:37","slug":"cimetiere-de-sidi-jedidi-a-hammamet-le-mystere-des-tombes-peintes-en-noir-elucidee","status":"publish","type":"post","link":"https:\/\/kapitalis.com\/tunisie\/2019\/05\/24\/cimetiere-de-sidi-jedidi-a-hammamet-le-mystere-des-tombes-peintes-en-noir-elucidee\/","title":{"rendered":"Cimeti\u00e8re de Sidi Jedidi \u00e0 Hammamet : Le myst\u00e8re des tombes peintes en noir \u00e9lucid\u00e9e"},"content":{"rendered":"\n<figure class=\"wp-block-image\"><img decoding=\"async\" src=\"http:\/\/kapitalis.com\/tunisie\/wp-content\/uploads\/2019\/05\/Sidi-Jedidi-cimeti\u00e8re-tombes-noir-peinture.jpg\" alt=\"\" class=\"wp-image-214500\"\/><\/figure>\n\n\n<p><em><strong>Les habitants de Sidi Jedidi, pr\u00e8s de Hammamet (Nabeul), ont d\u00e9nonc\u00e9 ce matin, vendredi 24 mai 2019, un homme qui a peint en noir des plaques fun\u00e9raires des tombes. Il a \u00e9t\u00e9 arr\u00eat\u00e9 puis finalement rel\u00e2ch\u00e9 et m\u00eame remerci\u00e9\u2026 Explication.<\/strong><\/em><!--more--><\/p>\n<p>Les plaignants ont vu dans cet acte une profanation mais au poste de police, Sarhane, 40 ans, a expliqu\u00e9 qu\u2019il avait repeint les plaques en noir et\u00a0 s\u2019appr\u00eatait \u00e0 nettoyer les contours des \u00e9critures, afin de mettre en relief les noms des morts sur les plaques, comme le montre les photos ci-dessous.<\/p>\n<p style=\"text-align: center;\"><img loading=\"lazy\" decoding=\"async\" class=\"alignnone wp-image-214499\" src=\"http:\/\/kapitalis.com\/tunisie\/wp-content\/uploads\/2019\/05\/Sidi-jedidi-tombes-noir-explication.jpg\" alt=\"\" width=\"500\" height=\"304\" \/><\/p>\n<p>Il s\u2019agit d\u2019une initiative personnelle: l&rsquo;homme voulait rendre service et faire plaisir aux familles des morts, explique-t-il. Il ne pensait pas devoir solliciter une autorisation des services fun\u00e9raires de la municipalit\u00e9.<\/p>\n<p>Le minist\u00e8re public et la garde nationale ont accompagn\u00e9 Sarhane au cimeti\u00e8re et il leur a fait une d\u00e9monstration. Tr\u00e8s convaincante, puisqu&rsquo;il a\u00a0\u00e9t\u00e9 rel\u00e2ch\u00e9 et m\u00eame remerci\u00e9 par les citoyens.<\/p>\n<p style=\"text-align: right;\"><strong>Y. N.<\/strong><\/p>","protected":false},"excerpt":{"rendered":"<p>Les habitants de Sidi Jedidi, pr\u00e8s de Hammamet (Nabeul), ont d\u00e9nonc\u00e9 ce matin, vendredi 24 mai 2019, un homme qui a peint en noir des plaques fun\u00e9raires des tombes. Il a \u00e9t\u00e9 arr\u00eat\u00e9 puis finalement rel\u00e2ch\u00e9 et m\u00eame remerci\u00e9\u2026 Explication.<\/p>\n","protected":false},"author":6,"featured_media":214499,"comment_status":"open","ping_status":"open","sticky":false,"template":"","format":"standard","meta":{"footnotes":""},"categories":[998,2433],"tags":[6945,439,650],"class_list":["post-214497","post","type-post","status-publish","format-standard","has-post-thumbnail","hentry","category-societe","category-tunisie","tag-cimetiere","tag-hammamet","tag-nabeul"],"yoast_head":"<!-- This site is optimized with the Yoast SEO plugin v26.6 - https:\/\/yoast.com\/wordpress\/plugins\/seo\/ -->\n<title>Cimeti\u00e8re de Sidi Jedidi \u00e0 Hammamet : Le myst\u00e8re des tombes peintes en noir \u00e9lucid\u00e9e - Kapitalis<\/title>\n<meta name=\"robots\" content=\"index, follow, max-snippet:-1, max-image-preview:large, max-video-preview:-1\" \/>\n<link rel=\"canonical\" href=\"https:\/\/kapitalis.com\/tunisie\/2019\/05\/24\/cimetiere-de-sidi-jedidi-a-hammamet-le-mystere-des-tombes-peintes-en-noir-elucidee\/\" \/>\n<meta property=\"og:locale\" content=\"fr_FR\" \/>\n<meta property=\"og:type\" content=\"article\" \/>\n<meta property=\"og:title\" content=\"Cimeti\u00e8re de Sidi Jedidi \u00e0 Hammamet : Le myst\u00e8re des tombes peintes en noir \u00e9lucid\u00e9e - Kapitalis\" \/>\n<meta property=\"og:description\" content=\"Les habitants de Sidi Jedidi, pr\u00e8s de Hammamet (Nabeul), ont d\u00e9nonc\u00e9 ce matin, vendredi 24 mai 2019, un homme qui a peint en noir des plaques fun\u00e9raires des tombes. Il a \u00e9t\u00e9 arr\u00eat\u00e9 puis finalement rel\u00e2ch\u00e9 et m\u00eame remerci\u00e9\u2026 Explication.\" \/>\n<meta property=\"og:url\" content=\"https:\/\/kapitalis.com\/tunisie\/2019\/05\/24\/cimetiere-de-sidi-jedidi-a-hammamet-le-mystere-des-tombes-peintes-en-noir-elucidee\/\" \/>\n<meta property=\"og:site_name\" content=\"Kapitalis\" \/>\n<meta property=\"article:publisher\" content=\"https:\/\/www.facebook.com\/KapitalisInfo\/\" \/>\n<meta property=\"article:published_time\" content=\"2019-05-24T16:47:53+00:00\" \/>\n<meta property=\"article:modified_time\" content=\"2019-05-24T17:07:37+00:00\" \/>\n<meta property=\"og:image\" content=\"https:\/\/kapitalis.com\/tunisie\/wp-content\/uploads\/2022\/05\/kapitalis-logo-fb.png\" \/>\n\t<meta property=\"og:image:width\" content=\"1200\" \/>\n\t<meta property=\"og:image:height\" content=\"630\" \/>\n\t<meta property=\"og:image:type\" content=\"image\/png\" \/>\n<meta name=\"author\" content=\"Yusra NY\" \/>\n<meta name=\"twitter:card\" content=\"summary_large_image\" \/>\n<meta name=\"twitter:creator\" content=\"@KapitalisInfo\" \/>\n<meta name=\"twitter:site\" content=\"@KapitalisInfo\" \/>\n<meta name=\"twitter:label1\" content=\"\u00c9crit par\" \/>\n\t<meta name=\"twitter:data1\" content=\"Yusra NY\" \/>\n\t<meta name=\"twitter:label2\" content=\"Dur\u00e9e de lecture estim\u00e9e\" \/>\n\t<meta name=\"twitter:data2\" content=\"1 minute\" \/>\n<script type=\"application\/ld+json\" class=\"yoast-schema-graph\">{\"@context\":\"https:\/\/schema.org\",\"@graph\":[{\"@type\":\"Article\",\"@id\":\"https:\/\/kapitalis.com\/tunisie\/2019\/05\/24\/cimetiere-de-sidi-jedidi-a-hammamet-le-mystere-des-tombes-peintes-en-noir-elucidee\/#article\",\"isPartOf\":{\"@id\":\"https:\/\/kapitalis.com\/tunisie\/2019\/05\/24\/cimetiere-de-sidi-jedidi-a-hammamet-le-mystere-des-tombes-peintes-en-noir-elucidee\/\"},\"author\":{\"name\":\"Yusra NY\",\"@id\":\"https:\/\/kapitalis.com\/tunisie\/#\/schema\/person\/74bbde0154d49d790a92aaeac5bc01d5\"},\"headline\":\"Cimeti\u00e8re de Sidi Jedidi \u00e0 Hammamet : Le myst\u00e8re des tombes peintes en noir \u00e9lucid\u00e9e\",\"datePublished\":\"2019-05-24T16:47:53+00:00\",\"dateModified\":\"2019-05-24T17:07:37+00:00\",\"mainEntityOfPage\":{\"@id\":\"https:\/\/kapitalis.com\/tunisie\/2019\/05\/24\/cimetiere-de-sidi-jedidi-a-hammamet-le-mystere-des-tombes-peintes-en-noir-elucidee\/\"},\"wordCount\":186,\"commentCount\":3,\"publisher\":{\"@id\":\"https:\/\/kapitalis.com\/tunisie\/#organization\"},\"image\":{\"@id\":\"https:\/\/kapitalis.com\/tunisie\/2019\/05\/24\/cimetiere-de-sidi-jedidi-a-hammamet-le-mystere-des-tombes-peintes-en-noir-elucidee\/#primaryimage\"},\"thumbnailUrl\":\"\",\"keywords\":[\"cimeti\u00e8re\",\"Hammamet\",\"Nabeul\"],\"articleSection\":[\"SOCIETE\",\"Tunisie\"],\"inLanguage\":\"fr-FR\",\"potentialAction\":[{\"@type\":\"CommentAction\",\"name\":\"Comment\",\"target\":[\"https:\/\/kapitalis.com\/tunisie\/2019\/05\/24\/cimetiere-de-sidi-jedidi-a-hammamet-le-mystere-des-tombes-peintes-en-noir-elucidee\/#respond\"]}]},{\"@type\":\"WebPage\",\"@id\":\"https:\/\/kapitalis.com\/tunisie\/2019\/05\/24\/cimetiere-de-sidi-jedidi-a-hammamet-le-mystere-des-tombes-peintes-en-noir-elucidee\/\",\"url\":\"https:\/\/kapitalis.com\/tunisie\/2019\/05\/24\/cimetiere-de-sidi-jedidi-a-hammamet-le-mystere-des-tombes-peintes-en-noir-elucidee\/\",\"name\":\"Cimeti\u00e8re de Sidi Jedidi \u00e0 Hammamet : Le myst\u00e8re des tombes peintes en noir \u00e9lucid\u00e9e - Kapitalis\",\"isPartOf\":{\"@id\":\"https:\/\/kapitalis.com\/tunisie\/#website\"},\"primaryImageOfPage\":{\"@id\":\"https:\/\/kapitalis.com\/tunisie\/2019\/05\/24\/cimetiere-de-sidi-jedidi-a-hammamet-le-mystere-des-tombes-peintes-en-noir-elucidee\/#primaryimage\"},\"image\":{\"@id\":\"https:\/\/kapitalis.com\/tunisie\/2019\/05\/24\/cimetiere-de-sidi-jedidi-a-hammamet-le-mystere-des-tombes-peintes-en-noir-elucidee\/#primaryimage\"},\"thumbnailUrl\":\"\",\"datePublished\":\"2019-05-24T16:47:53+00:00\",\"dateModified\":\"2019-05-24T17:07:37+00:00\",\"breadcrumb\":{\"@id\":\"https:\/\/kapitalis.com\/tunisie\/2019\/05\/24\/cimetiere-de-sidi-jedidi-a-hammamet-le-mystere-des-tombes-peintes-en-noir-elucidee\/#breadcrumb\"},\"inLanguage\":\"fr-FR\",\"potentialAction\":[{\"@type\":\"ReadAction\",\"target\":[\"https:\/\/kapitalis.com\/tunisie\/2019\/05\/24\/cimetiere-de-sidi-jedidi-a-hammamet-le-mystere-des-tombes-peintes-en-noir-elucidee\/\"]}]},{\"@type\":\"ImageObject\",\"inLanguage\":\"fr-FR\",\"@id\":\"https:\/\/kapitalis.com\/tunisie\/2019\/05\/24\/cimetiere-de-sidi-jedidi-a-hammamet-le-mystere-des-tombes-peintes-en-noir-elucidee\/#primaryimage\",\"url\":\"\",\"contentUrl\":\"\"},{\"@type\":\"BreadcrumbList\",\"@id\":\"https:\/\/kapitalis.com\/tunisie\/2019\/05\/24\/cimetiere-de-sidi-jedidi-a-hammamet-le-mystere-des-tombes-peintes-en-noir-elucidee\/#breadcrumb\",\"itemListElement\":[{\"@type\":\"ListItem\",\"position\":1,\"name\":\"Accueil\",\"item\":\"https:\/\/kapitalis.com\/tunisie\/\"},{\"@type\":\"ListItem\",\"position\":2,\"name\":\"Cimeti\u00e8re de Sidi Jedidi \u00e0 Hammamet : Le myst\u00e8re des tombes peintes en noir \u00e9lucid\u00e9e\"}]},{\"@type\":\"WebSite\",\"@id\":\"https:\/\/kapitalis.com\/tunisie\/#website\",\"url\":\"https:\/\/kapitalis.com\/tunisie\/\",\"name\":\"Kapitalis\",\"description\":\"L&#039;actualit\u00e9 en Tunisie et dans le monde\",\"publisher\":{\"@id\":\"https:\/\/kapitalis.com\/tunisie\/#organization\"},\"potentialAction\":[{\"@type\":\"SearchAction\",\"target\":{\"@type\":\"EntryPoint\",\"urlTemplate\":\"https:\/\/kapitalis.com\/tunisie\/?s={search_term_string}\"},\"query-input\":{\"@type\":\"PropertyValueSpecification\",\"valueRequired\":true,\"valueName\":\"search_term_string\"}}],\"inLanguage\":\"fr-FR\"},{\"@type\":\"Organization\",\"@id\":\"https:\/\/kapitalis.com\/tunisie\/#organization\",\"name\":\"Kapitalis\",\"url\":\"https:\/\/kapitalis.com\/tunisie\/\",\"logo\":{\"@type\":\"ImageObject\",\"inLanguage\":\"fr-FR\",\"@id\":\"https:\/\/kapitalis.com\/tunisie\/#\/schema\/logo\/image\/\",\"url\":\"https:\/\/kapitalis.com\/tunisie\/wp-content\/uploads\/2022\/05\/Kapitalis-big-size.png\",\"contentUrl\":\"https:\/\/kapitalis.com\/tunisie\/wp-content\/uploads\/2022\/05\/Kapitalis-big-size.png\",\"width\":5000,\"height\":1500,\"caption\":\"Kapitalis\"},\"image\":{\"@id\":\"https:\/\/kapitalis.com\/tunisie\/#\/schema\/logo\/image\/\"},\"sameAs\":[\"https:\/\/www.facebook.com\/KapitalisInfo\/\",\"https:\/\/x.com\/KapitalisInfo\",\"https:\/\/www.youtube.com\/channel\/UC-yDYrHyfFBWWZaOw3FPg9Q\"]},{\"@type\":\"Person\",\"@id\":\"https:\/\/kapitalis.com\/tunisie\/#\/schema\/person\/74bbde0154d49d790a92aaeac5bc01d5\",\"name\":\"Yusra NY\",\"url\":\"https:\/\/kapitalis.com\/tunisie\/author\/yuza_adam\/\"}]}<\/script>\n<!-- \/ Yoast SEO plugin. -->","yoast_head_json":{"title":"Cimeti\u00e8re de Sidi Jedidi \u00e0 Hammamet : Le myst\u00e8re des tombes peintes en noir \u00e9lucid\u00e9e - Kapitalis","robots":{"index":"index","follow":"follow","max-snippet":"max-snippet:-1","max-image-preview":"max-image-preview:large","max-video-preview":"max-video-preview:-1"},"canonical":"https:\/\/kapitalis.com\/tunisie\/2019\/05\/24\/cimetiere-de-sidi-jedidi-a-hammamet-le-mystere-des-tombes-peintes-en-noir-elucidee\/","og_locale":"fr_FR","og_type":"article","og_title":"Cimeti\u00e8re de Sidi Jedidi \u00e0 Hammamet : Le myst\u00e8re des tombes peintes en noir \u00e9lucid\u00e9e - Kapitalis","og_description":"Les habitants de Sidi Jedidi, pr\u00e8s de Hammamet (Nabeul), ont d\u00e9nonc\u00e9 ce matin, vendredi 24 mai 2019, un homme qui a peint en noir des plaques fun\u00e9raires des tombes. Il a \u00e9t\u00e9 arr\u00eat\u00e9 puis finalement rel\u00e2ch\u00e9 et m\u00eame remerci\u00e9\u2026 Explication.","og_url":"https:\/\/kapitalis.com\/tunisie\/2019\/05\/24\/cimetiere-de-sidi-jedidi-a-hammamet-le-mystere-des-tombes-peintes-en-noir-elucidee\/","og_site_name":"Kapitalis","article_publisher":"https:\/\/www.facebook.com\/KapitalisInfo\/","article_published_time":"2019-05-24T16:47:53+00:00","article_modified_time":"2019-05-24T17:07:37+00:00","og_image":[{"width":1200,"height":630,"url":"https:\/\/kapitalis.com\/tunisie\/wp-content\/uploads\/2022\/05\/kapitalis-logo-fb.png","type":"image\/png"}],"author":"Yusra NY","twitter_card":"summary_large_image","twitter_creator":"@KapitalisInfo","twitter_site":"@KapitalisInfo","twitter_misc":{"\u00c9crit par":"Yusra NY","Dur\u00e9e de lecture estim\u00e9e":"1 minute"},"schema":{"@context":"https:\/\/schema.org","@graph":[{"@type":"Article","@id":"https:\/\/kapitalis.com\/tunisie\/2019\/05\/24\/cimetiere-de-sidi-jedidi-a-hammamet-le-mystere-des-tombes-peintes-en-noir-elucidee\/#article","isPartOf":{"@id":"https:\/\/kapitalis.com\/tunisie\/2019\/05\/24\/cimetiere-de-sidi-jedidi-a-hammamet-le-mystere-des-tombes-peintes-en-noir-elucidee\/"},"author":{"name":"Yusra NY","@id":"https:\/\/kapitalis.com\/tunisie\/#\/schema\/person\/74bbde0154d49d790a92aaeac5bc01d5"},"headline":"Cimeti\u00e8re de Sidi Jedidi \u00e0 Hammamet : Le myst\u00e8re des tombes peintes en noir \u00e9lucid\u00e9e","datePublished":"2019-05-24T16:47:53+00:00","dateModified":"2019-05-24T17:07:37+00:00","mainEntityOfPage":{"@id":"https:\/\/kapitalis.com\/tunisie\/2019\/05\/24\/cimetiere-de-sidi-jedidi-a-hammamet-le-mystere-des-tombes-peintes-en-noir-elucidee\/"},"wordCount":186,"commentCount":3,"publisher":{"@id":"https:\/\/kapitalis.com\/tunisie\/#organization"},"image":{"@id":"https:\/\/kapitalis.com\/tunisie\/2019\/05\/24\/cimetiere-de-sidi-jedidi-a-hammamet-le-mystere-des-tombes-peintes-en-noir-elucidee\/#primaryimage"},"thumbnailUrl":"","keywords":["cimeti\u00e8re","Hammamet","Nabeul"],"articleSection":["SOCIETE","Tunisie"],"inLanguage":"fr-FR","potentialAction":[{"@type":"CommentAction","name":"Comment","target":["https:\/\/kapitalis.com\/tunisie\/2019\/05\/24\/cimetiere-de-sidi-jedidi-a-hammamet-le-mystere-des-tombes-peintes-en-noir-elucidee\/#respond"]}]},{"@type":"WebPage","@id":"https:\/\/kapitalis.com\/tunisie\/2019\/05\/24\/cimetiere-de-sidi-jedidi-a-hammamet-le-mystere-des-tombes-peintes-en-noir-elucidee\/","url":"https:\/\/kapitalis.com\/tunisie\/2019\/05\/24\/cimetiere-de-sidi-jedidi-a-hammamet-le-mystere-des-tombes-peintes-en-noir-elucidee\/","name":"Cimeti\u00e8re de Sidi Jedidi \u00e0 Hammamet : Le myst\u00e8re des tombes peintes en noir \u00e9lucid\u00e9e - Kapitalis","isPartOf":{"@id":"https:\/\/kapitalis.com\/tunisie\/#website"},"primaryImageOfPage":{"@id":"https:\/\/kapitalis.com\/tunisie\/2019\/05\/24\/cimetiere-de-sidi-jedidi-a-hammamet-le-mystere-des-tombes-peintes-en-noir-elucidee\/#primaryimage"},"image":{"@id":"https:\/\/kapitalis.com\/tunisie\/2019\/05\/24\/cimetiere-de-sidi-jedidi-a-hammamet-le-mystere-des-tombes-peintes-en-noir-elucidee\/#primaryimage"},"thumbnailUrl":"","datePublished":"2019-05-24T16:47:53+00:00","dateModified":"2019-05-24T17:07:37+00:00","breadcrumb":{"@id":"https:\/\/kapitalis.com\/tunisie\/2019\/05\/24\/cimetiere-de-sidi-jedidi-a-hammamet-le-mystere-des-tombes-peintes-en-noir-elucidee\/#breadcrumb"},"inLanguage":"fr-FR","potentialAction":[{"@type":"ReadAction","target":["https:\/\/kapitalis.com\/tunisie\/2019\/05\/24\/cimetiere-de-sidi-jedidi-a-hammamet-le-mystere-des-tombes-peintes-en-noir-elucidee\/"]}]},{"@type":"ImageObject","inLanguage":"fr-FR","@id":"https:\/\/kapitalis.com\/tunisie\/2019\/05\/24\/cimetiere-de-sidi-jedidi-a-hammamet-le-mystere-des-tombes-peintes-en-noir-elucidee\/#primaryimage","url":"","contentUrl":""},{"@type":"BreadcrumbList","@id":"https:\/\/kapitalis.com\/tunisie\/2019\/05\/24\/cimetiere-de-sidi-jedidi-a-hammamet-le-mystere-des-tombes-peintes-en-noir-elucidee\/#breadcrumb","itemListElement":[{"@type":"ListItem","position":1,"name":"Accueil","item":"https:\/\/kapitalis.com\/tunisie\/"},{"@type":"ListItem","position":2,"name":"Cimeti\u00e8re de Sidi Jedidi \u00e0 Hammamet : Le myst\u00e8re des tombes peintes en noir \u00e9lucid\u00e9e"}]},{"@type":"WebSite","@id":"https:\/\/kapitalis.com\/tunisie\/#website","url":"https:\/\/kapitalis.com\/tunisie\/","name":"Kapitalis","description":"L&#039;actualit\u00e9 en Tunisie et dans le monde","publisher":{"@id":"https:\/\/kapitalis.com\/tunisie\/#organization"},"potentialAction":[{"@type":"SearchAction","target":{"@type":"EntryPoint","urlTemplate":"https:\/\/kapitalis.com\/tunisie\/?s={search_term_string}"},"query-input":{"@type":"PropertyValueSpecification","valueRequired":true,"valueName":"search_term_string"}}],"inLanguage":"fr-FR"},{"@type":"Organization","@id":"https:\/\/kapitalis.com\/tunisie\/#organization","name":"Kapitalis","url":"https:\/\/kapitalis.com\/tunisie\/","logo":{"@type":"ImageObject","inLanguage":"fr-FR","@id":"https:\/\/kapitalis.com\/tunisie\/#\/schema\/logo\/image\/","url":"https:\/\/kapitalis.com\/tunisie\/wp-content\/uploads\/2022\/05\/Kapitalis-big-size.png","contentUrl":"https:\/\/kapitalis.com\/tunisie\/wp-content\/uploads\/2022\/05\/Kapitalis-big-size.png","width":5000,"height":1500,"caption":"Kapitalis"},"image":{"@id":"https:\/\/kapitalis.com\/tunisie\/#\/schema\/logo\/image\/"},"sameAs":["https:\/\/www.facebook.com\/KapitalisInfo\/","https:\/\/x.com\/KapitalisInfo","https:\/\/www.youtube.com\/channel\/UC-yDYrHyfFBWWZaOw3FPg9Q"]},{"@type":"Person","@id":"https:\/\/kapitalis.com\/tunisie\/#\/schema\/person\/74bbde0154d49d790a92aaeac5bc01d5","name":"Yusra NY","url":"https:\/\/kapitalis.com\/tunisie\/author\/yuza_adam\/"}]}},"_links":{"self":[{"href":"https:\/\/kapitalis.com\/tunisie\/wp-json\/wp\/v2\/posts\/214497","targetHints":{"allow":["GET"]}}],"collection":[{"href":"https:\/\/kapitalis.com\/tunisie\/wp-json\/wp\/v2\/posts"}],"about":[{"href":"https:\/\/kapitalis.com\/tunisie\/wp-json\/wp\/v2\/types\/post"}],"author":[{"embeddable":true,"href":"https:\/\/kapitalis.com\/tunisie\/wp-json\/wp\/v2\/users\/6"}],"replies":[{"embeddable":true,"href":"https:\/\/kapitalis.com\/tunisie\/wp-json\/wp\/v2\/comments?post=214497"}],"version-history":[{"count":0,"href":"https:\/\/kapitalis.com\/tunisie\/wp-json\/wp\/v2\/posts\/214497\/revisions"}],"wp:featuredmedia":[{"embeddable":true,"href":"https:\/\/kapitalis.com\/tunisie\/wp-json\/wp\/v2\/media\/214499"}],"wp:attachment":[{"href":"https:\/\/kapitalis.com\/tunisie\/wp-json\/wp\/v2\/media?parent=214497"}],"wp:term":[{"taxonomy":"category","embeddable":true,"href":"https:\/\/kapitalis.com\/tunisie\/wp-json\/wp\/v2\/categories?post=214497"},{"taxonomy":"post_tag","embeddable":true,"href":"https:\/\/kapitalis.com\/tunisie\/wp-json\/wp\/v2\/tags?post=214497"}],"curies":[{"name":"wp","href":"https:\/\/api.w.org\/{rel}","templated":true}]}}