{"id":214587,"date":"2019-05-25T16:08:49","date_gmt":"2019-05-25T15:08:49","guid":{"rendered":"http:\/\/kapitalis.com\/tunisie\/?p=214587"},"modified":"2019-05-25T17:42:45","modified_gmt":"2019-05-25T16:42:45","slug":"ben-arous-un-extremiste-religieux-recherche-par-la-justice-arrete-pour-vente-de-drogue-aux-eleves","status":"publish","type":"post","link":"https:\/\/kapitalis.com\/tunisie\/2019\/05\/25\/ben-arous-un-extremiste-religieux-recherche-par-la-justice-arrete-pour-vente-de-drogue-aux-eleves\/","title":{"rendered":"Ben Arous\u00a0: Un extr\u00e9miste religieux, recherch\u00e9 par la justice, arr\u00eat\u00e9 pour vente de drogue aux \u00e9l\u00e8ves"},"content":{"rendered":"\n<figure class=\"wp-block-image\"><img decoding=\"async\" src=\"http:\/\/kapitalis.com\/tunisie\/wp-content\/uploads\/2017\/06\/arrestation-terroriste.jpg\" alt=\"\" class=\"wp-image-102778\"\/><\/figure>\n\n\n<p><em><strong>La garde nationale a arr\u00eat\u00e9 hier, vendredi 24 mai 2019, un extr\u00e9miste religieux condamn\u00e9 par contumace \u00e0 22 mois de prison ferme, en possession de 150 pilules de drogue, destin\u00e9es \u00e0 des \u00e9l\u00e8ves du coll\u00e8ge Bir El Bey \u00e0 Chatt Meriem (Ben Arous).<\/strong><\/em><!--more--><\/p>\n<p>Le suspect fait \u00e9galement l\u2019objet de deux mandats d\u2019amener du tribunal de Ben Arous, dont un pour violences aggrav\u00e9es, indique le colonel Houssemeddine Jebabli, dans une d\u00e9claration, aujourd\u2019hui, \u00e0 Kapitalis.<\/p>\n<p>L\u2019extr\u00e9miste religieux est \u00e9galement fich\u00e9 S17 (objet de proc\u00e9dures frontali\u00e8res), ajoute la m\u00eame source, en pr\u00e9cisant que le minist\u00e8re public a ordonn\u00e9 sa mise en d\u00e9tention.<\/p>\n<p style=\"text-align: right;\"><strong>Y. N.<\/strong><\/p>","protected":false},"excerpt":{"rendered":"<p>La garde nationale a arr\u00eat\u00e9 hier, vendredi 24 mai 2019, un extr\u00e9miste religieux condamn\u00e9 par contumace \u00e0 22 mois de prison ferme, en possession de 150 pilules de drogue, destin\u00e9es \u00e0 des \u00e9l\u00e8ves du coll\u00e8ge Bir El Bey \u00e0 Chatt Meriem (Ben Arous).<\/p>\n","protected":false},"author":6,"featured_media":0,"comment_status":"open","ping_status":"open","sticky":false,"template":"","format":"standard","meta":{"footnotes":""},"categories":[998,2433],"tags":[141,5204,292,314,1179],"class_list":["post-214587","post","type-post","status-publish","format-standard","hentry","category-societe","category-tunisie","tag-ben-arous","tag-college","tag-drogue","tag-eleve","tag-extremiste-religieux"],"yoast_head":"<!-- This site is optimized with the Yoast SEO plugin v26.6 - https:\/\/yoast.com\/wordpress\/plugins\/seo\/ -->\n<title>Ben Arous\u00a0: Un extr\u00e9miste religieux, recherch\u00e9 par la justice, arr\u00eat\u00e9 pour vente de drogue aux \u00e9l\u00e8ves - Kapitalis<\/title>\n<meta name=\"robots\" content=\"index, follow, max-snippet:-1, max-image-preview:large, max-video-preview:-1\" \/>\n<link rel=\"canonical\" href=\"https:\/\/kapitalis.com\/tunisie\/2019\/05\/25\/ben-arous-un-extremiste-religieux-recherche-par-la-justice-arrete-pour-vente-de-drogue-aux-eleves\/\" \/>\n<meta property=\"og:locale\" content=\"fr_FR\" \/>\n<meta property=\"og:type\" content=\"article\" \/>\n<meta property=\"og:title\" content=\"Ben Arous\u00a0: Un extr\u00e9miste religieux, recherch\u00e9 par la justice, arr\u00eat\u00e9 pour vente de drogue aux \u00e9l\u00e8ves - Kapitalis\" \/>\n<meta property=\"og:description\" content=\"La garde nationale a arr\u00eat\u00e9 hier, vendredi 24 mai 2019, un extr\u00e9miste religieux condamn\u00e9 par contumace \u00e0 22 mois de prison ferme, en possession de 150 pilules de drogue, destin\u00e9es \u00e0 des \u00e9l\u00e8ves du coll\u00e8ge Bir El Bey \u00e0 Chatt Meriem (Ben Arous).\" \/>\n<meta property=\"og:url\" content=\"https:\/\/kapitalis.com\/tunisie\/2019\/05\/25\/ben-arous-un-extremiste-religieux-recherche-par-la-justice-arrete-pour-vente-de-drogue-aux-eleves\/\" \/>\n<meta property=\"og:site_name\" content=\"Kapitalis\" \/>\n<meta property=\"article:publisher\" content=\"https:\/\/www.facebook.com\/KapitalisInfo\/\" \/>\n<meta property=\"article:published_time\" content=\"2019-05-25T15:08:49+00:00\" \/>\n<meta property=\"article:modified_time\" content=\"2019-05-25T16:42:45+00:00\" \/>\n<meta property=\"og:image\" content=\"http:\/\/kapitalis.com\/tunisie\/wp-content\/uploads\/2017\/06\/arrestation-terroriste.jpg\" \/>\n<meta name=\"author\" content=\"Yusra NY\" \/>\n<meta name=\"twitter:card\" content=\"summary_large_image\" \/>\n<meta name=\"twitter:creator\" content=\"@KapitalisInfo\" \/>\n<meta name=\"twitter:site\" content=\"@KapitalisInfo\" \/>\n<meta name=\"twitter:label1\" content=\"\u00c9crit par\" \/>\n\t<meta name=\"twitter:data1\" content=\"Yusra NY\" \/>\n\t<meta name=\"twitter:label2\" content=\"Dur\u00e9e de lecture estim\u00e9e\" \/>\n\t<meta name=\"twitter:data2\" content=\"1 minute\" \/>\n<script type=\"application\/ld+json\" class=\"yoast-schema-graph\">{\"@context\":\"https:\/\/schema.org\",\"@graph\":[{\"@type\":\"Article\",\"@id\":\"https:\/\/kapitalis.com\/tunisie\/2019\/05\/25\/ben-arous-un-extremiste-religieux-recherche-par-la-justice-arrete-pour-vente-de-drogue-aux-eleves\/#article\",\"isPartOf\":{\"@id\":\"https:\/\/kapitalis.com\/tunisie\/2019\/05\/25\/ben-arous-un-extremiste-religieux-recherche-par-la-justice-arrete-pour-vente-de-drogue-aux-eleves\/\"},\"author\":{\"name\":\"Yusra NY\",\"@id\":\"https:\/\/kapitalis.com\/tunisie\/#\/schema\/person\/74bbde0154d49d790a92aaeac5bc01d5\"},\"headline\":\"Ben Arous\u00a0: Un extr\u00e9miste religieux, recherch\u00e9 par la justice, arr\u00eat\u00e9 pour vente de drogue aux \u00e9l\u00e8ves\",\"datePublished\":\"2019-05-25T15:08:49+00:00\",\"dateModified\":\"2019-05-25T16:42:45+00:00\",\"mainEntityOfPage\":{\"@id\":\"https:\/\/kapitalis.com\/tunisie\/2019\/05\/25\/ben-arous-un-extremiste-religieux-recherche-par-la-justice-arrete-pour-vente-de-drogue-aux-eleves\/\"},\"wordCount\":130,\"commentCount\":2,\"publisher\":{\"@id\":\"https:\/\/kapitalis.com\/tunisie\/#organization\"},\"image\":{\"@id\":\"https:\/\/kapitalis.com\/tunisie\/2019\/05\/25\/ben-arous-un-extremiste-religieux-recherche-par-la-justice-arrete-pour-vente-de-drogue-aux-eleves\/#primaryimage\"},\"thumbnailUrl\":\"http:\/\/kapitalis.com\/tunisie\/wp-content\/uploads\/2017\/06\/arrestation-terroriste.jpg\",\"keywords\":[\"Ben Arous\",\"coll\u00e8ge\",\"drogue\",\"\u00e9l\u00e8ve\",\"extr\u00e9miste religieux\"],\"articleSection\":[\"SOCIETE\",\"Tunisie\"],\"inLanguage\":\"fr-FR\",\"potentialAction\":[{\"@type\":\"CommentAction\",\"name\":\"Comment\",\"target\":[\"https:\/\/kapitalis.com\/tunisie\/2019\/05\/25\/ben-arous-un-extremiste-religieux-recherche-par-la-justice-arrete-pour-vente-de-drogue-aux-eleves\/#respond\"]}]},{\"@type\":\"WebPage\",\"@id\":\"https:\/\/kapitalis.com\/tunisie\/2019\/05\/25\/ben-arous-un-extremiste-religieux-recherche-par-la-justice-arrete-pour-vente-de-drogue-aux-eleves\/\",\"url\":\"https:\/\/kapitalis.com\/tunisie\/2019\/05\/25\/ben-arous-un-extremiste-religieux-recherche-par-la-justice-arrete-pour-vente-de-drogue-aux-eleves\/\",\"name\":\"Ben Arous\u00a0: Un extr\u00e9miste religieux, recherch\u00e9 par la justice, arr\u00eat\u00e9 pour vente de drogue aux \u00e9l\u00e8ves - Kapitalis\",\"isPartOf\":{\"@id\":\"https:\/\/kapitalis.com\/tunisie\/#website\"},\"primaryImageOfPage\":{\"@id\":\"https:\/\/kapitalis.com\/tunisie\/2019\/05\/25\/ben-arous-un-extremiste-religieux-recherche-par-la-justice-arrete-pour-vente-de-drogue-aux-eleves\/#primaryimage\"},\"image\":{\"@id\":\"https:\/\/kapitalis.com\/tunisie\/2019\/05\/25\/ben-arous-un-extremiste-religieux-recherche-par-la-justice-arrete-pour-vente-de-drogue-aux-eleves\/#primaryimage\"},\"thumbnailUrl\":\"http:\/\/kapitalis.com\/tunisie\/wp-content\/uploads\/2017\/06\/arrestation-terroriste.jpg\",\"datePublished\":\"2019-05-25T15:08:49+00:00\",\"dateModified\":\"2019-05-25T16:42:45+00:00\",\"breadcrumb\":{\"@id\":\"https:\/\/kapitalis.com\/tunisie\/2019\/05\/25\/ben-arous-un-extremiste-religieux-recherche-par-la-justice-arrete-pour-vente-de-drogue-aux-eleves\/#breadcrumb\"},\"inLanguage\":\"fr-FR\",\"potentialAction\":[{\"@type\":\"ReadAction\",\"target\":[\"https:\/\/kapitalis.com\/tunisie\/2019\/05\/25\/ben-arous-un-extremiste-religieux-recherche-par-la-justice-arrete-pour-vente-de-drogue-aux-eleves\/\"]}]},{\"@type\":\"ImageObject\",\"inLanguage\":\"fr-FR\",\"@id\":\"https:\/\/kapitalis.com\/tunisie\/2019\/05\/25\/ben-arous-un-extremiste-religieux-recherche-par-la-justice-arrete-pour-vente-de-drogue-aux-eleves\/#primaryimage\",\"url\":\"http:\/\/kapitalis.com\/tunisie\/wp-content\/uploads\/2017\/06\/arrestation-terroriste.jpg\",\"contentUrl\":\"http:\/\/kapitalis.com\/tunisie\/wp-content\/uploads\/2017\/06\/arrestation-terroriste.jpg\"},{\"@type\":\"BreadcrumbList\",\"@id\":\"https:\/\/kapitalis.com\/tunisie\/2019\/05\/25\/ben-arous-un-extremiste-religieux-recherche-par-la-justice-arrete-pour-vente-de-drogue-aux-eleves\/#breadcrumb\",\"itemListElement\":[{\"@type\":\"ListItem\",\"position\":1,\"name\":\"Accueil\",\"item\":\"https:\/\/kapitalis.com\/tunisie\/\"},{\"@type\":\"ListItem\",\"position\":2,\"name\":\"Ben Arous\u00a0: Un extr\u00e9miste religieux, recherch\u00e9 par la justice, arr\u00eat\u00e9 pour vente de drogue aux \u00e9l\u00e8ves\"}]},{\"@type\":\"WebSite\",\"@id\":\"https:\/\/kapitalis.com\/tunisie\/#website\",\"url\":\"https:\/\/kapitalis.com\/tunisie\/\",\"name\":\"Kapitalis\",\"description\":\"L&#039;actualit\u00e9 en Tunisie et dans le monde\",\"publisher\":{\"@id\":\"https:\/\/kapitalis.com\/tunisie\/#organization\"},\"potentialAction\":[{\"@type\":\"SearchAction\",\"target\":{\"@type\":\"EntryPoint\",\"urlTemplate\":\"https:\/\/kapitalis.com\/tunisie\/?s={search_term_string}\"},\"query-input\":{\"@type\":\"PropertyValueSpecification\",\"valueRequired\":true,\"valueName\":\"search_term_string\"}}],\"inLanguage\":\"fr-FR\"},{\"@type\":\"Organization\",\"@id\":\"https:\/\/kapitalis.com\/tunisie\/#organization\",\"name\":\"Kapitalis\",\"url\":\"https:\/\/kapitalis.com\/tunisie\/\",\"logo\":{\"@type\":\"ImageObject\",\"inLanguage\":\"fr-FR\",\"@id\":\"https:\/\/kapitalis.com\/tunisie\/#\/schema\/logo\/image\/\",\"url\":\"https:\/\/kapitalis.com\/tunisie\/wp-content\/uploads\/2022\/05\/Kapitalis-big-size.png\",\"contentUrl\":\"https:\/\/kapitalis.com\/tunisie\/wp-content\/uploads\/2022\/05\/Kapitalis-big-size.png\",\"width\":5000,\"height\":1500,\"caption\":\"Kapitalis\"},\"image\":{\"@id\":\"https:\/\/kapitalis.com\/tunisie\/#\/schema\/logo\/image\/\"},\"sameAs\":[\"https:\/\/www.facebook.com\/KapitalisInfo\/\",\"https:\/\/x.com\/KapitalisInfo\",\"https:\/\/www.youtube.com\/channel\/UC-yDYrHyfFBWWZaOw3FPg9Q\"]},{\"@type\":\"Person\",\"@id\":\"https:\/\/kapitalis.com\/tunisie\/#\/schema\/person\/74bbde0154d49d790a92aaeac5bc01d5\",\"name\":\"Yusra NY\",\"url\":\"https:\/\/kapitalis.com\/tunisie\/author\/yuza_adam\/\"}]}<\/script>\n<!-- \/ Yoast SEO plugin. -->","yoast_head_json":{"title":"Ben Arous\u00a0: Un extr\u00e9miste religieux, recherch\u00e9 par la justice, arr\u00eat\u00e9 pour vente de drogue aux \u00e9l\u00e8ves - Kapitalis","robots":{"index":"index","follow":"follow","max-snippet":"max-snippet:-1","max-image-preview":"max-image-preview:large","max-video-preview":"max-video-preview:-1"},"canonical":"https:\/\/kapitalis.com\/tunisie\/2019\/05\/25\/ben-arous-un-extremiste-religieux-recherche-par-la-justice-arrete-pour-vente-de-drogue-aux-eleves\/","og_locale":"fr_FR","og_type":"article","og_title":"Ben Arous\u00a0: Un extr\u00e9miste religieux, recherch\u00e9 par la justice, arr\u00eat\u00e9 pour vente de drogue aux \u00e9l\u00e8ves - Kapitalis","og_description":"La garde nationale a arr\u00eat\u00e9 hier, vendredi 24 mai 2019, un extr\u00e9miste religieux condamn\u00e9 par contumace \u00e0 22 mois de prison ferme, en possession de 150 pilules de drogue, destin\u00e9es \u00e0 des \u00e9l\u00e8ves du coll\u00e8ge Bir El Bey \u00e0 Chatt Meriem (Ben Arous).","og_url":"https:\/\/kapitalis.com\/tunisie\/2019\/05\/25\/ben-arous-un-extremiste-religieux-recherche-par-la-justice-arrete-pour-vente-de-drogue-aux-eleves\/","og_site_name":"Kapitalis","article_publisher":"https:\/\/www.facebook.com\/KapitalisInfo\/","article_published_time":"2019-05-25T15:08:49+00:00","article_modified_time":"2019-05-25T16:42:45+00:00","og_image":[{"url":"http:\/\/kapitalis.com\/tunisie\/wp-content\/uploads\/2017\/06\/arrestation-terroriste.jpg","type":"","width":"","height":""}],"author":"Yusra NY","twitter_card":"summary_large_image","twitter_creator":"@KapitalisInfo","twitter_site":"@KapitalisInfo","twitter_misc":{"\u00c9crit par":"Yusra NY","Dur\u00e9e de lecture estim\u00e9e":"1 minute"},"schema":{"@context":"https:\/\/schema.org","@graph":[{"@type":"Article","@id":"https:\/\/kapitalis.com\/tunisie\/2019\/05\/25\/ben-arous-un-extremiste-religieux-recherche-par-la-justice-arrete-pour-vente-de-drogue-aux-eleves\/#article","isPartOf":{"@id":"https:\/\/kapitalis.com\/tunisie\/2019\/05\/25\/ben-arous-un-extremiste-religieux-recherche-par-la-justice-arrete-pour-vente-de-drogue-aux-eleves\/"},"author":{"name":"Yusra NY","@id":"https:\/\/kapitalis.com\/tunisie\/#\/schema\/person\/74bbde0154d49d790a92aaeac5bc01d5"},"headline":"Ben Arous\u00a0: Un extr\u00e9miste religieux, recherch\u00e9 par la justice, arr\u00eat\u00e9 pour vente de drogue aux \u00e9l\u00e8ves","datePublished":"2019-05-25T15:08:49+00:00","dateModified":"2019-05-25T16:42:45+00:00","mainEntityOfPage":{"@id":"https:\/\/kapitalis.com\/tunisie\/2019\/05\/25\/ben-arous-un-extremiste-religieux-recherche-par-la-justice-arrete-pour-vente-de-drogue-aux-eleves\/"},"wordCount":130,"commentCount":2,"publisher":{"@id":"https:\/\/kapitalis.com\/tunisie\/#organization"},"image":{"@id":"https:\/\/kapitalis.com\/tunisie\/2019\/05\/25\/ben-arous-un-extremiste-religieux-recherche-par-la-justice-arrete-pour-vente-de-drogue-aux-eleves\/#primaryimage"},"thumbnailUrl":"http:\/\/kapitalis.com\/tunisie\/wp-content\/uploads\/2017\/06\/arrestation-terroriste.jpg","keywords":["Ben Arous","coll\u00e8ge","drogue","\u00e9l\u00e8ve","extr\u00e9miste religieux"],"articleSection":["SOCIETE","Tunisie"],"inLanguage":"fr-FR","potentialAction":[{"@type":"CommentAction","name":"Comment","target":["https:\/\/kapitalis.com\/tunisie\/2019\/05\/25\/ben-arous-un-extremiste-religieux-recherche-par-la-justice-arrete-pour-vente-de-drogue-aux-eleves\/#respond"]}]},{"@type":"WebPage","@id":"https:\/\/kapitalis.com\/tunisie\/2019\/05\/25\/ben-arous-un-extremiste-religieux-recherche-par-la-justice-arrete-pour-vente-de-drogue-aux-eleves\/","url":"https:\/\/kapitalis.com\/tunisie\/2019\/05\/25\/ben-arous-un-extremiste-religieux-recherche-par-la-justice-arrete-pour-vente-de-drogue-aux-eleves\/","name":"Ben Arous\u00a0: Un extr\u00e9miste religieux, recherch\u00e9 par la justice, arr\u00eat\u00e9 pour vente de drogue aux \u00e9l\u00e8ves - Kapitalis","isPartOf":{"@id":"https:\/\/kapitalis.com\/tunisie\/#website"},"primaryImageOfPage":{"@id":"https:\/\/kapitalis.com\/tunisie\/2019\/05\/25\/ben-arous-un-extremiste-religieux-recherche-par-la-justice-arrete-pour-vente-de-drogue-aux-eleves\/#primaryimage"},"image":{"@id":"https:\/\/kapitalis.com\/tunisie\/2019\/05\/25\/ben-arous-un-extremiste-religieux-recherche-par-la-justice-arrete-pour-vente-de-drogue-aux-eleves\/#primaryimage"},"thumbnailUrl":"http:\/\/kapitalis.com\/tunisie\/wp-content\/uploads\/2017\/06\/arrestation-terroriste.jpg","datePublished":"2019-05-25T15:08:49+00:00","dateModified":"2019-05-25T16:42:45+00:00","breadcrumb":{"@id":"https:\/\/kapitalis.com\/tunisie\/2019\/05\/25\/ben-arous-un-extremiste-religieux-recherche-par-la-justice-arrete-pour-vente-de-drogue-aux-eleves\/#breadcrumb"},"inLanguage":"fr-FR","potentialAction":[{"@type":"ReadAction","target":["https:\/\/kapitalis.com\/tunisie\/2019\/05\/25\/ben-arous-un-extremiste-religieux-recherche-par-la-justice-arrete-pour-vente-de-drogue-aux-eleves\/"]}]},{"@type":"ImageObject","inLanguage":"fr-FR","@id":"https:\/\/kapitalis.com\/tunisie\/2019\/05\/25\/ben-arous-un-extremiste-religieux-recherche-par-la-justice-arrete-pour-vente-de-drogue-aux-eleves\/#primaryimage","url":"http:\/\/kapitalis.com\/tunisie\/wp-content\/uploads\/2017\/06\/arrestation-terroriste.jpg","contentUrl":"http:\/\/kapitalis.com\/tunisie\/wp-content\/uploads\/2017\/06\/arrestation-terroriste.jpg"},{"@type":"BreadcrumbList","@id":"https:\/\/kapitalis.com\/tunisie\/2019\/05\/25\/ben-arous-un-extremiste-religieux-recherche-par-la-justice-arrete-pour-vente-de-drogue-aux-eleves\/#breadcrumb","itemListElement":[{"@type":"ListItem","position":1,"name":"Accueil","item":"https:\/\/kapitalis.com\/tunisie\/"},{"@type":"ListItem","position":2,"name":"Ben Arous\u00a0: Un extr\u00e9miste religieux, recherch\u00e9 par la justice, arr\u00eat\u00e9 pour vente de drogue aux \u00e9l\u00e8ves"}]},{"@type":"WebSite","@id":"https:\/\/kapitalis.com\/tunisie\/#website","url":"https:\/\/kapitalis.com\/tunisie\/","name":"Kapitalis","description":"L&#039;actualit\u00e9 en Tunisie et dans le monde","publisher":{"@id":"https:\/\/kapitalis.com\/tunisie\/#organization"},"potentialAction":[{"@type":"SearchAction","target":{"@type":"EntryPoint","urlTemplate":"https:\/\/kapitalis.com\/tunisie\/?s={search_term_string}"},"query-input":{"@type":"PropertyValueSpecification","valueRequired":true,"valueName":"search_term_string"}}],"inLanguage":"fr-FR"},{"@type":"Organization","@id":"https:\/\/kapitalis.com\/tunisie\/#organization","name":"Kapitalis","url":"https:\/\/kapitalis.com\/tunisie\/","logo":{"@type":"ImageObject","inLanguage":"fr-FR","@id":"https:\/\/kapitalis.com\/tunisie\/#\/schema\/logo\/image\/","url":"https:\/\/kapitalis.com\/tunisie\/wp-content\/uploads\/2022\/05\/Kapitalis-big-size.png","contentUrl":"https:\/\/kapitalis.com\/tunisie\/wp-content\/uploads\/2022\/05\/Kapitalis-big-size.png","width":5000,"height":1500,"caption":"Kapitalis"},"image":{"@id":"https:\/\/kapitalis.com\/tunisie\/#\/schema\/logo\/image\/"},"sameAs":["https:\/\/www.facebook.com\/KapitalisInfo\/","https:\/\/x.com\/KapitalisInfo","https:\/\/www.youtube.com\/channel\/UC-yDYrHyfFBWWZaOw3FPg9Q"]},{"@type":"Person","@id":"https:\/\/kapitalis.com\/tunisie\/#\/schema\/person\/74bbde0154d49d790a92aaeac5bc01d5","name":"Yusra NY","url":"https:\/\/kapitalis.com\/tunisie\/author\/yuza_adam\/"}]}},"_links":{"self":[{"href":"https:\/\/kapitalis.com\/tunisie\/wp-json\/wp\/v2\/posts\/214587","targetHints":{"allow":["GET"]}}],"collection":[{"href":"https:\/\/kapitalis.com\/tunisie\/wp-json\/wp\/v2\/posts"}],"about":[{"href":"https:\/\/kapitalis.com\/tunisie\/wp-json\/wp\/v2\/types\/post"}],"author":[{"embeddable":true,"href":"https:\/\/kapitalis.com\/tunisie\/wp-json\/wp\/v2\/users\/6"}],"replies":[{"embeddable":true,"href":"https:\/\/kapitalis.com\/tunisie\/wp-json\/wp\/v2\/comments?post=214587"}],"version-history":[{"count":0,"href":"https:\/\/kapitalis.com\/tunisie\/wp-json\/wp\/v2\/posts\/214587\/revisions"}],"wp:attachment":[{"href":"https:\/\/kapitalis.com\/tunisie\/wp-json\/wp\/v2\/media?parent=214587"}],"wp:term":[{"taxonomy":"category","embeddable":true,"href":"https:\/\/kapitalis.com\/tunisie\/wp-json\/wp\/v2\/categories?post=214587"},{"taxonomy":"post_tag","embeddable":true,"href":"https:\/\/kapitalis.com\/tunisie\/wp-json\/wp\/v2\/tags?post=214587"}],"curies":[{"name":"wp","href":"https:\/\/api.w.org\/{rel}","templated":true}]}}