{"id":215510,"date":"2019-05-30T13:42:46","date_gmt":"2019-05-30T12:42:46","guid":{"rendered":"http:\/\/kapitalis.com\/tunisie\/?p=215510"},"modified":"2019-05-30T16:41:28","modified_gmt":"2019-05-30T15:41:28","slug":"lannonce-de-la-candidature-de-faycel-tebbini-a-la-presidentielle-amuse-la-toile","status":"publish","type":"post","link":"https:\/\/kapitalis.com\/tunisie\/2019\/05\/30\/lannonce-de-la-candidature-de-faycel-tebbini-a-la-presidentielle-amuse-la-toile\/","title":{"rendered":"L\u2019annonce de la candidature de Faycel Tebbini \u00e0 la pr\u00e9sidentielle&#8230; amuse la toile"},"content":{"rendered":"\n<figure class=\"wp-block-image\"><img decoding=\"async\" src=\"http:\/\/kapitalis.com\/tunisie\/wp-content\/uploads\/2019\/05\/Faycel-Tebbini-pr\u00e9sidentielle.jpg\" alt=\"\" class=\"wp-image-215517\"\/><\/figure>\n\n\n<p><em><strong>Le d\u00e9put\u00e9 Fay\u00e7al Tebbini a annonc\u00e9 hier, mercredi 29 mai 2019, qu\u2019il se lance dans la course \u00e0 la pr\u00e9sidentielle, ajoutant qu\u2019il remportera ce scrutin d\u00e8s le premier tour. Cette annonce, jug\u00e9e farfelue, amuse les internautes tunisiens,qui le tournent en d\u00e9rision, estimant qu&rsquo;il n&rsquo;a aucune chance.<\/strong><\/em><!--more--><\/p>\n<p>\u00ab<em>Plus on est de fous, plus on rit\u00bb; \u00abLa concurrence va \u00eatre rude, maintenant, les autres candidats ont \u00e0 craindre\u00bb; \u00abJ&rsquo;ai tant h\u00e9sit\u00e9 pour qui j\u2019allais voter pour les pr\u00e9sidentielles. Enfin Faycel Tebbini se porte candidat. Dieu soit lou\u00e9!\u00bb<\/em>; \u00ab<em>Tebbini, le Zorro ou z\u00e9ro qui va venir sauver la Tunisie. Merci pour votre sacrifice monsieur<\/em>\u00bb\u2026 Voici quelques commentaires, en r\u00e9action \u00e0 l\u2019annonce de la candidature \u00e0 la pr\u00e9sidentielle de Faycel Tebbini, glan\u00e9s \u00e7a et l\u00e0 dans la Toile.<\/p>\n<p>Ce d\u00e9put\u00e9 Voix des agriculteurs, \u00e9lu en 2014, gr\u00e2ce au syst\u00e8me proportionnel, avec quelque 2.273 voix \u00e0 Jendouba, se dit pr\u00e9sident des d\u00e9munis et repr\u00e9sentant les r\u00e9gions marginalis\u00e9es du nord-ouest et d&rsquo;ailleurs : \u00ab<em>Que nos r\u00e9gions soient repr\u00e9sent\u00e9es \u00e0 Carthage; finie la mainmise des Sah\u00e9liens et des Tunisiois\u00bb<\/em>, a-t-il lanc\u00e9, sacrifiant \u00e0 une forme d\u00e9testable de r\u00e9gionalisme et divisant les Tunisiens qu&rsquo;il est cens\u00e9, en tant que futur pr\u00e9sident, rassembler\u2026<\/p>\n<p>Ce nouveau candidat \u00e0 Carthage n\u2019a pas fait grand-chose en tant que d\u00e9put\u00e9 et il ne risque pas d\u2019en faire davantage en tant que pr\u00e9sident de la r\u00e9publique, a \u00e9crit un internaute.Il faut dire que l&rsquo;homme n&rsquo;est pas pris au s\u00e9rieux : il s&rsquo;est surtout distingu\u00e9 par des d\u00e9clarations farfelues et des crises d&rsquo;hyst\u00e9rie dans les trav\u00e9es de l&rsquo;Assembl\u00e9e : \u00ab<em>N\u2019est-ce pas lui qui a appel\u00e9 \u00e0 fusiller Chahed sur la place publique ? Attention un nouveau dictature lorgne Carthage, on n\u2019a pas fait la r\u00e9volution pour rien<\/em>\u00bb, raille un autre internaute.<\/p>\n<p>On notera, pour l&rsquo;anecdote, que Faycel Tebbini a diffus\u00e9 une vid\u00e9o, o\u00f9 on voit une super-fane agiter un t-shirt imprim\u00e9 de sa photo, avec cette indiction qui se passe de tout commentaire : \u00ab<em>Le Za\u00efm<\/em>\u00bb&#8230; Il pr\u00e9tend avoir crois\u00e9 cette dame par hasard\u00a0 dans les coulisses de Nessma TV, o\u00f9 il \u00e9tait invit\u00e9. Parions que c&rsquo;est Nabil Karoui qui l&rsquo;a charg\u00e9e de cette mission ! Car, avec de tels lurons, on peut s&rsquo;attendre \u00e0 tout et, surtout, au pire.\u00a0<\/p>\n<p>Le patron de Nessma TV, grand homme de communication devant l&rsquo;Eternel, semble vouloir multiplier les candidatures farfelues, de mani\u00e8re \u00e0 rendre la sienne un peu plus s\u00e9rieuse. Car elle ne l&rsquo;est pas du tout&#8230;\u00a0<\/p>\n\n\n<div class=\"embed\">\n<div class=\"video\">\n<iframe loading=\"lazy\" src=\"https:\/\/www.facebook.com\/plugins\/video.php?href=https%3A%2F%2Fwww.facebook.com%2FTbiniFaicel%2Fvideos%2F1073970386142063%2F&#038;show_text=0&#038;width=560\" width=\"560\" height=\"315\" style=\"border:none;overflow:hidden\" scrolling=\"no\" frameborder=\"0\" allowTransparency=\"true\" allowFullScreen=\"true\"><\/iframe>\n<\/div>\n<\/div>\n&nbsp;\n\n\n\n<p>La super-fane, une parfaite inconnue, ne parlera pas beaucoup. Elle se contentera d&rsquo;agiter le t-shirt en lan\u00e7ant : <em>\u00abGo Faycel Tebbini, le peuple est avec toi<\/em>\u00bb\u2026 On va en rire pour ne pas en pleurer.<\/p>\n\n\n\n<p style=\"text-align:right\"><strong>Y. N.<\/strong><\/p>\n","protected":false},"excerpt":{"rendered":"<p>Le d\u00e9put\u00e9 Fay\u00e7al Tebbini a annonc\u00e9 hier, mercredi 29 mai 2019, qu\u2019il se lance dans la course \u00e0 la pr\u00e9sidentielle, ajoutant qu\u2019il remportera ce scrutin d\u00e8s le premier tour. Cette annonce, jug\u00e9e farfelue, amuse les internautes tunisiens,qui le tournent en d\u00e9rision, estimant qu&rsquo;il n&rsquo;a aucune chance.<\/p>\n","protected":false},"author":6,"featured_media":215517,"comment_status":"open","ping_status":"open","sticky":false,"template":"","format":"standard","meta":{"footnotes":""},"categories":[997,2433,4806],"tags":[7259,1234,1347,313,4797,45822],"class_list":["post-215510","post","type-post","status-publish","format-standard","has-post-thumbnail","hentry","category-politique","category-tunisie","category-videos","tag-candidature","tag-carthage","tag-depute","tag-elections","tag-presidentielle","tag-scrutin"],"yoast_head":"<!-- This site is optimized with the Yoast SEO plugin v26.6 - https:\/\/yoast.com\/wordpress\/plugins\/seo\/ -->\n<title>L\u2019annonce de la candidature de Faycel Tebbini \u00e0 la pr\u00e9sidentielle... amuse la toile - Kapitalis<\/title>\n<meta name=\"robots\" content=\"index, follow, max-snippet:-1, max-image-preview:large, max-video-preview:-1\" \/>\n<link rel=\"canonical\" href=\"https:\/\/kapitalis.com\/tunisie\/2019\/05\/30\/lannonce-de-la-candidature-de-faycel-tebbini-a-la-presidentielle-amuse-la-toile\/\" \/>\n<meta property=\"og:locale\" content=\"fr_FR\" \/>\n<meta property=\"og:type\" content=\"article\" \/>\n<meta property=\"og:title\" content=\"L\u2019annonce de la candidature de Faycel Tebbini \u00e0 la pr\u00e9sidentielle... amuse la toile - Kapitalis\" \/>\n<meta property=\"og:description\" content=\"Le d\u00e9put\u00e9 Fay\u00e7al Tebbini a annonc\u00e9 hier, mercredi 29 mai 2019, qu\u2019il se lance dans la course \u00e0 la pr\u00e9sidentielle, ajoutant qu\u2019il remportera ce scrutin d\u00e8s le premier tour. Cette annonce, jug\u00e9e farfelue, amuse les internautes tunisiens,qui le tournent en d\u00e9rision, estimant qu&rsquo;il n&rsquo;a aucune chance.\" \/>\n<meta property=\"og:url\" content=\"https:\/\/kapitalis.com\/tunisie\/2019\/05\/30\/lannonce-de-la-candidature-de-faycel-tebbini-a-la-presidentielle-amuse-la-toile\/\" \/>\n<meta property=\"og:site_name\" content=\"Kapitalis\" \/>\n<meta property=\"article:publisher\" content=\"https:\/\/www.facebook.com\/KapitalisInfo\/\" \/>\n<meta property=\"article:published_time\" content=\"2019-05-30T12:42:46+00:00\" \/>\n<meta property=\"article:modified_time\" content=\"2019-05-30T15:41:28+00:00\" \/>\n<meta property=\"og:image\" content=\"https:\/\/kapitalis.com\/tunisie\/wp-content\/uploads\/2022\/05\/kapitalis-logo-fb.png\" \/>\n\t<meta property=\"og:image:width\" content=\"1200\" \/>\n\t<meta property=\"og:image:height\" content=\"630\" \/>\n\t<meta property=\"og:image:type\" content=\"image\/png\" \/>\n<meta name=\"author\" content=\"Yusra NY\" \/>\n<meta name=\"twitter:card\" content=\"summary_large_image\" \/>\n<meta name=\"twitter:creator\" content=\"@KapitalisInfo\" \/>\n<meta name=\"twitter:site\" content=\"@KapitalisInfo\" \/>\n<meta name=\"twitter:label1\" content=\"\u00c9crit par\" \/>\n\t<meta name=\"twitter:data1\" content=\"Yusra NY\" \/>\n\t<meta name=\"twitter:label2\" content=\"Dur\u00e9e de lecture estim\u00e9e\" \/>\n\t<meta name=\"twitter:data2\" content=\"2 minutes\" \/>\n<script type=\"application\/ld+json\" class=\"yoast-schema-graph\">{\"@context\":\"https:\/\/schema.org\",\"@graph\":[{\"@type\":\"Article\",\"@id\":\"https:\/\/kapitalis.com\/tunisie\/2019\/05\/30\/lannonce-de-la-candidature-de-faycel-tebbini-a-la-presidentielle-amuse-la-toile\/#article\",\"isPartOf\":{\"@id\":\"https:\/\/kapitalis.com\/tunisie\/2019\/05\/30\/lannonce-de-la-candidature-de-faycel-tebbini-a-la-presidentielle-amuse-la-toile\/\"},\"author\":{\"name\":\"Yusra NY\",\"@id\":\"https:\/\/kapitalis.com\/tunisie\/#\/schema\/person\/74bbde0154d49d790a92aaeac5bc01d5\"},\"headline\":\"L\u2019annonce de la candidature de Faycel Tebbini \u00e0 la pr\u00e9sidentielle&#8230; amuse la toile\",\"datePublished\":\"2019-05-30T12:42:46+00:00\",\"dateModified\":\"2019-05-30T15:41:28+00:00\",\"mainEntityOfPage\":{\"@id\":\"https:\/\/kapitalis.com\/tunisie\/2019\/05\/30\/lannonce-de-la-candidature-de-faycel-tebbini-a-la-presidentielle-amuse-la-toile\/\"},\"wordCount\":482,\"commentCount\":13,\"publisher\":{\"@id\":\"https:\/\/kapitalis.com\/tunisie\/#organization\"},\"image\":{\"@id\":\"https:\/\/kapitalis.com\/tunisie\/2019\/05\/30\/lannonce-de-la-candidature-de-faycel-tebbini-a-la-presidentielle-amuse-la-toile\/#primaryimage\"},\"thumbnailUrl\":\"\",\"keywords\":[\"candidature\",\"Carthage\",\"d\u00e9put\u00e9\",\"\u00e9lections\",\"pr\u00e9sidentielle\",\"scrutin\"],\"articleSection\":[\"POLITIQUE\",\"Tunisie\",\"VIDEOS\"],\"inLanguage\":\"fr-FR\",\"potentialAction\":[{\"@type\":\"CommentAction\",\"name\":\"Comment\",\"target\":[\"https:\/\/kapitalis.com\/tunisie\/2019\/05\/30\/lannonce-de-la-candidature-de-faycel-tebbini-a-la-presidentielle-amuse-la-toile\/#respond\"]}]},{\"@type\":\"WebPage\",\"@id\":\"https:\/\/kapitalis.com\/tunisie\/2019\/05\/30\/lannonce-de-la-candidature-de-faycel-tebbini-a-la-presidentielle-amuse-la-toile\/\",\"url\":\"https:\/\/kapitalis.com\/tunisie\/2019\/05\/30\/lannonce-de-la-candidature-de-faycel-tebbini-a-la-presidentielle-amuse-la-toile\/\",\"name\":\"L\u2019annonce de la candidature de Faycel Tebbini \u00e0 la pr\u00e9sidentielle... amuse la toile - Kapitalis\",\"isPartOf\":{\"@id\":\"https:\/\/kapitalis.com\/tunisie\/#website\"},\"primaryImageOfPage\":{\"@id\":\"https:\/\/kapitalis.com\/tunisie\/2019\/05\/30\/lannonce-de-la-candidature-de-faycel-tebbini-a-la-presidentielle-amuse-la-toile\/#primaryimage\"},\"image\":{\"@id\":\"https:\/\/kapitalis.com\/tunisie\/2019\/05\/30\/lannonce-de-la-candidature-de-faycel-tebbini-a-la-presidentielle-amuse-la-toile\/#primaryimage\"},\"thumbnailUrl\":\"\",\"datePublished\":\"2019-05-30T12:42:46+00:00\",\"dateModified\":\"2019-05-30T15:41:28+00:00\",\"breadcrumb\":{\"@id\":\"https:\/\/kapitalis.com\/tunisie\/2019\/05\/30\/lannonce-de-la-candidature-de-faycel-tebbini-a-la-presidentielle-amuse-la-toile\/#breadcrumb\"},\"inLanguage\":\"fr-FR\",\"potentialAction\":[{\"@type\":\"ReadAction\",\"target\":[\"https:\/\/kapitalis.com\/tunisie\/2019\/05\/30\/lannonce-de-la-candidature-de-faycel-tebbini-a-la-presidentielle-amuse-la-toile\/\"]}]},{\"@type\":\"ImageObject\",\"inLanguage\":\"fr-FR\",\"@id\":\"https:\/\/kapitalis.com\/tunisie\/2019\/05\/30\/lannonce-de-la-candidature-de-faycel-tebbini-a-la-presidentielle-amuse-la-toile\/#primaryimage\",\"url\":\"\",\"contentUrl\":\"\"},{\"@type\":\"BreadcrumbList\",\"@id\":\"https:\/\/kapitalis.com\/tunisie\/2019\/05\/30\/lannonce-de-la-candidature-de-faycel-tebbini-a-la-presidentielle-amuse-la-toile\/#breadcrumb\",\"itemListElement\":[{\"@type\":\"ListItem\",\"position\":1,\"name\":\"Accueil\",\"item\":\"https:\/\/kapitalis.com\/tunisie\/\"},{\"@type\":\"ListItem\",\"position\":2,\"name\":\"L\u2019annonce de la candidature de Faycel Tebbini \u00e0 la pr\u00e9sidentielle&#8230; amuse la toile\"}]},{\"@type\":\"WebSite\",\"@id\":\"https:\/\/kapitalis.com\/tunisie\/#website\",\"url\":\"https:\/\/kapitalis.com\/tunisie\/\",\"name\":\"Kapitalis\",\"description\":\"L&#039;actualit\u00e9 en Tunisie et dans le monde\",\"publisher\":{\"@id\":\"https:\/\/kapitalis.com\/tunisie\/#organization\"},\"potentialAction\":[{\"@type\":\"SearchAction\",\"target\":{\"@type\":\"EntryPoint\",\"urlTemplate\":\"https:\/\/kapitalis.com\/tunisie\/?s={search_term_string}\"},\"query-input\":{\"@type\":\"PropertyValueSpecification\",\"valueRequired\":true,\"valueName\":\"search_term_string\"}}],\"inLanguage\":\"fr-FR\"},{\"@type\":\"Organization\",\"@id\":\"https:\/\/kapitalis.com\/tunisie\/#organization\",\"name\":\"Kapitalis\",\"url\":\"https:\/\/kapitalis.com\/tunisie\/\",\"logo\":{\"@type\":\"ImageObject\",\"inLanguage\":\"fr-FR\",\"@id\":\"https:\/\/kapitalis.com\/tunisie\/#\/schema\/logo\/image\/\",\"url\":\"https:\/\/kapitalis.com\/tunisie\/wp-content\/uploads\/2022\/05\/Kapitalis-big-size.png\",\"contentUrl\":\"https:\/\/kapitalis.com\/tunisie\/wp-content\/uploads\/2022\/05\/Kapitalis-big-size.png\",\"width\":5000,\"height\":1500,\"caption\":\"Kapitalis\"},\"image\":{\"@id\":\"https:\/\/kapitalis.com\/tunisie\/#\/schema\/logo\/image\/\"},\"sameAs\":[\"https:\/\/www.facebook.com\/KapitalisInfo\/\",\"https:\/\/x.com\/KapitalisInfo\",\"https:\/\/www.youtube.com\/channel\/UC-yDYrHyfFBWWZaOw3FPg9Q\"]},{\"@type\":\"Person\",\"@id\":\"https:\/\/kapitalis.com\/tunisie\/#\/schema\/person\/74bbde0154d49d790a92aaeac5bc01d5\",\"name\":\"Yusra NY\",\"url\":\"https:\/\/kapitalis.com\/tunisie\/author\/yuza_adam\/\"}]}<\/script>\n<!-- \/ Yoast SEO plugin. -->","yoast_head_json":{"title":"L\u2019annonce de la candidature de Faycel Tebbini \u00e0 la pr\u00e9sidentielle... amuse la toile - Kapitalis","robots":{"index":"index","follow":"follow","max-snippet":"max-snippet:-1","max-image-preview":"max-image-preview:large","max-video-preview":"max-video-preview:-1"},"canonical":"https:\/\/kapitalis.com\/tunisie\/2019\/05\/30\/lannonce-de-la-candidature-de-faycel-tebbini-a-la-presidentielle-amuse-la-toile\/","og_locale":"fr_FR","og_type":"article","og_title":"L\u2019annonce de la candidature de Faycel Tebbini \u00e0 la pr\u00e9sidentielle... amuse la toile - Kapitalis","og_description":"Le d\u00e9put\u00e9 Fay\u00e7al Tebbini a annonc\u00e9 hier, mercredi 29 mai 2019, qu\u2019il se lance dans la course \u00e0 la pr\u00e9sidentielle, ajoutant qu\u2019il remportera ce scrutin d\u00e8s le premier tour. Cette annonce, jug\u00e9e farfelue, amuse les internautes tunisiens,qui le tournent en d\u00e9rision, estimant qu&rsquo;il n&rsquo;a aucune chance.","og_url":"https:\/\/kapitalis.com\/tunisie\/2019\/05\/30\/lannonce-de-la-candidature-de-faycel-tebbini-a-la-presidentielle-amuse-la-toile\/","og_site_name":"Kapitalis","article_publisher":"https:\/\/www.facebook.com\/KapitalisInfo\/","article_published_time":"2019-05-30T12:42:46+00:00","article_modified_time":"2019-05-30T15:41:28+00:00","og_image":[{"width":1200,"height":630,"url":"https:\/\/kapitalis.com\/tunisie\/wp-content\/uploads\/2022\/05\/kapitalis-logo-fb.png","type":"image\/png"}],"author":"Yusra NY","twitter_card":"summary_large_image","twitter_creator":"@KapitalisInfo","twitter_site":"@KapitalisInfo","twitter_misc":{"\u00c9crit par":"Yusra NY","Dur\u00e9e de lecture estim\u00e9e":"2 minutes"},"schema":{"@context":"https:\/\/schema.org","@graph":[{"@type":"Article","@id":"https:\/\/kapitalis.com\/tunisie\/2019\/05\/30\/lannonce-de-la-candidature-de-faycel-tebbini-a-la-presidentielle-amuse-la-toile\/#article","isPartOf":{"@id":"https:\/\/kapitalis.com\/tunisie\/2019\/05\/30\/lannonce-de-la-candidature-de-faycel-tebbini-a-la-presidentielle-amuse-la-toile\/"},"author":{"name":"Yusra NY","@id":"https:\/\/kapitalis.com\/tunisie\/#\/schema\/person\/74bbde0154d49d790a92aaeac5bc01d5"},"headline":"L\u2019annonce de la candidature de Faycel Tebbini \u00e0 la pr\u00e9sidentielle&#8230; amuse la toile","datePublished":"2019-05-30T12:42:46+00:00","dateModified":"2019-05-30T15:41:28+00:00","mainEntityOfPage":{"@id":"https:\/\/kapitalis.com\/tunisie\/2019\/05\/30\/lannonce-de-la-candidature-de-faycel-tebbini-a-la-presidentielle-amuse-la-toile\/"},"wordCount":482,"commentCount":13,"publisher":{"@id":"https:\/\/kapitalis.com\/tunisie\/#organization"},"image":{"@id":"https:\/\/kapitalis.com\/tunisie\/2019\/05\/30\/lannonce-de-la-candidature-de-faycel-tebbini-a-la-presidentielle-amuse-la-toile\/#primaryimage"},"thumbnailUrl":"","keywords":["candidature","Carthage","d\u00e9put\u00e9","\u00e9lections","pr\u00e9sidentielle","scrutin"],"articleSection":["POLITIQUE","Tunisie","VIDEOS"],"inLanguage":"fr-FR","potentialAction":[{"@type":"CommentAction","name":"Comment","target":["https:\/\/kapitalis.com\/tunisie\/2019\/05\/30\/lannonce-de-la-candidature-de-faycel-tebbini-a-la-presidentielle-amuse-la-toile\/#respond"]}]},{"@type":"WebPage","@id":"https:\/\/kapitalis.com\/tunisie\/2019\/05\/30\/lannonce-de-la-candidature-de-faycel-tebbini-a-la-presidentielle-amuse-la-toile\/","url":"https:\/\/kapitalis.com\/tunisie\/2019\/05\/30\/lannonce-de-la-candidature-de-faycel-tebbini-a-la-presidentielle-amuse-la-toile\/","name":"L\u2019annonce de la candidature de Faycel Tebbini \u00e0 la pr\u00e9sidentielle... amuse la toile - Kapitalis","isPartOf":{"@id":"https:\/\/kapitalis.com\/tunisie\/#website"},"primaryImageOfPage":{"@id":"https:\/\/kapitalis.com\/tunisie\/2019\/05\/30\/lannonce-de-la-candidature-de-faycel-tebbini-a-la-presidentielle-amuse-la-toile\/#primaryimage"},"image":{"@id":"https:\/\/kapitalis.com\/tunisie\/2019\/05\/30\/lannonce-de-la-candidature-de-faycel-tebbini-a-la-presidentielle-amuse-la-toile\/#primaryimage"},"thumbnailUrl":"","datePublished":"2019-05-30T12:42:46+00:00","dateModified":"2019-05-30T15:41:28+00:00","breadcrumb":{"@id":"https:\/\/kapitalis.com\/tunisie\/2019\/05\/30\/lannonce-de-la-candidature-de-faycel-tebbini-a-la-presidentielle-amuse-la-toile\/#breadcrumb"},"inLanguage":"fr-FR","potentialAction":[{"@type":"ReadAction","target":["https:\/\/kapitalis.com\/tunisie\/2019\/05\/30\/lannonce-de-la-candidature-de-faycel-tebbini-a-la-presidentielle-amuse-la-toile\/"]}]},{"@type":"ImageObject","inLanguage":"fr-FR","@id":"https:\/\/kapitalis.com\/tunisie\/2019\/05\/30\/lannonce-de-la-candidature-de-faycel-tebbini-a-la-presidentielle-amuse-la-toile\/#primaryimage","url":"","contentUrl":""},{"@type":"BreadcrumbList","@id":"https:\/\/kapitalis.com\/tunisie\/2019\/05\/30\/lannonce-de-la-candidature-de-faycel-tebbini-a-la-presidentielle-amuse-la-toile\/#breadcrumb","itemListElement":[{"@type":"ListItem","position":1,"name":"Accueil","item":"https:\/\/kapitalis.com\/tunisie\/"},{"@type":"ListItem","position":2,"name":"L\u2019annonce de la candidature de Faycel Tebbini \u00e0 la pr\u00e9sidentielle&#8230; amuse la toile"}]},{"@type":"WebSite","@id":"https:\/\/kapitalis.com\/tunisie\/#website","url":"https:\/\/kapitalis.com\/tunisie\/","name":"Kapitalis","description":"L&#039;actualit\u00e9 en Tunisie et dans le monde","publisher":{"@id":"https:\/\/kapitalis.com\/tunisie\/#organization"},"potentialAction":[{"@type":"SearchAction","target":{"@type":"EntryPoint","urlTemplate":"https:\/\/kapitalis.com\/tunisie\/?s={search_term_string}"},"query-input":{"@type":"PropertyValueSpecification","valueRequired":true,"valueName":"search_term_string"}}],"inLanguage":"fr-FR"},{"@type":"Organization","@id":"https:\/\/kapitalis.com\/tunisie\/#organization","name":"Kapitalis","url":"https:\/\/kapitalis.com\/tunisie\/","logo":{"@type":"ImageObject","inLanguage":"fr-FR","@id":"https:\/\/kapitalis.com\/tunisie\/#\/schema\/logo\/image\/","url":"https:\/\/kapitalis.com\/tunisie\/wp-content\/uploads\/2022\/05\/Kapitalis-big-size.png","contentUrl":"https:\/\/kapitalis.com\/tunisie\/wp-content\/uploads\/2022\/05\/Kapitalis-big-size.png","width":5000,"height":1500,"caption":"Kapitalis"},"image":{"@id":"https:\/\/kapitalis.com\/tunisie\/#\/schema\/logo\/image\/"},"sameAs":["https:\/\/www.facebook.com\/KapitalisInfo\/","https:\/\/x.com\/KapitalisInfo","https:\/\/www.youtube.com\/channel\/UC-yDYrHyfFBWWZaOw3FPg9Q"]},{"@type":"Person","@id":"https:\/\/kapitalis.com\/tunisie\/#\/schema\/person\/74bbde0154d49d790a92aaeac5bc01d5","name":"Yusra NY","url":"https:\/\/kapitalis.com\/tunisie\/author\/yuza_adam\/"}]}},"_links":{"self":[{"href":"https:\/\/kapitalis.com\/tunisie\/wp-json\/wp\/v2\/posts\/215510","targetHints":{"allow":["GET"]}}],"collection":[{"href":"https:\/\/kapitalis.com\/tunisie\/wp-json\/wp\/v2\/posts"}],"about":[{"href":"https:\/\/kapitalis.com\/tunisie\/wp-json\/wp\/v2\/types\/post"}],"author":[{"embeddable":true,"href":"https:\/\/kapitalis.com\/tunisie\/wp-json\/wp\/v2\/users\/6"}],"replies":[{"embeddable":true,"href":"https:\/\/kapitalis.com\/tunisie\/wp-json\/wp\/v2\/comments?post=215510"}],"version-history":[{"count":0,"href":"https:\/\/kapitalis.com\/tunisie\/wp-json\/wp\/v2\/posts\/215510\/revisions"}],"wp:featuredmedia":[{"embeddable":true,"href":"https:\/\/kapitalis.com\/tunisie\/wp-json\/wp\/v2\/media\/215517"}],"wp:attachment":[{"href":"https:\/\/kapitalis.com\/tunisie\/wp-json\/wp\/v2\/media?parent=215510"}],"wp:term":[{"taxonomy":"category","embeddable":true,"href":"https:\/\/kapitalis.com\/tunisie\/wp-json\/wp\/v2\/categories?post=215510"},{"taxonomy":"post_tag","embeddable":true,"href":"https:\/\/kapitalis.com\/tunisie\/wp-json\/wp\/v2\/tags?post=215510"}],"curies":[{"name":"wp","href":"https:\/\/api.w.org\/{rel}","templated":true}]}}