{"id":215758,"date":"2019-05-31T14:01:44","date_gmt":"2019-05-31T13:01:44","guid":{"rendered":"http:\/\/kapitalis.com\/tunisie\/?p=215758"},"modified":"2019-05-31T14:01:53","modified_gmt":"2019-05-31T13:01:53","slug":"equipe-de-tunisie-la-liste-pour-la-can-revelee-le-12-juin","status":"publish","type":"post","link":"https:\/\/kapitalis.com\/tunisie\/2019\/05\/31\/equipe-de-tunisie-la-liste-pour-la-can-revelee-le-12-juin\/","title":{"rendered":"Equipe de Tunisie : La liste pour la CAN r\u00e9v\u00e9l\u00e9e le 12 juin"},"content":{"rendered":"\n<figure class=\"wp-block-image\"><img decoding=\"async\" src=\"http:\/\/kapitalis.com\/tunisie\/wp-content\/uploads\/2018\/10\/Equipe-nationale-Tunisie.jpg\" alt=\"\" class=\"wp-image-180494\"\/><\/figure>\n\n\n\n<p><strong><em>Il faudra encore patienter une douzaine de jours pour conna\u00eetre la liste officielle des joueurs tunisiens s\u00e9lectionn\u00e9s pour la Coupe d\u2019Afrique des nations (CAN) en Egypte, du 21 juin au 19 juillet 2019.<\/em><\/strong><br><\/p>\n\n\n\n<!--more-->\n\n\n\n<p> Alain Giresse, s\u00e9lectionneur national, a report\u00e9 l\u2019annonce de cette liste apr\u00e8s le match amical contre la Croatie \u00e0 Zaghreb, quatre jours apr\u00e8s le premier test face \u00e0 l\u2019Irak \u00e0 Tunis. Il fera conna\u00eetre ses choix des joueurs locaux apr\u00e8s la finale-retour de Ligue des Champions entre l\u2019Esp\u00e9rance et le Wydad Casablanca, ce soir, vendredi 31 mai, \u00e0 22 heures, au stade de Rad\u00e8s.<br><\/p>\n\n\n\n<p> Pour le test face aux Irakiens, le 7 juin, Alain Giresse a communiqu\u00e9 une liste de 21 joueurs, en ouverture de la pr\u00e9paration pour la CAN 2019.<br><\/p>\n\n\n\n<p> Dans cette liste exclusivement compos\u00e9e des joueurs \u00e9voluant \u00e0 l\u2019\u00e9tranger, manquent 3 <em>\u00abmondialistes\u00bb<\/em>, Syam Ben Youssef, Johan Benalouane et Se\u00eef-Eddine Khaoui qui se sont retir\u00e9s de la s\u00e9lection, Oussama Haddadi et Naim Sliti retenus avec Dijon pour le barrage de maintien en Ligue 1 contre Lens (30 mai et 2 juin).<br><\/p>\n\n\n\n<p> Il se confirme par ailleurs le forfait pour blessure de Se\u00eef-Eddine Khaoui.  <br><\/p>\n\n\n\n<h3 class=\"wp-block-heading\"> Liste des 21 s\u00e9lectionn\u00e9s pour le test face \u00e0 l\u2019Irak:<br><\/h3>\n\n\n\n<p> Farouk Ben Mustapha (Al Chabab\/A. Saoudite), Mouez Hassen (OGC Nice\/France), Mohamed Drager (Paderborn\/Allemagne), Rami Bedoui (Al Fayhaa\/A. Saoudite), Yassine Meriah (Olympiakos\/Grece), Dylan Bronn (Gent\/Belgique), Ali Maaloul (Al-Ahly\/Egypte), Nader Ghandri (Westerloo\/Belgique), Ellyes Skhiri (Montpellier\/France), Ferjani Sassi (Zamalek\/Egypte), Bassem Srafi (OGC Nice\/Fra), Youssef Msakni (Eupen\/Belgique), Wahbi Khazri (Saint-Etienne\/France), Fakhreddine Ben Youssef (Al-Ittifak\/A. Saoudite), Zakaria Garfi (Boden\/Su\u00e8de), Mohamed Ben Fredj (Olympique Marseille\/France), Driss Mizouni (Ipswich Town\/Angleterre), Nouh Abid (Ajax Amsterdam\/Hollande), Assil Jaziri (OGC Nice\/France), Mootaz Zemzemi (RC Strasbourg-France), Marc Lamti (Bayer Leverkusen\/Allemagne).<br><\/p>\n\n\n\n<p> La Tunisie jouera dans le groupe E \u00e0 Suez, face \u00e0 l\u2019Angola (21 juin), le Mali (28 juin) et la Mauritanie (2 juillet).  <br><\/p>\n\n\n\n<p style=\"text-align:right\"> <strong>H. M.<\/strong><\/p>\n","protected":false},"excerpt":{"rendered":"<p>Il faudra encore patienter une douzaine de jours pour conna\u00eetre la liste officielle des joueurs tunisiens s\u00e9lectionn\u00e9s pour la Coupe d\u2019Afrique des nations (CAN) en Egypte, du 21 juin au 19 juillet 2019.<\/p>\n","protected":false},"author":8,"featured_media":0,"comment_status":"open","ping_status":"open","sticky":false,"template":"","format":"standard","meta":{"footnotes":""},"categories":[999,2433],"tags":[52967,43547,43247,33965,3190,32318,32114,10699,26523],"class_list":["post-215758","post","type-post","status-publish","format-standard","hentry","category-sport","category-tunisie","tag-alain-giresse","tag-dylan-bronn","tag-ellyes-skhiri","tag-equipe-de-tunisie","tag-fakhreddine-ben-youssef","tag-farouk-ben-mustapha","tag-rami-bedoui","tag-wahbi-khazri","tag-youssef-msakni"],"yoast_head":"<!-- This site is optimized with the Yoast SEO plugin v26.6 - https:\/\/yoast.com\/wordpress\/plugins\/seo\/ -->\n<title>Equipe de Tunisie : La liste pour la CAN r\u00e9v\u00e9l\u00e9e le 12 juin - Kapitalis<\/title>\n<meta name=\"robots\" content=\"index, follow, max-snippet:-1, max-image-preview:large, max-video-preview:-1\" \/>\n<link rel=\"canonical\" href=\"https:\/\/kapitalis.com\/tunisie\/2019\/05\/31\/equipe-de-tunisie-la-liste-pour-la-can-revelee-le-12-juin\/\" \/>\n<meta property=\"og:locale\" content=\"fr_FR\" \/>\n<meta property=\"og:type\" content=\"article\" \/>\n<meta property=\"og:title\" content=\"Equipe de Tunisie : La liste pour la CAN r\u00e9v\u00e9l\u00e9e le 12 juin - Kapitalis\" \/>\n<meta property=\"og:description\" content=\"Il faudra encore patienter une douzaine de jours pour conna\u00eetre la liste officielle des joueurs tunisiens s\u00e9lectionn\u00e9s pour la Coupe d\u2019Afrique des nations (CAN) en Egypte, du 21 juin au 19 juillet 2019.\" \/>\n<meta property=\"og:url\" content=\"https:\/\/kapitalis.com\/tunisie\/2019\/05\/31\/equipe-de-tunisie-la-liste-pour-la-can-revelee-le-12-juin\/\" \/>\n<meta property=\"og:site_name\" content=\"Kapitalis\" \/>\n<meta property=\"article:publisher\" content=\"https:\/\/www.facebook.com\/KapitalisInfo\/\" \/>\n<meta property=\"article:published_time\" content=\"2019-05-31T13:01:44+00:00\" \/>\n<meta property=\"article:modified_time\" content=\"2019-05-31T13:01:53+00:00\" \/>\n<meta property=\"og:image\" content=\"http:\/\/kapitalis.com\/tunisie\/wp-content\/uploads\/2018\/10\/Equipe-nationale-Tunisie.jpg\" \/>\n<meta name=\"author\" content=\"webmaster kapitalis\" \/>\n<meta name=\"twitter:card\" content=\"summary_large_image\" \/>\n<meta name=\"twitter:creator\" content=\"@KapitalisInfo\" \/>\n<meta name=\"twitter:site\" content=\"@KapitalisInfo\" \/>\n<meta name=\"twitter:label1\" content=\"\u00c9crit par\" \/>\n\t<meta name=\"twitter:data1\" content=\"webmaster kapitalis\" \/>\n\t<meta name=\"twitter:label2\" content=\"Dur\u00e9e de lecture estim\u00e9e\" \/>\n\t<meta name=\"twitter:data2\" content=\"2 minutes\" \/>\n<script type=\"application\/ld+json\" class=\"yoast-schema-graph\">{\"@context\":\"https:\/\/schema.org\",\"@graph\":[{\"@type\":\"Article\",\"@id\":\"https:\/\/kapitalis.com\/tunisie\/2019\/05\/31\/equipe-de-tunisie-la-liste-pour-la-can-revelee-le-12-juin\/#article\",\"isPartOf\":{\"@id\":\"https:\/\/kapitalis.com\/tunisie\/2019\/05\/31\/equipe-de-tunisie-la-liste-pour-la-can-revelee-le-12-juin\/\"},\"author\":{\"name\":\"webmaster kapitalis\",\"@id\":\"https:\/\/kapitalis.com\/tunisie\/#\/schema\/person\/d71f33a9ca44f7bad4698210b480c8e9\"},\"headline\":\"Equipe de Tunisie : La liste pour la CAN r\u00e9v\u00e9l\u00e9e le 12 juin\",\"datePublished\":\"2019-05-31T13:01:44+00:00\",\"dateModified\":\"2019-05-31T13:01:53+00:00\",\"mainEntityOfPage\":{\"@id\":\"https:\/\/kapitalis.com\/tunisie\/2019\/05\/31\/equipe-de-tunisie-la-liste-pour-la-can-revelee-le-12-juin\/\"},\"wordCount\":336,\"commentCount\":0,\"publisher\":{\"@id\":\"https:\/\/kapitalis.com\/tunisie\/#organization\"},\"image\":{\"@id\":\"https:\/\/kapitalis.com\/tunisie\/2019\/05\/31\/equipe-de-tunisie-la-liste-pour-la-can-revelee-le-12-juin\/#primaryimage\"},\"thumbnailUrl\":\"http:\/\/kapitalis.com\/tunisie\/wp-content\/uploads\/2018\/10\/Equipe-nationale-Tunisie.jpg\",\"keywords\":[\"Alain Giresse\",\"Dylan Bronn\",\"Ellyes Skhiri\",\"\u00e9quipe de Tunisie\",\"Fakhreddine Ben Youssef\",\"Farouk Ben Mustapha\",\"Rami Bedoui\",\"Wahbi Khazri\",\"Youssef Msakni\"],\"articleSection\":[\"SPORT\",\"Tunisie\"],\"inLanguage\":\"fr-FR\",\"potentialAction\":[{\"@type\":\"CommentAction\",\"name\":\"Comment\",\"target\":[\"https:\/\/kapitalis.com\/tunisie\/2019\/05\/31\/equipe-de-tunisie-la-liste-pour-la-can-revelee-le-12-juin\/#respond\"]}]},{\"@type\":\"WebPage\",\"@id\":\"https:\/\/kapitalis.com\/tunisie\/2019\/05\/31\/equipe-de-tunisie-la-liste-pour-la-can-revelee-le-12-juin\/\",\"url\":\"https:\/\/kapitalis.com\/tunisie\/2019\/05\/31\/equipe-de-tunisie-la-liste-pour-la-can-revelee-le-12-juin\/\",\"name\":\"Equipe de Tunisie : La liste pour la CAN r\u00e9v\u00e9l\u00e9e le 12 juin - Kapitalis\",\"isPartOf\":{\"@id\":\"https:\/\/kapitalis.com\/tunisie\/#website\"},\"primaryImageOfPage\":{\"@id\":\"https:\/\/kapitalis.com\/tunisie\/2019\/05\/31\/equipe-de-tunisie-la-liste-pour-la-can-revelee-le-12-juin\/#primaryimage\"},\"image\":{\"@id\":\"https:\/\/kapitalis.com\/tunisie\/2019\/05\/31\/equipe-de-tunisie-la-liste-pour-la-can-revelee-le-12-juin\/#primaryimage\"},\"thumbnailUrl\":\"http:\/\/kapitalis.com\/tunisie\/wp-content\/uploads\/2018\/10\/Equipe-nationale-Tunisie.jpg\",\"datePublished\":\"2019-05-31T13:01:44+00:00\",\"dateModified\":\"2019-05-31T13:01:53+00:00\",\"breadcrumb\":{\"@id\":\"https:\/\/kapitalis.com\/tunisie\/2019\/05\/31\/equipe-de-tunisie-la-liste-pour-la-can-revelee-le-12-juin\/#breadcrumb\"},\"inLanguage\":\"fr-FR\",\"potentialAction\":[{\"@type\":\"ReadAction\",\"target\":[\"https:\/\/kapitalis.com\/tunisie\/2019\/05\/31\/equipe-de-tunisie-la-liste-pour-la-can-revelee-le-12-juin\/\"]}]},{\"@type\":\"ImageObject\",\"inLanguage\":\"fr-FR\",\"@id\":\"https:\/\/kapitalis.com\/tunisie\/2019\/05\/31\/equipe-de-tunisie-la-liste-pour-la-can-revelee-le-12-juin\/#primaryimage\",\"url\":\"http:\/\/kapitalis.com\/tunisie\/wp-content\/uploads\/2018\/10\/Equipe-nationale-Tunisie.jpg\",\"contentUrl\":\"http:\/\/kapitalis.com\/tunisie\/wp-content\/uploads\/2018\/10\/Equipe-nationale-Tunisie.jpg\"},{\"@type\":\"BreadcrumbList\",\"@id\":\"https:\/\/kapitalis.com\/tunisie\/2019\/05\/31\/equipe-de-tunisie-la-liste-pour-la-can-revelee-le-12-juin\/#breadcrumb\",\"itemListElement\":[{\"@type\":\"ListItem\",\"position\":1,\"name\":\"Accueil\",\"item\":\"https:\/\/kapitalis.com\/tunisie\/\"},{\"@type\":\"ListItem\",\"position\":2,\"name\":\"Equipe de Tunisie : La liste pour la CAN r\u00e9v\u00e9l\u00e9e le 12 juin\"}]},{\"@type\":\"WebSite\",\"@id\":\"https:\/\/kapitalis.com\/tunisie\/#website\",\"url\":\"https:\/\/kapitalis.com\/tunisie\/\",\"name\":\"Kapitalis\",\"description\":\"L&#039;actualit\u00e9 en Tunisie et dans le monde\",\"publisher\":{\"@id\":\"https:\/\/kapitalis.com\/tunisie\/#organization\"},\"potentialAction\":[{\"@type\":\"SearchAction\",\"target\":{\"@type\":\"EntryPoint\",\"urlTemplate\":\"https:\/\/kapitalis.com\/tunisie\/?s={search_term_string}\"},\"query-input\":{\"@type\":\"PropertyValueSpecification\",\"valueRequired\":true,\"valueName\":\"search_term_string\"}}],\"inLanguage\":\"fr-FR\"},{\"@type\":\"Organization\",\"@id\":\"https:\/\/kapitalis.com\/tunisie\/#organization\",\"name\":\"Kapitalis\",\"url\":\"https:\/\/kapitalis.com\/tunisie\/\",\"logo\":{\"@type\":\"ImageObject\",\"inLanguage\":\"fr-FR\",\"@id\":\"https:\/\/kapitalis.com\/tunisie\/#\/schema\/logo\/image\/\",\"url\":\"https:\/\/kapitalis.com\/tunisie\/wp-content\/uploads\/2022\/05\/Kapitalis-big-size.png\",\"contentUrl\":\"https:\/\/kapitalis.com\/tunisie\/wp-content\/uploads\/2022\/05\/Kapitalis-big-size.png\",\"width\":5000,\"height\":1500,\"caption\":\"Kapitalis\"},\"image\":{\"@id\":\"https:\/\/kapitalis.com\/tunisie\/#\/schema\/logo\/image\/\"},\"sameAs\":[\"https:\/\/www.facebook.com\/KapitalisInfo\/\",\"https:\/\/x.com\/KapitalisInfo\",\"https:\/\/www.youtube.com\/channel\/UC-yDYrHyfFBWWZaOw3FPg9Q\"]},{\"@type\":\"Person\",\"@id\":\"https:\/\/kapitalis.com\/tunisie\/#\/schema\/person\/d71f33a9ca44f7bad4698210b480c8e9\",\"name\":\"webmaster kapitalis\",\"url\":\"https:\/\/kapitalis.com\/tunisie\/author\/webmaster-kapitalis\/\"}]}<\/script>\n<!-- \/ Yoast SEO plugin. -->","yoast_head_json":{"title":"Equipe de Tunisie : La liste pour la CAN r\u00e9v\u00e9l\u00e9e le 12 juin - Kapitalis","robots":{"index":"index","follow":"follow","max-snippet":"max-snippet:-1","max-image-preview":"max-image-preview:large","max-video-preview":"max-video-preview:-1"},"canonical":"https:\/\/kapitalis.com\/tunisie\/2019\/05\/31\/equipe-de-tunisie-la-liste-pour-la-can-revelee-le-12-juin\/","og_locale":"fr_FR","og_type":"article","og_title":"Equipe de Tunisie : La liste pour la CAN r\u00e9v\u00e9l\u00e9e le 12 juin - Kapitalis","og_description":"Il faudra encore patienter une douzaine de jours pour conna\u00eetre la liste officielle des joueurs tunisiens s\u00e9lectionn\u00e9s pour la Coupe d\u2019Afrique des nations (CAN) en Egypte, du 21 juin au 19 juillet 2019.","og_url":"https:\/\/kapitalis.com\/tunisie\/2019\/05\/31\/equipe-de-tunisie-la-liste-pour-la-can-revelee-le-12-juin\/","og_site_name":"Kapitalis","article_publisher":"https:\/\/www.facebook.com\/KapitalisInfo\/","article_published_time":"2019-05-31T13:01:44+00:00","article_modified_time":"2019-05-31T13:01:53+00:00","og_image":[{"url":"http:\/\/kapitalis.com\/tunisie\/wp-content\/uploads\/2018\/10\/Equipe-nationale-Tunisie.jpg","type":"","width":"","height":""}],"author":"webmaster kapitalis","twitter_card":"summary_large_image","twitter_creator":"@KapitalisInfo","twitter_site":"@KapitalisInfo","twitter_misc":{"\u00c9crit par":"webmaster kapitalis","Dur\u00e9e de lecture estim\u00e9e":"2 minutes"},"schema":{"@context":"https:\/\/schema.org","@graph":[{"@type":"Article","@id":"https:\/\/kapitalis.com\/tunisie\/2019\/05\/31\/equipe-de-tunisie-la-liste-pour-la-can-revelee-le-12-juin\/#article","isPartOf":{"@id":"https:\/\/kapitalis.com\/tunisie\/2019\/05\/31\/equipe-de-tunisie-la-liste-pour-la-can-revelee-le-12-juin\/"},"author":{"name":"webmaster kapitalis","@id":"https:\/\/kapitalis.com\/tunisie\/#\/schema\/person\/d71f33a9ca44f7bad4698210b480c8e9"},"headline":"Equipe de Tunisie : La liste pour la CAN r\u00e9v\u00e9l\u00e9e le 12 juin","datePublished":"2019-05-31T13:01:44+00:00","dateModified":"2019-05-31T13:01:53+00:00","mainEntityOfPage":{"@id":"https:\/\/kapitalis.com\/tunisie\/2019\/05\/31\/equipe-de-tunisie-la-liste-pour-la-can-revelee-le-12-juin\/"},"wordCount":336,"commentCount":0,"publisher":{"@id":"https:\/\/kapitalis.com\/tunisie\/#organization"},"image":{"@id":"https:\/\/kapitalis.com\/tunisie\/2019\/05\/31\/equipe-de-tunisie-la-liste-pour-la-can-revelee-le-12-juin\/#primaryimage"},"thumbnailUrl":"http:\/\/kapitalis.com\/tunisie\/wp-content\/uploads\/2018\/10\/Equipe-nationale-Tunisie.jpg","keywords":["Alain Giresse","Dylan Bronn","Ellyes Skhiri","\u00e9quipe de Tunisie","Fakhreddine Ben Youssef","Farouk Ben Mustapha","Rami Bedoui","Wahbi Khazri","Youssef Msakni"],"articleSection":["SPORT","Tunisie"],"inLanguage":"fr-FR","potentialAction":[{"@type":"CommentAction","name":"Comment","target":["https:\/\/kapitalis.com\/tunisie\/2019\/05\/31\/equipe-de-tunisie-la-liste-pour-la-can-revelee-le-12-juin\/#respond"]}]},{"@type":"WebPage","@id":"https:\/\/kapitalis.com\/tunisie\/2019\/05\/31\/equipe-de-tunisie-la-liste-pour-la-can-revelee-le-12-juin\/","url":"https:\/\/kapitalis.com\/tunisie\/2019\/05\/31\/equipe-de-tunisie-la-liste-pour-la-can-revelee-le-12-juin\/","name":"Equipe de Tunisie : La liste pour la CAN r\u00e9v\u00e9l\u00e9e le 12 juin - Kapitalis","isPartOf":{"@id":"https:\/\/kapitalis.com\/tunisie\/#website"},"primaryImageOfPage":{"@id":"https:\/\/kapitalis.com\/tunisie\/2019\/05\/31\/equipe-de-tunisie-la-liste-pour-la-can-revelee-le-12-juin\/#primaryimage"},"image":{"@id":"https:\/\/kapitalis.com\/tunisie\/2019\/05\/31\/equipe-de-tunisie-la-liste-pour-la-can-revelee-le-12-juin\/#primaryimage"},"thumbnailUrl":"http:\/\/kapitalis.com\/tunisie\/wp-content\/uploads\/2018\/10\/Equipe-nationale-Tunisie.jpg","datePublished":"2019-05-31T13:01:44+00:00","dateModified":"2019-05-31T13:01:53+00:00","breadcrumb":{"@id":"https:\/\/kapitalis.com\/tunisie\/2019\/05\/31\/equipe-de-tunisie-la-liste-pour-la-can-revelee-le-12-juin\/#breadcrumb"},"inLanguage":"fr-FR","potentialAction":[{"@type":"ReadAction","target":["https:\/\/kapitalis.com\/tunisie\/2019\/05\/31\/equipe-de-tunisie-la-liste-pour-la-can-revelee-le-12-juin\/"]}]},{"@type":"ImageObject","inLanguage":"fr-FR","@id":"https:\/\/kapitalis.com\/tunisie\/2019\/05\/31\/equipe-de-tunisie-la-liste-pour-la-can-revelee-le-12-juin\/#primaryimage","url":"http:\/\/kapitalis.com\/tunisie\/wp-content\/uploads\/2018\/10\/Equipe-nationale-Tunisie.jpg","contentUrl":"http:\/\/kapitalis.com\/tunisie\/wp-content\/uploads\/2018\/10\/Equipe-nationale-Tunisie.jpg"},{"@type":"BreadcrumbList","@id":"https:\/\/kapitalis.com\/tunisie\/2019\/05\/31\/equipe-de-tunisie-la-liste-pour-la-can-revelee-le-12-juin\/#breadcrumb","itemListElement":[{"@type":"ListItem","position":1,"name":"Accueil","item":"https:\/\/kapitalis.com\/tunisie\/"},{"@type":"ListItem","position":2,"name":"Equipe de Tunisie : La liste pour la CAN r\u00e9v\u00e9l\u00e9e le 12 juin"}]},{"@type":"WebSite","@id":"https:\/\/kapitalis.com\/tunisie\/#website","url":"https:\/\/kapitalis.com\/tunisie\/","name":"Kapitalis","description":"L&#039;actualit\u00e9 en Tunisie et dans le monde","publisher":{"@id":"https:\/\/kapitalis.com\/tunisie\/#organization"},"potentialAction":[{"@type":"SearchAction","target":{"@type":"EntryPoint","urlTemplate":"https:\/\/kapitalis.com\/tunisie\/?s={search_term_string}"},"query-input":{"@type":"PropertyValueSpecification","valueRequired":true,"valueName":"search_term_string"}}],"inLanguage":"fr-FR"},{"@type":"Organization","@id":"https:\/\/kapitalis.com\/tunisie\/#organization","name":"Kapitalis","url":"https:\/\/kapitalis.com\/tunisie\/","logo":{"@type":"ImageObject","inLanguage":"fr-FR","@id":"https:\/\/kapitalis.com\/tunisie\/#\/schema\/logo\/image\/","url":"https:\/\/kapitalis.com\/tunisie\/wp-content\/uploads\/2022\/05\/Kapitalis-big-size.png","contentUrl":"https:\/\/kapitalis.com\/tunisie\/wp-content\/uploads\/2022\/05\/Kapitalis-big-size.png","width":5000,"height":1500,"caption":"Kapitalis"},"image":{"@id":"https:\/\/kapitalis.com\/tunisie\/#\/schema\/logo\/image\/"},"sameAs":["https:\/\/www.facebook.com\/KapitalisInfo\/","https:\/\/x.com\/KapitalisInfo","https:\/\/www.youtube.com\/channel\/UC-yDYrHyfFBWWZaOw3FPg9Q"]},{"@type":"Person","@id":"https:\/\/kapitalis.com\/tunisie\/#\/schema\/person\/d71f33a9ca44f7bad4698210b480c8e9","name":"webmaster kapitalis","url":"https:\/\/kapitalis.com\/tunisie\/author\/webmaster-kapitalis\/"}]}},"_links":{"self":[{"href":"https:\/\/kapitalis.com\/tunisie\/wp-json\/wp\/v2\/posts\/215758","targetHints":{"allow":["GET"]}}],"collection":[{"href":"https:\/\/kapitalis.com\/tunisie\/wp-json\/wp\/v2\/posts"}],"about":[{"href":"https:\/\/kapitalis.com\/tunisie\/wp-json\/wp\/v2\/types\/post"}],"author":[{"embeddable":true,"href":"https:\/\/kapitalis.com\/tunisie\/wp-json\/wp\/v2\/users\/8"}],"replies":[{"embeddable":true,"href":"https:\/\/kapitalis.com\/tunisie\/wp-json\/wp\/v2\/comments?post=215758"}],"version-history":[{"count":0,"href":"https:\/\/kapitalis.com\/tunisie\/wp-json\/wp\/v2\/posts\/215758\/revisions"}],"wp:attachment":[{"href":"https:\/\/kapitalis.com\/tunisie\/wp-json\/wp\/v2\/media?parent=215758"}],"wp:term":[{"taxonomy":"category","embeddable":true,"href":"https:\/\/kapitalis.com\/tunisie\/wp-json\/wp\/v2\/categories?post=215758"},{"taxonomy":"post_tag","embeddable":true,"href":"https:\/\/kapitalis.com\/tunisie\/wp-json\/wp\/v2\/tags?post=215758"}],"curies":[{"name":"wp","href":"https:\/\/api.w.org\/{rel}","templated":true}]}}