{"id":215816,"date":"2019-05-31T16:27:03","date_gmt":"2019-05-31T15:27:03","guid":{"rendered":"http:\/\/kapitalis.com\/tunisie\/?p=215816"},"modified":"2019-05-31T16:34:55","modified_gmt":"2019-05-31T15:34:55","slug":"louis-jean-calvet-a-lift-lhistoire-commune-des-langues-en-mediterranee","status":"publish","type":"post","link":"https:\/\/kapitalis.com\/tunisie\/2019\/05\/31\/louis-jean-calvet-a-lift-lhistoire-commune-des-langues-en-mediterranee\/","title":{"rendered":"Louis-Jean Calvet \u00e0 l\u2019IFT : L\u2019histoire commune des langues en M\u00e9diterran\u00e9e"},"content":{"rendered":"\n<figure class=\"wp-block-image\"><img decoding=\"async\" src=\"http:\/\/kapitalis.com\/tunisie\/wp-content\/uploads\/2019\/05\/Louis-Jean-Calvet.jpg\" alt=\"\" class=\"wp-image-215820\"\/><\/figure>\n\n\n\n<p><b><i>Dans le cadre des soir\u00e9es ramadanesques sous les \u00e9toiles organis\u00e9es par l\u2019Institut fran\u00e7ais de Tunisie (IFT), le c\u00e9l\u00e8bre sociolinguiste fran\u00e7ais Louis-Jean Calvet a \u00e9t\u00e9 invit\u00e9 pour une rencontre sous forme de voyage s\u00e9mantique, po\u00e9tique et musical \u00e0 travers l\u2019h\u00e9ritage linguistique m\u00e9diterran\u00e9en.<\/i><\/b><br><\/p>\n\n\n\n<p> Par <strong>Fawz Ben Ali<\/strong><br><\/p>\n\n\n\n<!--more-->\n\n\n\n<p> Dans une conf\u00e9rence-d\u00e9bat anim\u00e9e par l\u2019universitaire et \u00e9crivain tunisien Samir Marzouki, l\u2019IFT a organis\u00e9 une rencontre in\u00e9dite pour c\u00e9l\u00e9brer la M\u00e9diterran\u00e9e et l\u2019amour des langues avec Louis-Jean Calvet qui est n\u00e9 et a grandi \u00e0 Bizerte, profond\u00e9ment m\u00e9diterran\u00e9en et grand amoureux de la Tunisie.<br><\/p>\n\n\n\n<h3 class=\"wp-block-heading\"> Un retour aux sources<br><\/h3>\n\n\n\n<p> En plus d\u2019\u00eatre un linguiste de renomm\u00e9e mondiale, L.-J Calvet est aussi sociologue, ethnologue, musicologue, journaliste et \u00e9crivain. \u00abUn infatigable observateur de terrain et un insatiable curieux du monde\u00bb, comme on l\u2019a pr\u00e9sent\u00e9, venu nous parler de cette histoire commune entre les langues m\u00e9diterran\u00e9ennes, sujet de son dernier ouvrage<em> \u2018\u2018La M\u00e9diterran\u00e9e, mer de nos langues\u2019\u2019<\/em>, paru en 2016 et aur\u00e9ol\u00e9 du prix Georges Dumezil de l\u2019Acad\u00e9mie fran\u00e7aise  et du prix Ptol\u00e9m\u00e9e du Forum international de g\u00e9ographie.<br><\/p>\n\n\n\n<p> Apr\u00e8s s\u2019\u00eatre int\u00e9ress\u00e9 notamment au discours politique fran\u00e7ais, \u00e0 la s\u00e9mantique de la chanson fran\u00e7aise ou encore \u00e0 la biographie de Roland Barthes, L.-J Calvet fait un retour aux sources dans son dernier ouvrage en y apportant un concentr\u00e9 de r\u00e9flexion et de recherche men\u00e9es tout au long de sa carri\u00e8re sur la circulation des langues dans le pourtour m\u00e9diterran\u00e9en dans une approche sociologue et g\u00e9opolitique des plus fascinantes.<br><\/p>\n\n\n\n<div class=\"wp-block-image\"><figure class=\"aligncenter is-resized\"><img loading=\"lazy\" decoding=\"async\" src=\"http:\/\/kapitalis.com\/tunisie\/wp-content\/uploads\/2019\/05\/Luis-Jean-Calvet.jpg\" alt=\"\" class=\"wp-image-215821\" width=\"500\" height=\"385\"\/><\/figure><\/div>\n\n\n\n<p> Lors de cette rencontre sp\u00e9ciale dans son pays natale, la Tunisie, Calvet nous invite \u00e0 un voyage dans l\u2019histoire et l\u2019\u00e9volution de ces langues qu\u2019on parle, qu\u2019on apprend, qu\u2019on entend\u2026 et qui s\u2019av\u00e8rent \u00eatre beaucoup plus proches les unes des autres que ce qu\u2019on pouvait le penser. L\u2019huile d\u2019olive est un bel exemple linguistique repr\u00e9sentatif d\u2019un produit m\u00e9diterran\u00e9en par excellence : Il y a 800 millions de pieds d\u2019oliviers  travers le monde dont 700 millions autour de la M\u00e9diterran\u00e9e pour les raisons climatiques; Calvet explique qu\u2019\u00e9tymologiquement, l\u2019huile ne peut provenir que d\u2019olive, car le terme<em> \u00abhuile\u00bb <\/em>vient d\u2019olive, ainsi \u00ab<em>olea oleum<\/em>\u00bb en latin a donn\u00e9 <em>\u00aboliva olio\u00bb<\/em> en italien et <em>\u00abolive huile\u00bb<\/em> en fran\u00e7ais, et puis d\u2019un autre c\u00f4t\u00e9 <em>\u00abzeitoun zeit\u00bb<\/em> en arabe a donn\u00e9 <em>\u00abaceite aceituna\u00bb<\/em> en espagnol. <br><\/p>\n\n\n\n<p> <em>\u00abJ\u2019ai quitt\u00e9 la Tunisie \u00e0 l\u2019\u00e2ge de 18 ans et c\u2019est seulement quand je suis arriv\u00e9 en France que j\u2019ai d\u00e9couvert des choses bizarres comme l\u2019huile d\u2019arachide ou l\u2019huile de p\u00e9pin de raisin\u00bb<\/em>, raconte Calvet.<br><\/p>\n\n\n\n<h3 class=\"wp-block-heading\"> La M\u00e9diterran\u00e9e, ce laboratoire de l\u2019humanit\u00e9<br><\/h3>\n\n\n\n<p> Entre emprunts phon\u00e9tiques et s\u00e9mantiques, glissements de sens, croisements,  n\u00e9ologisme\u2026 les langues t\u00e9moignent d\u2019un partage humain important rythm\u00e9 d\u2019\u00e9changes commer\u00e7ants, de circulations ou de conqu\u00eates historiques ; car les langues ont une m\u00e9moire et une histoire \u00e9volutive.<br><\/p>\n\n\n\n<p> Calvet nous parle la M\u00e9diterran\u00e9e comme <em>\u00abun laboratoire de l\u2019humanit\u00e9 depuis plus de 3000 ans\u00bb<\/em>, ce bassin bord\u00e9 de peuples et de cultures qu\u2019il aime appeler <em>\u00able continent liquide\u00bb<\/em>, o\u00f9 les langues ne sont jamais fig\u00e9es, mais se confrontent sans cesse comme si elles \u00e9taient dans un vase clos, dit-il.<br><\/p>\n\n\n\n<figure class=\"wp-block-image\"><img decoding=\"async\" src=\"http:\/\/kapitalis.com\/tunisie\/wp-content\/uploads\/2019\/05\/Wafa-Ghorbel-Mehdi-Trabelsi.jpg\" alt=\"\" class=\"wp-image-215823\"\/><figcaption><em>Mehdi Trabelsi et Wafa Ghorbel.<\/em><\/figcaption><\/figure>\n\n\n\n<p> En parlant des mots voyageurs et de leur acclimatation, telles des esp\u00e8ces vivantes, Calvet donne un exemple assez r\u00e9cent : le terme arabe dialectique <em>\u00abchouf\u00bb <\/em>qui a donn\u00e9 lieu en fran\u00e7ais \u00e0 l\u2019adjectif <em>\u00abchoufeur\u00bb<\/em> et au verbe <em>\u00abchoufer\u00bb<\/em>, qui signifie le fait de surveiller l\u2019arriv\u00e9e des policiers pour les vendeurs de drogue, un des nombreux exemples de termes qui viennent enrichir la langue fran\u00e7aise contemporaine.<br><\/p>\n\n\n\n<p> Calvet a \u00e9galement \u00e9voqu\u00e9 le c\u00e9l\u00e8bre n\u00e9ologisme politique popularis\u00e9 lors de la r\u00e9volution tunisienne de 2011 \u00abD\u00e9gage\u00bb, devenu d\u00e8s lors un slogan embl\u00e9matique des printemps arabes et en quelque sorte un verbe arabe. De janvier 2011 en Tunisie passant un mois plus tard en Egypte, <em>\u00abd\u00e9gage\u00bb<\/em> a regagn\u00e9 une tr\u00e8s grande diffusion subitement en France avec l\u2019\u00e9lection de Macron et enfin r\u00e9cemment en mars 2019 en Alg\u00e9rie. Il y a m\u00eame d\u00e9sormais une tendance politique anti-syst\u00e8me ou hostile aux \u00e9lites dominantes appel\u00e9e <em>\u00abd\u00e9gagisme\u00bb<\/em>. <br><\/p>\n\n\n\n<p><em> \u00abLes fossiles sont \u00e0 l\u2019histoire de la terre ce que les \u00e9tymologies sont \u00e0 l\u2019histoire des langues, ce qui illustre la notion de niche \u00e9colinguistique<\/em>\u00bb, conclut L.-J. Calvet qui a laiss\u00e9 place \u00e0 des lectures po\u00e9tiques trilingues avec Samir Marzouki puis \u00e0 une pause musicale avec Wafa Ghorbel au chant et Mehdi Trabelsi au piano pour des reprises personnelles de <em>\u2018\u2018Ne me quitte pas\u2019\u2019<\/em> (Jacques Brel),<em> \u2018\u2018La boh\u00e8me\u2019\u2019<\/em> (Charles Aznavour), <em>\u2018\u2018La vie en rose\u2019\u2019 <\/em>(Edith Piaf), <em>\u2018\u2018Avec le temps\u2019\u2019 <\/em>(L\u00e9o Ferr\u00e9), <em>\u2018\u2018Besame mucho\u2019\u2019<\/em> (C\u00e9saria Evora)\u2026<\/p>\n","protected":false},"excerpt":{"rendered":"<p>Dans le cadre des soir\u00e9es ramadanesques sous les \u00e9toiles organis\u00e9es par l\u2019Institut fran\u00e7ais de Tunisie (IFT), le c\u00e9l\u00e8bre sociolinguiste fran\u00e7ais Louis-Jean Calvet a \u00e9t\u00e9 invit\u00e9 pour une rencontre sous forme de voyage s\u00e9mantique, po\u00e9tique et musical \u00e0 travers l\u2019h\u00e9ritage linguistique m\u00e9diterran\u00e9en. Par Fawz Ben Ali<\/p>\n","protected":false},"author":8,"featured_media":215820,"comment_status":"open","ping_status":"open","sticky":false,"template":"","format":"standard","meta":{"footnotes":""},"categories":[992,994,2433],"tags":[148,458,3226,25619],"class_list":["post-215816","post","type-post","status-publish","format-standard","has-post-thumbnail","hentry","category-a-la-une","category-culture","category-tunisie","tag-bizerte","tag-huile-dolive","tag-institut-francais-de-tunisie","tag-mehdi-trabelsi"],"yoast_head":"<!-- This site is optimized with the Yoast SEO plugin v26.6 - https:\/\/yoast.com\/wordpress\/plugins\/seo\/ -->\n<title>Louis-Jean Calvet \u00e0 l\u2019IFT : L\u2019histoire commune des langues en M\u00e9diterran\u00e9e - Kapitalis<\/title>\n<meta name=\"robots\" content=\"index, follow, max-snippet:-1, max-image-preview:large, max-video-preview:-1\" \/>\n<link rel=\"canonical\" href=\"https:\/\/kapitalis.com\/tunisie\/2019\/05\/31\/louis-jean-calvet-a-lift-lhistoire-commune-des-langues-en-mediterranee\/\" \/>\n<meta property=\"og:locale\" content=\"fr_FR\" \/>\n<meta property=\"og:type\" content=\"article\" \/>\n<meta property=\"og:title\" content=\"Louis-Jean Calvet \u00e0 l\u2019IFT : L\u2019histoire commune des langues en M\u00e9diterran\u00e9e - Kapitalis\" \/>\n<meta property=\"og:description\" content=\"Dans le cadre des soir\u00e9es ramadanesques sous les \u00e9toiles organis\u00e9es par l\u2019Institut fran\u00e7ais de Tunisie (IFT), le c\u00e9l\u00e8bre sociolinguiste fran\u00e7ais Louis-Jean Calvet a \u00e9t\u00e9 invit\u00e9 pour une rencontre sous forme de voyage s\u00e9mantique, po\u00e9tique et musical \u00e0 travers l\u2019h\u00e9ritage linguistique m\u00e9diterran\u00e9en. Par Fawz Ben Ali\" \/>\n<meta property=\"og:url\" content=\"https:\/\/kapitalis.com\/tunisie\/2019\/05\/31\/louis-jean-calvet-a-lift-lhistoire-commune-des-langues-en-mediterranee\/\" \/>\n<meta property=\"og:site_name\" content=\"Kapitalis\" \/>\n<meta property=\"article:publisher\" content=\"https:\/\/www.facebook.com\/KapitalisInfo\/\" \/>\n<meta property=\"article:published_time\" content=\"2019-05-31T15:27:03+00:00\" \/>\n<meta property=\"article:modified_time\" content=\"2019-05-31T15:34:55+00:00\" \/>\n<meta property=\"og:image\" content=\"https:\/\/kapitalis.com\/tunisie\/wp-content\/uploads\/2022\/05\/kapitalis-logo-fb.png\" \/>\n\t<meta property=\"og:image:width\" content=\"1200\" \/>\n\t<meta property=\"og:image:height\" content=\"630\" \/>\n\t<meta property=\"og:image:type\" content=\"image\/png\" \/>\n<meta name=\"author\" content=\"webmaster kapitalis\" \/>\n<meta name=\"twitter:card\" content=\"summary_large_image\" \/>\n<meta name=\"twitter:creator\" content=\"@KapitalisInfo\" \/>\n<meta name=\"twitter:site\" content=\"@KapitalisInfo\" \/>\n<meta name=\"twitter:label1\" content=\"\u00c9crit par\" \/>\n\t<meta name=\"twitter:data1\" content=\"webmaster kapitalis\" \/>\n\t<meta name=\"twitter:label2\" content=\"Dur\u00e9e de lecture estim\u00e9e\" \/>\n\t<meta name=\"twitter:data2\" content=\"4 minutes\" \/>\n<script type=\"application\/ld+json\" class=\"yoast-schema-graph\">{\"@context\":\"https:\/\/schema.org\",\"@graph\":[{\"@type\":\"Article\",\"@id\":\"https:\/\/kapitalis.com\/tunisie\/2019\/05\/31\/louis-jean-calvet-a-lift-lhistoire-commune-des-langues-en-mediterranee\/#article\",\"isPartOf\":{\"@id\":\"https:\/\/kapitalis.com\/tunisie\/2019\/05\/31\/louis-jean-calvet-a-lift-lhistoire-commune-des-langues-en-mediterranee\/\"},\"author\":{\"name\":\"webmaster kapitalis\",\"@id\":\"https:\/\/kapitalis.com\/tunisie\/#\/schema\/person\/d71f33a9ca44f7bad4698210b480c8e9\"},\"headline\":\"Louis-Jean Calvet \u00e0 l\u2019IFT : L\u2019histoire commune des langues en M\u00e9diterran\u00e9e\",\"datePublished\":\"2019-05-31T15:27:03+00:00\",\"dateModified\":\"2019-05-31T15:34:55+00:00\",\"mainEntityOfPage\":{\"@id\":\"https:\/\/kapitalis.com\/tunisie\/2019\/05\/31\/louis-jean-calvet-a-lift-lhistoire-commune-des-langues-en-mediterranee\/\"},\"wordCount\":862,\"commentCount\":0,\"publisher\":{\"@id\":\"https:\/\/kapitalis.com\/tunisie\/#organization\"},\"image\":{\"@id\":\"https:\/\/kapitalis.com\/tunisie\/2019\/05\/31\/louis-jean-calvet-a-lift-lhistoire-commune-des-langues-en-mediterranee\/#primaryimage\"},\"thumbnailUrl\":\"\",\"keywords\":[\"Bizerte\",\"huile d'olive\",\"Institut fran\u00e7ais de Tunisie\",\"Mehdi Trabelsi\"],\"articleSection\":[\"A LA UNE\",\"CULTURE\",\"Tunisie\"],\"inLanguage\":\"fr-FR\",\"potentialAction\":[{\"@type\":\"CommentAction\",\"name\":\"Comment\",\"target\":[\"https:\/\/kapitalis.com\/tunisie\/2019\/05\/31\/louis-jean-calvet-a-lift-lhistoire-commune-des-langues-en-mediterranee\/#respond\"]}]},{\"@type\":\"WebPage\",\"@id\":\"https:\/\/kapitalis.com\/tunisie\/2019\/05\/31\/louis-jean-calvet-a-lift-lhistoire-commune-des-langues-en-mediterranee\/\",\"url\":\"https:\/\/kapitalis.com\/tunisie\/2019\/05\/31\/louis-jean-calvet-a-lift-lhistoire-commune-des-langues-en-mediterranee\/\",\"name\":\"Louis-Jean Calvet \u00e0 l\u2019IFT : L\u2019histoire commune des langues en M\u00e9diterran\u00e9e - Kapitalis\",\"isPartOf\":{\"@id\":\"https:\/\/kapitalis.com\/tunisie\/#website\"},\"primaryImageOfPage\":{\"@id\":\"https:\/\/kapitalis.com\/tunisie\/2019\/05\/31\/louis-jean-calvet-a-lift-lhistoire-commune-des-langues-en-mediterranee\/#primaryimage\"},\"image\":{\"@id\":\"https:\/\/kapitalis.com\/tunisie\/2019\/05\/31\/louis-jean-calvet-a-lift-lhistoire-commune-des-langues-en-mediterranee\/#primaryimage\"},\"thumbnailUrl\":\"\",\"datePublished\":\"2019-05-31T15:27:03+00:00\",\"dateModified\":\"2019-05-31T15:34:55+00:00\",\"breadcrumb\":{\"@id\":\"https:\/\/kapitalis.com\/tunisie\/2019\/05\/31\/louis-jean-calvet-a-lift-lhistoire-commune-des-langues-en-mediterranee\/#breadcrumb\"},\"inLanguage\":\"fr-FR\",\"potentialAction\":[{\"@type\":\"ReadAction\",\"target\":[\"https:\/\/kapitalis.com\/tunisie\/2019\/05\/31\/louis-jean-calvet-a-lift-lhistoire-commune-des-langues-en-mediterranee\/\"]}]},{\"@type\":\"ImageObject\",\"inLanguage\":\"fr-FR\",\"@id\":\"https:\/\/kapitalis.com\/tunisie\/2019\/05\/31\/louis-jean-calvet-a-lift-lhistoire-commune-des-langues-en-mediterranee\/#primaryimage\",\"url\":\"\",\"contentUrl\":\"\"},{\"@type\":\"BreadcrumbList\",\"@id\":\"https:\/\/kapitalis.com\/tunisie\/2019\/05\/31\/louis-jean-calvet-a-lift-lhistoire-commune-des-langues-en-mediterranee\/#breadcrumb\",\"itemListElement\":[{\"@type\":\"ListItem\",\"position\":1,\"name\":\"Accueil\",\"item\":\"https:\/\/kapitalis.com\/tunisie\/\"},{\"@type\":\"ListItem\",\"position\":2,\"name\":\"Louis-Jean Calvet \u00e0 l\u2019IFT : L\u2019histoire commune des langues en M\u00e9diterran\u00e9e\"}]},{\"@type\":\"WebSite\",\"@id\":\"https:\/\/kapitalis.com\/tunisie\/#website\",\"url\":\"https:\/\/kapitalis.com\/tunisie\/\",\"name\":\"Kapitalis\",\"description\":\"L&#039;actualit\u00e9 en Tunisie et dans le monde\",\"publisher\":{\"@id\":\"https:\/\/kapitalis.com\/tunisie\/#organization\"},\"potentialAction\":[{\"@type\":\"SearchAction\",\"target\":{\"@type\":\"EntryPoint\",\"urlTemplate\":\"https:\/\/kapitalis.com\/tunisie\/?s={search_term_string}\"},\"query-input\":{\"@type\":\"PropertyValueSpecification\",\"valueRequired\":true,\"valueName\":\"search_term_string\"}}],\"inLanguage\":\"fr-FR\"},{\"@type\":\"Organization\",\"@id\":\"https:\/\/kapitalis.com\/tunisie\/#organization\",\"name\":\"Kapitalis\",\"url\":\"https:\/\/kapitalis.com\/tunisie\/\",\"logo\":{\"@type\":\"ImageObject\",\"inLanguage\":\"fr-FR\",\"@id\":\"https:\/\/kapitalis.com\/tunisie\/#\/schema\/logo\/image\/\",\"url\":\"https:\/\/kapitalis.com\/tunisie\/wp-content\/uploads\/2022\/05\/Kapitalis-big-size.png\",\"contentUrl\":\"https:\/\/kapitalis.com\/tunisie\/wp-content\/uploads\/2022\/05\/Kapitalis-big-size.png\",\"width\":5000,\"height\":1500,\"caption\":\"Kapitalis\"},\"image\":{\"@id\":\"https:\/\/kapitalis.com\/tunisie\/#\/schema\/logo\/image\/\"},\"sameAs\":[\"https:\/\/www.facebook.com\/KapitalisInfo\/\",\"https:\/\/x.com\/KapitalisInfo\",\"https:\/\/www.youtube.com\/channel\/UC-yDYrHyfFBWWZaOw3FPg9Q\"]},{\"@type\":\"Person\",\"@id\":\"https:\/\/kapitalis.com\/tunisie\/#\/schema\/person\/d71f33a9ca44f7bad4698210b480c8e9\",\"name\":\"webmaster kapitalis\",\"url\":\"https:\/\/kapitalis.com\/tunisie\/author\/webmaster-kapitalis\/\"}]}<\/script>\n<!-- \/ Yoast SEO plugin. -->","yoast_head_json":{"title":"Louis-Jean Calvet \u00e0 l\u2019IFT : L\u2019histoire commune des langues en M\u00e9diterran\u00e9e - Kapitalis","robots":{"index":"index","follow":"follow","max-snippet":"max-snippet:-1","max-image-preview":"max-image-preview:large","max-video-preview":"max-video-preview:-1"},"canonical":"https:\/\/kapitalis.com\/tunisie\/2019\/05\/31\/louis-jean-calvet-a-lift-lhistoire-commune-des-langues-en-mediterranee\/","og_locale":"fr_FR","og_type":"article","og_title":"Louis-Jean Calvet \u00e0 l\u2019IFT : L\u2019histoire commune des langues en M\u00e9diterran\u00e9e - Kapitalis","og_description":"Dans le cadre des soir\u00e9es ramadanesques sous les \u00e9toiles organis\u00e9es par l\u2019Institut fran\u00e7ais de Tunisie (IFT), le c\u00e9l\u00e8bre sociolinguiste fran\u00e7ais Louis-Jean Calvet a \u00e9t\u00e9 invit\u00e9 pour une rencontre sous forme de voyage s\u00e9mantique, po\u00e9tique et musical \u00e0 travers l\u2019h\u00e9ritage linguistique m\u00e9diterran\u00e9en. Par Fawz Ben Ali","og_url":"https:\/\/kapitalis.com\/tunisie\/2019\/05\/31\/louis-jean-calvet-a-lift-lhistoire-commune-des-langues-en-mediterranee\/","og_site_name":"Kapitalis","article_publisher":"https:\/\/www.facebook.com\/KapitalisInfo\/","article_published_time":"2019-05-31T15:27:03+00:00","article_modified_time":"2019-05-31T15:34:55+00:00","og_image":[{"width":1200,"height":630,"url":"https:\/\/kapitalis.com\/tunisie\/wp-content\/uploads\/2022\/05\/kapitalis-logo-fb.png","type":"image\/png"}],"author":"webmaster kapitalis","twitter_card":"summary_large_image","twitter_creator":"@KapitalisInfo","twitter_site":"@KapitalisInfo","twitter_misc":{"\u00c9crit par":"webmaster kapitalis","Dur\u00e9e de lecture estim\u00e9e":"4 minutes"},"schema":{"@context":"https:\/\/schema.org","@graph":[{"@type":"Article","@id":"https:\/\/kapitalis.com\/tunisie\/2019\/05\/31\/louis-jean-calvet-a-lift-lhistoire-commune-des-langues-en-mediterranee\/#article","isPartOf":{"@id":"https:\/\/kapitalis.com\/tunisie\/2019\/05\/31\/louis-jean-calvet-a-lift-lhistoire-commune-des-langues-en-mediterranee\/"},"author":{"name":"webmaster kapitalis","@id":"https:\/\/kapitalis.com\/tunisie\/#\/schema\/person\/d71f33a9ca44f7bad4698210b480c8e9"},"headline":"Louis-Jean Calvet \u00e0 l\u2019IFT : L\u2019histoire commune des langues en M\u00e9diterran\u00e9e","datePublished":"2019-05-31T15:27:03+00:00","dateModified":"2019-05-31T15:34:55+00:00","mainEntityOfPage":{"@id":"https:\/\/kapitalis.com\/tunisie\/2019\/05\/31\/louis-jean-calvet-a-lift-lhistoire-commune-des-langues-en-mediterranee\/"},"wordCount":862,"commentCount":0,"publisher":{"@id":"https:\/\/kapitalis.com\/tunisie\/#organization"},"image":{"@id":"https:\/\/kapitalis.com\/tunisie\/2019\/05\/31\/louis-jean-calvet-a-lift-lhistoire-commune-des-langues-en-mediterranee\/#primaryimage"},"thumbnailUrl":"","keywords":["Bizerte","huile d'olive","Institut fran\u00e7ais de Tunisie","Mehdi Trabelsi"],"articleSection":["A LA UNE","CULTURE","Tunisie"],"inLanguage":"fr-FR","potentialAction":[{"@type":"CommentAction","name":"Comment","target":["https:\/\/kapitalis.com\/tunisie\/2019\/05\/31\/louis-jean-calvet-a-lift-lhistoire-commune-des-langues-en-mediterranee\/#respond"]}]},{"@type":"WebPage","@id":"https:\/\/kapitalis.com\/tunisie\/2019\/05\/31\/louis-jean-calvet-a-lift-lhistoire-commune-des-langues-en-mediterranee\/","url":"https:\/\/kapitalis.com\/tunisie\/2019\/05\/31\/louis-jean-calvet-a-lift-lhistoire-commune-des-langues-en-mediterranee\/","name":"Louis-Jean Calvet \u00e0 l\u2019IFT : L\u2019histoire commune des langues en M\u00e9diterran\u00e9e - Kapitalis","isPartOf":{"@id":"https:\/\/kapitalis.com\/tunisie\/#website"},"primaryImageOfPage":{"@id":"https:\/\/kapitalis.com\/tunisie\/2019\/05\/31\/louis-jean-calvet-a-lift-lhistoire-commune-des-langues-en-mediterranee\/#primaryimage"},"image":{"@id":"https:\/\/kapitalis.com\/tunisie\/2019\/05\/31\/louis-jean-calvet-a-lift-lhistoire-commune-des-langues-en-mediterranee\/#primaryimage"},"thumbnailUrl":"","datePublished":"2019-05-31T15:27:03+00:00","dateModified":"2019-05-31T15:34:55+00:00","breadcrumb":{"@id":"https:\/\/kapitalis.com\/tunisie\/2019\/05\/31\/louis-jean-calvet-a-lift-lhistoire-commune-des-langues-en-mediterranee\/#breadcrumb"},"inLanguage":"fr-FR","potentialAction":[{"@type":"ReadAction","target":["https:\/\/kapitalis.com\/tunisie\/2019\/05\/31\/louis-jean-calvet-a-lift-lhistoire-commune-des-langues-en-mediterranee\/"]}]},{"@type":"ImageObject","inLanguage":"fr-FR","@id":"https:\/\/kapitalis.com\/tunisie\/2019\/05\/31\/louis-jean-calvet-a-lift-lhistoire-commune-des-langues-en-mediterranee\/#primaryimage","url":"","contentUrl":""},{"@type":"BreadcrumbList","@id":"https:\/\/kapitalis.com\/tunisie\/2019\/05\/31\/louis-jean-calvet-a-lift-lhistoire-commune-des-langues-en-mediterranee\/#breadcrumb","itemListElement":[{"@type":"ListItem","position":1,"name":"Accueil","item":"https:\/\/kapitalis.com\/tunisie\/"},{"@type":"ListItem","position":2,"name":"Louis-Jean Calvet \u00e0 l\u2019IFT : L\u2019histoire commune des langues en M\u00e9diterran\u00e9e"}]},{"@type":"WebSite","@id":"https:\/\/kapitalis.com\/tunisie\/#website","url":"https:\/\/kapitalis.com\/tunisie\/","name":"Kapitalis","description":"L&#039;actualit\u00e9 en Tunisie et dans le monde","publisher":{"@id":"https:\/\/kapitalis.com\/tunisie\/#organization"},"potentialAction":[{"@type":"SearchAction","target":{"@type":"EntryPoint","urlTemplate":"https:\/\/kapitalis.com\/tunisie\/?s={search_term_string}"},"query-input":{"@type":"PropertyValueSpecification","valueRequired":true,"valueName":"search_term_string"}}],"inLanguage":"fr-FR"},{"@type":"Organization","@id":"https:\/\/kapitalis.com\/tunisie\/#organization","name":"Kapitalis","url":"https:\/\/kapitalis.com\/tunisie\/","logo":{"@type":"ImageObject","inLanguage":"fr-FR","@id":"https:\/\/kapitalis.com\/tunisie\/#\/schema\/logo\/image\/","url":"https:\/\/kapitalis.com\/tunisie\/wp-content\/uploads\/2022\/05\/Kapitalis-big-size.png","contentUrl":"https:\/\/kapitalis.com\/tunisie\/wp-content\/uploads\/2022\/05\/Kapitalis-big-size.png","width":5000,"height":1500,"caption":"Kapitalis"},"image":{"@id":"https:\/\/kapitalis.com\/tunisie\/#\/schema\/logo\/image\/"},"sameAs":["https:\/\/www.facebook.com\/KapitalisInfo\/","https:\/\/x.com\/KapitalisInfo","https:\/\/www.youtube.com\/channel\/UC-yDYrHyfFBWWZaOw3FPg9Q"]},{"@type":"Person","@id":"https:\/\/kapitalis.com\/tunisie\/#\/schema\/person\/d71f33a9ca44f7bad4698210b480c8e9","name":"webmaster kapitalis","url":"https:\/\/kapitalis.com\/tunisie\/author\/webmaster-kapitalis\/"}]}},"_links":{"self":[{"href":"https:\/\/kapitalis.com\/tunisie\/wp-json\/wp\/v2\/posts\/215816","targetHints":{"allow":["GET"]}}],"collection":[{"href":"https:\/\/kapitalis.com\/tunisie\/wp-json\/wp\/v2\/posts"}],"about":[{"href":"https:\/\/kapitalis.com\/tunisie\/wp-json\/wp\/v2\/types\/post"}],"author":[{"embeddable":true,"href":"https:\/\/kapitalis.com\/tunisie\/wp-json\/wp\/v2\/users\/8"}],"replies":[{"embeddable":true,"href":"https:\/\/kapitalis.com\/tunisie\/wp-json\/wp\/v2\/comments?post=215816"}],"version-history":[{"count":0,"href":"https:\/\/kapitalis.com\/tunisie\/wp-json\/wp\/v2\/posts\/215816\/revisions"}],"wp:featuredmedia":[{"embeddable":true,"href":"https:\/\/kapitalis.com\/tunisie\/wp-json\/wp\/v2\/media\/215820"}],"wp:attachment":[{"href":"https:\/\/kapitalis.com\/tunisie\/wp-json\/wp\/v2\/media?parent=215816"}],"wp:term":[{"taxonomy":"category","embeddable":true,"href":"https:\/\/kapitalis.com\/tunisie\/wp-json\/wp\/v2\/categories?post=215816"},{"taxonomy":"post_tag","embeddable":true,"href":"https:\/\/kapitalis.com\/tunisie\/wp-json\/wp\/v2\/tags?post=215816"}],"curies":[{"name":"wp","href":"https:\/\/api.w.org\/{rel}","templated":true}]}}