{"id":216097,"date":"2019-06-03T13:14:03","date_gmt":"2019-06-03T12:14:03","guid":{"rendered":"http:\/\/kapitalis.com\/tunisie\/?p=216097"},"modified":"2019-06-03T13:47:09","modified_gmt":"2019-06-03T12:47:09","slug":"plus-de-7-000-palmiers-infestes-par-le-charancon-rouge-dans-le-grand-tunis-photos","status":"publish","type":"post","link":"https:\/\/kapitalis.com\/tunisie\/2019\/06\/03\/plus-de-7-000-palmiers-infestes-par-le-charancon-rouge-dans-le-grand-tunis-photos\/","title":{"rendered":"Plus de 7.000 palmiers infest\u00e9s par le charan\u00e7on rouge dans le Grand-Tunis (photos)"},"content":{"rendered":"\n<figure class=\"wp-block-image\"><img decoding=\"async\" src=\"http:\/\/kapitalis.com\/tunisie\/wp-content\/uploads\/2019\/06\/charan\u00e7on-palmier-tunis.jpg\" alt=\"\" class=\"wp-image-216111\"\/><\/figure>\n\n\n<p><em><strong>Plus de 7000 palmiers sont d\u00e9j\u00e0 infest\u00e9s par le charan\u00e7on rouge dans le Grand Tunis et les zones limitrophes, soit 20% du patrimoine phoenicicole. La Coalition citoyenne contre le charan\u00e7on (4C) appelle \u00e0 la vigilance et \u00e0 lutter contre cet insecte r\u00e9calcitrant.<\/strong><\/em><\/p>\n<p><!--more--><\/p>\n<p>La 4C, engag\u00e9e pour la pr\u00e9servation de l\u2019environnement, a pr\u00e9cis\u00e9 hier, dimanche 2 juin 2019, que les oasis sont pour le moment saines, mais courent un grand risque de contamination.<\/p>\n<p style=\"text-align: center;\"><img loading=\"lazy\" decoding=\"async\" class=\"alignnone wp-image-216112\" src=\"http:\/\/kapitalis.com\/tunisie\/wp-content\/uploads\/2019\/06\/charan\u00e7on-palmiers-belvedre.jpg\" alt=\"\" width=\"500\" height=\"304\" \/><\/p>\n<p>\u00ab<em>Nous avons donc besoin d&rsquo;unir nos forces, de partager nos id\u00e9es pour lutter contre notre ennemi qui r\u00e9siste et se multiplie. Nous avons peut-\u00eatre perdu un premier combat, mais pas la Guerre contre ce fl\u00e9au<\/em>\u00bb, pr\u00e9vient la coalition, qui cependant \u00e9voque une \u00ab<em>h\u00e9catombe<\/em>\u00bb, au parc du Belv\u00e9d\u00e8re de Tunis.<\/p>\n<p>Pour la coalition, la situation est inqui\u00e9tante que le Grand-Tunis et elle d\u00e9nonce une faible coordination entre les minist\u00e8res, et accuse les autorit\u00e9s de ne pas donner \u00e0 ce sujet l\u2019importance qui se doit.<\/p>\n<p style=\"text-align: center;\"><em><strong><img loading=\"lazy\" decoding=\"async\" class=\"alignnone wp-image-216113\" src=\"http:\/\/kapitalis.com\/tunisie\/wp-content\/uploads\/2019\/06\/charan\u00e7onplace-pasteur.jpg\" alt=\"\" width=\"500\" height=\"304\" \/><\/strong><\/em><\/p>\n<p>\u00ab<em>Les causes majeures de la propagation du charan\u00e7on Hyperm\u00e9tropie municipale li\u00e9e aux luttes internes entre les \u00e9lus locaux : astigmatisme administratif due \u00e0 une bureaucratie handicapante, c\u00e9phal\u00e9es chez les techniciens et ing\u00e9nieurs de terrain&#8230;\u00bb<\/em>, d\u00e9nonce, entre autres, la 4C, en appelant au rassemblement \u00e0 toutes les parties \u00e0 agir contre le charan\u00e7on \u00ab<em>qui d\u00e9figure nos paysages et menace nos \u00e9cosyst\u00e8mes oasiens\u00bb<\/em>.<\/p>\n<p style=\"text-align: center;\"><em><strong><img loading=\"lazy\" decoding=\"async\" class=\"alignnone wp-image-216115\" src=\"http:\/\/kapitalis.com\/tunisie\/wp-content\/uploads\/2019\/06\/palmiers-charan\u00e7on.jpg\" alt=\"\" width=\"500\" height=\"304\" \/><\/strong><\/em><\/p>\n<p>Une marche est d\u2019ailleurs pr\u00e9vue de la place Pasteur au parc du Belv\u00e9d\u00e8re, le 15 juin courant \u00e0 partir de 8 heures, pour appeler toutes les parties \u00e0 prendre leurs responsabilit\u00e9s dans la protection des palmiers.<\/p>\n<p style=\"text-align: right;\"><strong>Y. N.<\/strong><\/p>\n<p><blockquote class=\"wp-embedded-content\" data-secret=\"OsGXes3IRz\"><a href=\"https:\/\/kapitalis.com\/tunisie\/2019\/05\/16\/palmiers-en-danger-alerte-sur-la-propagation-du-charancon-rouge-a-tunis\/\">Palmiers en danger\u00a0: Alerte sur la propagation du charan\u00e7on rouge \u00e0 Tunis<\/a><\/blockquote><iframe loading=\"lazy\" class=\"wp-embedded-content\" sandbox=\"allow-scripts\" security=\"restricted\" style=\"position: absolute; clip: rect(1px, 1px, 1px, 1px);\" title=\"\u00ab\u00a0Palmiers en danger\u00a0: Alerte sur la propagation du charan\u00e7on rouge \u00e0 Tunis\u00a0\u00bb &#8212; Kapitalis\" src=\"https:\/\/kapitalis.com\/tunisie\/2019\/05\/16\/palmiers-en-danger-alerte-sur-la-propagation-du-charancon-rouge-a-tunis\/embed\/#?secret=P3NpOXzfBN#?secret=OsGXes3IRz\" data-secret=\"OsGXes3IRz\" width=\"600\" height=\"338\" frameborder=\"0\" marginwidth=\"0\" marginheight=\"0\" scrolling=\"no\"><\/iframe><\/p>\n<p><blockquote class=\"wp-embedded-content\" data-secret=\"Aa8eWFeTVp\"><a href=\"https:\/\/kapitalis.com\/tunisie\/2016\/01\/18\/le-charancon-rouge-tue-en-silence-nos-palmiers\/\">Le charan\u00e7on rouge tue en silence nos palmiers<\/a><\/blockquote><iframe loading=\"lazy\" class=\"wp-embedded-content\" sandbox=\"allow-scripts\" security=\"restricted\" style=\"position: absolute; clip: rect(1px, 1px, 1px, 1px);\" title=\"\u00ab\u00a0Le charan\u00e7on rouge tue en silence nos palmiers\u00a0\u00bb &#8212; Kapitalis\" src=\"https:\/\/kapitalis.com\/tunisie\/2016\/01\/18\/le-charancon-rouge-tue-en-silence-nos-palmiers\/embed\/#?secret=O4PlhEbtzA#?secret=Aa8eWFeTVp\" data-secret=\"Aa8eWFeTVp\" width=\"600\" height=\"338\" frameborder=\"0\" marginwidth=\"0\" marginheight=\"0\" scrolling=\"no\"><\/iframe><\/p>","protected":false},"excerpt":{"rendered":"<p>Plus de 7000 palmiers sont d\u00e9j\u00e0 infest\u00e9s par le charan\u00e7on rouge dans le Grand Tunis et les zones limitrophes, soit 20% du patrimoine phoenicicole. La Coalition citoyenne contre le charan\u00e7on (4C) appelle \u00e0 la vigilance et \u00e0 lutter contre cet insecte r\u00e9calcitrant.<\/p>\n","protected":false},"author":6,"featured_media":216111,"comment_status":"open","ping_status":"open","sticky":false,"template":"","format":"standard","meta":{"footnotes":""},"categories":[998,2433],"tags":[5543,335,1576],"class_list":["post-216097","post","type-post","status-publish","format-standard","has-post-thumbnail","hentry","category-societe","category-tunisie","tag-belvedere","tag-environnement","tag-palmiers"],"yoast_head":"<!-- This site is optimized with the Yoast SEO plugin v26.6 - https:\/\/yoast.com\/wordpress\/plugins\/seo\/ -->\n<title>Plus de 7.000 palmiers infest\u00e9s par le charan\u00e7on rouge dans le Grand-Tunis (photos) - Kapitalis<\/title>\n<meta name=\"robots\" content=\"index, follow, max-snippet:-1, max-image-preview:large, max-video-preview:-1\" \/>\n<link rel=\"canonical\" href=\"https:\/\/kapitalis.com\/tunisie\/2019\/06\/03\/plus-de-7-000-palmiers-infestes-par-le-charancon-rouge-dans-le-grand-tunis-photos\/\" \/>\n<meta property=\"og:locale\" content=\"fr_FR\" \/>\n<meta property=\"og:type\" content=\"article\" \/>\n<meta property=\"og:title\" content=\"Plus de 7.000 palmiers infest\u00e9s par le charan\u00e7on rouge dans le Grand-Tunis (photos) - Kapitalis\" \/>\n<meta property=\"og:description\" content=\"Plus de 7000 palmiers sont d\u00e9j\u00e0 infest\u00e9s par le charan\u00e7on rouge dans le Grand Tunis et les zones limitrophes, soit 20% du patrimoine phoenicicole. La Coalition citoyenne contre le charan\u00e7on (4C) appelle \u00e0 la vigilance et \u00e0 lutter contre cet insecte r\u00e9calcitrant.\" \/>\n<meta property=\"og:url\" content=\"https:\/\/kapitalis.com\/tunisie\/2019\/06\/03\/plus-de-7-000-palmiers-infestes-par-le-charancon-rouge-dans-le-grand-tunis-photos\/\" \/>\n<meta property=\"og:site_name\" content=\"Kapitalis\" \/>\n<meta property=\"article:publisher\" content=\"https:\/\/www.facebook.com\/KapitalisInfo\/\" \/>\n<meta property=\"article:published_time\" content=\"2019-06-03T12:14:03+00:00\" \/>\n<meta property=\"article:modified_time\" content=\"2019-06-03T12:47:09+00:00\" \/>\n<meta property=\"og:image\" content=\"https:\/\/kapitalis.com\/tunisie\/wp-content\/uploads\/2022\/05\/kapitalis-logo-fb.png\" \/>\n\t<meta property=\"og:image:width\" content=\"1200\" \/>\n\t<meta property=\"og:image:height\" content=\"630\" \/>\n\t<meta property=\"og:image:type\" content=\"image\/png\" \/>\n<meta name=\"author\" content=\"Yusra NY\" \/>\n<meta name=\"twitter:card\" content=\"summary_large_image\" \/>\n<meta name=\"twitter:creator\" content=\"@KapitalisInfo\" \/>\n<meta name=\"twitter:site\" content=\"@KapitalisInfo\" \/>\n<meta name=\"twitter:label1\" content=\"\u00c9crit par\" \/>\n\t<meta name=\"twitter:data1\" content=\"Yusra NY\" \/>\n\t<meta name=\"twitter:label2\" content=\"Dur\u00e9e de lecture estim\u00e9e\" \/>\n\t<meta name=\"twitter:data2\" content=\"1 minute\" \/>\n<script type=\"application\/ld+json\" class=\"yoast-schema-graph\">{\"@context\":\"https:\/\/schema.org\",\"@graph\":[{\"@type\":\"Article\",\"@id\":\"https:\/\/kapitalis.com\/tunisie\/2019\/06\/03\/plus-de-7-000-palmiers-infestes-par-le-charancon-rouge-dans-le-grand-tunis-photos\/#article\",\"isPartOf\":{\"@id\":\"https:\/\/kapitalis.com\/tunisie\/2019\/06\/03\/plus-de-7-000-palmiers-infestes-par-le-charancon-rouge-dans-le-grand-tunis-photos\/\"},\"author\":{\"name\":\"Yusra NY\",\"@id\":\"https:\/\/kapitalis.com\/tunisie\/#\/schema\/person\/74bbde0154d49d790a92aaeac5bc01d5\"},\"headline\":\"Plus de 7.000 palmiers infest\u00e9s par le charan\u00e7on rouge dans le Grand-Tunis (photos)\",\"datePublished\":\"2019-06-03T12:14:03+00:00\",\"dateModified\":\"2019-06-03T12:47:09+00:00\",\"mainEntityOfPage\":{\"@id\":\"https:\/\/kapitalis.com\/tunisie\/2019\/06\/03\/plus-de-7-000-palmiers-infestes-par-le-charancon-rouge-dans-le-grand-tunis-photos\/\"},\"wordCount\":300,\"commentCount\":4,\"publisher\":{\"@id\":\"https:\/\/kapitalis.com\/tunisie\/#organization\"},\"image\":{\"@id\":\"https:\/\/kapitalis.com\/tunisie\/2019\/06\/03\/plus-de-7-000-palmiers-infestes-par-le-charancon-rouge-dans-le-grand-tunis-photos\/#primaryimage\"},\"thumbnailUrl\":\"\",\"keywords\":[\"Belv\u00e9d\u00e8re\",\"environnement\",\"palmiers\"],\"articleSection\":[\"SOCIETE\",\"Tunisie\"],\"inLanguage\":\"fr-FR\",\"potentialAction\":[{\"@type\":\"CommentAction\",\"name\":\"Comment\",\"target\":[\"https:\/\/kapitalis.com\/tunisie\/2019\/06\/03\/plus-de-7-000-palmiers-infestes-par-le-charancon-rouge-dans-le-grand-tunis-photos\/#respond\"]}]},{\"@type\":\"WebPage\",\"@id\":\"https:\/\/kapitalis.com\/tunisie\/2019\/06\/03\/plus-de-7-000-palmiers-infestes-par-le-charancon-rouge-dans-le-grand-tunis-photos\/\",\"url\":\"https:\/\/kapitalis.com\/tunisie\/2019\/06\/03\/plus-de-7-000-palmiers-infestes-par-le-charancon-rouge-dans-le-grand-tunis-photos\/\",\"name\":\"Plus de 7.000 palmiers infest\u00e9s par le charan\u00e7on rouge dans le Grand-Tunis (photos) - Kapitalis\",\"isPartOf\":{\"@id\":\"https:\/\/kapitalis.com\/tunisie\/#website\"},\"primaryImageOfPage\":{\"@id\":\"https:\/\/kapitalis.com\/tunisie\/2019\/06\/03\/plus-de-7-000-palmiers-infestes-par-le-charancon-rouge-dans-le-grand-tunis-photos\/#primaryimage\"},\"image\":{\"@id\":\"https:\/\/kapitalis.com\/tunisie\/2019\/06\/03\/plus-de-7-000-palmiers-infestes-par-le-charancon-rouge-dans-le-grand-tunis-photos\/#primaryimage\"},\"thumbnailUrl\":\"\",\"datePublished\":\"2019-06-03T12:14:03+00:00\",\"dateModified\":\"2019-06-03T12:47:09+00:00\",\"breadcrumb\":{\"@id\":\"https:\/\/kapitalis.com\/tunisie\/2019\/06\/03\/plus-de-7-000-palmiers-infestes-par-le-charancon-rouge-dans-le-grand-tunis-photos\/#breadcrumb\"},\"inLanguage\":\"fr-FR\",\"potentialAction\":[{\"@type\":\"ReadAction\",\"target\":[\"https:\/\/kapitalis.com\/tunisie\/2019\/06\/03\/plus-de-7-000-palmiers-infestes-par-le-charancon-rouge-dans-le-grand-tunis-photos\/\"]}]},{\"@type\":\"ImageObject\",\"inLanguage\":\"fr-FR\",\"@id\":\"https:\/\/kapitalis.com\/tunisie\/2019\/06\/03\/plus-de-7-000-palmiers-infestes-par-le-charancon-rouge-dans-le-grand-tunis-photos\/#primaryimage\",\"url\":\"\",\"contentUrl\":\"\"},{\"@type\":\"BreadcrumbList\",\"@id\":\"https:\/\/kapitalis.com\/tunisie\/2019\/06\/03\/plus-de-7-000-palmiers-infestes-par-le-charancon-rouge-dans-le-grand-tunis-photos\/#breadcrumb\",\"itemListElement\":[{\"@type\":\"ListItem\",\"position\":1,\"name\":\"Accueil\",\"item\":\"https:\/\/kapitalis.com\/tunisie\/\"},{\"@type\":\"ListItem\",\"position\":2,\"name\":\"Plus de 7.000 palmiers infest\u00e9s par le charan\u00e7on rouge dans le Grand-Tunis (photos)\"}]},{\"@type\":\"WebSite\",\"@id\":\"https:\/\/kapitalis.com\/tunisie\/#website\",\"url\":\"https:\/\/kapitalis.com\/tunisie\/\",\"name\":\"Kapitalis\",\"description\":\"L&#039;actualit\u00e9 en Tunisie et dans le monde\",\"publisher\":{\"@id\":\"https:\/\/kapitalis.com\/tunisie\/#organization\"},\"potentialAction\":[{\"@type\":\"SearchAction\",\"target\":{\"@type\":\"EntryPoint\",\"urlTemplate\":\"https:\/\/kapitalis.com\/tunisie\/?s={search_term_string}\"},\"query-input\":{\"@type\":\"PropertyValueSpecification\",\"valueRequired\":true,\"valueName\":\"search_term_string\"}}],\"inLanguage\":\"fr-FR\"},{\"@type\":\"Organization\",\"@id\":\"https:\/\/kapitalis.com\/tunisie\/#organization\",\"name\":\"Kapitalis\",\"url\":\"https:\/\/kapitalis.com\/tunisie\/\",\"logo\":{\"@type\":\"ImageObject\",\"inLanguage\":\"fr-FR\",\"@id\":\"https:\/\/kapitalis.com\/tunisie\/#\/schema\/logo\/image\/\",\"url\":\"https:\/\/kapitalis.com\/tunisie\/wp-content\/uploads\/2022\/05\/Kapitalis-big-size.png\",\"contentUrl\":\"https:\/\/kapitalis.com\/tunisie\/wp-content\/uploads\/2022\/05\/Kapitalis-big-size.png\",\"width\":5000,\"height\":1500,\"caption\":\"Kapitalis\"},\"image\":{\"@id\":\"https:\/\/kapitalis.com\/tunisie\/#\/schema\/logo\/image\/\"},\"sameAs\":[\"https:\/\/www.facebook.com\/KapitalisInfo\/\",\"https:\/\/x.com\/KapitalisInfo\",\"https:\/\/www.youtube.com\/channel\/UC-yDYrHyfFBWWZaOw3FPg9Q\"]},{\"@type\":\"Person\",\"@id\":\"https:\/\/kapitalis.com\/tunisie\/#\/schema\/person\/74bbde0154d49d790a92aaeac5bc01d5\",\"name\":\"Yusra NY\",\"url\":\"https:\/\/kapitalis.com\/tunisie\/author\/yuza_adam\/\"}]}<\/script>\n<!-- \/ Yoast SEO plugin. -->","yoast_head_json":{"title":"Plus de 7.000 palmiers infest\u00e9s par le charan\u00e7on rouge dans le Grand-Tunis (photos) - Kapitalis","robots":{"index":"index","follow":"follow","max-snippet":"max-snippet:-1","max-image-preview":"max-image-preview:large","max-video-preview":"max-video-preview:-1"},"canonical":"https:\/\/kapitalis.com\/tunisie\/2019\/06\/03\/plus-de-7-000-palmiers-infestes-par-le-charancon-rouge-dans-le-grand-tunis-photos\/","og_locale":"fr_FR","og_type":"article","og_title":"Plus de 7.000 palmiers infest\u00e9s par le charan\u00e7on rouge dans le Grand-Tunis (photos) - Kapitalis","og_description":"Plus de 7000 palmiers sont d\u00e9j\u00e0 infest\u00e9s par le charan\u00e7on rouge dans le Grand Tunis et les zones limitrophes, soit 20% du patrimoine phoenicicole. La Coalition citoyenne contre le charan\u00e7on (4C) appelle \u00e0 la vigilance et \u00e0 lutter contre cet insecte r\u00e9calcitrant.","og_url":"https:\/\/kapitalis.com\/tunisie\/2019\/06\/03\/plus-de-7-000-palmiers-infestes-par-le-charancon-rouge-dans-le-grand-tunis-photos\/","og_site_name":"Kapitalis","article_publisher":"https:\/\/www.facebook.com\/KapitalisInfo\/","article_published_time":"2019-06-03T12:14:03+00:00","article_modified_time":"2019-06-03T12:47:09+00:00","og_image":[{"width":1200,"height":630,"url":"https:\/\/kapitalis.com\/tunisie\/wp-content\/uploads\/2022\/05\/kapitalis-logo-fb.png","type":"image\/png"}],"author":"Yusra NY","twitter_card":"summary_large_image","twitter_creator":"@KapitalisInfo","twitter_site":"@KapitalisInfo","twitter_misc":{"\u00c9crit par":"Yusra NY","Dur\u00e9e de lecture estim\u00e9e":"1 minute"},"schema":{"@context":"https:\/\/schema.org","@graph":[{"@type":"Article","@id":"https:\/\/kapitalis.com\/tunisie\/2019\/06\/03\/plus-de-7-000-palmiers-infestes-par-le-charancon-rouge-dans-le-grand-tunis-photos\/#article","isPartOf":{"@id":"https:\/\/kapitalis.com\/tunisie\/2019\/06\/03\/plus-de-7-000-palmiers-infestes-par-le-charancon-rouge-dans-le-grand-tunis-photos\/"},"author":{"name":"Yusra NY","@id":"https:\/\/kapitalis.com\/tunisie\/#\/schema\/person\/74bbde0154d49d790a92aaeac5bc01d5"},"headline":"Plus de 7.000 palmiers infest\u00e9s par le charan\u00e7on rouge dans le Grand-Tunis (photos)","datePublished":"2019-06-03T12:14:03+00:00","dateModified":"2019-06-03T12:47:09+00:00","mainEntityOfPage":{"@id":"https:\/\/kapitalis.com\/tunisie\/2019\/06\/03\/plus-de-7-000-palmiers-infestes-par-le-charancon-rouge-dans-le-grand-tunis-photos\/"},"wordCount":300,"commentCount":4,"publisher":{"@id":"https:\/\/kapitalis.com\/tunisie\/#organization"},"image":{"@id":"https:\/\/kapitalis.com\/tunisie\/2019\/06\/03\/plus-de-7-000-palmiers-infestes-par-le-charancon-rouge-dans-le-grand-tunis-photos\/#primaryimage"},"thumbnailUrl":"","keywords":["Belv\u00e9d\u00e8re","environnement","palmiers"],"articleSection":["SOCIETE","Tunisie"],"inLanguage":"fr-FR","potentialAction":[{"@type":"CommentAction","name":"Comment","target":["https:\/\/kapitalis.com\/tunisie\/2019\/06\/03\/plus-de-7-000-palmiers-infestes-par-le-charancon-rouge-dans-le-grand-tunis-photos\/#respond"]}]},{"@type":"WebPage","@id":"https:\/\/kapitalis.com\/tunisie\/2019\/06\/03\/plus-de-7-000-palmiers-infestes-par-le-charancon-rouge-dans-le-grand-tunis-photos\/","url":"https:\/\/kapitalis.com\/tunisie\/2019\/06\/03\/plus-de-7-000-palmiers-infestes-par-le-charancon-rouge-dans-le-grand-tunis-photos\/","name":"Plus de 7.000 palmiers infest\u00e9s par le charan\u00e7on rouge dans le Grand-Tunis (photos) - Kapitalis","isPartOf":{"@id":"https:\/\/kapitalis.com\/tunisie\/#website"},"primaryImageOfPage":{"@id":"https:\/\/kapitalis.com\/tunisie\/2019\/06\/03\/plus-de-7-000-palmiers-infestes-par-le-charancon-rouge-dans-le-grand-tunis-photos\/#primaryimage"},"image":{"@id":"https:\/\/kapitalis.com\/tunisie\/2019\/06\/03\/plus-de-7-000-palmiers-infestes-par-le-charancon-rouge-dans-le-grand-tunis-photos\/#primaryimage"},"thumbnailUrl":"","datePublished":"2019-06-03T12:14:03+00:00","dateModified":"2019-06-03T12:47:09+00:00","breadcrumb":{"@id":"https:\/\/kapitalis.com\/tunisie\/2019\/06\/03\/plus-de-7-000-palmiers-infestes-par-le-charancon-rouge-dans-le-grand-tunis-photos\/#breadcrumb"},"inLanguage":"fr-FR","potentialAction":[{"@type":"ReadAction","target":["https:\/\/kapitalis.com\/tunisie\/2019\/06\/03\/plus-de-7-000-palmiers-infestes-par-le-charancon-rouge-dans-le-grand-tunis-photos\/"]}]},{"@type":"ImageObject","inLanguage":"fr-FR","@id":"https:\/\/kapitalis.com\/tunisie\/2019\/06\/03\/plus-de-7-000-palmiers-infestes-par-le-charancon-rouge-dans-le-grand-tunis-photos\/#primaryimage","url":"","contentUrl":""},{"@type":"BreadcrumbList","@id":"https:\/\/kapitalis.com\/tunisie\/2019\/06\/03\/plus-de-7-000-palmiers-infestes-par-le-charancon-rouge-dans-le-grand-tunis-photos\/#breadcrumb","itemListElement":[{"@type":"ListItem","position":1,"name":"Accueil","item":"https:\/\/kapitalis.com\/tunisie\/"},{"@type":"ListItem","position":2,"name":"Plus de 7.000 palmiers infest\u00e9s par le charan\u00e7on rouge dans le Grand-Tunis (photos)"}]},{"@type":"WebSite","@id":"https:\/\/kapitalis.com\/tunisie\/#website","url":"https:\/\/kapitalis.com\/tunisie\/","name":"Kapitalis","description":"L&#039;actualit\u00e9 en Tunisie et dans le monde","publisher":{"@id":"https:\/\/kapitalis.com\/tunisie\/#organization"},"potentialAction":[{"@type":"SearchAction","target":{"@type":"EntryPoint","urlTemplate":"https:\/\/kapitalis.com\/tunisie\/?s={search_term_string}"},"query-input":{"@type":"PropertyValueSpecification","valueRequired":true,"valueName":"search_term_string"}}],"inLanguage":"fr-FR"},{"@type":"Organization","@id":"https:\/\/kapitalis.com\/tunisie\/#organization","name":"Kapitalis","url":"https:\/\/kapitalis.com\/tunisie\/","logo":{"@type":"ImageObject","inLanguage":"fr-FR","@id":"https:\/\/kapitalis.com\/tunisie\/#\/schema\/logo\/image\/","url":"https:\/\/kapitalis.com\/tunisie\/wp-content\/uploads\/2022\/05\/Kapitalis-big-size.png","contentUrl":"https:\/\/kapitalis.com\/tunisie\/wp-content\/uploads\/2022\/05\/Kapitalis-big-size.png","width":5000,"height":1500,"caption":"Kapitalis"},"image":{"@id":"https:\/\/kapitalis.com\/tunisie\/#\/schema\/logo\/image\/"},"sameAs":["https:\/\/www.facebook.com\/KapitalisInfo\/","https:\/\/x.com\/KapitalisInfo","https:\/\/www.youtube.com\/channel\/UC-yDYrHyfFBWWZaOw3FPg9Q"]},{"@type":"Person","@id":"https:\/\/kapitalis.com\/tunisie\/#\/schema\/person\/74bbde0154d49d790a92aaeac5bc01d5","name":"Yusra NY","url":"https:\/\/kapitalis.com\/tunisie\/author\/yuza_adam\/"}]}},"_links":{"self":[{"href":"https:\/\/kapitalis.com\/tunisie\/wp-json\/wp\/v2\/posts\/216097","targetHints":{"allow":["GET"]}}],"collection":[{"href":"https:\/\/kapitalis.com\/tunisie\/wp-json\/wp\/v2\/posts"}],"about":[{"href":"https:\/\/kapitalis.com\/tunisie\/wp-json\/wp\/v2\/types\/post"}],"author":[{"embeddable":true,"href":"https:\/\/kapitalis.com\/tunisie\/wp-json\/wp\/v2\/users\/6"}],"replies":[{"embeddable":true,"href":"https:\/\/kapitalis.com\/tunisie\/wp-json\/wp\/v2\/comments?post=216097"}],"version-history":[{"count":0,"href":"https:\/\/kapitalis.com\/tunisie\/wp-json\/wp\/v2\/posts\/216097\/revisions"}],"wp:featuredmedia":[{"embeddable":true,"href":"https:\/\/kapitalis.com\/tunisie\/wp-json\/wp\/v2\/media\/216111"}],"wp:attachment":[{"href":"https:\/\/kapitalis.com\/tunisie\/wp-json\/wp\/v2\/media?parent=216097"}],"wp:term":[{"taxonomy":"category","embeddable":true,"href":"https:\/\/kapitalis.com\/tunisie\/wp-json\/wp\/v2\/categories?post=216097"},{"taxonomy":"post_tag","embeddable":true,"href":"https:\/\/kapitalis.com\/tunisie\/wp-json\/wp\/v2\/tags?post=216097"}],"curies":[{"name":"wp","href":"https:\/\/api.w.org\/{rel}","templated":true}]}}