{"id":216269,"date":"2019-06-04T11:01:53","date_gmt":"2019-06-04T10:01:53","guid":{"rendered":"http:\/\/kapitalis.com\/tunisie\/?p=216269"},"modified":"2019-06-04T11:03:26","modified_gmt":"2019-06-04T10:03:26","slug":"la-tunisie-8e-fournisseur-du-pret-a-porter-feminin-en-france","status":"publish","type":"post","link":"https:\/\/kapitalis.com\/tunisie\/2019\/06\/04\/la-tunisie-8e-fournisseur-du-pret-a-porter-feminin-en-france\/","title":{"rendered":"La Tunisie 8e fournisseur du pr\u00eat-\u00e0-porter f\u00e9minin en France"},"content":{"rendered":"\n<figure class=\"wp-block-image\"><img decoding=\"async\" src=\"http:\/\/kapitalis.com\/tunisie\/wp-content\/uploads\/2019\/06\/pr\u00eat-\u00e0-porter-f\u00e9minin.jpg\" alt=\"\" class=\"wp-image-216277\"\/><\/figure>\n\n\n\n<p><strong><em>Dans son bilan 2018, la F\u00e9d\u00e9ration fran\u00e7aise du pr\u00eat-\u00e0-porter f\u00e9minin se penche sur les importations des marques et les \u00e9quilibres de sourcing, et constate, c\u00f4t\u00e9 fournisseur, la pouss\u00e9e du Maghreb, dont la Tunisie, class\u00e9 parmi les 20 premiers du secteur.<\/em><\/strong><\/p>\n\n\n\n<p>Par <strong>Amina Mkada<\/strong><\/p>\n\n\n\n<!--more-->\n\n\n\n<p>Au cours des 12 mois de 2018, le pr\u00eat-\u00e0-porter f\u00e9minin fran\u00e7ais a vu le volume de ses importations progresser \u00e0 nouveau en valeur, de 3,3%, avec pour principal point d&rsquo;ancrage l&rsquo;Asie, pesant pour 57% du total (contre 57,4% l&rsquo;ann\u00e9e pr\u00e9c\u00e9dente). Mais au sein m\u00eame du continent asiatique, les forces se r\u00e9\u00e9quilibrent, avec la mont\u00e9e en puissance du sous-continent indien. <\/p>\n\n\n\n<p>En ce qui concerne le sourcing de proximit\u00e9 des marques de mode f\u00e9minine fran\u00e7aises, le Maghreb a fait une belle ann\u00e9e 2018. <\/p>\n\n\n\n<p>Les importations sur les 12 mois de 2018, en provenance de Tunisie, qui figure parmi les 20 premiers fournisseurs de pr\u00eat-\u00e0-porter f\u00e9minin en France, classent notre pays au 8e rang, tout comme celles du Maroc, 4e du top 20, en hausse de 7,5 %. <\/p>\n\n\n\n<p> En 2017, la Tunisie a export\u00e9 du pr\u00eat-\u00e0-porter f\u00e9minin vers la France pour 203,6 millions d&rsquo;euros, un chiffre qui a augment\u00e9 \u00e0 220,4 millions d&rsquo;euros en 2018. Ce qui lui conf\u00e8re une part de 3,9% des importations totales de la France, dans ce segment de l&rsquo;habillement.<\/p>\n\n\n\n<p><em>Source: <\/em><a rel=\"noreferrer noopener\" aria-label=\"Fashion Network (s\u2019ouvre dans un nouvel onglet)\" href=\"https:\/\/fr.fashionnetwork.com\/news\/Le-pret-a-porter-feminin-francais-a-fait-evoluer-son-sourcing-en-2018,1064991.html#.XPYpSRYzbIU\" target=\"_blank\"><em>Fashion Network.<\/em><\/a><\/p>\n\n\n\n<p><strong><em> <\/em><\/strong><\/p>\n","protected":false},"excerpt":{"rendered":"<p>Dans son bilan 2018, la F\u00e9d\u00e9ration fran\u00e7aise du pr\u00eat-\u00e0-porter f\u00e9minin se penche sur les importations des marques et les \u00e9quilibres de sourcing, et constate, c\u00f4t\u00e9 fournisseur, la pouss\u00e9e du Maghreb, dont la Tunisie, class\u00e9 parmi les 20 premiers du secteur. Par Amina Mkada<\/p>\n","protected":false},"author":22,"featured_media":216277,"comment_status":"open","ping_status":"open","sticky":false,"template":"","format":"standard","meta":{"footnotes":""},"categories":[992,995,2433],"tags":[58023,577],"class_list":["post-216269","post","type-post","status-publish","format-standard","has-post-thumbnail","hentry","category-a-la-une","category-economie","category-tunisie","tag-annee-2018","tag-maroc"],"yoast_head":"<!-- This site is optimized with the Yoast SEO plugin v26.6 - https:\/\/yoast.com\/wordpress\/plugins\/seo\/ -->\n<title>La Tunisie 8e fournisseur du pr\u00eat-\u00e0-porter f\u00e9minin en France - Kapitalis<\/title>\n<meta name=\"robots\" content=\"index, follow, max-snippet:-1, max-image-preview:large, max-video-preview:-1\" \/>\n<link rel=\"canonical\" href=\"https:\/\/kapitalis.com\/tunisie\/2019\/06\/04\/la-tunisie-8e-fournisseur-du-pret-a-porter-feminin-en-france\/\" \/>\n<meta property=\"og:locale\" content=\"fr_FR\" \/>\n<meta property=\"og:type\" content=\"article\" \/>\n<meta property=\"og:title\" content=\"La Tunisie 8e fournisseur du pr\u00eat-\u00e0-porter f\u00e9minin en France - Kapitalis\" \/>\n<meta property=\"og:description\" content=\"Dans son bilan 2018, la F\u00e9d\u00e9ration fran\u00e7aise du pr\u00eat-\u00e0-porter f\u00e9minin se penche sur les importations des marques et les \u00e9quilibres de sourcing, et constate, c\u00f4t\u00e9 fournisseur, la pouss\u00e9e du Maghreb, dont la Tunisie, class\u00e9 parmi les 20 premiers du secteur. Par Amina Mkada\" \/>\n<meta property=\"og:url\" content=\"https:\/\/kapitalis.com\/tunisie\/2019\/06\/04\/la-tunisie-8e-fournisseur-du-pret-a-porter-feminin-en-france\/\" \/>\n<meta property=\"og:site_name\" content=\"Kapitalis\" \/>\n<meta property=\"article:publisher\" content=\"https:\/\/www.facebook.com\/KapitalisInfo\/\" \/>\n<meta property=\"article:published_time\" content=\"2019-06-04T10:01:53+00:00\" \/>\n<meta property=\"article:modified_time\" content=\"2019-06-04T10:03:26+00:00\" \/>\n<meta property=\"og:image\" content=\"https:\/\/kapitalis.com\/tunisie\/wp-content\/uploads\/2022\/05\/kapitalis-logo-fb.png\" \/>\n\t<meta property=\"og:image:width\" content=\"1200\" \/>\n\t<meta property=\"og:image:height\" content=\"630\" \/>\n\t<meta property=\"og:image:type\" content=\"image\/png\" \/>\n<meta name=\"author\" content=\"Amina Mkada\" \/>\n<meta name=\"twitter:card\" content=\"summary_large_image\" \/>\n<meta name=\"twitter:creator\" content=\"@KapitalisInfo\" \/>\n<meta name=\"twitter:site\" content=\"@KapitalisInfo\" \/>\n<meta name=\"twitter:label1\" content=\"\u00c9crit par\" \/>\n\t<meta name=\"twitter:data1\" content=\"Amina Mkada\" \/>\n\t<meta name=\"twitter:label2\" content=\"Dur\u00e9e de lecture estim\u00e9e\" \/>\n\t<meta name=\"twitter:data2\" content=\"1 minute\" \/>\n<script type=\"application\/ld+json\" class=\"yoast-schema-graph\">{\"@context\":\"https:\/\/schema.org\",\"@graph\":[{\"@type\":\"Article\",\"@id\":\"https:\/\/kapitalis.com\/tunisie\/2019\/06\/04\/la-tunisie-8e-fournisseur-du-pret-a-porter-feminin-en-france\/#article\",\"isPartOf\":{\"@id\":\"https:\/\/kapitalis.com\/tunisie\/2019\/06\/04\/la-tunisie-8e-fournisseur-du-pret-a-porter-feminin-en-france\/\"},\"author\":{\"name\":\"Amina Mkada\",\"@id\":\"https:\/\/kapitalis.com\/tunisie\/#\/schema\/person\/093913313d3017554cb3ad077fff3fbd\"},\"headline\":\"La Tunisie 8e fournisseur du pr\u00eat-\u00e0-porter f\u00e9minin en France\",\"datePublished\":\"2019-06-04T10:01:53+00:00\",\"dateModified\":\"2019-06-04T10:03:26+00:00\",\"mainEntityOfPage\":{\"@id\":\"https:\/\/kapitalis.com\/tunisie\/2019\/06\/04\/la-tunisie-8e-fournisseur-du-pret-a-porter-feminin-en-france\/\"},\"wordCount\":236,\"commentCount\":4,\"publisher\":{\"@id\":\"https:\/\/kapitalis.com\/tunisie\/#organization\"},\"image\":{\"@id\":\"https:\/\/kapitalis.com\/tunisie\/2019\/06\/04\/la-tunisie-8e-fournisseur-du-pret-a-porter-feminin-en-france\/#primaryimage\"},\"thumbnailUrl\":\"\",\"keywords\":[\"ann\u00e9e 2018\",\"Maroc\"],\"articleSection\":[\"A LA UNE\",\"ECONOMIE\",\"Tunisie\"],\"inLanguage\":\"fr-FR\",\"potentialAction\":[{\"@type\":\"CommentAction\",\"name\":\"Comment\",\"target\":[\"https:\/\/kapitalis.com\/tunisie\/2019\/06\/04\/la-tunisie-8e-fournisseur-du-pret-a-porter-feminin-en-france\/#respond\"]}]},{\"@type\":\"WebPage\",\"@id\":\"https:\/\/kapitalis.com\/tunisie\/2019\/06\/04\/la-tunisie-8e-fournisseur-du-pret-a-porter-feminin-en-france\/\",\"url\":\"https:\/\/kapitalis.com\/tunisie\/2019\/06\/04\/la-tunisie-8e-fournisseur-du-pret-a-porter-feminin-en-france\/\",\"name\":\"La Tunisie 8e fournisseur du pr\u00eat-\u00e0-porter f\u00e9minin en France - Kapitalis\",\"isPartOf\":{\"@id\":\"https:\/\/kapitalis.com\/tunisie\/#website\"},\"primaryImageOfPage\":{\"@id\":\"https:\/\/kapitalis.com\/tunisie\/2019\/06\/04\/la-tunisie-8e-fournisseur-du-pret-a-porter-feminin-en-france\/#primaryimage\"},\"image\":{\"@id\":\"https:\/\/kapitalis.com\/tunisie\/2019\/06\/04\/la-tunisie-8e-fournisseur-du-pret-a-porter-feminin-en-france\/#primaryimage\"},\"thumbnailUrl\":\"\",\"datePublished\":\"2019-06-04T10:01:53+00:00\",\"dateModified\":\"2019-06-04T10:03:26+00:00\",\"breadcrumb\":{\"@id\":\"https:\/\/kapitalis.com\/tunisie\/2019\/06\/04\/la-tunisie-8e-fournisseur-du-pret-a-porter-feminin-en-france\/#breadcrumb\"},\"inLanguage\":\"fr-FR\",\"potentialAction\":[{\"@type\":\"ReadAction\",\"target\":[\"https:\/\/kapitalis.com\/tunisie\/2019\/06\/04\/la-tunisie-8e-fournisseur-du-pret-a-porter-feminin-en-france\/\"]}]},{\"@type\":\"ImageObject\",\"inLanguage\":\"fr-FR\",\"@id\":\"https:\/\/kapitalis.com\/tunisie\/2019\/06\/04\/la-tunisie-8e-fournisseur-du-pret-a-porter-feminin-en-france\/#primaryimage\",\"url\":\"\",\"contentUrl\":\"\"},{\"@type\":\"BreadcrumbList\",\"@id\":\"https:\/\/kapitalis.com\/tunisie\/2019\/06\/04\/la-tunisie-8e-fournisseur-du-pret-a-porter-feminin-en-france\/#breadcrumb\",\"itemListElement\":[{\"@type\":\"ListItem\",\"position\":1,\"name\":\"Accueil\",\"item\":\"https:\/\/kapitalis.com\/tunisie\/\"},{\"@type\":\"ListItem\",\"position\":2,\"name\":\"La Tunisie 8e fournisseur du pr\u00eat-\u00e0-porter f\u00e9minin en France\"}]},{\"@type\":\"WebSite\",\"@id\":\"https:\/\/kapitalis.com\/tunisie\/#website\",\"url\":\"https:\/\/kapitalis.com\/tunisie\/\",\"name\":\"Kapitalis\",\"description\":\"L&#039;actualit\u00e9 en Tunisie et dans le monde\",\"publisher\":{\"@id\":\"https:\/\/kapitalis.com\/tunisie\/#organization\"},\"potentialAction\":[{\"@type\":\"SearchAction\",\"target\":{\"@type\":\"EntryPoint\",\"urlTemplate\":\"https:\/\/kapitalis.com\/tunisie\/?s={search_term_string}\"},\"query-input\":{\"@type\":\"PropertyValueSpecification\",\"valueRequired\":true,\"valueName\":\"search_term_string\"}}],\"inLanguage\":\"fr-FR\"},{\"@type\":\"Organization\",\"@id\":\"https:\/\/kapitalis.com\/tunisie\/#organization\",\"name\":\"Kapitalis\",\"url\":\"https:\/\/kapitalis.com\/tunisie\/\",\"logo\":{\"@type\":\"ImageObject\",\"inLanguage\":\"fr-FR\",\"@id\":\"https:\/\/kapitalis.com\/tunisie\/#\/schema\/logo\/image\/\",\"url\":\"https:\/\/kapitalis.com\/tunisie\/wp-content\/uploads\/2022\/05\/Kapitalis-big-size.png\",\"contentUrl\":\"https:\/\/kapitalis.com\/tunisie\/wp-content\/uploads\/2022\/05\/Kapitalis-big-size.png\",\"width\":5000,\"height\":1500,\"caption\":\"Kapitalis\"},\"image\":{\"@id\":\"https:\/\/kapitalis.com\/tunisie\/#\/schema\/logo\/image\/\"},\"sameAs\":[\"https:\/\/www.facebook.com\/KapitalisInfo\/\",\"https:\/\/x.com\/KapitalisInfo\",\"https:\/\/www.youtube.com\/channel\/UC-yDYrHyfFBWWZaOw3FPg9Q\"]},{\"@type\":\"Person\",\"@id\":\"https:\/\/kapitalis.com\/tunisie\/#\/schema\/person\/093913313d3017554cb3ad077fff3fbd\",\"name\":\"Amina Mkada\",\"url\":\"https:\/\/kapitalis.com\/tunisie\/author\/amina\/\"}]}<\/script>\n<!-- \/ Yoast SEO plugin. -->","yoast_head_json":{"title":"La Tunisie 8e fournisseur du pr\u00eat-\u00e0-porter f\u00e9minin en France - Kapitalis","robots":{"index":"index","follow":"follow","max-snippet":"max-snippet:-1","max-image-preview":"max-image-preview:large","max-video-preview":"max-video-preview:-1"},"canonical":"https:\/\/kapitalis.com\/tunisie\/2019\/06\/04\/la-tunisie-8e-fournisseur-du-pret-a-porter-feminin-en-france\/","og_locale":"fr_FR","og_type":"article","og_title":"La Tunisie 8e fournisseur du pr\u00eat-\u00e0-porter f\u00e9minin en France - Kapitalis","og_description":"Dans son bilan 2018, la F\u00e9d\u00e9ration fran\u00e7aise du pr\u00eat-\u00e0-porter f\u00e9minin se penche sur les importations des marques et les \u00e9quilibres de sourcing, et constate, c\u00f4t\u00e9 fournisseur, la pouss\u00e9e du Maghreb, dont la Tunisie, class\u00e9 parmi les 20 premiers du secteur. Par Amina Mkada","og_url":"https:\/\/kapitalis.com\/tunisie\/2019\/06\/04\/la-tunisie-8e-fournisseur-du-pret-a-porter-feminin-en-france\/","og_site_name":"Kapitalis","article_publisher":"https:\/\/www.facebook.com\/KapitalisInfo\/","article_published_time":"2019-06-04T10:01:53+00:00","article_modified_time":"2019-06-04T10:03:26+00:00","og_image":[{"width":1200,"height":630,"url":"https:\/\/kapitalis.com\/tunisie\/wp-content\/uploads\/2022\/05\/kapitalis-logo-fb.png","type":"image\/png"}],"author":"Amina Mkada","twitter_card":"summary_large_image","twitter_creator":"@KapitalisInfo","twitter_site":"@KapitalisInfo","twitter_misc":{"\u00c9crit par":"Amina Mkada","Dur\u00e9e de lecture estim\u00e9e":"1 minute"},"schema":{"@context":"https:\/\/schema.org","@graph":[{"@type":"Article","@id":"https:\/\/kapitalis.com\/tunisie\/2019\/06\/04\/la-tunisie-8e-fournisseur-du-pret-a-porter-feminin-en-france\/#article","isPartOf":{"@id":"https:\/\/kapitalis.com\/tunisie\/2019\/06\/04\/la-tunisie-8e-fournisseur-du-pret-a-porter-feminin-en-france\/"},"author":{"name":"Amina Mkada","@id":"https:\/\/kapitalis.com\/tunisie\/#\/schema\/person\/093913313d3017554cb3ad077fff3fbd"},"headline":"La Tunisie 8e fournisseur du pr\u00eat-\u00e0-porter f\u00e9minin en France","datePublished":"2019-06-04T10:01:53+00:00","dateModified":"2019-06-04T10:03:26+00:00","mainEntityOfPage":{"@id":"https:\/\/kapitalis.com\/tunisie\/2019\/06\/04\/la-tunisie-8e-fournisseur-du-pret-a-porter-feminin-en-france\/"},"wordCount":236,"commentCount":4,"publisher":{"@id":"https:\/\/kapitalis.com\/tunisie\/#organization"},"image":{"@id":"https:\/\/kapitalis.com\/tunisie\/2019\/06\/04\/la-tunisie-8e-fournisseur-du-pret-a-porter-feminin-en-france\/#primaryimage"},"thumbnailUrl":"","keywords":["ann\u00e9e 2018","Maroc"],"articleSection":["A LA UNE","ECONOMIE","Tunisie"],"inLanguage":"fr-FR","potentialAction":[{"@type":"CommentAction","name":"Comment","target":["https:\/\/kapitalis.com\/tunisie\/2019\/06\/04\/la-tunisie-8e-fournisseur-du-pret-a-porter-feminin-en-france\/#respond"]}]},{"@type":"WebPage","@id":"https:\/\/kapitalis.com\/tunisie\/2019\/06\/04\/la-tunisie-8e-fournisseur-du-pret-a-porter-feminin-en-france\/","url":"https:\/\/kapitalis.com\/tunisie\/2019\/06\/04\/la-tunisie-8e-fournisseur-du-pret-a-porter-feminin-en-france\/","name":"La Tunisie 8e fournisseur du pr\u00eat-\u00e0-porter f\u00e9minin en France - Kapitalis","isPartOf":{"@id":"https:\/\/kapitalis.com\/tunisie\/#website"},"primaryImageOfPage":{"@id":"https:\/\/kapitalis.com\/tunisie\/2019\/06\/04\/la-tunisie-8e-fournisseur-du-pret-a-porter-feminin-en-france\/#primaryimage"},"image":{"@id":"https:\/\/kapitalis.com\/tunisie\/2019\/06\/04\/la-tunisie-8e-fournisseur-du-pret-a-porter-feminin-en-france\/#primaryimage"},"thumbnailUrl":"","datePublished":"2019-06-04T10:01:53+00:00","dateModified":"2019-06-04T10:03:26+00:00","breadcrumb":{"@id":"https:\/\/kapitalis.com\/tunisie\/2019\/06\/04\/la-tunisie-8e-fournisseur-du-pret-a-porter-feminin-en-france\/#breadcrumb"},"inLanguage":"fr-FR","potentialAction":[{"@type":"ReadAction","target":["https:\/\/kapitalis.com\/tunisie\/2019\/06\/04\/la-tunisie-8e-fournisseur-du-pret-a-porter-feminin-en-france\/"]}]},{"@type":"ImageObject","inLanguage":"fr-FR","@id":"https:\/\/kapitalis.com\/tunisie\/2019\/06\/04\/la-tunisie-8e-fournisseur-du-pret-a-porter-feminin-en-france\/#primaryimage","url":"","contentUrl":""},{"@type":"BreadcrumbList","@id":"https:\/\/kapitalis.com\/tunisie\/2019\/06\/04\/la-tunisie-8e-fournisseur-du-pret-a-porter-feminin-en-france\/#breadcrumb","itemListElement":[{"@type":"ListItem","position":1,"name":"Accueil","item":"https:\/\/kapitalis.com\/tunisie\/"},{"@type":"ListItem","position":2,"name":"La Tunisie 8e fournisseur du pr\u00eat-\u00e0-porter f\u00e9minin en France"}]},{"@type":"WebSite","@id":"https:\/\/kapitalis.com\/tunisie\/#website","url":"https:\/\/kapitalis.com\/tunisie\/","name":"Kapitalis","description":"L&#039;actualit\u00e9 en Tunisie et dans le monde","publisher":{"@id":"https:\/\/kapitalis.com\/tunisie\/#organization"},"potentialAction":[{"@type":"SearchAction","target":{"@type":"EntryPoint","urlTemplate":"https:\/\/kapitalis.com\/tunisie\/?s={search_term_string}"},"query-input":{"@type":"PropertyValueSpecification","valueRequired":true,"valueName":"search_term_string"}}],"inLanguage":"fr-FR"},{"@type":"Organization","@id":"https:\/\/kapitalis.com\/tunisie\/#organization","name":"Kapitalis","url":"https:\/\/kapitalis.com\/tunisie\/","logo":{"@type":"ImageObject","inLanguage":"fr-FR","@id":"https:\/\/kapitalis.com\/tunisie\/#\/schema\/logo\/image\/","url":"https:\/\/kapitalis.com\/tunisie\/wp-content\/uploads\/2022\/05\/Kapitalis-big-size.png","contentUrl":"https:\/\/kapitalis.com\/tunisie\/wp-content\/uploads\/2022\/05\/Kapitalis-big-size.png","width":5000,"height":1500,"caption":"Kapitalis"},"image":{"@id":"https:\/\/kapitalis.com\/tunisie\/#\/schema\/logo\/image\/"},"sameAs":["https:\/\/www.facebook.com\/KapitalisInfo\/","https:\/\/x.com\/KapitalisInfo","https:\/\/www.youtube.com\/channel\/UC-yDYrHyfFBWWZaOw3FPg9Q"]},{"@type":"Person","@id":"https:\/\/kapitalis.com\/tunisie\/#\/schema\/person\/093913313d3017554cb3ad077fff3fbd","name":"Amina Mkada","url":"https:\/\/kapitalis.com\/tunisie\/author\/amina\/"}]}},"_links":{"self":[{"href":"https:\/\/kapitalis.com\/tunisie\/wp-json\/wp\/v2\/posts\/216269","targetHints":{"allow":["GET"]}}],"collection":[{"href":"https:\/\/kapitalis.com\/tunisie\/wp-json\/wp\/v2\/posts"}],"about":[{"href":"https:\/\/kapitalis.com\/tunisie\/wp-json\/wp\/v2\/types\/post"}],"author":[{"embeddable":true,"href":"https:\/\/kapitalis.com\/tunisie\/wp-json\/wp\/v2\/users\/22"}],"replies":[{"embeddable":true,"href":"https:\/\/kapitalis.com\/tunisie\/wp-json\/wp\/v2\/comments?post=216269"}],"version-history":[{"count":0,"href":"https:\/\/kapitalis.com\/tunisie\/wp-json\/wp\/v2\/posts\/216269\/revisions"}],"wp:featuredmedia":[{"embeddable":true,"href":"https:\/\/kapitalis.com\/tunisie\/wp-json\/wp\/v2\/media\/216277"}],"wp:attachment":[{"href":"https:\/\/kapitalis.com\/tunisie\/wp-json\/wp\/v2\/media?parent=216269"}],"wp:term":[{"taxonomy":"category","embeddable":true,"href":"https:\/\/kapitalis.com\/tunisie\/wp-json\/wp\/v2\/categories?post=216269"},{"taxonomy":"post_tag","embeddable":true,"href":"https:\/\/kapitalis.com\/tunisie\/wp-json\/wp\/v2\/tags?post=216269"}],"curies":[{"name":"wp","href":"https:\/\/api.w.org\/{rel}","templated":true}]}}