{"id":2163061,"date":"2022-07-11T12:52:59","date_gmt":"2022-07-11T11:52:59","guid":{"rendered":"https:\/\/kapitalis.com\/tunisie\/?p=2163061"},"modified":"2022-07-11T12:53:00","modified_gmt":"2022-07-11T11:53:00","slug":"referendum-du-25-juillet-lupr-saisit-le-tribunal-administratif","status":"publish","type":"post","link":"https:\/\/kapitalis.com\/tunisie\/2022\/07\/11\/referendum-du-25-juillet-lupr-saisit-le-tribunal-administratif\/","title":{"rendered":"R\u00e9f\u00e9rendum du 25 juillet : L&rsquo;UPR saisit le Tribunal administratif"},"content":{"rendered":"\n<p><strong><em>L\u2019Union populaire r\u00e9publicaine (UPR) a d\u00e9cid\u00e9 de saisir le Tribunal administratif \u00e0 propos des changements apport\u00e9s, en fin de semaine derni\u00e8re, au projet de constitution publi\u00e9 dans le Jort une semaine plus t\u00f4t. Selon le parti de Lotfi Mra\u00efhi, la version amend\u00e9e constitue un nouveau projet, et le calendrier du r\u00e9f\u00e9rendum doit \u00eatre r\u00e9vis\u00e9 en cons\u00e9quence.<\/em><\/strong><\/p>\n\n\n\n<!--more-->\n\n\n\n<p>C&rsquo;est ce qu&rsquo;a fait savoir, ce lundi 11 juillet 2022, Talel Hafdhallah, membre du bureau politique du parti.<\/p>\n\n\n\n<p>le politicien a, par ailleurs, appel\u00e9 les Tunisiens \u00e0 voter \u00ab<em>Non<\/em>\u00bb au r\u00e9f\u00e9rendum portant sur le projet de constitution, qui, instaure, selon lui, une dictature et accorde des \u00ab<em>pouvoirs pharaoniques<\/em>\u00bb au pr\u00e9sident de la r\u00e9publique.<\/p>\n\n\n\n<p class=\"has-text-align-right\"><strong>C. B. Y.<\/strong><\/p>\n","protected":false},"excerpt":{"rendered":"<p>L\u2019Union populaire r\u00e9publicaine (UPR) a d\u00e9cid\u00e9 de saisir le Tribunal administratif \u00e0 propos des changements apport\u00e9s, en fin de semaine derni\u00e8re, au projet de constitution publi\u00e9 dans le Jort une semaine plus t\u00f4t. Selon le parti de Lotfi Mra\u00efhi, la version amend\u00e9e constitue un nouveau projet, et le calendrier du r\u00e9f\u00e9rendum doit \u00eatre r\u00e9vis\u00e9 en&#8230;<\/p>\n","protected":false},"author":24,"featured_media":2163851,"comment_status":"open","ping_status":"open","sticky":false,"template":"","format":"standard","meta":{"footnotes":""},"categories":[997,2433],"tags":[70520,76747,2889,101297,15699],"class_list":["post-2163061","post","type-post","status-publish","format-standard","has-post-thumbnail","hentry","category-politique","category-tunisie","tag-kais-saied-3","tag-lotfi-mraihi-2","tag-referendum","tag-talel-hafdhallah","tag-upr"],"yoast_head":"<!-- This site is optimized with the Yoast SEO plugin v26.6 - https:\/\/yoast.com\/wordpress\/plugins\/seo\/ -->\n<title>R\u00e9f\u00e9rendum du 25 juillet : L&#039;UPR saisit le Tribunal administratif - Kapitalis<\/title>\n<meta name=\"robots\" content=\"index, follow, max-snippet:-1, max-image-preview:large, max-video-preview:-1\" \/>\n<link rel=\"canonical\" href=\"https:\/\/kapitalis.com\/tunisie\/2022\/07\/11\/referendum-du-25-juillet-lupr-saisit-le-tribunal-administratif\/\" \/>\n<meta property=\"og:locale\" content=\"fr_FR\" \/>\n<meta property=\"og:type\" content=\"article\" \/>\n<meta property=\"og:title\" content=\"R\u00e9f\u00e9rendum du 25 juillet : L&#039;UPR saisit le Tribunal administratif - Kapitalis\" \/>\n<meta property=\"og:description\" content=\"L\u2019Union populaire r\u00e9publicaine (UPR) a d\u00e9cid\u00e9 de saisir le Tribunal administratif \u00e0 propos des changements apport\u00e9s, en fin de semaine derni\u00e8re, au projet de constitution publi\u00e9 dans le Jort une semaine plus t\u00f4t. Selon le parti de Lotfi Mra\u00efhi, la version amend\u00e9e constitue un nouveau projet, et le calendrier du r\u00e9f\u00e9rendum doit \u00eatre r\u00e9vis\u00e9 en...\" \/>\n<meta property=\"og:url\" content=\"https:\/\/kapitalis.com\/tunisie\/2022\/07\/11\/referendum-du-25-juillet-lupr-saisit-le-tribunal-administratif\/\" \/>\n<meta property=\"og:site_name\" content=\"Kapitalis\" \/>\n<meta property=\"article:publisher\" content=\"https:\/\/www.facebook.com\/KapitalisInfo\/\" \/>\n<meta property=\"article:published_time\" content=\"2022-07-11T11:52:59+00:00\" \/>\n<meta property=\"article:modified_time\" content=\"2022-07-11T11:53:00+00:00\" \/>\n<meta property=\"og:image\" content=\"https:\/\/kapitalis.com\/tunisie\/wp-content\/uploads\/2022\/07\/upr.jpg\" \/>\n\t<meta property=\"og:image:width\" content=\"1200\" \/>\n\t<meta property=\"og:image:height\" content=\"630\" \/>\n\t<meta property=\"og:image:type\" content=\"image\/jpeg\" \/>\n<meta name=\"author\" content=\"Cherif Benyounes\" \/>\n<meta name=\"twitter:card\" content=\"summary_large_image\" \/>\n<meta name=\"twitter:creator\" content=\"@KapitalisInfo\" \/>\n<meta name=\"twitter:site\" content=\"@KapitalisInfo\" \/>\n<meta name=\"twitter:label1\" content=\"\u00c9crit par\" \/>\n\t<meta name=\"twitter:data1\" content=\"Cherif Benyounes\" \/>\n\t<meta name=\"twitter:label2\" content=\"Dur\u00e9e de lecture estim\u00e9e\" \/>\n\t<meta name=\"twitter:data2\" content=\"1 minute\" \/>\n<script type=\"application\/ld+json\" class=\"yoast-schema-graph\">{\"@context\":\"https:\/\/schema.org\",\"@graph\":[{\"@type\":\"Article\",\"@id\":\"https:\/\/kapitalis.com\/tunisie\/2022\/07\/11\/referendum-du-25-juillet-lupr-saisit-le-tribunal-administratif\/#article\",\"isPartOf\":{\"@id\":\"https:\/\/kapitalis.com\/tunisie\/2022\/07\/11\/referendum-du-25-juillet-lupr-saisit-le-tribunal-administratif\/\"},\"author\":{\"name\":\"Cherif Benyounes\",\"@id\":\"https:\/\/kapitalis.com\/tunisie\/#\/schema\/person\/b35b8d631961131107263178aeb8019e\"},\"headline\":\"R\u00e9f\u00e9rendum du 25 juillet : L&rsquo;UPR saisit le Tribunal administratif\",\"datePublished\":\"2022-07-11T11:52:59+00:00\",\"dateModified\":\"2022-07-11T11:53:00+00:00\",\"mainEntityOfPage\":{\"@id\":\"https:\/\/kapitalis.com\/tunisie\/2022\/07\/11\/referendum-du-25-juillet-lupr-saisit-le-tribunal-administratif\/\"},\"wordCount\":134,\"commentCount\":0,\"publisher\":{\"@id\":\"https:\/\/kapitalis.com\/tunisie\/#organization\"},\"image\":{\"@id\":\"https:\/\/kapitalis.com\/tunisie\/2022\/07\/11\/referendum-du-25-juillet-lupr-saisit-le-tribunal-administratif\/#primaryimage\"},\"thumbnailUrl\":\"https:\/\/kapitalis.com\/tunisie\/wp-content\/uploads\/2022\/07\/upr.jpg\",\"keywords\":[\"Kais Saied\",\"lotfi mra\u00efhi\",\"r\u00e9f\u00e9rendum\",\"Talel Hafdhallah\",\"UPR\"],\"articleSection\":[\"POLITIQUE\",\"Tunisie\"],\"inLanguage\":\"fr-FR\",\"potentialAction\":[{\"@type\":\"CommentAction\",\"name\":\"Comment\",\"target\":[\"https:\/\/kapitalis.com\/tunisie\/2022\/07\/11\/referendum-du-25-juillet-lupr-saisit-le-tribunal-administratif\/#respond\"]}]},{\"@type\":\"WebPage\",\"@id\":\"https:\/\/kapitalis.com\/tunisie\/2022\/07\/11\/referendum-du-25-juillet-lupr-saisit-le-tribunal-administratif\/\",\"url\":\"https:\/\/kapitalis.com\/tunisie\/2022\/07\/11\/referendum-du-25-juillet-lupr-saisit-le-tribunal-administratif\/\",\"name\":\"R\u00e9f\u00e9rendum du 25 juillet : L'UPR saisit le Tribunal administratif - Kapitalis\",\"isPartOf\":{\"@id\":\"https:\/\/kapitalis.com\/tunisie\/#website\"},\"primaryImageOfPage\":{\"@id\":\"https:\/\/kapitalis.com\/tunisie\/2022\/07\/11\/referendum-du-25-juillet-lupr-saisit-le-tribunal-administratif\/#primaryimage\"},\"image\":{\"@id\":\"https:\/\/kapitalis.com\/tunisie\/2022\/07\/11\/referendum-du-25-juillet-lupr-saisit-le-tribunal-administratif\/#primaryimage\"},\"thumbnailUrl\":\"https:\/\/kapitalis.com\/tunisie\/wp-content\/uploads\/2022\/07\/upr.jpg\",\"datePublished\":\"2022-07-11T11:52:59+00:00\",\"dateModified\":\"2022-07-11T11:53:00+00:00\",\"breadcrumb\":{\"@id\":\"https:\/\/kapitalis.com\/tunisie\/2022\/07\/11\/referendum-du-25-juillet-lupr-saisit-le-tribunal-administratif\/#breadcrumb\"},\"inLanguage\":\"fr-FR\",\"potentialAction\":[{\"@type\":\"ReadAction\",\"target\":[\"https:\/\/kapitalis.com\/tunisie\/2022\/07\/11\/referendum-du-25-juillet-lupr-saisit-le-tribunal-administratif\/\"]}]},{\"@type\":\"ImageObject\",\"inLanguage\":\"fr-FR\",\"@id\":\"https:\/\/kapitalis.com\/tunisie\/2022\/07\/11\/referendum-du-25-juillet-lupr-saisit-le-tribunal-administratif\/#primaryimage\",\"url\":\"https:\/\/kapitalis.com\/tunisie\/wp-content\/uploads\/2022\/07\/upr.jpg\",\"contentUrl\":\"https:\/\/kapitalis.com\/tunisie\/wp-content\/uploads\/2022\/07\/upr.jpg\",\"width\":1200,\"height\":630},{\"@type\":\"BreadcrumbList\",\"@id\":\"https:\/\/kapitalis.com\/tunisie\/2022\/07\/11\/referendum-du-25-juillet-lupr-saisit-le-tribunal-administratif\/#breadcrumb\",\"itemListElement\":[{\"@type\":\"ListItem\",\"position\":1,\"name\":\"Accueil\",\"item\":\"https:\/\/kapitalis.com\/tunisie\/\"},{\"@type\":\"ListItem\",\"position\":2,\"name\":\"R\u00e9f\u00e9rendum du 25 juillet : L&rsquo;UPR saisit le Tribunal administratif\"}]},{\"@type\":\"WebSite\",\"@id\":\"https:\/\/kapitalis.com\/tunisie\/#website\",\"url\":\"https:\/\/kapitalis.com\/tunisie\/\",\"name\":\"Kapitalis\",\"description\":\"L&#039;actualit\u00e9 en Tunisie et dans le monde\",\"publisher\":{\"@id\":\"https:\/\/kapitalis.com\/tunisie\/#organization\"},\"potentialAction\":[{\"@type\":\"SearchAction\",\"target\":{\"@type\":\"EntryPoint\",\"urlTemplate\":\"https:\/\/kapitalis.com\/tunisie\/?s={search_term_string}\"},\"query-input\":{\"@type\":\"PropertyValueSpecification\",\"valueRequired\":true,\"valueName\":\"search_term_string\"}}],\"inLanguage\":\"fr-FR\"},{\"@type\":\"Organization\",\"@id\":\"https:\/\/kapitalis.com\/tunisie\/#organization\",\"name\":\"Kapitalis\",\"url\":\"https:\/\/kapitalis.com\/tunisie\/\",\"logo\":{\"@type\":\"ImageObject\",\"inLanguage\":\"fr-FR\",\"@id\":\"https:\/\/kapitalis.com\/tunisie\/#\/schema\/logo\/image\/\",\"url\":\"https:\/\/kapitalis.com\/tunisie\/wp-content\/uploads\/2022\/05\/Kapitalis-big-size.png\",\"contentUrl\":\"https:\/\/kapitalis.com\/tunisie\/wp-content\/uploads\/2022\/05\/Kapitalis-big-size.png\",\"width\":5000,\"height\":1500,\"caption\":\"Kapitalis\"},\"image\":{\"@id\":\"https:\/\/kapitalis.com\/tunisie\/#\/schema\/logo\/image\/\"},\"sameAs\":[\"https:\/\/www.facebook.com\/KapitalisInfo\/\",\"https:\/\/x.com\/KapitalisInfo\",\"https:\/\/www.youtube.com\/channel\/UC-yDYrHyfFBWWZaOw3FPg9Q\"]},{\"@type\":\"Person\",\"@id\":\"https:\/\/kapitalis.com\/tunisie\/#\/schema\/person\/b35b8d631961131107263178aeb8019e\",\"name\":\"Cherif Benyounes\",\"url\":\"https:\/\/kapitalis.com\/tunisie\/author\/cherif\/\"}]}<\/script>\n<!-- \/ Yoast SEO plugin. -->","yoast_head_json":{"title":"R\u00e9f\u00e9rendum du 25 juillet : L'UPR saisit le Tribunal administratif - Kapitalis","robots":{"index":"index","follow":"follow","max-snippet":"max-snippet:-1","max-image-preview":"max-image-preview:large","max-video-preview":"max-video-preview:-1"},"canonical":"https:\/\/kapitalis.com\/tunisie\/2022\/07\/11\/referendum-du-25-juillet-lupr-saisit-le-tribunal-administratif\/","og_locale":"fr_FR","og_type":"article","og_title":"R\u00e9f\u00e9rendum du 25 juillet : L'UPR saisit le Tribunal administratif - Kapitalis","og_description":"L\u2019Union populaire r\u00e9publicaine (UPR) a d\u00e9cid\u00e9 de saisir le Tribunal administratif \u00e0 propos des changements apport\u00e9s, en fin de semaine derni\u00e8re, au projet de constitution publi\u00e9 dans le Jort une semaine plus t\u00f4t. Selon le parti de Lotfi Mra\u00efhi, la version amend\u00e9e constitue un nouveau projet, et le calendrier du r\u00e9f\u00e9rendum doit \u00eatre r\u00e9vis\u00e9 en...","og_url":"https:\/\/kapitalis.com\/tunisie\/2022\/07\/11\/referendum-du-25-juillet-lupr-saisit-le-tribunal-administratif\/","og_site_name":"Kapitalis","article_publisher":"https:\/\/www.facebook.com\/KapitalisInfo\/","article_published_time":"2022-07-11T11:52:59+00:00","article_modified_time":"2022-07-11T11:53:00+00:00","og_image":[{"width":1200,"height":630,"url":"https:\/\/kapitalis.com\/tunisie\/wp-content\/uploads\/2022\/07\/upr.jpg","type":"image\/jpeg"}],"author":"Cherif Benyounes","twitter_card":"summary_large_image","twitter_creator":"@KapitalisInfo","twitter_site":"@KapitalisInfo","twitter_misc":{"\u00c9crit par":"Cherif Benyounes","Dur\u00e9e de lecture estim\u00e9e":"1 minute"},"schema":{"@context":"https:\/\/schema.org","@graph":[{"@type":"Article","@id":"https:\/\/kapitalis.com\/tunisie\/2022\/07\/11\/referendum-du-25-juillet-lupr-saisit-le-tribunal-administratif\/#article","isPartOf":{"@id":"https:\/\/kapitalis.com\/tunisie\/2022\/07\/11\/referendum-du-25-juillet-lupr-saisit-le-tribunal-administratif\/"},"author":{"name":"Cherif Benyounes","@id":"https:\/\/kapitalis.com\/tunisie\/#\/schema\/person\/b35b8d631961131107263178aeb8019e"},"headline":"R\u00e9f\u00e9rendum du 25 juillet : L&rsquo;UPR saisit le Tribunal administratif","datePublished":"2022-07-11T11:52:59+00:00","dateModified":"2022-07-11T11:53:00+00:00","mainEntityOfPage":{"@id":"https:\/\/kapitalis.com\/tunisie\/2022\/07\/11\/referendum-du-25-juillet-lupr-saisit-le-tribunal-administratif\/"},"wordCount":134,"commentCount":0,"publisher":{"@id":"https:\/\/kapitalis.com\/tunisie\/#organization"},"image":{"@id":"https:\/\/kapitalis.com\/tunisie\/2022\/07\/11\/referendum-du-25-juillet-lupr-saisit-le-tribunal-administratif\/#primaryimage"},"thumbnailUrl":"https:\/\/kapitalis.com\/tunisie\/wp-content\/uploads\/2022\/07\/upr.jpg","keywords":["Kais Saied","lotfi mra\u00efhi","r\u00e9f\u00e9rendum","Talel Hafdhallah","UPR"],"articleSection":["POLITIQUE","Tunisie"],"inLanguage":"fr-FR","potentialAction":[{"@type":"CommentAction","name":"Comment","target":["https:\/\/kapitalis.com\/tunisie\/2022\/07\/11\/referendum-du-25-juillet-lupr-saisit-le-tribunal-administratif\/#respond"]}]},{"@type":"WebPage","@id":"https:\/\/kapitalis.com\/tunisie\/2022\/07\/11\/referendum-du-25-juillet-lupr-saisit-le-tribunal-administratif\/","url":"https:\/\/kapitalis.com\/tunisie\/2022\/07\/11\/referendum-du-25-juillet-lupr-saisit-le-tribunal-administratif\/","name":"R\u00e9f\u00e9rendum du 25 juillet : L'UPR saisit le Tribunal administratif - Kapitalis","isPartOf":{"@id":"https:\/\/kapitalis.com\/tunisie\/#website"},"primaryImageOfPage":{"@id":"https:\/\/kapitalis.com\/tunisie\/2022\/07\/11\/referendum-du-25-juillet-lupr-saisit-le-tribunal-administratif\/#primaryimage"},"image":{"@id":"https:\/\/kapitalis.com\/tunisie\/2022\/07\/11\/referendum-du-25-juillet-lupr-saisit-le-tribunal-administratif\/#primaryimage"},"thumbnailUrl":"https:\/\/kapitalis.com\/tunisie\/wp-content\/uploads\/2022\/07\/upr.jpg","datePublished":"2022-07-11T11:52:59+00:00","dateModified":"2022-07-11T11:53:00+00:00","breadcrumb":{"@id":"https:\/\/kapitalis.com\/tunisie\/2022\/07\/11\/referendum-du-25-juillet-lupr-saisit-le-tribunal-administratif\/#breadcrumb"},"inLanguage":"fr-FR","potentialAction":[{"@type":"ReadAction","target":["https:\/\/kapitalis.com\/tunisie\/2022\/07\/11\/referendum-du-25-juillet-lupr-saisit-le-tribunal-administratif\/"]}]},{"@type":"ImageObject","inLanguage":"fr-FR","@id":"https:\/\/kapitalis.com\/tunisie\/2022\/07\/11\/referendum-du-25-juillet-lupr-saisit-le-tribunal-administratif\/#primaryimage","url":"https:\/\/kapitalis.com\/tunisie\/wp-content\/uploads\/2022\/07\/upr.jpg","contentUrl":"https:\/\/kapitalis.com\/tunisie\/wp-content\/uploads\/2022\/07\/upr.jpg","width":1200,"height":630},{"@type":"BreadcrumbList","@id":"https:\/\/kapitalis.com\/tunisie\/2022\/07\/11\/referendum-du-25-juillet-lupr-saisit-le-tribunal-administratif\/#breadcrumb","itemListElement":[{"@type":"ListItem","position":1,"name":"Accueil","item":"https:\/\/kapitalis.com\/tunisie\/"},{"@type":"ListItem","position":2,"name":"R\u00e9f\u00e9rendum du 25 juillet : L&rsquo;UPR saisit le Tribunal administratif"}]},{"@type":"WebSite","@id":"https:\/\/kapitalis.com\/tunisie\/#website","url":"https:\/\/kapitalis.com\/tunisie\/","name":"Kapitalis","description":"L&#039;actualit\u00e9 en Tunisie et dans le monde","publisher":{"@id":"https:\/\/kapitalis.com\/tunisie\/#organization"},"potentialAction":[{"@type":"SearchAction","target":{"@type":"EntryPoint","urlTemplate":"https:\/\/kapitalis.com\/tunisie\/?s={search_term_string}"},"query-input":{"@type":"PropertyValueSpecification","valueRequired":true,"valueName":"search_term_string"}}],"inLanguage":"fr-FR"},{"@type":"Organization","@id":"https:\/\/kapitalis.com\/tunisie\/#organization","name":"Kapitalis","url":"https:\/\/kapitalis.com\/tunisie\/","logo":{"@type":"ImageObject","inLanguage":"fr-FR","@id":"https:\/\/kapitalis.com\/tunisie\/#\/schema\/logo\/image\/","url":"https:\/\/kapitalis.com\/tunisie\/wp-content\/uploads\/2022\/05\/Kapitalis-big-size.png","contentUrl":"https:\/\/kapitalis.com\/tunisie\/wp-content\/uploads\/2022\/05\/Kapitalis-big-size.png","width":5000,"height":1500,"caption":"Kapitalis"},"image":{"@id":"https:\/\/kapitalis.com\/tunisie\/#\/schema\/logo\/image\/"},"sameAs":["https:\/\/www.facebook.com\/KapitalisInfo\/","https:\/\/x.com\/KapitalisInfo","https:\/\/www.youtube.com\/channel\/UC-yDYrHyfFBWWZaOw3FPg9Q"]},{"@type":"Person","@id":"https:\/\/kapitalis.com\/tunisie\/#\/schema\/person\/b35b8d631961131107263178aeb8019e","name":"Cherif Benyounes","url":"https:\/\/kapitalis.com\/tunisie\/author\/cherif\/"}]}},"_links":{"self":[{"href":"https:\/\/kapitalis.com\/tunisie\/wp-json\/wp\/v2\/posts\/2163061","targetHints":{"allow":["GET"]}}],"collection":[{"href":"https:\/\/kapitalis.com\/tunisie\/wp-json\/wp\/v2\/posts"}],"about":[{"href":"https:\/\/kapitalis.com\/tunisie\/wp-json\/wp\/v2\/types\/post"}],"author":[{"embeddable":true,"href":"https:\/\/kapitalis.com\/tunisie\/wp-json\/wp\/v2\/users\/24"}],"replies":[{"embeddable":true,"href":"https:\/\/kapitalis.com\/tunisie\/wp-json\/wp\/v2\/comments?post=2163061"}],"version-history":[{"count":0,"href":"https:\/\/kapitalis.com\/tunisie\/wp-json\/wp\/v2\/posts\/2163061\/revisions"}],"wp:featuredmedia":[{"embeddable":true,"href":"https:\/\/kapitalis.com\/tunisie\/wp-json\/wp\/v2\/media\/2163851"}],"wp:attachment":[{"href":"https:\/\/kapitalis.com\/tunisie\/wp-json\/wp\/v2\/media?parent=2163061"}],"wp:term":[{"taxonomy":"category","embeddable":true,"href":"https:\/\/kapitalis.com\/tunisie\/wp-json\/wp\/v2\/categories?post=2163061"},{"taxonomy":"post_tag","embeddable":true,"href":"https:\/\/kapitalis.com\/tunisie\/wp-json\/wp\/v2\/tags?post=2163061"}],"curies":[{"name":"wp","href":"https:\/\/api.w.org\/{rel}","templated":true}]}}