{"id":216714,"date":"2019-06-07T13:54:21","date_gmt":"2019-06-07T12:54:21","guid":{"rendered":"http:\/\/kapitalis.com\/tunisie\/?p=216714"},"modified":"2019-06-07T13:54:23","modified_gmt":"2019-06-07T12:54:23","slug":"euro-cycles-un-chiffre-daffaires-en-augmentation-de-17-au-terme-du-1er-trimestre-2019","status":"publish","type":"post","link":"https:\/\/kapitalis.com\/tunisie\/2019\/06\/07\/euro-cycles-un-chiffre-daffaires-en-augmentation-de-17-au-terme-du-1er-trimestre-2019\/","title":{"rendered":"Euro-cycles: Un chiffre d&rsquo;affaires en augmentation de 17%, au terme du 1er trimestre 2019"},"content":{"rendered":"\n<figure class=\"wp-block-image\"><img decoding=\"async\" src=\"http:\/\/kapitalis.com\/tunisie\/wp-content\/uploads\/2016\/12\/Eurocycles.jpg\" alt=\"\" class=\"wp-image-74466\"\/><\/figure>\n\n\n\n<p><strong><em>La soci\u00e9t\u00e9 Euro-cycles a termin\u00e9 le 1er trimestre 2019 avec un chiffre d&rsquo;affaires de 18,248 millions de dinars tunisiens (MDT), soit une hausse de 17%, par rapport \u00e0 la m\u00eame p\u00e9riode de 2018.<\/em><\/strong> <\/p>\n\n\n\n<!--more-->\n\n\n<div>De m\u00eame, la production de la soci\u00e9t\u00e9 a augment\u00e9 de 5% au 31 mars 2019, par rapport \u00e0 la m\u00eame p\u00e9riode de 2018.<\/div>\n\n\n<p>Parmi les autres faits marquants d&rsquo;Euro-cycles du 1er trimestre 2019, des investissements de 122.854 DT, qui concernent essentiellement la modernisation des lignes de production, n\u00e9cessaires \u00e0 la fabrication des v\u00e9los \u00e9lectriques.  <\/p>\n\n\n<div>Quant aux engagements bancaires de la soci\u00e9t\u00e9, ils se sont \u00e9lev\u00e9s \u00e0 12,240 MDT, enregistrant une baisse de 20%, par rapport au 1er trimestre de 2018.<\/div>\n<div>\u00a0<\/div>\n<div>Notons qu&rsquo;Euro-cycles est sp\u00e9cialis\u00e9e dans la fabrication, le montage, la vente de cycles \u00e0 2 roues, et tout autre produit faisant partie de l\u2019univers des roues et du cycle, sous toutes ses formes.<\/div>\n<div>\u00a0<\/div>\n<div><strong><em>Source: <\/em><\/strong>Communiqu\u00e9.<\/div>","protected":false},"excerpt":{"rendered":"<p>La soci\u00e9t\u00e9 Euro-cycles a termin\u00e9 le 1er trimestre 2019 avec un chiffre d&rsquo;affaires de 18,248 millions de dinars tunisiens (MDT), soit une hausse de 17%, par rapport \u00e0 la m\u00eame p\u00e9riode de 2018.<\/p>\n","protected":false},"author":22,"featured_media":0,"comment_status":"open","ping_status":"open","sticky":false,"template":"","format":"standard","meta":{"footnotes":""},"categories":[995,2433],"tags":[58196,3012],"class_list":["post-216714","post","type-post","status-publish","format-standard","hentry","category-economie","category-tunisie","tag-chiffre-daffaires-en-hausse","tag-euro-cycles"],"yoast_head":"<!-- This site is optimized with the Yoast SEO plugin v26.6 - https:\/\/yoast.com\/wordpress\/plugins\/seo\/ -->\n<title>Euro-cycles: Un chiffre d&#039;affaires en augmentation de 17%, au terme du 1er trimestre 2019 - Kapitalis<\/title>\n<meta name=\"robots\" content=\"index, follow, max-snippet:-1, max-image-preview:large, max-video-preview:-1\" \/>\n<link rel=\"canonical\" href=\"https:\/\/kapitalis.com\/tunisie\/2019\/06\/07\/euro-cycles-un-chiffre-daffaires-en-augmentation-de-17-au-terme-du-1er-trimestre-2019\/\" \/>\n<meta property=\"og:locale\" content=\"fr_FR\" \/>\n<meta property=\"og:type\" content=\"article\" \/>\n<meta property=\"og:title\" content=\"Euro-cycles: Un chiffre d&#039;affaires en augmentation de 17%, au terme du 1er trimestre 2019 - Kapitalis\" \/>\n<meta property=\"og:description\" content=\"La soci\u00e9t\u00e9 Euro-cycles a termin\u00e9 le 1er trimestre 2019 avec un chiffre d&rsquo;affaires de 18,248 millions de dinars tunisiens (MDT), soit une hausse de 17%, par rapport \u00e0 la m\u00eame p\u00e9riode de 2018.\" \/>\n<meta property=\"og:url\" content=\"https:\/\/kapitalis.com\/tunisie\/2019\/06\/07\/euro-cycles-un-chiffre-daffaires-en-augmentation-de-17-au-terme-du-1er-trimestre-2019\/\" \/>\n<meta property=\"og:site_name\" content=\"Kapitalis\" \/>\n<meta property=\"article:publisher\" content=\"https:\/\/www.facebook.com\/KapitalisInfo\/\" \/>\n<meta property=\"article:published_time\" content=\"2019-06-07T12:54:21+00:00\" \/>\n<meta property=\"article:modified_time\" content=\"2019-06-07T12:54:23+00:00\" \/>\n<meta property=\"og:image\" content=\"http:\/\/kapitalis.com\/tunisie\/wp-content\/uploads\/2016\/12\/Eurocycles.jpg\" \/>\n<meta name=\"author\" content=\"Amina Mkada\" \/>\n<meta name=\"twitter:card\" content=\"summary_large_image\" \/>\n<meta name=\"twitter:creator\" content=\"@KapitalisInfo\" \/>\n<meta name=\"twitter:site\" content=\"@KapitalisInfo\" \/>\n<meta name=\"twitter:label1\" content=\"\u00c9crit par\" \/>\n\t<meta name=\"twitter:data1\" content=\"Amina Mkada\" \/>\n\t<meta name=\"twitter:label2\" content=\"Dur\u00e9e de lecture estim\u00e9e\" \/>\n\t<meta name=\"twitter:data2\" content=\"1 minute\" \/>\n<script type=\"application\/ld+json\" class=\"yoast-schema-graph\">{\"@context\":\"https:\/\/schema.org\",\"@graph\":[{\"@type\":\"Article\",\"@id\":\"https:\/\/kapitalis.com\/tunisie\/2019\/06\/07\/euro-cycles-un-chiffre-daffaires-en-augmentation-de-17-au-terme-du-1er-trimestre-2019\/#article\",\"isPartOf\":{\"@id\":\"https:\/\/kapitalis.com\/tunisie\/2019\/06\/07\/euro-cycles-un-chiffre-daffaires-en-augmentation-de-17-au-terme-du-1er-trimestre-2019\/\"},\"author\":{\"name\":\"Amina Mkada\",\"@id\":\"https:\/\/kapitalis.com\/tunisie\/#\/schema\/person\/093913313d3017554cb3ad077fff3fbd\"},\"headline\":\"Euro-cycles: Un chiffre d&rsquo;affaires en augmentation de 17%, au terme du 1er trimestre 2019\",\"datePublished\":\"2019-06-07T12:54:21+00:00\",\"dateModified\":\"2019-06-07T12:54:23+00:00\",\"mainEntityOfPage\":{\"@id\":\"https:\/\/kapitalis.com\/tunisie\/2019\/06\/07\/euro-cycles-un-chiffre-daffaires-en-augmentation-de-17-au-terme-du-1er-trimestre-2019\/\"},\"wordCount\":155,\"commentCount\":0,\"publisher\":{\"@id\":\"https:\/\/kapitalis.com\/tunisie\/#organization\"},\"image\":{\"@id\":\"https:\/\/kapitalis.com\/tunisie\/2019\/06\/07\/euro-cycles-un-chiffre-daffaires-en-augmentation-de-17-au-terme-du-1er-trimestre-2019\/#primaryimage\"},\"thumbnailUrl\":\"http:\/\/kapitalis.com\/tunisie\/wp-content\/uploads\/2016\/12\/Eurocycles.jpg\",\"keywords\":[\"chiffre d'affaires en hausse\",\"Euro-Cycles\"],\"articleSection\":[\"ECONOMIE\",\"Tunisie\"],\"inLanguage\":\"fr-FR\",\"potentialAction\":[{\"@type\":\"CommentAction\",\"name\":\"Comment\",\"target\":[\"https:\/\/kapitalis.com\/tunisie\/2019\/06\/07\/euro-cycles-un-chiffre-daffaires-en-augmentation-de-17-au-terme-du-1er-trimestre-2019\/#respond\"]}]},{\"@type\":\"WebPage\",\"@id\":\"https:\/\/kapitalis.com\/tunisie\/2019\/06\/07\/euro-cycles-un-chiffre-daffaires-en-augmentation-de-17-au-terme-du-1er-trimestre-2019\/\",\"url\":\"https:\/\/kapitalis.com\/tunisie\/2019\/06\/07\/euro-cycles-un-chiffre-daffaires-en-augmentation-de-17-au-terme-du-1er-trimestre-2019\/\",\"name\":\"Euro-cycles: Un chiffre d'affaires en augmentation de 17%, au terme du 1er trimestre 2019 - Kapitalis\",\"isPartOf\":{\"@id\":\"https:\/\/kapitalis.com\/tunisie\/#website\"},\"primaryImageOfPage\":{\"@id\":\"https:\/\/kapitalis.com\/tunisie\/2019\/06\/07\/euro-cycles-un-chiffre-daffaires-en-augmentation-de-17-au-terme-du-1er-trimestre-2019\/#primaryimage\"},\"image\":{\"@id\":\"https:\/\/kapitalis.com\/tunisie\/2019\/06\/07\/euro-cycles-un-chiffre-daffaires-en-augmentation-de-17-au-terme-du-1er-trimestre-2019\/#primaryimage\"},\"thumbnailUrl\":\"http:\/\/kapitalis.com\/tunisie\/wp-content\/uploads\/2016\/12\/Eurocycles.jpg\",\"datePublished\":\"2019-06-07T12:54:21+00:00\",\"dateModified\":\"2019-06-07T12:54:23+00:00\",\"breadcrumb\":{\"@id\":\"https:\/\/kapitalis.com\/tunisie\/2019\/06\/07\/euro-cycles-un-chiffre-daffaires-en-augmentation-de-17-au-terme-du-1er-trimestre-2019\/#breadcrumb\"},\"inLanguage\":\"fr-FR\",\"potentialAction\":[{\"@type\":\"ReadAction\",\"target\":[\"https:\/\/kapitalis.com\/tunisie\/2019\/06\/07\/euro-cycles-un-chiffre-daffaires-en-augmentation-de-17-au-terme-du-1er-trimestre-2019\/\"]}]},{\"@type\":\"ImageObject\",\"inLanguage\":\"fr-FR\",\"@id\":\"https:\/\/kapitalis.com\/tunisie\/2019\/06\/07\/euro-cycles-un-chiffre-daffaires-en-augmentation-de-17-au-terme-du-1er-trimestre-2019\/#primaryimage\",\"url\":\"http:\/\/kapitalis.com\/tunisie\/wp-content\/uploads\/2016\/12\/Eurocycles.jpg\",\"contentUrl\":\"http:\/\/kapitalis.com\/tunisie\/wp-content\/uploads\/2016\/12\/Eurocycles.jpg\"},{\"@type\":\"BreadcrumbList\",\"@id\":\"https:\/\/kapitalis.com\/tunisie\/2019\/06\/07\/euro-cycles-un-chiffre-daffaires-en-augmentation-de-17-au-terme-du-1er-trimestre-2019\/#breadcrumb\",\"itemListElement\":[{\"@type\":\"ListItem\",\"position\":1,\"name\":\"Accueil\",\"item\":\"https:\/\/kapitalis.com\/tunisie\/\"},{\"@type\":\"ListItem\",\"position\":2,\"name\":\"Euro-cycles: Un chiffre d&rsquo;affaires en augmentation de 17%, au terme du 1er trimestre 2019\"}]},{\"@type\":\"WebSite\",\"@id\":\"https:\/\/kapitalis.com\/tunisie\/#website\",\"url\":\"https:\/\/kapitalis.com\/tunisie\/\",\"name\":\"Kapitalis\",\"description\":\"L&#039;actualit\u00e9 en Tunisie et dans le monde\",\"publisher\":{\"@id\":\"https:\/\/kapitalis.com\/tunisie\/#organization\"},\"potentialAction\":[{\"@type\":\"SearchAction\",\"target\":{\"@type\":\"EntryPoint\",\"urlTemplate\":\"https:\/\/kapitalis.com\/tunisie\/?s={search_term_string}\"},\"query-input\":{\"@type\":\"PropertyValueSpecification\",\"valueRequired\":true,\"valueName\":\"search_term_string\"}}],\"inLanguage\":\"fr-FR\"},{\"@type\":\"Organization\",\"@id\":\"https:\/\/kapitalis.com\/tunisie\/#organization\",\"name\":\"Kapitalis\",\"url\":\"https:\/\/kapitalis.com\/tunisie\/\",\"logo\":{\"@type\":\"ImageObject\",\"inLanguage\":\"fr-FR\",\"@id\":\"https:\/\/kapitalis.com\/tunisie\/#\/schema\/logo\/image\/\",\"url\":\"https:\/\/kapitalis.com\/tunisie\/wp-content\/uploads\/2022\/05\/Kapitalis-big-size.png\",\"contentUrl\":\"https:\/\/kapitalis.com\/tunisie\/wp-content\/uploads\/2022\/05\/Kapitalis-big-size.png\",\"width\":5000,\"height\":1500,\"caption\":\"Kapitalis\"},\"image\":{\"@id\":\"https:\/\/kapitalis.com\/tunisie\/#\/schema\/logo\/image\/\"},\"sameAs\":[\"https:\/\/www.facebook.com\/KapitalisInfo\/\",\"https:\/\/x.com\/KapitalisInfo\",\"https:\/\/www.youtube.com\/channel\/UC-yDYrHyfFBWWZaOw3FPg9Q\"]},{\"@type\":\"Person\",\"@id\":\"https:\/\/kapitalis.com\/tunisie\/#\/schema\/person\/093913313d3017554cb3ad077fff3fbd\",\"name\":\"Amina Mkada\",\"url\":\"https:\/\/kapitalis.com\/tunisie\/author\/amina\/\"}]}<\/script>\n<!-- \/ Yoast SEO plugin. -->","yoast_head_json":{"title":"Euro-cycles: Un chiffre d'affaires en augmentation de 17%, au terme du 1er trimestre 2019 - Kapitalis","robots":{"index":"index","follow":"follow","max-snippet":"max-snippet:-1","max-image-preview":"max-image-preview:large","max-video-preview":"max-video-preview:-1"},"canonical":"https:\/\/kapitalis.com\/tunisie\/2019\/06\/07\/euro-cycles-un-chiffre-daffaires-en-augmentation-de-17-au-terme-du-1er-trimestre-2019\/","og_locale":"fr_FR","og_type":"article","og_title":"Euro-cycles: Un chiffre d'affaires en augmentation de 17%, au terme du 1er trimestre 2019 - Kapitalis","og_description":"La soci\u00e9t\u00e9 Euro-cycles a termin\u00e9 le 1er trimestre 2019 avec un chiffre d&rsquo;affaires de 18,248 millions de dinars tunisiens (MDT), soit une hausse de 17%, par rapport \u00e0 la m\u00eame p\u00e9riode de 2018.","og_url":"https:\/\/kapitalis.com\/tunisie\/2019\/06\/07\/euro-cycles-un-chiffre-daffaires-en-augmentation-de-17-au-terme-du-1er-trimestre-2019\/","og_site_name":"Kapitalis","article_publisher":"https:\/\/www.facebook.com\/KapitalisInfo\/","article_published_time":"2019-06-07T12:54:21+00:00","article_modified_time":"2019-06-07T12:54:23+00:00","og_image":[{"url":"http:\/\/kapitalis.com\/tunisie\/wp-content\/uploads\/2016\/12\/Eurocycles.jpg","type":"","width":"","height":""}],"author":"Amina Mkada","twitter_card":"summary_large_image","twitter_creator":"@KapitalisInfo","twitter_site":"@KapitalisInfo","twitter_misc":{"\u00c9crit par":"Amina Mkada","Dur\u00e9e de lecture estim\u00e9e":"1 minute"},"schema":{"@context":"https:\/\/schema.org","@graph":[{"@type":"Article","@id":"https:\/\/kapitalis.com\/tunisie\/2019\/06\/07\/euro-cycles-un-chiffre-daffaires-en-augmentation-de-17-au-terme-du-1er-trimestre-2019\/#article","isPartOf":{"@id":"https:\/\/kapitalis.com\/tunisie\/2019\/06\/07\/euro-cycles-un-chiffre-daffaires-en-augmentation-de-17-au-terme-du-1er-trimestre-2019\/"},"author":{"name":"Amina Mkada","@id":"https:\/\/kapitalis.com\/tunisie\/#\/schema\/person\/093913313d3017554cb3ad077fff3fbd"},"headline":"Euro-cycles: Un chiffre d&rsquo;affaires en augmentation de 17%, au terme du 1er trimestre 2019","datePublished":"2019-06-07T12:54:21+00:00","dateModified":"2019-06-07T12:54:23+00:00","mainEntityOfPage":{"@id":"https:\/\/kapitalis.com\/tunisie\/2019\/06\/07\/euro-cycles-un-chiffre-daffaires-en-augmentation-de-17-au-terme-du-1er-trimestre-2019\/"},"wordCount":155,"commentCount":0,"publisher":{"@id":"https:\/\/kapitalis.com\/tunisie\/#organization"},"image":{"@id":"https:\/\/kapitalis.com\/tunisie\/2019\/06\/07\/euro-cycles-un-chiffre-daffaires-en-augmentation-de-17-au-terme-du-1er-trimestre-2019\/#primaryimage"},"thumbnailUrl":"http:\/\/kapitalis.com\/tunisie\/wp-content\/uploads\/2016\/12\/Eurocycles.jpg","keywords":["chiffre d'affaires en hausse","Euro-Cycles"],"articleSection":["ECONOMIE","Tunisie"],"inLanguage":"fr-FR","potentialAction":[{"@type":"CommentAction","name":"Comment","target":["https:\/\/kapitalis.com\/tunisie\/2019\/06\/07\/euro-cycles-un-chiffre-daffaires-en-augmentation-de-17-au-terme-du-1er-trimestre-2019\/#respond"]}]},{"@type":"WebPage","@id":"https:\/\/kapitalis.com\/tunisie\/2019\/06\/07\/euro-cycles-un-chiffre-daffaires-en-augmentation-de-17-au-terme-du-1er-trimestre-2019\/","url":"https:\/\/kapitalis.com\/tunisie\/2019\/06\/07\/euro-cycles-un-chiffre-daffaires-en-augmentation-de-17-au-terme-du-1er-trimestre-2019\/","name":"Euro-cycles: Un chiffre d'affaires en augmentation de 17%, au terme du 1er trimestre 2019 - Kapitalis","isPartOf":{"@id":"https:\/\/kapitalis.com\/tunisie\/#website"},"primaryImageOfPage":{"@id":"https:\/\/kapitalis.com\/tunisie\/2019\/06\/07\/euro-cycles-un-chiffre-daffaires-en-augmentation-de-17-au-terme-du-1er-trimestre-2019\/#primaryimage"},"image":{"@id":"https:\/\/kapitalis.com\/tunisie\/2019\/06\/07\/euro-cycles-un-chiffre-daffaires-en-augmentation-de-17-au-terme-du-1er-trimestre-2019\/#primaryimage"},"thumbnailUrl":"http:\/\/kapitalis.com\/tunisie\/wp-content\/uploads\/2016\/12\/Eurocycles.jpg","datePublished":"2019-06-07T12:54:21+00:00","dateModified":"2019-06-07T12:54:23+00:00","breadcrumb":{"@id":"https:\/\/kapitalis.com\/tunisie\/2019\/06\/07\/euro-cycles-un-chiffre-daffaires-en-augmentation-de-17-au-terme-du-1er-trimestre-2019\/#breadcrumb"},"inLanguage":"fr-FR","potentialAction":[{"@type":"ReadAction","target":["https:\/\/kapitalis.com\/tunisie\/2019\/06\/07\/euro-cycles-un-chiffre-daffaires-en-augmentation-de-17-au-terme-du-1er-trimestre-2019\/"]}]},{"@type":"ImageObject","inLanguage":"fr-FR","@id":"https:\/\/kapitalis.com\/tunisie\/2019\/06\/07\/euro-cycles-un-chiffre-daffaires-en-augmentation-de-17-au-terme-du-1er-trimestre-2019\/#primaryimage","url":"http:\/\/kapitalis.com\/tunisie\/wp-content\/uploads\/2016\/12\/Eurocycles.jpg","contentUrl":"http:\/\/kapitalis.com\/tunisie\/wp-content\/uploads\/2016\/12\/Eurocycles.jpg"},{"@type":"BreadcrumbList","@id":"https:\/\/kapitalis.com\/tunisie\/2019\/06\/07\/euro-cycles-un-chiffre-daffaires-en-augmentation-de-17-au-terme-du-1er-trimestre-2019\/#breadcrumb","itemListElement":[{"@type":"ListItem","position":1,"name":"Accueil","item":"https:\/\/kapitalis.com\/tunisie\/"},{"@type":"ListItem","position":2,"name":"Euro-cycles: Un chiffre d&rsquo;affaires en augmentation de 17%, au terme du 1er trimestre 2019"}]},{"@type":"WebSite","@id":"https:\/\/kapitalis.com\/tunisie\/#website","url":"https:\/\/kapitalis.com\/tunisie\/","name":"Kapitalis","description":"L&#039;actualit\u00e9 en Tunisie et dans le monde","publisher":{"@id":"https:\/\/kapitalis.com\/tunisie\/#organization"},"potentialAction":[{"@type":"SearchAction","target":{"@type":"EntryPoint","urlTemplate":"https:\/\/kapitalis.com\/tunisie\/?s={search_term_string}"},"query-input":{"@type":"PropertyValueSpecification","valueRequired":true,"valueName":"search_term_string"}}],"inLanguage":"fr-FR"},{"@type":"Organization","@id":"https:\/\/kapitalis.com\/tunisie\/#organization","name":"Kapitalis","url":"https:\/\/kapitalis.com\/tunisie\/","logo":{"@type":"ImageObject","inLanguage":"fr-FR","@id":"https:\/\/kapitalis.com\/tunisie\/#\/schema\/logo\/image\/","url":"https:\/\/kapitalis.com\/tunisie\/wp-content\/uploads\/2022\/05\/Kapitalis-big-size.png","contentUrl":"https:\/\/kapitalis.com\/tunisie\/wp-content\/uploads\/2022\/05\/Kapitalis-big-size.png","width":5000,"height":1500,"caption":"Kapitalis"},"image":{"@id":"https:\/\/kapitalis.com\/tunisie\/#\/schema\/logo\/image\/"},"sameAs":["https:\/\/www.facebook.com\/KapitalisInfo\/","https:\/\/x.com\/KapitalisInfo","https:\/\/www.youtube.com\/channel\/UC-yDYrHyfFBWWZaOw3FPg9Q"]},{"@type":"Person","@id":"https:\/\/kapitalis.com\/tunisie\/#\/schema\/person\/093913313d3017554cb3ad077fff3fbd","name":"Amina Mkada","url":"https:\/\/kapitalis.com\/tunisie\/author\/amina\/"}]}},"_links":{"self":[{"href":"https:\/\/kapitalis.com\/tunisie\/wp-json\/wp\/v2\/posts\/216714","targetHints":{"allow":["GET"]}}],"collection":[{"href":"https:\/\/kapitalis.com\/tunisie\/wp-json\/wp\/v2\/posts"}],"about":[{"href":"https:\/\/kapitalis.com\/tunisie\/wp-json\/wp\/v2\/types\/post"}],"author":[{"embeddable":true,"href":"https:\/\/kapitalis.com\/tunisie\/wp-json\/wp\/v2\/users\/22"}],"replies":[{"embeddable":true,"href":"https:\/\/kapitalis.com\/tunisie\/wp-json\/wp\/v2\/comments?post=216714"}],"version-history":[{"count":0,"href":"https:\/\/kapitalis.com\/tunisie\/wp-json\/wp\/v2\/posts\/216714\/revisions"}],"wp:attachment":[{"href":"https:\/\/kapitalis.com\/tunisie\/wp-json\/wp\/v2\/media?parent=216714"}],"wp:term":[{"taxonomy":"category","embeddable":true,"href":"https:\/\/kapitalis.com\/tunisie\/wp-json\/wp\/v2\/categories?post=216714"},{"taxonomy":"post_tag","embeddable":true,"href":"https:\/\/kapitalis.com\/tunisie\/wp-json\/wp\/v2\/tags?post=216714"}],"curies":[{"name":"wp","href":"https:\/\/api.w.org\/{rel}","templated":true}]}}