{"id":216730,"date":"2019-06-07T10:33:24","date_gmt":"2019-06-07T09:33:24","guid":{"rendered":"http:\/\/kapitalis.com\/tunisie\/?p=216730"},"modified":"2019-06-07T10:33:28","modified_gmt":"2019-06-07T09:33:28","slug":"les-professionnels-tunisiens-du-textile-se-mettent-a-lheure-de-lhabillement-durable","status":"publish","type":"post","link":"https:\/\/kapitalis.com\/tunisie\/2019\/06\/07\/les-professionnels-tunisiens-du-textile-se-mettent-a-lheure-de-lhabillement-durable\/","title":{"rendered":"Les professionnels tunisiens du textile se mettent \u00e0 l\u2019heure de l\u2019habillement durable"},"content":{"rendered":"\n<figure class=\"wp-block-image\"><img decoding=\"async\" src=\"http:\/\/kapitalis.com\/tunisie\/wp-content\/uploads\/2017\/12\/FTTH.jpg\" alt=\"\" class=\"wp-image-129398\"\/><\/figure>\n\n\n\n<p><strong><em>La F\u00e9d\u00e9ration tunisienne du textile et de l\u2019habillement (FTTH), en collaboration avec le Centre technique du textile (Cettex) et le bureau d\u2019\u00e9tudes AS International, organise, jeudi 13 juin au si\u00e8ge de l\u2019Utica, \u00e0 Tunis, un atelier intitul\u00e9 \u00abTunisia Sustainable Fashion\u00bb.<\/em><\/strong><br><\/p>\n\n\n\n<!--more-->\n\n\n\n<p> Le consommateur, partout dans le monde, est de plus en plus sensible aux modes de production des v\u00eatements qu\u2019il ach\u00e8te et \u00e0 leurs \u00e9ventuels impacts socio-environnementaux.  Verrons-nous bient\u00f4t des v\u00eatements garantis d\u00e9veloppement durable? Verrons-nous bient\u00f4t inscrit sur les \u00e9tiquettes des produits textiles ou d\u2019habillements un nouveau symbole qui ne se fonde plus uniquement sur la comp\u00e9titivit\u00e9-prix du produit textile ou du pr\u00eat-\u00e0-porter ?<br><\/p>\n\n\n\n<p> Il y a une d\u00e9cennie, une trentaine d\u2019importants donneurs d\u2019ordres, gros distributeurs et cha\u00eenes de pr\u00eat-\u00e0-porter se sont associ\u00e9s pour cr\u00e9er la <em>\u00abSustainable Apparel Coalition\u00bb<\/em> (Coalition pour un habillement durable) dont le but est de r\u00e9duire l\u2019impact \u00e9cologique et social de la fabrication des v\u00eatements, et de tracer chaque \u00e9tape de la fabrication de l\u2019habillement pour rendre cette industrie plus \u00e9cologiquement responsable. <br><\/p>\n\n\n\n<p> En 2012, cette coalition rend public un outil permettant de mesurer l\u2019impact environnemental des produits textiles : l\u2019indice Higg. Gr\u00e2ce au Higg Index, l\u2019environnement devient un crit\u00e8re mesurable de comp\u00e9titivit\u00e9, au m\u00eame rang que le crit\u00e8re financier. Il sera donc possible de contr\u00f4ler l\u2019impact environnemental d\u2019un tee-shirt, de son design \u00e0 sa fabrication, jusqu\u2019\u00e0 sa vente. Les industriels pourront alors contr\u00f4ler l\u2019ensemble de la cha\u00eene de production, de la mati\u00e8re premi\u00e8re au produit fini. <br><\/p>\n\n\n\n<p> Aujourd\u2019hui, cette coalition regroupe plus de 200 membres et repr\u00e9sente plus de 40% de la cha\u00eene d\u2019approvisionnement mondiale du v\u00eatement. On compte parmi ses membres des marques comme Nike ou Levy\u2019s ou encore H&amp;M et Aldo, des distributeurs comme Wal-Mart, Patagonia ou Mammut. <br><\/p>\n\n\n\n<p> Le choix strat\u00e9gique de ma\u00eetrise de la fili\u00e8re initi\u00e9 par la FTTH et mat\u00e9rialis\u00e9 par le <em>\u00abPacte de croissance et de comp\u00e9titivit\u00e9\u00bb<\/em> conclu entre le gouvernement et la F\u00e9d\u00e9ration, invite \u00e0 investir cette piste. D\u2019autant qu\u2019elle constitue une voie idoine \u00e0 une meilleure insertion du textile et de l\u2019habillement <em>\u00abMade in Tunisia\u00bb<\/em> dans la cha\u00eene de valeur mondiale du secteur.<br><\/p>\n\n\n\n<p> C\u2019est dans ce cadre que la FTTH, en collaboration avec le Cettex et AS International, l\u2019un des plus importants r\u00e9seaux mondiaux d\u2019expertise fran\u00e7aise de la qualit\u00e9 textile, organise, jeudi 13 juin au si\u00e8ge de l\u2019Utica, un atelier intitul\u00e9 <em>\u00abTunisia Sustainable Fashion\u00bb<\/em> pour pr\u00e9senter et proposer aux industriels textiles tunisiens une strat\u00e9gie et des objectifs de performance environnementale pour les prochaines ann\u00e9es (FTTH) ; ainsi que des outils reconnus et universels de mesure de la performance (SAC); un accompagnement sur le management de la performance environnementale (mesure, progr\u00e8s, communication) (COse361\/Cettex); et un syst\u00e8me de v\u00e9rification (audits) pour authentifier et p\u00e9renniser la d\u00e9marche. <br><\/p>\n\n\n\n<p> L\u2019objectif est de faire du <em>\u00abMade in Tunisia\u00bb<\/em> une marque forte et durable.<br><\/p>\n\n\n\n<p><strong><em> Source <\/em><\/strong>: communiqu\u00e9. <\/p>\n","protected":false},"excerpt":{"rendered":"<p>La F\u00e9d\u00e9ration tunisienne du textile et de l\u2019habillement (FTTH), en collaboration avec le Centre technique du textile (Cettex) et le bureau d\u2019\u00e9tudes AS International, organise, jeudi 13 juin au si\u00e8ge de l\u2019Utica, \u00e0 Tunis, un atelier intitul\u00e9 \u00abTunisia Sustainable Fashion\u00bb.<\/p>\n","protected":false},"author":8,"featured_media":0,"comment_status":"open","ping_status":"open","sticky":false,"template":"","format":"standard","meta":{"footnotes":""},"categories":[995,2433],"tags":[6009,30911,3119],"class_list":["post-216730","post","type-post","status-publish","format-standard","hentry","category-economie","category-tunisie","tag-cettex","tag-ftth","tag-textile"],"yoast_head":"<!-- This site is optimized with the Yoast SEO plugin v26.6 - https:\/\/yoast.com\/wordpress\/plugins\/seo\/ -->\n<title>Les professionnels tunisiens du textile se mettent \u00e0 l\u2019heure de l\u2019habillement durable - Kapitalis<\/title>\n<meta name=\"robots\" content=\"index, follow, max-snippet:-1, max-image-preview:large, max-video-preview:-1\" \/>\n<link rel=\"canonical\" href=\"https:\/\/kapitalis.com\/tunisie\/2019\/06\/07\/les-professionnels-tunisiens-du-textile-se-mettent-a-lheure-de-lhabillement-durable\/\" \/>\n<meta property=\"og:locale\" content=\"fr_FR\" \/>\n<meta property=\"og:type\" content=\"article\" \/>\n<meta property=\"og:title\" content=\"Les professionnels tunisiens du textile se mettent \u00e0 l\u2019heure de l\u2019habillement durable - Kapitalis\" \/>\n<meta property=\"og:description\" content=\"La F\u00e9d\u00e9ration tunisienne du textile et de l\u2019habillement (FTTH), en collaboration avec le Centre technique du textile (Cettex) et le bureau d\u2019\u00e9tudes AS International, organise, jeudi 13 juin au si\u00e8ge de l\u2019Utica, \u00e0 Tunis, un atelier intitul\u00e9 \u00abTunisia Sustainable Fashion\u00bb.\" \/>\n<meta property=\"og:url\" content=\"https:\/\/kapitalis.com\/tunisie\/2019\/06\/07\/les-professionnels-tunisiens-du-textile-se-mettent-a-lheure-de-lhabillement-durable\/\" \/>\n<meta property=\"og:site_name\" content=\"Kapitalis\" \/>\n<meta property=\"article:publisher\" content=\"https:\/\/www.facebook.com\/KapitalisInfo\/\" \/>\n<meta property=\"article:published_time\" content=\"2019-06-07T09:33:24+00:00\" \/>\n<meta property=\"article:modified_time\" content=\"2019-06-07T09:33:28+00:00\" \/>\n<meta property=\"og:image\" content=\"http:\/\/kapitalis.com\/tunisie\/wp-content\/uploads\/2017\/12\/FTTH.jpg\" \/>\n<meta name=\"author\" content=\"webmaster kapitalis\" \/>\n<meta name=\"twitter:card\" content=\"summary_large_image\" \/>\n<meta name=\"twitter:creator\" content=\"@KapitalisInfo\" \/>\n<meta name=\"twitter:site\" content=\"@KapitalisInfo\" \/>\n<meta name=\"twitter:label1\" content=\"\u00c9crit par\" \/>\n\t<meta name=\"twitter:data1\" content=\"webmaster kapitalis\" \/>\n\t<meta name=\"twitter:label2\" content=\"Dur\u00e9e de lecture estim\u00e9e\" \/>\n\t<meta name=\"twitter:data2\" content=\"3 minutes\" \/>\n<script type=\"application\/ld+json\" class=\"yoast-schema-graph\">{\"@context\":\"https:\/\/schema.org\",\"@graph\":[{\"@type\":\"Article\",\"@id\":\"https:\/\/kapitalis.com\/tunisie\/2019\/06\/07\/les-professionnels-tunisiens-du-textile-se-mettent-a-lheure-de-lhabillement-durable\/#article\",\"isPartOf\":{\"@id\":\"https:\/\/kapitalis.com\/tunisie\/2019\/06\/07\/les-professionnels-tunisiens-du-textile-se-mettent-a-lheure-de-lhabillement-durable\/\"},\"author\":{\"name\":\"webmaster kapitalis\",\"@id\":\"https:\/\/kapitalis.com\/tunisie\/#\/schema\/person\/d71f33a9ca44f7bad4698210b480c8e9\"},\"headline\":\"Les professionnels tunisiens du textile se mettent \u00e0 l\u2019heure de l\u2019habillement durable\",\"datePublished\":\"2019-06-07T09:33:24+00:00\",\"dateModified\":\"2019-06-07T09:33:28+00:00\",\"mainEntityOfPage\":{\"@id\":\"https:\/\/kapitalis.com\/tunisie\/2019\/06\/07\/les-professionnels-tunisiens-du-textile-se-mettent-a-lheure-de-lhabillement-durable\/\"},\"wordCount\":540,\"commentCount\":0,\"publisher\":{\"@id\":\"https:\/\/kapitalis.com\/tunisie\/#organization\"},\"image\":{\"@id\":\"https:\/\/kapitalis.com\/tunisie\/2019\/06\/07\/les-professionnels-tunisiens-du-textile-se-mettent-a-lheure-de-lhabillement-durable\/#primaryimage\"},\"thumbnailUrl\":\"http:\/\/kapitalis.com\/tunisie\/wp-content\/uploads\/2017\/12\/FTTH.jpg\",\"keywords\":[\"Cettex\",\"FTTH\",\"textile\"],\"articleSection\":[\"ECONOMIE\",\"Tunisie\"],\"inLanguage\":\"fr-FR\",\"potentialAction\":[{\"@type\":\"CommentAction\",\"name\":\"Comment\",\"target\":[\"https:\/\/kapitalis.com\/tunisie\/2019\/06\/07\/les-professionnels-tunisiens-du-textile-se-mettent-a-lheure-de-lhabillement-durable\/#respond\"]}]},{\"@type\":\"WebPage\",\"@id\":\"https:\/\/kapitalis.com\/tunisie\/2019\/06\/07\/les-professionnels-tunisiens-du-textile-se-mettent-a-lheure-de-lhabillement-durable\/\",\"url\":\"https:\/\/kapitalis.com\/tunisie\/2019\/06\/07\/les-professionnels-tunisiens-du-textile-se-mettent-a-lheure-de-lhabillement-durable\/\",\"name\":\"Les professionnels tunisiens du textile se mettent \u00e0 l\u2019heure de l\u2019habillement durable - Kapitalis\",\"isPartOf\":{\"@id\":\"https:\/\/kapitalis.com\/tunisie\/#website\"},\"primaryImageOfPage\":{\"@id\":\"https:\/\/kapitalis.com\/tunisie\/2019\/06\/07\/les-professionnels-tunisiens-du-textile-se-mettent-a-lheure-de-lhabillement-durable\/#primaryimage\"},\"image\":{\"@id\":\"https:\/\/kapitalis.com\/tunisie\/2019\/06\/07\/les-professionnels-tunisiens-du-textile-se-mettent-a-lheure-de-lhabillement-durable\/#primaryimage\"},\"thumbnailUrl\":\"http:\/\/kapitalis.com\/tunisie\/wp-content\/uploads\/2017\/12\/FTTH.jpg\",\"datePublished\":\"2019-06-07T09:33:24+00:00\",\"dateModified\":\"2019-06-07T09:33:28+00:00\",\"breadcrumb\":{\"@id\":\"https:\/\/kapitalis.com\/tunisie\/2019\/06\/07\/les-professionnels-tunisiens-du-textile-se-mettent-a-lheure-de-lhabillement-durable\/#breadcrumb\"},\"inLanguage\":\"fr-FR\",\"potentialAction\":[{\"@type\":\"ReadAction\",\"target\":[\"https:\/\/kapitalis.com\/tunisie\/2019\/06\/07\/les-professionnels-tunisiens-du-textile-se-mettent-a-lheure-de-lhabillement-durable\/\"]}]},{\"@type\":\"ImageObject\",\"inLanguage\":\"fr-FR\",\"@id\":\"https:\/\/kapitalis.com\/tunisie\/2019\/06\/07\/les-professionnels-tunisiens-du-textile-se-mettent-a-lheure-de-lhabillement-durable\/#primaryimage\",\"url\":\"http:\/\/kapitalis.com\/tunisie\/wp-content\/uploads\/2017\/12\/FTTH.jpg\",\"contentUrl\":\"http:\/\/kapitalis.com\/tunisie\/wp-content\/uploads\/2017\/12\/FTTH.jpg\"},{\"@type\":\"BreadcrumbList\",\"@id\":\"https:\/\/kapitalis.com\/tunisie\/2019\/06\/07\/les-professionnels-tunisiens-du-textile-se-mettent-a-lheure-de-lhabillement-durable\/#breadcrumb\",\"itemListElement\":[{\"@type\":\"ListItem\",\"position\":1,\"name\":\"Accueil\",\"item\":\"https:\/\/kapitalis.com\/tunisie\/\"},{\"@type\":\"ListItem\",\"position\":2,\"name\":\"Les professionnels tunisiens du textile se mettent \u00e0 l\u2019heure de l\u2019habillement durable\"}]},{\"@type\":\"WebSite\",\"@id\":\"https:\/\/kapitalis.com\/tunisie\/#website\",\"url\":\"https:\/\/kapitalis.com\/tunisie\/\",\"name\":\"Kapitalis\",\"description\":\"L&#039;actualit\u00e9 en Tunisie et dans le monde\",\"publisher\":{\"@id\":\"https:\/\/kapitalis.com\/tunisie\/#organization\"},\"potentialAction\":[{\"@type\":\"SearchAction\",\"target\":{\"@type\":\"EntryPoint\",\"urlTemplate\":\"https:\/\/kapitalis.com\/tunisie\/?s={search_term_string}\"},\"query-input\":{\"@type\":\"PropertyValueSpecification\",\"valueRequired\":true,\"valueName\":\"search_term_string\"}}],\"inLanguage\":\"fr-FR\"},{\"@type\":\"Organization\",\"@id\":\"https:\/\/kapitalis.com\/tunisie\/#organization\",\"name\":\"Kapitalis\",\"url\":\"https:\/\/kapitalis.com\/tunisie\/\",\"logo\":{\"@type\":\"ImageObject\",\"inLanguage\":\"fr-FR\",\"@id\":\"https:\/\/kapitalis.com\/tunisie\/#\/schema\/logo\/image\/\",\"url\":\"https:\/\/kapitalis.com\/tunisie\/wp-content\/uploads\/2022\/05\/Kapitalis-big-size.png\",\"contentUrl\":\"https:\/\/kapitalis.com\/tunisie\/wp-content\/uploads\/2022\/05\/Kapitalis-big-size.png\",\"width\":5000,\"height\":1500,\"caption\":\"Kapitalis\"},\"image\":{\"@id\":\"https:\/\/kapitalis.com\/tunisie\/#\/schema\/logo\/image\/\"},\"sameAs\":[\"https:\/\/www.facebook.com\/KapitalisInfo\/\",\"https:\/\/x.com\/KapitalisInfo\",\"https:\/\/www.youtube.com\/channel\/UC-yDYrHyfFBWWZaOw3FPg9Q\"]},{\"@type\":\"Person\",\"@id\":\"https:\/\/kapitalis.com\/tunisie\/#\/schema\/person\/d71f33a9ca44f7bad4698210b480c8e9\",\"name\":\"webmaster kapitalis\",\"url\":\"https:\/\/kapitalis.com\/tunisie\/author\/webmaster-kapitalis\/\"}]}<\/script>\n<!-- \/ Yoast SEO plugin. -->","yoast_head_json":{"title":"Les professionnels tunisiens du textile se mettent \u00e0 l\u2019heure de l\u2019habillement durable - Kapitalis","robots":{"index":"index","follow":"follow","max-snippet":"max-snippet:-1","max-image-preview":"max-image-preview:large","max-video-preview":"max-video-preview:-1"},"canonical":"https:\/\/kapitalis.com\/tunisie\/2019\/06\/07\/les-professionnels-tunisiens-du-textile-se-mettent-a-lheure-de-lhabillement-durable\/","og_locale":"fr_FR","og_type":"article","og_title":"Les professionnels tunisiens du textile se mettent \u00e0 l\u2019heure de l\u2019habillement durable - Kapitalis","og_description":"La F\u00e9d\u00e9ration tunisienne du textile et de l\u2019habillement (FTTH), en collaboration avec le Centre technique du textile (Cettex) et le bureau d\u2019\u00e9tudes AS International, organise, jeudi 13 juin au si\u00e8ge de l\u2019Utica, \u00e0 Tunis, un atelier intitul\u00e9 \u00abTunisia Sustainable Fashion\u00bb.","og_url":"https:\/\/kapitalis.com\/tunisie\/2019\/06\/07\/les-professionnels-tunisiens-du-textile-se-mettent-a-lheure-de-lhabillement-durable\/","og_site_name":"Kapitalis","article_publisher":"https:\/\/www.facebook.com\/KapitalisInfo\/","article_published_time":"2019-06-07T09:33:24+00:00","article_modified_time":"2019-06-07T09:33:28+00:00","og_image":[{"url":"http:\/\/kapitalis.com\/tunisie\/wp-content\/uploads\/2017\/12\/FTTH.jpg","type":"","width":"","height":""}],"author":"webmaster kapitalis","twitter_card":"summary_large_image","twitter_creator":"@KapitalisInfo","twitter_site":"@KapitalisInfo","twitter_misc":{"\u00c9crit par":"webmaster kapitalis","Dur\u00e9e de lecture estim\u00e9e":"3 minutes"},"schema":{"@context":"https:\/\/schema.org","@graph":[{"@type":"Article","@id":"https:\/\/kapitalis.com\/tunisie\/2019\/06\/07\/les-professionnels-tunisiens-du-textile-se-mettent-a-lheure-de-lhabillement-durable\/#article","isPartOf":{"@id":"https:\/\/kapitalis.com\/tunisie\/2019\/06\/07\/les-professionnels-tunisiens-du-textile-se-mettent-a-lheure-de-lhabillement-durable\/"},"author":{"name":"webmaster kapitalis","@id":"https:\/\/kapitalis.com\/tunisie\/#\/schema\/person\/d71f33a9ca44f7bad4698210b480c8e9"},"headline":"Les professionnels tunisiens du textile se mettent \u00e0 l\u2019heure de l\u2019habillement durable","datePublished":"2019-06-07T09:33:24+00:00","dateModified":"2019-06-07T09:33:28+00:00","mainEntityOfPage":{"@id":"https:\/\/kapitalis.com\/tunisie\/2019\/06\/07\/les-professionnels-tunisiens-du-textile-se-mettent-a-lheure-de-lhabillement-durable\/"},"wordCount":540,"commentCount":0,"publisher":{"@id":"https:\/\/kapitalis.com\/tunisie\/#organization"},"image":{"@id":"https:\/\/kapitalis.com\/tunisie\/2019\/06\/07\/les-professionnels-tunisiens-du-textile-se-mettent-a-lheure-de-lhabillement-durable\/#primaryimage"},"thumbnailUrl":"http:\/\/kapitalis.com\/tunisie\/wp-content\/uploads\/2017\/12\/FTTH.jpg","keywords":["Cettex","FTTH","textile"],"articleSection":["ECONOMIE","Tunisie"],"inLanguage":"fr-FR","potentialAction":[{"@type":"CommentAction","name":"Comment","target":["https:\/\/kapitalis.com\/tunisie\/2019\/06\/07\/les-professionnels-tunisiens-du-textile-se-mettent-a-lheure-de-lhabillement-durable\/#respond"]}]},{"@type":"WebPage","@id":"https:\/\/kapitalis.com\/tunisie\/2019\/06\/07\/les-professionnels-tunisiens-du-textile-se-mettent-a-lheure-de-lhabillement-durable\/","url":"https:\/\/kapitalis.com\/tunisie\/2019\/06\/07\/les-professionnels-tunisiens-du-textile-se-mettent-a-lheure-de-lhabillement-durable\/","name":"Les professionnels tunisiens du textile se mettent \u00e0 l\u2019heure de l\u2019habillement durable - Kapitalis","isPartOf":{"@id":"https:\/\/kapitalis.com\/tunisie\/#website"},"primaryImageOfPage":{"@id":"https:\/\/kapitalis.com\/tunisie\/2019\/06\/07\/les-professionnels-tunisiens-du-textile-se-mettent-a-lheure-de-lhabillement-durable\/#primaryimage"},"image":{"@id":"https:\/\/kapitalis.com\/tunisie\/2019\/06\/07\/les-professionnels-tunisiens-du-textile-se-mettent-a-lheure-de-lhabillement-durable\/#primaryimage"},"thumbnailUrl":"http:\/\/kapitalis.com\/tunisie\/wp-content\/uploads\/2017\/12\/FTTH.jpg","datePublished":"2019-06-07T09:33:24+00:00","dateModified":"2019-06-07T09:33:28+00:00","breadcrumb":{"@id":"https:\/\/kapitalis.com\/tunisie\/2019\/06\/07\/les-professionnels-tunisiens-du-textile-se-mettent-a-lheure-de-lhabillement-durable\/#breadcrumb"},"inLanguage":"fr-FR","potentialAction":[{"@type":"ReadAction","target":["https:\/\/kapitalis.com\/tunisie\/2019\/06\/07\/les-professionnels-tunisiens-du-textile-se-mettent-a-lheure-de-lhabillement-durable\/"]}]},{"@type":"ImageObject","inLanguage":"fr-FR","@id":"https:\/\/kapitalis.com\/tunisie\/2019\/06\/07\/les-professionnels-tunisiens-du-textile-se-mettent-a-lheure-de-lhabillement-durable\/#primaryimage","url":"http:\/\/kapitalis.com\/tunisie\/wp-content\/uploads\/2017\/12\/FTTH.jpg","contentUrl":"http:\/\/kapitalis.com\/tunisie\/wp-content\/uploads\/2017\/12\/FTTH.jpg"},{"@type":"BreadcrumbList","@id":"https:\/\/kapitalis.com\/tunisie\/2019\/06\/07\/les-professionnels-tunisiens-du-textile-se-mettent-a-lheure-de-lhabillement-durable\/#breadcrumb","itemListElement":[{"@type":"ListItem","position":1,"name":"Accueil","item":"https:\/\/kapitalis.com\/tunisie\/"},{"@type":"ListItem","position":2,"name":"Les professionnels tunisiens du textile se mettent \u00e0 l\u2019heure de l\u2019habillement durable"}]},{"@type":"WebSite","@id":"https:\/\/kapitalis.com\/tunisie\/#website","url":"https:\/\/kapitalis.com\/tunisie\/","name":"Kapitalis","description":"L&#039;actualit\u00e9 en Tunisie et dans le monde","publisher":{"@id":"https:\/\/kapitalis.com\/tunisie\/#organization"},"potentialAction":[{"@type":"SearchAction","target":{"@type":"EntryPoint","urlTemplate":"https:\/\/kapitalis.com\/tunisie\/?s={search_term_string}"},"query-input":{"@type":"PropertyValueSpecification","valueRequired":true,"valueName":"search_term_string"}}],"inLanguage":"fr-FR"},{"@type":"Organization","@id":"https:\/\/kapitalis.com\/tunisie\/#organization","name":"Kapitalis","url":"https:\/\/kapitalis.com\/tunisie\/","logo":{"@type":"ImageObject","inLanguage":"fr-FR","@id":"https:\/\/kapitalis.com\/tunisie\/#\/schema\/logo\/image\/","url":"https:\/\/kapitalis.com\/tunisie\/wp-content\/uploads\/2022\/05\/Kapitalis-big-size.png","contentUrl":"https:\/\/kapitalis.com\/tunisie\/wp-content\/uploads\/2022\/05\/Kapitalis-big-size.png","width":5000,"height":1500,"caption":"Kapitalis"},"image":{"@id":"https:\/\/kapitalis.com\/tunisie\/#\/schema\/logo\/image\/"},"sameAs":["https:\/\/www.facebook.com\/KapitalisInfo\/","https:\/\/x.com\/KapitalisInfo","https:\/\/www.youtube.com\/channel\/UC-yDYrHyfFBWWZaOw3FPg9Q"]},{"@type":"Person","@id":"https:\/\/kapitalis.com\/tunisie\/#\/schema\/person\/d71f33a9ca44f7bad4698210b480c8e9","name":"webmaster kapitalis","url":"https:\/\/kapitalis.com\/tunisie\/author\/webmaster-kapitalis\/"}]}},"_links":{"self":[{"href":"https:\/\/kapitalis.com\/tunisie\/wp-json\/wp\/v2\/posts\/216730","targetHints":{"allow":["GET"]}}],"collection":[{"href":"https:\/\/kapitalis.com\/tunisie\/wp-json\/wp\/v2\/posts"}],"about":[{"href":"https:\/\/kapitalis.com\/tunisie\/wp-json\/wp\/v2\/types\/post"}],"author":[{"embeddable":true,"href":"https:\/\/kapitalis.com\/tunisie\/wp-json\/wp\/v2\/users\/8"}],"replies":[{"embeddable":true,"href":"https:\/\/kapitalis.com\/tunisie\/wp-json\/wp\/v2\/comments?post=216730"}],"version-history":[{"count":0,"href":"https:\/\/kapitalis.com\/tunisie\/wp-json\/wp\/v2\/posts\/216730\/revisions"}],"wp:attachment":[{"href":"https:\/\/kapitalis.com\/tunisie\/wp-json\/wp\/v2\/media?parent=216730"}],"wp:term":[{"taxonomy":"category","embeddable":true,"href":"https:\/\/kapitalis.com\/tunisie\/wp-json\/wp\/v2\/categories?post=216730"},{"taxonomy":"post_tag","embeddable":true,"href":"https:\/\/kapitalis.com\/tunisie\/wp-json\/wp\/v2\/tags?post=216730"}],"curies":[{"name":"wp","href":"https:\/\/api.w.org\/{rel}","templated":true}]}}