{"id":216808,"date":"2019-06-07T13:50:53","date_gmt":"2019-06-07T12:50:53","guid":{"rendered":"http:\/\/kapitalis.com\/tunisie\/?p=216808"},"modified":"2019-06-07T14:08:51","modified_gmt":"2019-06-07T13:08:51","slug":"allemagne-ouverture-du-proces-du-couple-jihadiste-tuniso-allemand-qui-planifiait-un-attentat-a-la-bombe-biologique","status":"publish","type":"post","link":"https:\/\/kapitalis.com\/tunisie\/2019\/06\/07\/allemagne-ouverture-du-proces-du-couple-jihadiste-tuniso-allemand-qui-planifiait-un-attentat-a-la-bombe-biologique\/","title":{"rendered":"Allemagne\u00a0: Ouverture du proc\u00e8s du couple jihadiste tuniso-allemand qui planifiait un attentat \u00e0 la \u00abbombe biologique\u00bb"},"content":{"rendered":"\n<figure class=\"wp-block-image\"><img decoding=\"async\" src=\"http:\/\/kapitalis.com\/tunisie\/wp-content\/uploads\/2018\/06\/Cologne-tunisien-seif-produits-toxiques.jpg\" alt=\"\" class=\"wp-image-159519\"\/><\/figure>\n\n\n\n<p><strong><em>La justice allemande a ouvert aujourd\u2019hui, vendredi 7 juin 2019, le proc\u00e8s du Tunisien Seif Allah H. (30 ans), et sa compagne allemande Yasmine H., 43 ans,  arr\u00eat\u00e9s le 12 juin 2018. Radicalis\u00e9s, les deux suspects planifiaient un attentat \u00e0 la \u00abbombe biologique\u00bb en Allemagne, selon les termes de l&rsquo;accusation.<\/em><\/strong><\/p>\n\n\n\n<!--more-->\n\n\n\n<p>Le proc\u00e8s a \u00e9t\u00e9 ouvert par le parquet antiterroriste de D\u00fcsseldorf, et les deux suspect seront poursuivis pour  <em>\u00abfabrication d\u00e9lib\u00e9r\u00e9e d&rsquo;une arme biologique\u00bb<\/em> visant \u00e0 la <em>\u00abpr\u00e9paration d&rsquo;un acte grave de mise en danger violente de l&rsquo;\u00c9tat\u00bb<\/em>. Ils encourent, chacun, 15 ans de prison ferme.<\/p>\n\n\n\n<p>Selon les m\u00e9dias locaux, citant Holger M\u00fcnch, patron de la police criminelle allemande, le couple a d\u00e9cid\u00e9 \u00e0 l&rsquo;automne 2017 de mener une attaque \u00e0 caract\u00e8re islamiste en Allemagne et de faire exploser un engin au milieu d&rsquo;une foule. <\/p>\n\n\n\n<p>Le Tunisien avait, de son c\u00f4t\u00e9, essay\u00e9 de rejoindre la Syrie, en septembre 2017, via la Turquie mais il avait \u00e9t\u00e9 d\u00e9masqu\u00e9 et dut rebrousser chemin.<\/p>\n\n\n\n<p>Sa copine allemande avait elle aussi un projet de d\u00e9part vers les zones de conflits. Le couple avait fini par abandonner cette id\u00e9e au profit d&rsquo;un attentat en Allemagne.<\/p>\n\n\n\n<p style=\"text-align:right\"><strong>Y. N.<\/strong><\/p>\n\n\n\n<figure class=\"wp-block-embed is-type-rich is-provider-kapitalis\"><div class=\"wp-block-embed__wrapper\">\n<blockquote class=\"wp-embedded-content\" data-secret=\"q9mPwBr8TR\"><a href=\"https:\/\/kapitalis.com\/tunisie\/2018\/06\/14\/produits-toxiques-a-cologne-le-tunisien-seif-place-en-detention\/\">Produits toxiques \u00e0 Cologne : Le Tunisien Seif plac\u00e9 en d\u00e9tention<\/a><\/blockquote><iframe loading=\"lazy\" class=\"wp-embedded-content\" sandbox=\"allow-scripts\" security=\"restricted\" style=\"position: absolute; clip: rect(1px, 1px, 1px, 1px);\" title=\"\u00ab\u00a0Produits toxiques \u00e0 Cologne : Le Tunisien Seif plac\u00e9 en d\u00e9tention\u00a0\u00bb &#8212; Kapitalis\" src=\"https:\/\/kapitalis.com\/tunisie\/2018\/06\/14\/produits-toxiques-a-cologne-le-tunisien-seif-place-en-detention\/embed\/#?secret=6d3ZVGdlFG#?secret=q9mPwBr8TR\" data-secret=\"q9mPwBr8TR\" width=\"600\" height=\"338\" frameborder=\"0\" marginwidth=\"0\" marginheight=\"0\" scrolling=\"no\"><\/iframe>\n<\/div><\/figure>\n","protected":false},"excerpt":{"rendered":"<p>La justice allemande a ouvert aujourd\u2019hui, vendredi 7 juin 2019, le proc\u00e8s du Tunisien Seif Allah H. (30 ans), et sa compagne allemande Yasmine H., 43 ans, arr\u00eat\u00e9s le 12 juin 2018. Radicalis\u00e9s, les deux suspects planifiaient un attentat \u00e0 la \u00abbombe biologique\u00bb en Allemagne, selon les termes de l&rsquo;accusation.<\/p>\n","protected":false},"author":6,"featured_media":0,"comment_status":"open","ping_status":"open","sticky":false,"template":"","format":"standard","meta":{"footnotes":""},"categories":[998,2433],"tags":[1096,105,360,1753,873,897,931],"class_list":["post-216808","post","type-post","status-publish","format-standard","hentry","category-societe","category-tunisie","tag-allemagne","tag-attentat","tag-explosion","tag-jihad","tag-syrie","tag-terrorisme","tag-tunisien"],"yoast_head":"<!-- This site is optimized with the Yoast SEO plugin v26.6 - https:\/\/yoast.com\/wordpress\/plugins\/seo\/ -->\n<title>Allemagne\u00a0: Ouverture du proc\u00e8s du couple jihadiste tuniso-allemand qui planifiait un attentat \u00e0 la \u00abbombe biologique\u00bb - Kapitalis<\/title>\n<meta name=\"robots\" content=\"index, follow, max-snippet:-1, max-image-preview:large, max-video-preview:-1\" \/>\n<link rel=\"canonical\" href=\"https:\/\/kapitalis.com\/tunisie\/2019\/06\/07\/allemagne-ouverture-du-proces-du-couple-jihadiste-tuniso-allemand-qui-planifiait-un-attentat-a-la-bombe-biologique\/\" \/>\n<meta property=\"og:locale\" content=\"fr_FR\" \/>\n<meta property=\"og:type\" content=\"article\" \/>\n<meta property=\"og:title\" content=\"Allemagne\u00a0: Ouverture du proc\u00e8s du couple jihadiste tuniso-allemand qui planifiait un attentat \u00e0 la \u00abbombe biologique\u00bb - Kapitalis\" \/>\n<meta property=\"og:description\" content=\"La justice allemande a ouvert aujourd\u2019hui, vendredi 7 juin 2019, le proc\u00e8s du Tunisien Seif Allah H. (30 ans), et sa compagne allemande Yasmine H., 43 ans, arr\u00eat\u00e9s le 12 juin 2018. Radicalis\u00e9s, les deux suspects planifiaient un attentat \u00e0 la \u00abbombe biologique\u00bb en Allemagne, selon les termes de l&rsquo;accusation.\" \/>\n<meta property=\"og:url\" content=\"https:\/\/kapitalis.com\/tunisie\/2019\/06\/07\/allemagne-ouverture-du-proces-du-couple-jihadiste-tuniso-allemand-qui-planifiait-un-attentat-a-la-bombe-biologique\/\" \/>\n<meta property=\"og:site_name\" content=\"Kapitalis\" \/>\n<meta property=\"article:publisher\" content=\"https:\/\/www.facebook.com\/KapitalisInfo\/\" \/>\n<meta property=\"article:published_time\" content=\"2019-06-07T12:50:53+00:00\" \/>\n<meta property=\"article:modified_time\" content=\"2019-06-07T13:08:51+00:00\" \/>\n<meta property=\"og:image\" content=\"http:\/\/kapitalis.com\/tunisie\/wp-content\/uploads\/2018\/06\/Cologne-tunisien-seif-produits-toxiques.jpg\" \/>\n<meta name=\"author\" content=\"Yusra NY\" \/>\n<meta name=\"twitter:card\" content=\"summary_large_image\" \/>\n<meta name=\"twitter:creator\" content=\"@KapitalisInfo\" \/>\n<meta name=\"twitter:site\" content=\"@KapitalisInfo\" \/>\n<meta name=\"twitter:label1\" content=\"\u00c9crit par\" \/>\n\t<meta name=\"twitter:data1\" content=\"Yusra NY\" \/>\n\t<meta name=\"twitter:label2\" content=\"Dur\u00e9e de lecture estim\u00e9e\" \/>\n\t<meta name=\"twitter:data2\" content=\"1 minute\" \/>\n<script type=\"application\/ld+json\" class=\"yoast-schema-graph\">{\"@context\":\"https:\/\/schema.org\",\"@graph\":[{\"@type\":\"Article\",\"@id\":\"https:\/\/kapitalis.com\/tunisie\/2019\/06\/07\/allemagne-ouverture-du-proces-du-couple-jihadiste-tuniso-allemand-qui-planifiait-un-attentat-a-la-bombe-biologique\/#article\",\"isPartOf\":{\"@id\":\"https:\/\/kapitalis.com\/tunisie\/2019\/06\/07\/allemagne-ouverture-du-proces-du-couple-jihadiste-tuniso-allemand-qui-planifiait-un-attentat-a-la-bombe-biologique\/\"},\"author\":{\"name\":\"Yusra NY\",\"@id\":\"https:\/\/kapitalis.com\/tunisie\/#\/schema\/person\/74bbde0154d49d790a92aaeac5bc01d5\"},\"headline\":\"Allemagne\u00a0: Ouverture du proc\u00e8s du couple jihadiste tuniso-allemand qui planifiait un attentat \u00e0 la \u00abbombe biologique\u00bb\",\"datePublished\":\"2019-06-07T12:50:53+00:00\",\"dateModified\":\"2019-06-07T13:08:51+00:00\",\"mainEntityOfPage\":{\"@id\":\"https:\/\/kapitalis.com\/tunisie\/2019\/06\/07\/allemagne-ouverture-du-proces-du-couple-jihadiste-tuniso-allemand-qui-planifiait-un-attentat-a-la-bombe-biologique\/\"},\"wordCount\":219,\"commentCount\":1,\"publisher\":{\"@id\":\"https:\/\/kapitalis.com\/tunisie\/#organization\"},\"image\":{\"@id\":\"https:\/\/kapitalis.com\/tunisie\/2019\/06\/07\/allemagne-ouverture-du-proces-du-couple-jihadiste-tuniso-allemand-qui-planifiait-un-attentat-a-la-bombe-biologique\/#primaryimage\"},\"thumbnailUrl\":\"http:\/\/kapitalis.com\/tunisie\/wp-content\/uploads\/2018\/06\/Cologne-tunisien-seif-produits-toxiques.jpg\",\"keywords\":[\"Allemagne\",\"attentat\",\"explosion\",\"jihad\",\"Syrie\",\"terrorisme\",\"Tunisien\"],\"articleSection\":[\"SOCIETE\",\"Tunisie\"],\"inLanguage\":\"fr-FR\",\"potentialAction\":[{\"@type\":\"CommentAction\",\"name\":\"Comment\",\"target\":[\"https:\/\/kapitalis.com\/tunisie\/2019\/06\/07\/allemagne-ouverture-du-proces-du-couple-jihadiste-tuniso-allemand-qui-planifiait-un-attentat-a-la-bombe-biologique\/#respond\"]}]},{\"@type\":\"WebPage\",\"@id\":\"https:\/\/kapitalis.com\/tunisie\/2019\/06\/07\/allemagne-ouverture-du-proces-du-couple-jihadiste-tuniso-allemand-qui-planifiait-un-attentat-a-la-bombe-biologique\/\",\"url\":\"https:\/\/kapitalis.com\/tunisie\/2019\/06\/07\/allemagne-ouverture-du-proces-du-couple-jihadiste-tuniso-allemand-qui-planifiait-un-attentat-a-la-bombe-biologique\/\",\"name\":\"Allemagne\u00a0: Ouverture du proc\u00e8s du couple jihadiste tuniso-allemand qui planifiait un attentat \u00e0 la \u00abbombe biologique\u00bb - Kapitalis\",\"isPartOf\":{\"@id\":\"https:\/\/kapitalis.com\/tunisie\/#website\"},\"primaryImageOfPage\":{\"@id\":\"https:\/\/kapitalis.com\/tunisie\/2019\/06\/07\/allemagne-ouverture-du-proces-du-couple-jihadiste-tuniso-allemand-qui-planifiait-un-attentat-a-la-bombe-biologique\/#primaryimage\"},\"image\":{\"@id\":\"https:\/\/kapitalis.com\/tunisie\/2019\/06\/07\/allemagne-ouverture-du-proces-du-couple-jihadiste-tuniso-allemand-qui-planifiait-un-attentat-a-la-bombe-biologique\/#primaryimage\"},\"thumbnailUrl\":\"http:\/\/kapitalis.com\/tunisie\/wp-content\/uploads\/2018\/06\/Cologne-tunisien-seif-produits-toxiques.jpg\",\"datePublished\":\"2019-06-07T12:50:53+00:00\",\"dateModified\":\"2019-06-07T13:08:51+00:00\",\"breadcrumb\":{\"@id\":\"https:\/\/kapitalis.com\/tunisie\/2019\/06\/07\/allemagne-ouverture-du-proces-du-couple-jihadiste-tuniso-allemand-qui-planifiait-un-attentat-a-la-bombe-biologique\/#breadcrumb\"},\"inLanguage\":\"fr-FR\",\"potentialAction\":[{\"@type\":\"ReadAction\",\"target\":[\"https:\/\/kapitalis.com\/tunisie\/2019\/06\/07\/allemagne-ouverture-du-proces-du-couple-jihadiste-tuniso-allemand-qui-planifiait-un-attentat-a-la-bombe-biologique\/\"]}]},{\"@type\":\"ImageObject\",\"inLanguage\":\"fr-FR\",\"@id\":\"https:\/\/kapitalis.com\/tunisie\/2019\/06\/07\/allemagne-ouverture-du-proces-du-couple-jihadiste-tuniso-allemand-qui-planifiait-un-attentat-a-la-bombe-biologique\/#primaryimage\",\"url\":\"http:\/\/kapitalis.com\/tunisie\/wp-content\/uploads\/2018\/06\/Cologne-tunisien-seif-produits-toxiques.jpg\",\"contentUrl\":\"http:\/\/kapitalis.com\/tunisie\/wp-content\/uploads\/2018\/06\/Cologne-tunisien-seif-produits-toxiques.jpg\"},{\"@type\":\"BreadcrumbList\",\"@id\":\"https:\/\/kapitalis.com\/tunisie\/2019\/06\/07\/allemagne-ouverture-du-proces-du-couple-jihadiste-tuniso-allemand-qui-planifiait-un-attentat-a-la-bombe-biologique\/#breadcrumb\",\"itemListElement\":[{\"@type\":\"ListItem\",\"position\":1,\"name\":\"Accueil\",\"item\":\"https:\/\/kapitalis.com\/tunisie\/\"},{\"@type\":\"ListItem\",\"position\":2,\"name\":\"Allemagne\u00a0: Ouverture du proc\u00e8s du couple jihadiste tuniso-allemand qui planifiait un attentat \u00e0 la \u00abbombe biologique\u00bb\"}]},{\"@type\":\"WebSite\",\"@id\":\"https:\/\/kapitalis.com\/tunisie\/#website\",\"url\":\"https:\/\/kapitalis.com\/tunisie\/\",\"name\":\"Kapitalis\",\"description\":\"L&#039;actualit\u00e9 en Tunisie et dans le monde\",\"publisher\":{\"@id\":\"https:\/\/kapitalis.com\/tunisie\/#organization\"},\"potentialAction\":[{\"@type\":\"SearchAction\",\"target\":{\"@type\":\"EntryPoint\",\"urlTemplate\":\"https:\/\/kapitalis.com\/tunisie\/?s={search_term_string}\"},\"query-input\":{\"@type\":\"PropertyValueSpecification\",\"valueRequired\":true,\"valueName\":\"search_term_string\"}}],\"inLanguage\":\"fr-FR\"},{\"@type\":\"Organization\",\"@id\":\"https:\/\/kapitalis.com\/tunisie\/#organization\",\"name\":\"Kapitalis\",\"url\":\"https:\/\/kapitalis.com\/tunisie\/\",\"logo\":{\"@type\":\"ImageObject\",\"inLanguage\":\"fr-FR\",\"@id\":\"https:\/\/kapitalis.com\/tunisie\/#\/schema\/logo\/image\/\",\"url\":\"https:\/\/kapitalis.com\/tunisie\/wp-content\/uploads\/2022\/05\/Kapitalis-big-size.png\",\"contentUrl\":\"https:\/\/kapitalis.com\/tunisie\/wp-content\/uploads\/2022\/05\/Kapitalis-big-size.png\",\"width\":5000,\"height\":1500,\"caption\":\"Kapitalis\"},\"image\":{\"@id\":\"https:\/\/kapitalis.com\/tunisie\/#\/schema\/logo\/image\/\"},\"sameAs\":[\"https:\/\/www.facebook.com\/KapitalisInfo\/\",\"https:\/\/x.com\/KapitalisInfo\",\"https:\/\/www.youtube.com\/channel\/UC-yDYrHyfFBWWZaOw3FPg9Q\"]},{\"@type\":\"Person\",\"@id\":\"https:\/\/kapitalis.com\/tunisie\/#\/schema\/person\/74bbde0154d49d790a92aaeac5bc01d5\",\"name\":\"Yusra NY\",\"url\":\"https:\/\/kapitalis.com\/tunisie\/author\/yuza_adam\/\"}]}<\/script>\n<!-- \/ Yoast SEO plugin. -->","yoast_head_json":{"title":"Allemagne\u00a0: Ouverture du proc\u00e8s du couple jihadiste tuniso-allemand qui planifiait un attentat \u00e0 la \u00abbombe biologique\u00bb - Kapitalis","robots":{"index":"index","follow":"follow","max-snippet":"max-snippet:-1","max-image-preview":"max-image-preview:large","max-video-preview":"max-video-preview:-1"},"canonical":"https:\/\/kapitalis.com\/tunisie\/2019\/06\/07\/allemagne-ouverture-du-proces-du-couple-jihadiste-tuniso-allemand-qui-planifiait-un-attentat-a-la-bombe-biologique\/","og_locale":"fr_FR","og_type":"article","og_title":"Allemagne\u00a0: Ouverture du proc\u00e8s du couple jihadiste tuniso-allemand qui planifiait un attentat \u00e0 la \u00abbombe biologique\u00bb - Kapitalis","og_description":"La justice allemande a ouvert aujourd\u2019hui, vendredi 7 juin 2019, le proc\u00e8s du Tunisien Seif Allah H. (30 ans), et sa compagne allemande Yasmine H., 43 ans, arr\u00eat\u00e9s le 12 juin 2018. Radicalis\u00e9s, les deux suspects planifiaient un attentat \u00e0 la \u00abbombe biologique\u00bb en Allemagne, selon les termes de l&rsquo;accusation.","og_url":"https:\/\/kapitalis.com\/tunisie\/2019\/06\/07\/allemagne-ouverture-du-proces-du-couple-jihadiste-tuniso-allemand-qui-planifiait-un-attentat-a-la-bombe-biologique\/","og_site_name":"Kapitalis","article_publisher":"https:\/\/www.facebook.com\/KapitalisInfo\/","article_published_time":"2019-06-07T12:50:53+00:00","article_modified_time":"2019-06-07T13:08:51+00:00","og_image":[{"url":"http:\/\/kapitalis.com\/tunisie\/wp-content\/uploads\/2018\/06\/Cologne-tunisien-seif-produits-toxiques.jpg","type":"","width":"","height":""}],"author":"Yusra NY","twitter_card":"summary_large_image","twitter_creator":"@KapitalisInfo","twitter_site":"@KapitalisInfo","twitter_misc":{"\u00c9crit par":"Yusra NY","Dur\u00e9e de lecture estim\u00e9e":"1 minute"},"schema":{"@context":"https:\/\/schema.org","@graph":[{"@type":"Article","@id":"https:\/\/kapitalis.com\/tunisie\/2019\/06\/07\/allemagne-ouverture-du-proces-du-couple-jihadiste-tuniso-allemand-qui-planifiait-un-attentat-a-la-bombe-biologique\/#article","isPartOf":{"@id":"https:\/\/kapitalis.com\/tunisie\/2019\/06\/07\/allemagne-ouverture-du-proces-du-couple-jihadiste-tuniso-allemand-qui-planifiait-un-attentat-a-la-bombe-biologique\/"},"author":{"name":"Yusra NY","@id":"https:\/\/kapitalis.com\/tunisie\/#\/schema\/person\/74bbde0154d49d790a92aaeac5bc01d5"},"headline":"Allemagne\u00a0: Ouverture du proc\u00e8s du couple jihadiste tuniso-allemand qui planifiait un attentat \u00e0 la \u00abbombe biologique\u00bb","datePublished":"2019-06-07T12:50:53+00:00","dateModified":"2019-06-07T13:08:51+00:00","mainEntityOfPage":{"@id":"https:\/\/kapitalis.com\/tunisie\/2019\/06\/07\/allemagne-ouverture-du-proces-du-couple-jihadiste-tuniso-allemand-qui-planifiait-un-attentat-a-la-bombe-biologique\/"},"wordCount":219,"commentCount":1,"publisher":{"@id":"https:\/\/kapitalis.com\/tunisie\/#organization"},"image":{"@id":"https:\/\/kapitalis.com\/tunisie\/2019\/06\/07\/allemagne-ouverture-du-proces-du-couple-jihadiste-tuniso-allemand-qui-planifiait-un-attentat-a-la-bombe-biologique\/#primaryimage"},"thumbnailUrl":"http:\/\/kapitalis.com\/tunisie\/wp-content\/uploads\/2018\/06\/Cologne-tunisien-seif-produits-toxiques.jpg","keywords":["Allemagne","attentat","explosion","jihad","Syrie","terrorisme","Tunisien"],"articleSection":["SOCIETE","Tunisie"],"inLanguage":"fr-FR","potentialAction":[{"@type":"CommentAction","name":"Comment","target":["https:\/\/kapitalis.com\/tunisie\/2019\/06\/07\/allemagne-ouverture-du-proces-du-couple-jihadiste-tuniso-allemand-qui-planifiait-un-attentat-a-la-bombe-biologique\/#respond"]}]},{"@type":"WebPage","@id":"https:\/\/kapitalis.com\/tunisie\/2019\/06\/07\/allemagne-ouverture-du-proces-du-couple-jihadiste-tuniso-allemand-qui-planifiait-un-attentat-a-la-bombe-biologique\/","url":"https:\/\/kapitalis.com\/tunisie\/2019\/06\/07\/allemagne-ouverture-du-proces-du-couple-jihadiste-tuniso-allemand-qui-planifiait-un-attentat-a-la-bombe-biologique\/","name":"Allemagne\u00a0: Ouverture du proc\u00e8s du couple jihadiste tuniso-allemand qui planifiait un attentat \u00e0 la \u00abbombe biologique\u00bb - Kapitalis","isPartOf":{"@id":"https:\/\/kapitalis.com\/tunisie\/#website"},"primaryImageOfPage":{"@id":"https:\/\/kapitalis.com\/tunisie\/2019\/06\/07\/allemagne-ouverture-du-proces-du-couple-jihadiste-tuniso-allemand-qui-planifiait-un-attentat-a-la-bombe-biologique\/#primaryimage"},"image":{"@id":"https:\/\/kapitalis.com\/tunisie\/2019\/06\/07\/allemagne-ouverture-du-proces-du-couple-jihadiste-tuniso-allemand-qui-planifiait-un-attentat-a-la-bombe-biologique\/#primaryimage"},"thumbnailUrl":"http:\/\/kapitalis.com\/tunisie\/wp-content\/uploads\/2018\/06\/Cologne-tunisien-seif-produits-toxiques.jpg","datePublished":"2019-06-07T12:50:53+00:00","dateModified":"2019-06-07T13:08:51+00:00","breadcrumb":{"@id":"https:\/\/kapitalis.com\/tunisie\/2019\/06\/07\/allemagne-ouverture-du-proces-du-couple-jihadiste-tuniso-allemand-qui-planifiait-un-attentat-a-la-bombe-biologique\/#breadcrumb"},"inLanguage":"fr-FR","potentialAction":[{"@type":"ReadAction","target":["https:\/\/kapitalis.com\/tunisie\/2019\/06\/07\/allemagne-ouverture-du-proces-du-couple-jihadiste-tuniso-allemand-qui-planifiait-un-attentat-a-la-bombe-biologique\/"]}]},{"@type":"ImageObject","inLanguage":"fr-FR","@id":"https:\/\/kapitalis.com\/tunisie\/2019\/06\/07\/allemagne-ouverture-du-proces-du-couple-jihadiste-tuniso-allemand-qui-planifiait-un-attentat-a-la-bombe-biologique\/#primaryimage","url":"http:\/\/kapitalis.com\/tunisie\/wp-content\/uploads\/2018\/06\/Cologne-tunisien-seif-produits-toxiques.jpg","contentUrl":"http:\/\/kapitalis.com\/tunisie\/wp-content\/uploads\/2018\/06\/Cologne-tunisien-seif-produits-toxiques.jpg"},{"@type":"BreadcrumbList","@id":"https:\/\/kapitalis.com\/tunisie\/2019\/06\/07\/allemagne-ouverture-du-proces-du-couple-jihadiste-tuniso-allemand-qui-planifiait-un-attentat-a-la-bombe-biologique\/#breadcrumb","itemListElement":[{"@type":"ListItem","position":1,"name":"Accueil","item":"https:\/\/kapitalis.com\/tunisie\/"},{"@type":"ListItem","position":2,"name":"Allemagne\u00a0: Ouverture du proc\u00e8s du couple jihadiste tuniso-allemand qui planifiait un attentat \u00e0 la \u00abbombe biologique\u00bb"}]},{"@type":"WebSite","@id":"https:\/\/kapitalis.com\/tunisie\/#website","url":"https:\/\/kapitalis.com\/tunisie\/","name":"Kapitalis","description":"L&#039;actualit\u00e9 en Tunisie et dans le monde","publisher":{"@id":"https:\/\/kapitalis.com\/tunisie\/#organization"},"potentialAction":[{"@type":"SearchAction","target":{"@type":"EntryPoint","urlTemplate":"https:\/\/kapitalis.com\/tunisie\/?s={search_term_string}"},"query-input":{"@type":"PropertyValueSpecification","valueRequired":true,"valueName":"search_term_string"}}],"inLanguage":"fr-FR"},{"@type":"Organization","@id":"https:\/\/kapitalis.com\/tunisie\/#organization","name":"Kapitalis","url":"https:\/\/kapitalis.com\/tunisie\/","logo":{"@type":"ImageObject","inLanguage":"fr-FR","@id":"https:\/\/kapitalis.com\/tunisie\/#\/schema\/logo\/image\/","url":"https:\/\/kapitalis.com\/tunisie\/wp-content\/uploads\/2022\/05\/Kapitalis-big-size.png","contentUrl":"https:\/\/kapitalis.com\/tunisie\/wp-content\/uploads\/2022\/05\/Kapitalis-big-size.png","width":5000,"height":1500,"caption":"Kapitalis"},"image":{"@id":"https:\/\/kapitalis.com\/tunisie\/#\/schema\/logo\/image\/"},"sameAs":["https:\/\/www.facebook.com\/KapitalisInfo\/","https:\/\/x.com\/KapitalisInfo","https:\/\/www.youtube.com\/channel\/UC-yDYrHyfFBWWZaOw3FPg9Q"]},{"@type":"Person","@id":"https:\/\/kapitalis.com\/tunisie\/#\/schema\/person\/74bbde0154d49d790a92aaeac5bc01d5","name":"Yusra NY","url":"https:\/\/kapitalis.com\/tunisie\/author\/yuza_adam\/"}]}},"_links":{"self":[{"href":"https:\/\/kapitalis.com\/tunisie\/wp-json\/wp\/v2\/posts\/216808","targetHints":{"allow":["GET"]}}],"collection":[{"href":"https:\/\/kapitalis.com\/tunisie\/wp-json\/wp\/v2\/posts"}],"about":[{"href":"https:\/\/kapitalis.com\/tunisie\/wp-json\/wp\/v2\/types\/post"}],"author":[{"embeddable":true,"href":"https:\/\/kapitalis.com\/tunisie\/wp-json\/wp\/v2\/users\/6"}],"replies":[{"embeddable":true,"href":"https:\/\/kapitalis.com\/tunisie\/wp-json\/wp\/v2\/comments?post=216808"}],"version-history":[{"count":0,"href":"https:\/\/kapitalis.com\/tunisie\/wp-json\/wp\/v2\/posts\/216808\/revisions"}],"wp:attachment":[{"href":"https:\/\/kapitalis.com\/tunisie\/wp-json\/wp\/v2\/media?parent=216808"}],"wp:term":[{"taxonomy":"category","embeddable":true,"href":"https:\/\/kapitalis.com\/tunisie\/wp-json\/wp\/v2\/categories?post=216808"},{"taxonomy":"post_tag","embeddable":true,"href":"https:\/\/kapitalis.com\/tunisie\/wp-json\/wp\/v2\/tags?post=216808"}],"curies":[{"name":"wp","href":"https:\/\/api.w.org\/{rel}","templated":true}]}}