{"id":2168765,"date":"2022-07-11T15:53:55","date_gmt":"2022-07-11T14:53:55","guid":{"rendered":"https:\/\/kapitalis.com\/tunisie\/?p=2168765"},"modified":"2022-08-25T16:13:00","modified_gmt":"2022-08-25T15:13:00","slug":"tunisie-sami-ben-slama-assure-que-ses-collegues-a-lisie-veulent-son-limogeage","status":"publish","type":"post","link":"https:\/\/kapitalis.com\/tunisie\/2022\/07\/11\/tunisie-sami-ben-slama-assure-que-ses-collegues-a-lisie-veulent-son-limogeage\/","title":{"rendered":"Tunisie : Sami Ben Slama assure que ses coll\u00e8gues \u00e0 l&rsquo;Isie veulent son limogeage"},"content":{"rendered":"\n<p><strong><em>A travers des statuts Facebook, le membre de l&rsquo;Instance sup\u00e9rieure ind\u00e9pendante pour les \u00e9lections (Isie), Sami Ben Slama, a d\u00e9voil\u00e9, ce lundi 11 juillet 2022, les conflits qu&rsquo;il a avec certains de ses coll\u00e8gues.<\/em><\/strong><\/p>\n\n\n\n<!--more-->\n\n\n\n<p>Ces derniers seraient all\u00e9s jusqu&rsquo;\u00e0 demander au pr\u00e9sident de la r\u00e9publique, Ka\u00efs Sa\u00efed, qui d\u00e9tient aujourd&rsquo;hui tous les pouvoirs, de le limoger.<\/p>\n\n\n\n<p>\u00ab<em>J&rsquo;ai refus\u00e9 d&rsquo;assister uniquement au point li\u00e9 \u00e0 la demande au pr\u00e9sident de la r\u00e9publique de me d\u00e9mettre de mes fonctions, car l&rsquo;invitation \u00e0 la r\u00e9union a \u00e9t\u00e9 \u00e0 la base ill\u00e9gale et ridicule. Ils ont d\u00e9cid\u00e9 \u00e0 l&rsquo;unanimit\u00e9 de demander mon limoge apr\u00e8s m&rsquo;avoir adress\u00e9 un avertissement&#8230; Bien s\u00fbr, j&rsquo;ai r\u00e9pondu \u00e0 l&rsquo;avertissement par \u00e9crit au bureau de contr\u00f4le et les ai tous remis \u00e0 leur place<\/em>\u00bb, a \u00e9crit M. Ben Slama en parlant des membres de l&rsquo;Isie.<\/p>\n\n\n\n<p>Dans un autre statut il a \u00e9crit : \u00ab<em>J&rsquo;ai retrouv\u00e9 deux candidats \u00e0 des instances secondaires dont l&rsquo;ind\u00e9pendance est contestable et que nous avons convenu de ne pas accepter lors du pr\u00e9c\u00e9dent conseil. Et quand je me suis oppos\u00e9 \u00e0 une liste pr\u00e9con\u00e7ue, en violation de la d\u00e9cision du conseil, ils m&rsquo;ont r\u00e9pondu que je n&rsquo;avais pas \u00e0 donner mon avis<\/em>\u00bb.<\/p>\n\n\n\n<p class=\"has-text-align-right\"><strong>C. B. Y.<\/strong><\/p>\n","protected":false},"excerpt":{"rendered":"<p>A travers des statuts Facebook, le membre de l&rsquo;Instance sup\u00e9rieure ind\u00e9pendante pour les \u00e9lections (Isie), Sami Ben Slama, a d\u00e9voil\u00e9, ce lundi 11 juillet 2022, les conflits qu&rsquo;il a avec certains de ses coll\u00e8gues.<\/p>\n","protected":false},"author":24,"featured_media":1909386,"comment_status":"open","ping_status":"open","sticky":false,"template":"","format":"standard","meta":{"footnotes":""},"categories":[997,2433],"tags":[499,76012,40484],"class_list":["post-2168765","post","type-post","status-publish","format-standard","has-post-thumbnail","hentry","category-politique","category-tunisie","tag-isie","tag-kais-saied-2","tag-sami-ben-slama"],"yoast_head":"<!-- This site is optimized with the Yoast SEO plugin v26.6 - https:\/\/yoast.com\/wordpress\/plugins\/seo\/ -->\n<title>Tunisie : Sami Ben Slama assure que ses coll\u00e8gues \u00e0 l&#039;Isie veulent son limogeage - Kapitalis<\/title>\n<meta name=\"robots\" content=\"index, follow, max-snippet:-1, max-image-preview:large, max-video-preview:-1\" \/>\n<link rel=\"canonical\" href=\"https:\/\/kapitalis.com\/tunisie\/2022\/07\/11\/tunisie-sami-ben-slama-assure-que-ses-collegues-a-lisie-veulent-son-limogeage\/\" \/>\n<meta property=\"og:locale\" content=\"fr_FR\" \/>\n<meta property=\"og:type\" content=\"article\" \/>\n<meta property=\"og:title\" content=\"Tunisie : Sami Ben Slama assure que ses coll\u00e8gues \u00e0 l&#039;Isie veulent son limogeage - Kapitalis\" \/>\n<meta property=\"og:description\" content=\"A travers des statuts Facebook, le membre de l&rsquo;Instance sup\u00e9rieure ind\u00e9pendante pour les \u00e9lections (Isie), Sami Ben Slama, a d\u00e9voil\u00e9, ce lundi 11 juillet 2022, les conflits qu&rsquo;il a avec certains de ses coll\u00e8gues.\" \/>\n<meta property=\"og:url\" content=\"https:\/\/kapitalis.com\/tunisie\/2022\/07\/11\/tunisie-sami-ben-slama-assure-que-ses-collegues-a-lisie-veulent-son-limogeage\/\" \/>\n<meta property=\"og:site_name\" content=\"Kapitalis\" \/>\n<meta property=\"article:publisher\" content=\"https:\/\/www.facebook.com\/KapitalisInfo\/\" \/>\n<meta property=\"article:published_time\" content=\"2022-07-11T14:53:55+00:00\" \/>\n<meta property=\"article:modified_time\" content=\"2022-08-25T15:13:00+00:00\" \/>\n<meta property=\"og:image\" content=\"https:\/\/kapitalis.com\/tunisie\/wp-content\/uploads\/2022\/07\/Sami-Ben-Slama.jpg\" \/>\n\t<meta property=\"og:image:width\" content=\"1200\" \/>\n\t<meta property=\"og:image:height\" content=\"630\" \/>\n\t<meta property=\"og:image:type\" content=\"image\/jpeg\" \/>\n<meta name=\"author\" content=\"Cherif Benyounes\" \/>\n<meta name=\"twitter:card\" content=\"summary_large_image\" \/>\n<meta name=\"twitter:creator\" content=\"@KapitalisInfo\" \/>\n<meta name=\"twitter:site\" content=\"@KapitalisInfo\" \/>\n<meta name=\"twitter:label1\" content=\"\u00c9crit par\" \/>\n\t<meta name=\"twitter:data1\" content=\"Cherif Benyounes\" \/>\n\t<meta name=\"twitter:label2\" content=\"Dur\u00e9e de lecture estim\u00e9e\" \/>\n\t<meta name=\"twitter:data2\" content=\"2 minutes\" \/>\n<script type=\"application\/ld+json\" class=\"yoast-schema-graph\">{\"@context\":\"https:\/\/schema.org\",\"@graph\":[{\"@type\":\"Article\",\"@id\":\"https:\/\/kapitalis.com\/tunisie\/2022\/07\/11\/tunisie-sami-ben-slama-assure-que-ses-collegues-a-lisie-veulent-son-limogeage\/#article\",\"isPartOf\":{\"@id\":\"https:\/\/kapitalis.com\/tunisie\/2022\/07\/11\/tunisie-sami-ben-slama-assure-que-ses-collegues-a-lisie-veulent-son-limogeage\/\"},\"author\":{\"name\":\"Cherif Benyounes\",\"@id\":\"https:\/\/kapitalis.com\/tunisie\/#\/schema\/person\/b35b8d631961131107263178aeb8019e\"},\"headline\":\"Tunisie : Sami Ben Slama assure que ses coll\u00e8gues \u00e0 l&rsquo;Isie veulent son limogeage\",\"datePublished\":\"2022-07-11T14:53:55+00:00\",\"dateModified\":\"2022-08-25T15:13:00+00:00\",\"mainEntityOfPage\":{\"@id\":\"https:\/\/kapitalis.com\/tunisie\/2022\/07\/11\/tunisie-sami-ben-slama-assure-que-ses-collegues-a-lisie-veulent-son-limogeage\/\"},\"wordCount\":227,\"commentCount\":0,\"publisher\":{\"@id\":\"https:\/\/kapitalis.com\/tunisie\/#organization\"},\"image\":{\"@id\":\"https:\/\/kapitalis.com\/tunisie\/2022\/07\/11\/tunisie-sami-ben-slama-assure-que-ses-collegues-a-lisie-veulent-son-limogeage\/#primaryimage\"},\"thumbnailUrl\":\"https:\/\/kapitalis.com\/tunisie\/wp-content\/uploads\/2022\/07\/Sami-Ben-Slama.jpg\",\"keywords\":[\"Isie\",\"Ka\u00efs Sa\u00efed\",\"Sami Ben Slama\"],\"articleSection\":[\"POLITIQUE\",\"Tunisie\"],\"inLanguage\":\"fr-FR\",\"potentialAction\":[{\"@type\":\"CommentAction\",\"name\":\"Comment\",\"target\":[\"https:\/\/kapitalis.com\/tunisie\/2022\/07\/11\/tunisie-sami-ben-slama-assure-que-ses-collegues-a-lisie-veulent-son-limogeage\/#respond\"]}]},{\"@type\":\"WebPage\",\"@id\":\"https:\/\/kapitalis.com\/tunisie\/2022\/07\/11\/tunisie-sami-ben-slama-assure-que-ses-collegues-a-lisie-veulent-son-limogeage\/\",\"url\":\"https:\/\/kapitalis.com\/tunisie\/2022\/07\/11\/tunisie-sami-ben-slama-assure-que-ses-collegues-a-lisie-veulent-son-limogeage\/\",\"name\":\"Tunisie : Sami Ben Slama assure que ses coll\u00e8gues \u00e0 l'Isie veulent son limogeage - Kapitalis\",\"isPartOf\":{\"@id\":\"https:\/\/kapitalis.com\/tunisie\/#website\"},\"primaryImageOfPage\":{\"@id\":\"https:\/\/kapitalis.com\/tunisie\/2022\/07\/11\/tunisie-sami-ben-slama-assure-que-ses-collegues-a-lisie-veulent-son-limogeage\/#primaryimage\"},\"image\":{\"@id\":\"https:\/\/kapitalis.com\/tunisie\/2022\/07\/11\/tunisie-sami-ben-slama-assure-que-ses-collegues-a-lisie-veulent-son-limogeage\/#primaryimage\"},\"thumbnailUrl\":\"https:\/\/kapitalis.com\/tunisie\/wp-content\/uploads\/2022\/07\/Sami-Ben-Slama.jpg\",\"datePublished\":\"2022-07-11T14:53:55+00:00\",\"dateModified\":\"2022-08-25T15:13:00+00:00\",\"breadcrumb\":{\"@id\":\"https:\/\/kapitalis.com\/tunisie\/2022\/07\/11\/tunisie-sami-ben-slama-assure-que-ses-collegues-a-lisie-veulent-son-limogeage\/#breadcrumb\"},\"inLanguage\":\"fr-FR\",\"potentialAction\":[{\"@type\":\"ReadAction\",\"target\":[\"https:\/\/kapitalis.com\/tunisie\/2022\/07\/11\/tunisie-sami-ben-slama-assure-que-ses-collegues-a-lisie-veulent-son-limogeage\/\"]}]},{\"@type\":\"ImageObject\",\"inLanguage\":\"fr-FR\",\"@id\":\"https:\/\/kapitalis.com\/tunisie\/2022\/07\/11\/tunisie-sami-ben-slama-assure-que-ses-collegues-a-lisie-veulent-son-limogeage\/#primaryimage\",\"url\":\"https:\/\/kapitalis.com\/tunisie\/wp-content\/uploads\/2022\/07\/Sami-Ben-Slama.jpg\",\"contentUrl\":\"https:\/\/kapitalis.com\/tunisie\/wp-content\/uploads\/2022\/07\/Sami-Ben-Slama.jpg\",\"width\":1200,\"height\":630},{\"@type\":\"BreadcrumbList\",\"@id\":\"https:\/\/kapitalis.com\/tunisie\/2022\/07\/11\/tunisie-sami-ben-slama-assure-que-ses-collegues-a-lisie-veulent-son-limogeage\/#breadcrumb\",\"itemListElement\":[{\"@type\":\"ListItem\",\"position\":1,\"name\":\"Accueil\",\"item\":\"https:\/\/kapitalis.com\/tunisie\/\"},{\"@type\":\"ListItem\",\"position\":2,\"name\":\"Tunisie : Sami Ben Slama assure que ses coll\u00e8gues \u00e0 l&rsquo;Isie veulent son limogeage\"}]},{\"@type\":\"WebSite\",\"@id\":\"https:\/\/kapitalis.com\/tunisie\/#website\",\"url\":\"https:\/\/kapitalis.com\/tunisie\/\",\"name\":\"Kapitalis\",\"description\":\"L&#039;actualit\u00e9 en Tunisie et dans le monde\",\"publisher\":{\"@id\":\"https:\/\/kapitalis.com\/tunisie\/#organization\"},\"potentialAction\":[{\"@type\":\"SearchAction\",\"target\":{\"@type\":\"EntryPoint\",\"urlTemplate\":\"https:\/\/kapitalis.com\/tunisie\/?s={search_term_string}\"},\"query-input\":{\"@type\":\"PropertyValueSpecification\",\"valueRequired\":true,\"valueName\":\"search_term_string\"}}],\"inLanguage\":\"fr-FR\"},{\"@type\":\"Organization\",\"@id\":\"https:\/\/kapitalis.com\/tunisie\/#organization\",\"name\":\"Kapitalis\",\"url\":\"https:\/\/kapitalis.com\/tunisie\/\",\"logo\":{\"@type\":\"ImageObject\",\"inLanguage\":\"fr-FR\",\"@id\":\"https:\/\/kapitalis.com\/tunisie\/#\/schema\/logo\/image\/\",\"url\":\"https:\/\/kapitalis.com\/tunisie\/wp-content\/uploads\/2022\/05\/Kapitalis-big-size.png\",\"contentUrl\":\"https:\/\/kapitalis.com\/tunisie\/wp-content\/uploads\/2022\/05\/Kapitalis-big-size.png\",\"width\":5000,\"height\":1500,\"caption\":\"Kapitalis\"},\"image\":{\"@id\":\"https:\/\/kapitalis.com\/tunisie\/#\/schema\/logo\/image\/\"},\"sameAs\":[\"https:\/\/www.facebook.com\/KapitalisInfo\/\",\"https:\/\/x.com\/KapitalisInfo\",\"https:\/\/www.youtube.com\/channel\/UC-yDYrHyfFBWWZaOw3FPg9Q\"]},{\"@type\":\"Person\",\"@id\":\"https:\/\/kapitalis.com\/tunisie\/#\/schema\/person\/b35b8d631961131107263178aeb8019e\",\"name\":\"Cherif Benyounes\",\"url\":\"https:\/\/kapitalis.com\/tunisie\/author\/cherif\/\"}]}<\/script>\n<!-- \/ Yoast SEO plugin. -->","yoast_head_json":{"title":"Tunisie : Sami Ben Slama assure que ses coll\u00e8gues \u00e0 l'Isie veulent son limogeage - Kapitalis","robots":{"index":"index","follow":"follow","max-snippet":"max-snippet:-1","max-image-preview":"max-image-preview:large","max-video-preview":"max-video-preview:-1"},"canonical":"https:\/\/kapitalis.com\/tunisie\/2022\/07\/11\/tunisie-sami-ben-slama-assure-que-ses-collegues-a-lisie-veulent-son-limogeage\/","og_locale":"fr_FR","og_type":"article","og_title":"Tunisie : Sami Ben Slama assure que ses coll\u00e8gues \u00e0 l'Isie veulent son limogeage - Kapitalis","og_description":"A travers des statuts Facebook, le membre de l&rsquo;Instance sup\u00e9rieure ind\u00e9pendante pour les \u00e9lections (Isie), Sami Ben Slama, a d\u00e9voil\u00e9, ce lundi 11 juillet 2022, les conflits qu&rsquo;il a avec certains de ses coll\u00e8gues.","og_url":"https:\/\/kapitalis.com\/tunisie\/2022\/07\/11\/tunisie-sami-ben-slama-assure-que-ses-collegues-a-lisie-veulent-son-limogeage\/","og_site_name":"Kapitalis","article_publisher":"https:\/\/www.facebook.com\/KapitalisInfo\/","article_published_time":"2022-07-11T14:53:55+00:00","article_modified_time":"2022-08-25T15:13:00+00:00","og_image":[{"width":1200,"height":630,"url":"https:\/\/kapitalis.com\/tunisie\/wp-content\/uploads\/2022\/07\/Sami-Ben-Slama.jpg","type":"image\/jpeg"}],"author":"Cherif Benyounes","twitter_card":"summary_large_image","twitter_creator":"@KapitalisInfo","twitter_site":"@KapitalisInfo","twitter_misc":{"\u00c9crit par":"Cherif Benyounes","Dur\u00e9e de lecture estim\u00e9e":"2 minutes"},"schema":{"@context":"https:\/\/schema.org","@graph":[{"@type":"Article","@id":"https:\/\/kapitalis.com\/tunisie\/2022\/07\/11\/tunisie-sami-ben-slama-assure-que-ses-collegues-a-lisie-veulent-son-limogeage\/#article","isPartOf":{"@id":"https:\/\/kapitalis.com\/tunisie\/2022\/07\/11\/tunisie-sami-ben-slama-assure-que-ses-collegues-a-lisie-veulent-son-limogeage\/"},"author":{"name":"Cherif Benyounes","@id":"https:\/\/kapitalis.com\/tunisie\/#\/schema\/person\/b35b8d631961131107263178aeb8019e"},"headline":"Tunisie : Sami Ben Slama assure que ses coll\u00e8gues \u00e0 l&rsquo;Isie veulent son limogeage","datePublished":"2022-07-11T14:53:55+00:00","dateModified":"2022-08-25T15:13:00+00:00","mainEntityOfPage":{"@id":"https:\/\/kapitalis.com\/tunisie\/2022\/07\/11\/tunisie-sami-ben-slama-assure-que-ses-collegues-a-lisie-veulent-son-limogeage\/"},"wordCount":227,"commentCount":0,"publisher":{"@id":"https:\/\/kapitalis.com\/tunisie\/#organization"},"image":{"@id":"https:\/\/kapitalis.com\/tunisie\/2022\/07\/11\/tunisie-sami-ben-slama-assure-que-ses-collegues-a-lisie-veulent-son-limogeage\/#primaryimage"},"thumbnailUrl":"https:\/\/kapitalis.com\/tunisie\/wp-content\/uploads\/2022\/07\/Sami-Ben-Slama.jpg","keywords":["Isie","Ka\u00efs Sa\u00efed","Sami Ben Slama"],"articleSection":["POLITIQUE","Tunisie"],"inLanguage":"fr-FR","potentialAction":[{"@type":"CommentAction","name":"Comment","target":["https:\/\/kapitalis.com\/tunisie\/2022\/07\/11\/tunisie-sami-ben-slama-assure-que-ses-collegues-a-lisie-veulent-son-limogeage\/#respond"]}]},{"@type":"WebPage","@id":"https:\/\/kapitalis.com\/tunisie\/2022\/07\/11\/tunisie-sami-ben-slama-assure-que-ses-collegues-a-lisie-veulent-son-limogeage\/","url":"https:\/\/kapitalis.com\/tunisie\/2022\/07\/11\/tunisie-sami-ben-slama-assure-que-ses-collegues-a-lisie-veulent-son-limogeage\/","name":"Tunisie : Sami Ben Slama assure que ses coll\u00e8gues \u00e0 l'Isie veulent son limogeage - Kapitalis","isPartOf":{"@id":"https:\/\/kapitalis.com\/tunisie\/#website"},"primaryImageOfPage":{"@id":"https:\/\/kapitalis.com\/tunisie\/2022\/07\/11\/tunisie-sami-ben-slama-assure-que-ses-collegues-a-lisie-veulent-son-limogeage\/#primaryimage"},"image":{"@id":"https:\/\/kapitalis.com\/tunisie\/2022\/07\/11\/tunisie-sami-ben-slama-assure-que-ses-collegues-a-lisie-veulent-son-limogeage\/#primaryimage"},"thumbnailUrl":"https:\/\/kapitalis.com\/tunisie\/wp-content\/uploads\/2022\/07\/Sami-Ben-Slama.jpg","datePublished":"2022-07-11T14:53:55+00:00","dateModified":"2022-08-25T15:13:00+00:00","breadcrumb":{"@id":"https:\/\/kapitalis.com\/tunisie\/2022\/07\/11\/tunisie-sami-ben-slama-assure-que-ses-collegues-a-lisie-veulent-son-limogeage\/#breadcrumb"},"inLanguage":"fr-FR","potentialAction":[{"@type":"ReadAction","target":["https:\/\/kapitalis.com\/tunisie\/2022\/07\/11\/tunisie-sami-ben-slama-assure-que-ses-collegues-a-lisie-veulent-son-limogeage\/"]}]},{"@type":"ImageObject","inLanguage":"fr-FR","@id":"https:\/\/kapitalis.com\/tunisie\/2022\/07\/11\/tunisie-sami-ben-slama-assure-que-ses-collegues-a-lisie-veulent-son-limogeage\/#primaryimage","url":"https:\/\/kapitalis.com\/tunisie\/wp-content\/uploads\/2022\/07\/Sami-Ben-Slama.jpg","contentUrl":"https:\/\/kapitalis.com\/tunisie\/wp-content\/uploads\/2022\/07\/Sami-Ben-Slama.jpg","width":1200,"height":630},{"@type":"BreadcrumbList","@id":"https:\/\/kapitalis.com\/tunisie\/2022\/07\/11\/tunisie-sami-ben-slama-assure-que-ses-collegues-a-lisie-veulent-son-limogeage\/#breadcrumb","itemListElement":[{"@type":"ListItem","position":1,"name":"Accueil","item":"https:\/\/kapitalis.com\/tunisie\/"},{"@type":"ListItem","position":2,"name":"Tunisie : Sami Ben Slama assure que ses coll\u00e8gues \u00e0 l&rsquo;Isie veulent son limogeage"}]},{"@type":"WebSite","@id":"https:\/\/kapitalis.com\/tunisie\/#website","url":"https:\/\/kapitalis.com\/tunisie\/","name":"Kapitalis","description":"L&#039;actualit\u00e9 en Tunisie et dans le monde","publisher":{"@id":"https:\/\/kapitalis.com\/tunisie\/#organization"},"potentialAction":[{"@type":"SearchAction","target":{"@type":"EntryPoint","urlTemplate":"https:\/\/kapitalis.com\/tunisie\/?s={search_term_string}"},"query-input":{"@type":"PropertyValueSpecification","valueRequired":true,"valueName":"search_term_string"}}],"inLanguage":"fr-FR"},{"@type":"Organization","@id":"https:\/\/kapitalis.com\/tunisie\/#organization","name":"Kapitalis","url":"https:\/\/kapitalis.com\/tunisie\/","logo":{"@type":"ImageObject","inLanguage":"fr-FR","@id":"https:\/\/kapitalis.com\/tunisie\/#\/schema\/logo\/image\/","url":"https:\/\/kapitalis.com\/tunisie\/wp-content\/uploads\/2022\/05\/Kapitalis-big-size.png","contentUrl":"https:\/\/kapitalis.com\/tunisie\/wp-content\/uploads\/2022\/05\/Kapitalis-big-size.png","width":5000,"height":1500,"caption":"Kapitalis"},"image":{"@id":"https:\/\/kapitalis.com\/tunisie\/#\/schema\/logo\/image\/"},"sameAs":["https:\/\/www.facebook.com\/KapitalisInfo\/","https:\/\/x.com\/KapitalisInfo","https:\/\/www.youtube.com\/channel\/UC-yDYrHyfFBWWZaOw3FPg9Q"]},{"@type":"Person","@id":"https:\/\/kapitalis.com\/tunisie\/#\/schema\/person\/b35b8d631961131107263178aeb8019e","name":"Cherif Benyounes","url":"https:\/\/kapitalis.com\/tunisie\/author\/cherif\/"}]}},"_links":{"self":[{"href":"https:\/\/kapitalis.com\/tunisie\/wp-json\/wp\/v2\/posts\/2168765","targetHints":{"allow":["GET"]}}],"collection":[{"href":"https:\/\/kapitalis.com\/tunisie\/wp-json\/wp\/v2\/posts"}],"about":[{"href":"https:\/\/kapitalis.com\/tunisie\/wp-json\/wp\/v2\/types\/post"}],"author":[{"embeddable":true,"href":"https:\/\/kapitalis.com\/tunisie\/wp-json\/wp\/v2\/users\/24"}],"replies":[{"embeddable":true,"href":"https:\/\/kapitalis.com\/tunisie\/wp-json\/wp\/v2\/comments?post=2168765"}],"version-history":[{"count":0,"href":"https:\/\/kapitalis.com\/tunisie\/wp-json\/wp\/v2\/posts\/2168765\/revisions"}],"wp:featuredmedia":[{"embeddable":true,"href":"https:\/\/kapitalis.com\/tunisie\/wp-json\/wp\/v2\/media\/1909386"}],"wp:attachment":[{"href":"https:\/\/kapitalis.com\/tunisie\/wp-json\/wp\/v2\/media?parent=2168765"}],"wp:term":[{"taxonomy":"category","embeddable":true,"href":"https:\/\/kapitalis.com\/tunisie\/wp-json\/wp\/v2\/categories?post=2168765"},{"taxonomy":"post_tag","embeddable":true,"href":"https:\/\/kapitalis.com\/tunisie\/wp-json\/wp\/v2\/tags?post=2168765"}],"curies":[{"name":"wp","href":"https:\/\/api.w.org\/{rel}","templated":true}]}}