{"id":217135,"date":"2019-06-10T07:18:36","date_gmt":"2019-06-10T06:18:36","guid":{"rendered":"http:\/\/kapitalis.com\/tunisie\/?p=217135"},"modified":"2019-06-10T07:18:38","modified_gmt":"2019-06-10T06:18:38","slug":"programme-culturel-et-artistique-de-la-maison-de-tunisie-a-paris-en-juin-2019","status":"publish","type":"post","link":"https:\/\/kapitalis.com\/tunisie\/2019\/06\/10\/programme-culturel-et-artistique-de-la-maison-de-tunisie-a-paris-en-juin-2019\/","title":{"rendered":"Programme culturel et artistique de la Maison de Tunisie \u00e0 Paris en juin 2019"},"content":{"rendered":"\n<figure class=\"wp-block-image\"><img decoding=\"async\" src=\"http:\/\/kapitalis.com\/tunisie\/wp-content\/uploads\/2019\/06\/Fondation-de-la-Maison-de-Tunisie.jpg\" alt=\"\" class=\"wp-image-217136\"\/><\/figure>\n\n\n\n<p><b><i>La Fondation de la Maison de Tunisie \u00e0 Paris, sise \u00e0 la Cit\u00e9 universitaire internationale dans la capitale fran\u00e7aise, organise une s\u00e9rie d\u2019activit\u00e9s linguistiques, culturelles et artistiques tout au long du mois de juin.<\/i><\/b><br><\/p>\n\n\n\n<!--more-->\n\n\n\n<p> La Fondation de la Maison de Tunisie, dirig\u00e9e par Tahar Battikh, invite le public \u00e0 venir nombreux aux diff\u00e9rents \u00e9v\u00e9nements qui se tiendront durant ce mois de juin 2019, dont la plupart seront gratuits, entre musique, cin\u00e9ma, exposition, tables-rondes\u2026<br><\/p>\n\n\n\n<p> Il s\u2019agit d\u2019un lieu de rencontres et d\u2019\u00e9changes entre la Tunisie et la France, accueillant depuis les ann\u00e9es 50 les \u00e9tudiants tunisiens \u00e0 l\u2019\u00e9tranger. Pour ce mois de juin, la Maison de Tunisie proposera de c\u00e9l\u00e9brer la f\u00eate de la musique, le 21 juin, avec le concert<em> \u00abFr\u00e9quences basses\u00bb<\/em>, un projet du musicien bassiste tunisien Slim Abida.<br><\/p>\n\n\n\n<p> Dans le cadre de la 6e \u00e9dition des <em>\u00abNuits du court-m\u00e9trage\u00bb<\/em> tunisien, les amoureux du cin\u00e9ma auront rendez-vous avec les deux courts-m\u00e9trages de fiction <em>\u2018\u2018Les past\u00e8ques du cheikh\u2019\u2019<\/em> (2018) et <em>\u2018\u2018Peau de colle\u2019\u2019 <\/em>(2013) de la cin\u00e9aste tunisienne Kaouther Ben Hania.<br><\/p>\n\n\n\n<p> Une exposition intitul\u00e9e<em> \u00abTaarit artiste illustrateur tunisien\u00bb<\/em> sera visible jusqu\u2019au 30 juin, dans le cadre de Art Hop Polis et en partenariat avec la 5e \u00e9dition du Festival<em> \u00abPrintemps culturel tunisien \u00e0 Paris\u00bb<\/em>.<br><\/p>\n\n\n\n<p style=\"text-align:right\"> <strong>Fawz Ben Ali<\/strong><\/p>\n","protected":false},"excerpt":{"rendered":"<p>La Fondation de la Maison de Tunisie \u00e0 Paris, sise \u00e0 la Cit\u00e9 universitaire internationale dans la capitale fran\u00e7aise, organise une s\u00e9rie d\u2019activit\u00e9s linguistiques, culturelles et artistiques tout au long du mois de juin.<\/p>\n","protected":false},"author":8,"featured_media":217136,"comment_status":"open","ping_status":"open","sticky":false,"template":"","format":"standard","meta":{"footnotes":""},"categories":[994,2433],"tags":[22952],"class_list":["post-217135","post","type-post","status-publish","format-standard","has-post-thumbnail","hentry","category-culture","category-tunisie","tag-kaouther-ben-hania"],"yoast_head":"<!-- This site is optimized with the Yoast SEO plugin v26.6 - https:\/\/yoast.com\/wordpress\/plugins\/seo\/ -->\n<title>Programme culturel et artistique de la Maison de Tunisie \u00e0 Paris en juin 2019 - Kapitalis<\/title>\n<meta name=\"robots\" content=\"index, follow, max-snippet:-1, max-image-preview:large, max-video-preview:-1\" \/>\n<link rel=\"canonical\" href=\"https:\/\/kapitalis.com\/tunisie\/2019\/06\/10\/programme-culturel-et-artistique-de-la-maison-de-tunisie-a-paris-en-juin-2019\/\" \/>\n<meta property=\"og:locale\" content=\"fr_FR\" \/>\n<meta property=\"og:type\" content=\"article\" \/>\n<meta property=\"og:title\" content=\"Programme culturel et artistique de la Maison de Tunisie \u00e0 Paris en juin 2019 - Kapitalis\" \/>\n<meta property=\"og:description\" content=\"La Fondation de la Maison de Tunisie \u00e0 Paris, sise \u00e0 la Cit\u00e9 universitaire internationale dans la capitale fran\u00e7aise, organise une s\u00e9rie d\u2019activit\u00e9s linguistiques, culturelles et artistiques tout au long du mois de juin.\" \/>\n<meta property=\"og:url\" content=\"https:\/\/kapitalis.com\/tunisie\/2019\/06\/10\/programme-culturel-et-artistique-de-la-maison-de-tunisie-a-paris-en-juin-2019\/\" \/>\n<meta property=\"og:site_name\" content=\"Kapitalis\" \/>\n<meta property=\"article:publisher\" content=\"https:\/\/www.facebook.com\/KapitalisInfo\/\" \/>\n<meta property=\"article:published_time\" content=\"2019-06-10T06:18:36+00:00\" \/>\n<meta property=\"article:modified_time\" content=\"2019-06-10T06:18:38+00:00\" \/>\n<meta property=\"og:image\" content=\"https:\/\/kapitalis.com\/tunisie\/wp-content\/uploads\/2022\/05\/kapitalis-logo-fb.png\" \/>\n\t<meta property=\"og:image:width\" content=\"1200\" \/>\n\t<meta property=\"og:image:height\" content=\"630\" \/>\n\t<meta property=\"og:image:type\" content=\"image\/png\" \/>\n<meta name=\"author\" content=\"webmaster kapitalis\" \/>\n<meta name=\"twitter:card\" content=\"summary_large_image\" \/>\n<meta name=\"twitter:creator\" content=\"@KapitalisInfo\" \/>\n<meta name=\"twitter:site\" content=\"@KapitalisInfo\" \/>\n<meta name=\"twitter:label1\" content=\"\u00c9crit par\" \/>\n\t<meta name=\"twitter:data1\" content=\"webmaster kapitalis\" \/>\n\t<meta name=\"twitter:label2\" content=\"Dur\u00e9e de lecture estim\u00e9e\" \/>\n\t<meta name=\"twitter:data2\" content=\"1 minute\" \/>\n<script type=\"application\/ld+json\" class=\"yoast-schema-graph\">{\"@context\":\"https:\/\/schema.org\",\"@graph\":[{\"@type\":\"Article\",\"@id\":\"https:\/\/kapitalis.com\/tunisie\/2019\/06\/10\/programme-culturel-et-artistique-de-la-maison-de-tunisie-a-paris-en-juin-2019\/#article\",\"isPartOf\":{\"@id\":\"https:\/\/kapitalis.com\/tunisie\/2019\/06\/10\/programme-culturel-et-artistique-de-la-maison-de-tunisie-a-paris-en-juin-2019\/\"},\"author\":{\"name\":\"webmaster kapitalis\",\"@id\":\"https:\/\/kapitalis.com\/tunisie\/#\/schema\/person\/d71f33a9ca44f7bad4698210b480c8e9\"},\"headline\":\"Programme culturel et artistique de la Maison de Tunisie \u00e0 Paris en juin 2019\",\"datePublished\":\"2019-06-10T06:18:36+00:00\",\"dateModified\":\"2019-06-10T06:18:38+00:00\",\"mainEntityOfPage\":{\"@id\":\"https:\/\/kapitalis.com\/tunisie\/2019\/06\/10\/programme-culturel-et-artistique-de-la-maison-de-tunisie-a-paris-en-juin-2019\/\"},\"wordCount\":232,\"commentCount\":0,\"publisher\":{\"@id\":\"https:\/\/kapitalis.com\/tunisie\/#organization\"},\"image\":{\"@id\":\"https:\/\/kapitalis.com\/tunisie\/2019\/06\/10\/programme-culturel-et-artistique-de-la-maison-de-tunisie-a-paris-en-juin-2019\/#primaryimage\"},\"thumbnailUrl\":\"\",\"keywords\":[\"Kaouther Ben Hania\"],\"articleSection\":[\"CULTURE\",\"Tunisie\"],\"inLanguage\":\"fr-FR\",\"potentialAction\":[{\"@type\":\"CommentAction\",\"name\":\"Comment\",\"target\":[\"https:\/\/kapitalis.com\/tunisie\/2019\/06\/10\/programme-culturel-et-artistique-de-la-maison-de-tunisie-a-paris-en-juin-2019\/#respond\"]}]},{\"@type\":\"WebPage\",\"@id\":\"https:\/\/kapitalis.com\/tunisie\/2019\/06\/10\/programme-culturel-et-artistique-de-la-maison-de-tunisie-a-paris-en-juin-2019\/\",\"url\":\"https:\/\/kapitalis.com\/tunisie\/2019\/06\/10\/programme-culturel-et-artistique-de-la-maison-de-tunisie-a-paris-en-juin-2019\/\",\"name\":\"Programme culturel et artistique de la Maison de Tunisie \u00e0 Paris en juin 2019 - Kapitalis\",\"isPartOf\":{\"@id\":\"https:\/\/kapitalis.com\/tunisie\/#website\"},\"primaryImageOfPage\":{\"@id\":\"https:\/\/kapitalis.com\/tunisie\/2019\/06\/10\/programme-culturel-et-artistique-de-la-maison-de-tunisie-a-paris-en-juin-2019\/#primaryimage\"},\"image\":{\"@id\":\"https:\/\/kapitalis.com\/tunisie\/2019\/06\/10\/programme-culturel-et-artistique-de-la-maison-de-tunisie-a-paris-en-juin-2019\/#primaryimage\"},\"thumbnailUrl\":\"\",\"datePublished\":\"2019-06-10T06:18:36+00:00\",\"dateModified\":\"2019-06-10T06:18:38+00:00\",\"breadcrumb\":{\"@id\":\"https:\/\/kapitalis.com\/tunisie\/2019\/06\/10\/programme-culturel-et-artistique-de-la-maison-de-tunisie-a-paris-en-juin-2019\/#breadcrumb\"},\"inLanguage\":\"fr-FR\",\"potentialAction\":[{\"@type\":\"ReadAction\",\"target\":[\"https:\/\/kapitalis.com\/tunisie\/2019\/06\/10\/programme-culturel-et-artistique-de-la-maison-de-tunisie-a-paris-en-juin-2019\/\"]}]},{\"@type\":\"ImageObject\",\"inLanguage\":\"fr-FR\",\"@id\":\"https:\/\/kapitalis.com\/tunisie\/2019\/06\/10\/programme-culturel-et-artistique-de-la-maison-de-tunisie-a-paris-en-juin-2019\/#primaryimage\",\"url\":\"\",\"contentUrl\":\"\"},{\"@type\":\"BreadcrumbList\",\"@id\":\"https:\/\/kapitalis.com\/tunisie\/2019\/06\/10\/programme-culturel-et-artistique-de-la-maison-de-tunisie-a-paris-en-juin-2019\/#breadcrumb\",\"itemListElement\":[{\"@type\":\"ListItem\",\"position\":1,\"name\":\"Accueil\",\"item\":\"https:\/\/kapitalis.com\/tunisie\/\"},{\"@type\":\"ListItem\",\"position\":2,\"name\":\"Programme culturel et artistique de la Maison de Tunisie \u00e0 Paris en juin 2019\"}]},{\"@type\":\"WebSite\",\"@id\":\"https:\/\/kapitalis.com\/tunisie\/#website\",\"url\":\"https:\/\/kapitalis.com\/tunisie\/\",\"name\":\"Kapitalis\",\"description\":\"L&#039;actualit\u00e9 en Tunisie et dans le monde\",\"publisher\":{\"@id\":\"https:\/\/kapitalis.com\/tunisie\/#organization\"},\"potentialAction\":[{\"@type\":\"SearchAction\",\"target\":{\"@type\":\"EntryPoint\",\"urlTemplate\":\"https:\/\/kapitalis.com\/tunisie\/?s={search_term_string}\"},\"query-input\":{\"@type\":\"PropertyValueSpecification\",\"valueRequired\":true,\"valueName\":\"search_term_string\"}}],\"inLanguage\":\"fr-FR\"},{\"@type\":\"Organization\",\"@id\":\"https:\/\/kapitalis.com\/tunisie\/#organization\",\"name\":\"Kapitalis\",\"url\":\"https:\/\/kapitalis.com\/tunisie\/\",\"logo\":{\"@type\":\"ImageObject\",\"inLanguage\":\"fr-FR\",\"@id\":\"https:\/\/kapitalis.com\/tunisie\/#\/schema\/logo\/image\/\",\"url\":\"https:\/\/kapitalis.com\/tunisie\/wp-content\/uploads\/2022\/05\/Kapitalis-big-size.png\",\"contentUrl\":\"https:\/\/kapitalis.com\/tunisie\/wp-content\/uploads\/2022\/05\/Kapitalis-big-size.png\",\"width\":5000,\"height\":1500,\"caption\":\"Kapitalis\"},\"image\":{\"@id\":\"https:\/\/kapitalis.com\/tunisie\/#\/schema\/logo\/image\/\"},\"sameAs\":[\"https:\/\/www.facebook.com\/KapitalisInfo\/\",\"https:\/\/x.com\/KapitalisInfo\",\"https:\/\/www.youtube.com\/channel\/UC-yDYrHyfFBWWZaOw3FPg9Q\"]},{\"@type\":\"Person\",\"@id\":\"https:\/\/kapitalis.com\/tunisie\/#\/schema\/person\/d71f33a9ca44f7bad4698210b480c8e9\",\"name\":\"webmaster kapitalis\",\"url\":\"https:\/\/kapitalis.com\/tunisie\/author\/webmaster-kapitalis\/\"}]}<\/script>\n<!-- \/ Yoast SEO plugin. -->","yoast_head_json":{"title":"Programme culturel et artistique de la Maison de Tunisie \u00e0 Paris en juin 2019 - Kapitalis","robots":{"index":"index","follow":"follow","max-snippet":"max-snippet:-1","max-image-preview":"max-image-preview:large","max-video-preview":"max-video-preview:-1"},"canonical":"https:\/\/kapitalis.com\/tunisie\/2019\/06\/10\/programme-culturel-et-artistique-de-la-maison-de-tunisie-a-paris-en-juin-2019\/","og_locale":"fr_FR","og_type":"article","og_title":"Programme culturel et artistique de la Maison de Tunisie \u00e0 Paris en juin 2019 - Kapitalis","og_description":"La Fondation de la Maison de Tunisie \u00e0 Paris, sise \u00e0 la Cit\u00e9 universitaire internationale dans la capitale fran\u00e7aise, organise une s\u00e9rie d\u2019activit\u00e9s linguistiques, culturelles et artistiques tout au long du mois de juin.","og_url":"https:\/\/kapitalis.com\/tunisie\/2019\/06\/10\/programme-culturel-et-artistique-de-la-maison-de-tunisie-a-paris-en-juin-2019\/","og_site_name":"Kapitalis","article_publisher":"https:\/\/www.facebook.com\/KapitalisInfo\/","article_published_time":"2019-06-10T06:18:36+00:00","article_modified_time":"2019-06-10T06:18:38+00:00","og_image":[{"width":1200,"height":630,"url":"https:\/\/kapitalis.com\/tunisie\/wp-content\/uploads\/2022\/05\/kapitalis-logo-fb.png","type":"image\/png"}],"author":"webmaster kapitalis","twitter_card":"summary_large_image","twitter_creator":"@KapitalisInfo","twitter_site":"@KapitalisInfo","twitter_misc":{"\u00c9crit par":"webmaster kapitalis","Dur\u00e9e de lecture estim\u00e9e":"1 minute"},"schema":{"@context":"https:\/\/schema.org","@graph":[{"@type":"Article","@id":"https:\/\/kapitalis.com\/tunisie\/2019\/06\/10\/programme-culturel-et-artistique-de-la-maison-de-tunisie-a-paris-en-juin-2019\/#article","isPartOf":{"@id":"https:\/\/kapitalis.com\/tunisie\/2019\/06\/10\/programme-culturel-et-artistique-de-la-maison-de-tunisie-a-paris-en-juin-2019\/"},"author":{"name":"webmaster kapitalis","@id":"https:\/\/kapitalis.com\/tunisie\/#\/schema\/person\/d71f33a9ca44f7bad4698210b480c8e9"},"headline":"Programme culturel et artistique de la Maison de Tunisie \u00e0 Paris en juin 2019","datePublished":"2019-06-10T06:18:36+00:00","dateModified":"2019-06-10T06:18:38+00:00","mainEntityOfPage":{"@id":"https:\/\/kapitalis.com\/tunisie\/2019\/06\/10\/programme-culturel-et-artistique-de-la-maison-de-tunisie-a-paris-en-juin-2019\/"},"wordCount":232,"commentCount":0,"publisher":{"@id":"https:\/\/kapitalis.com\/tunisie\/#organization"},"image":{"@id":"https:\/\/kapitalis.com\/tunisie\/2019\/06\/10\/programme-culturel-et-artistique-de-la-maison-de-tunisie-a-paris-en-juin-2019\/#primaryimage"},"thumbnailUrl":"","keywords":["Kaouther Ben Hania"],"articleSection":["CULTURE","Tunisie"],"inLanguage":"fr-FR","potentialAction":[{"@type":"CommentAction","name":"Comment","target":["https:\/\/kapitalis.com\/tunisie\/2019\/06\/10\/programme-culturel-et-artistique-de-la-maison-de-tunisie-a-paris-en-juin-2019\/#respond"]}]},{"@type":"WebPage","@id":"https:\/\/kapitalis.com\/tunisie\/2019\/06\/10\/programme-culturel-et-artistique-de-la-maison-de-tunisie-a-paris-en-juin-2019\/","url":"https:\/\/kapitalis.com\/tunisie\/2019\/06\/10\/programme-culturel-et-artistique-de-la-maison-de-tunisie-a-paris-en-juin-2019\/","name":"Programme culturel et artistique de la Maison de Tunisie \u00e0 Paris en juin 2019 - Kapitalis","isPartOf":{"@id":"https:\/\/kapitalis.com\/tunisie\/#website"},"primaryImageOfPage":{"@id":"https:\/\/kapitalis.com\/tunisie\/2019\/06\/10\/programme-culturel-et-artistique-de-la-maison-de-tunisie-a-paris-en-juin-2019\/#primaryimage"},"image":{"@id":"https:\/\/kapitalis.com\/tunisie\/2019\/06\/10\/programme-culturel-et-artistique-de-la-maison-de-tunisie-a-paris-en-juin-2019\/#primaryimage"},"thumbnailUrl":"","datePublished":"2019-06-10T06:18:36+00:00","dateModified":"2019-06-10T06:18:38+00:00","breadcrumb":{"@id":"https:\/\/kapitalis.com\/tunisie\/2019\/06\/10\/programme-culturel-et-artistique-de-la-maison-de-tunisie-a-paris-en-juin-2019\/#breadcrumb"},"inLanguage":"fr-FR","potentialAction":[{"@type":"ReadAction","target":["https:\/\/kapitalis.com\/tunisie\/2019\/06\/10\/programme-culturel-et-artistique-de-la-maison-de-tunisie-a-paris-en-juin-2019\/"]}]},{"@type":"ImageObject","inLanguage":"fr-FR","@id":"https:\/\/kapitalis.com\/tunisie\/2019\/06\/10\/programme-culturel-et-artistique-de-la-maison-de-tunisie-a-paris-en-juin-2019\/#primaryimage","url":"","contentUrl":""},{"@type":"BreadcrumbList","@id":"https:\/\/kapitalis.com\/tunisie\/2019\/06\/10\/programme-culturel-et-artistique-de-la-maison-de-tunisie-a-paris-en-juin-2019\/#breadcrumb","itemListElement":[{"@type":"ListItem","position":1,"name":"Accueil","item":"https:\/\/kapitalis.com\/tunisie\/"},{"@type":"ListItem","position":2,"name":"Programme culturel et artistique de la Maison de Tunisie \u00e0 Paris en juin 2019"}]},{"@type":"WebSite","@id":"https:\/\/kapitalis.com\/tunisie\/#website","url":"https:\/\/kapitalis.com\/tunisie\/","name":"Kapitalis","description":"L&#039;actualit\u00e9 en Tunisie et dans le monde","publisher":{"@id":"https:\/\/kapitalis.com\/tunisie\/#organization"},"potentialAction":[{"@type":"SearchAction","target":{"@type":"EntryPoint","urlTemplate":"https:\/\/kapitalis.com\/tunisie\/?s={search_term_string}"},"query-input":{"@type":"PropertyValueSpecification","valueRequired":true,"valueName":"search_term_string"}}],"inLanguage":"fr-FR"},{"@type":"Organization","@id":"https:\/\/kapitalis.com\/tunisie\/#organization","name":"Kapitalis","url":"https:\/\/kapitalis.com\/tunisie\/","logo":{"@type":"ImageObject","inLanguage":"fr-FR","@id":"https:\/\/kapitalis.com\/tunisie\/#\/schema\/logo\/image\/","url":"https:\/\/kapitalis.com\/tunisie\/wp-content\/uploads\/2022\/05\/Kapitalis-big-size.png","contentUrl":"https:\/\/kapitalis.com\/tunisie\/wp-content\/uploads\/2022\/05\/Kapitalis-big-size.png","width":5000,"height":1500,"caption":"Kapitalis"},"image":{"@id":"https:\/\/kapitalis.com\/tunisie\/#\/schema\/logo\/image\/"},"sameAs":["https:\/\/www.facebook.com\/KapitalisInfo\/","https:\/\/x.com\/KapitalisInfo","https:\/\/www.youtube.com\/channel\/UC-yDYrHyfFBWWZaOw3FPg9Q"]},{"@type":"Person","@id":"https:\/\/kapitalis.com\/tunisie\/#\/schema\/person\/d71f33a9ca44f7bad4698210b480c8e9","name":"webmaster kapitalis","url":"https:\/\/kapitalis.com\/tunisie\/author\/webmaster-kapitalis\/"}]}},"_links":{"self":[{"href":"https:\/\/kapitalis.com\/tunisie\/wp-json\/wp\/v2\/posts\/217135","targetHints":{"allow":["GET"]}}],"collection":[{"href":"https:\/\/kapitalis.com\/tunisie\/wp-json\/wp\/v2\/posts"}],"about":[{"href":"https:\/\/kapitalis.com\/tunisie\/wp-json\/wp\/v2\/types\/post"}],"author":[{"embeddable":true,"href":"https:\/\/kapitalis.com\/tunisie\/wp-json\/wp\/v2\/users\/8"}],"replies":[{"embeddable":true,"href":"https:\/\/kapitalis.com\/tunisie\/wp-json\/wp\/v2\/comments?post=217135"}],"version-history":[{"count":0,"href":"https:\/\/kapitalis.com\/tunisie\/wp-json\/wp\/v2\/posts\/217135\/revisions"}],"wp:featuredmedia":[{"embeddable":true,"href":"https:\/\/kapitalis.com\/tunisie\/wp-json\/wp\/v2\/media\/217136"}],"wp:attachment":[{"href":"https:\/\/kapitalis.com\/tunisie\/wp-json\/wp\/v2\/media?parent=217135"}],"wp:term":[{"taxonomy":"category","embeddable":true,"href":"https:\/\/kapitalis.com\/tunisie\/wp-json\/wp\/v2\/categories?post=217135"},{"taxonomy":"post_tag","embeddable":true,"href":"https:\/\/kapitalis.com\/tunisie\/wp-json\/wp\/v2\/tags?post=217135"}],"curies":[{"name":"wp","href":"https:\/\/api.w.org\/{rel}","templated":true}]}}