{"id":217145,"date":"2019-06-10T08:53:56","date_gmt":"2019-06-10T07:53:56","guid":{"rendered":"http:\/\/kapitalis.com\/tunisie\/?p=217145"},"modified":"2019-06-10T08:54:00","modified_gmt":"2019-06-10T07:54:00","slug":"lassemblee-des-cent-dans-le-cadre-du-forum-de-tunis-les-11-et-12-juin-a-tunis","status":"publish","type":"post","link":"https:\/\/kapitalis.com\/tunisie\/2019\/06\/10\/lassemblee-des-cent-dans-le-cadre-du-forum-de-tunis-les-11-et-12-juin-a-tunis\/","title":{"rendered":"L\u2019Assembl\u00e9e des Cent dans le cadre du Forum de Tunis, les 11 et 12 Juin \u00e0 Tunis"},"content":{"rendered":"\n<figure class=\"wp-block-image\"><img decoding=\"async\" src=\"http:\/\/kapitalis.com\/tunisie\/wp-content\/uploads\/2019\/06\/Sommet-des-deux-rives.jpg\" alt=\"\" class=\"wp-image-217146\"\/><\/figure>\n\n\n\n<p><strong><em>La Cit\u00e9 de la Culture de Tunis accueillera, les 11 et 12 juin 2019, les repr\u00e9sentants de neuf pays de la M\u00e9diterran\u00e9e Occidentale de la rive Nord (Espagne, France, Italie, Malte et le Portugal) et de la rive Sud (Alg\u00e9rie, Maroc, Libye et la Mauritanie) \u00e0 l\u2019occasion de l\u2019Assembl\u00e9e des Cent. <\/em><\/strong><br><\/p>\n\n\n\n<!--more-->\n\n\n\n<p> Cette Assembl\u00e9e des Cent, portant sur le th\u00e8me : <em>\u00abVers un espace commun de dialogue interculturel, de production et de d\u00e9veloppement durable, inclusif et solidaire\u00bb,<\/em> est organis\u00e9 dans le cadre du Forum de Tunis, la plus large consultation des repr\u00e9sentants qualifi\u00e9s de la soci\u00e9t\u00e9 civile des pays du bassin occidental de la M\u00e9diterran\u00e9e. Elle doit synth\u00e9tiser les travaux des cinq forums th\u00e9matiques pr\u00e9paratoires du Sommet qui ont pris place des deux c\u00f4t\u00e9s de la M\u00e9diterran\u00e9e, en accord avec la soci\u00e9t\u00e9 civile. <br><\/p>\n\n\n\n<p> Lors de tables-rondes organis\u00e9es par th\u00e9matiques et durant la pl\u00e9ni\u00e8re, l\u2019objectif est, via le dialogue et l\u2019\u00e9change des id\u00e9es, de pr\u00e9s\u00e9lectionner les  projets et d\u2019\u00e9laborer la D\u00e9claration de Tunis, lesquels seront pr\u00e9sent\u00e9s aux chefs d\u2019\u00c9tat et de Gouvernement des pays du Dialogue 5+5 lors du Sommet des Deux Rives, \u00e0 Marseille, le 24 juin 2019.<br><\/p>\n\n\n\n<p style=\"text-align:right\"> <strong>I. B.<\/strong> <\/p>\n","protected":false},"excerpt":{"rendered":"<p>La Cit\u00e9 de la Culture de Tunis accueillera, les 11 et 12 juin 2019, les repr\u00e9sentants de neuf pays de la M\u00e9diterran\u00e9e Occidentale de la rive Nord (Espagne, France, Italie, Malte et le Portugal) et de la rive Sud (Alg\u00e9rie, Maroc, Libye et la Mauritanie) \u00e0 l\u2019occasion de l\u2019Assembl\u00e9e des Cent.<\/p>\n","protected":false},"author":8,"featured_media":217146,"comment_status":"open","ping_status":"open","sticky":false,"template":"","format":"standard","meta":{"footnotes":""},"categories":[994,2433],"tags":[580],"class_list":["post-217145","post","type-post","status-publish","format-standard","has-post-thumbnail","hentry","category-culture","category-tunisie","tag-marseille"],"yoast_head":"<!-- This site is optimized with the Yoast SEO plugin v26.6 - https:\/\/yoast.com\/wordpress\/plugins\/seo\/ -->\n<title>L\u2019Assembl\u00e9e des Cent dans le cadre du Forum de Tunis, les 11 et 12 Juin \u00e0 Tunis - Kapitalis<\/title>\n<meta name=\"robots\" content=\"index, follow, max-snippet:-1, max-image-preview:large, max-video-preview:-1\" \/>\n<link rel=\"canonical\" href=\"https:\/\/kapitalis.com\/tunisie\/2019\/06\/10\/lassemblee-des-cent-dans-le-cadre-du-forum-de-tunis-les-11-et-12-juin-a-tunis\/\" \/>\n<meta property=\"og:locale\" content=\"fr_FR\" \/>\n<meta property=\"og:type\" content=\"article\" \/>\n<meta property=\"og:title\" content=\"L\u2019Assembl\u00e9e des Cent dans le cadre du Forum de Tunis, les 11 et 12 Juin \u00e0 Tunis - Kapitalis\" \/>\n<meta property=\"og:description\" content=\"La Cit\u00e9 de la Culture de Tunis accueillera, les 11 et 12 juin 2019, les repr\u00e9sentants de neuf pays de la M\u00e9diterran\u00e9e Occidentale de la rive Nord (Espagne, France, Italie, Malte et le Portugal) et de la rive Sud (Alg\u00e9rie, Maroc, Libye et la Mauritanie) \u00e0 l\u2019occasion de l\u2019Assembl\u00e9e des Cent.\" \/>\n<meta property=\"og:url\" content=\"https:\/\/kapitalis.com\/tunisie\/2019\/06\/10\/lassemblee-des-cent-dans-le-cadre-du-forum-de-tunis-les-11-et-12-juin-a-tunis\/\" \/>\n<meta property=\"og:site_name\" content=\"Kapitalis\" \/>\n<meta property=\"article:publisher\" content=\"https:\/\/www.facebook.com\/KapitalisInfo\/\" \/>\n<meta property=\"article:published_time\" content=\"2019-06-10T07:53:56+00:00\" \/>\n<meta property=\"article:modified_time\" content=\"2019-06-10T07:54:00+00:00\" \/>\n<meta property=\"og:image\" content=\"https:\/\/kapitalis.com\/tunisie\/wp-content\/uploads\/2022\/05\/kapitalis-logo-fb.png\" \/>\n\t<meta property=\"og:image:width\" content=\"1200\" \/>\n\t<meta property=\"og:image:height\" content=\"630\" \/>\n\t<meta property=\"og:image:type\" content=\"image\/png\" \/>\n<meta name=\"author\" content=\"webmaster kapitalis\" \/>\n<meta name=\"twitter:card\" content=\"summary_large_image\" \/>\n<meta name=\"twitter:creator\" content=\"@KapitalisInfo\" \/>\n<meta name=\"twitter:site\" content=\"@KapitalisInfo\" \/>\n<meta name=\"twitter:label1\" content=\"\u00c9crit par\" \/>\n\t<meta name=\"twitter:data1\" content=\"webmaster kapitalis\" \/>\n\t<meta name=\"twitter:label2\" content=\"Dur\u00e9e de lecture estim\u00e9e\" \/>\n\t<meta name=\"twitter:data2\" content=\"1 minute\" \/>\n<script type=\"application\/ld+json\" class=\"yoast-schema-graph\">{\"@context\":\"https:\/\/schema.org\",\"@graph\":[{\"@type\":\"Article\",\"@id\":\"https:\/\/kapitalis.com\/tunisie\/2019\/06\/10\/lassemblee-des-cent-dans-le-cadre-du-forum-de-tunis-les-11-et-12-juin-a-tunis\/#article\",\"isPartOf\":{\"@id\":\"https:\/\/kapitalis.com\/tunisie\/2019\/06\/10\/lassemblee-des-cent-dans-le-cadre-du-forum-de-tunis-les-11-et-12-juin-a-tunis\/\"},\"author\":{\"name\":\"webmaster kapitalis\",\"@id\":\"https:\/\/kapitalis.com\/tunisie\/#\/schema\/person\/d71f33a9ca44f7bad4698210b480c8e9\"},\"headline\":\"L\u2019Assembl\u00e9e des Cent dans le cadre du Forum de Tunis, les 11 et 12 Juin \u00e0 Tunis\",\"datePublished\":\"2019-06-10T07:53:56+00:00\",\"dateModified\":\"2019-06-10T07:54:00+00:00\",\"mainEntityOfPage\":{\"@id\":\"https:\/\/kapitalis.com\/tunisie\/2019\/06\/10\/lassemblee-des-cent-dans-le-cadre-du-forum-de-tunis-les-11-et-12-juin-a-tunis\/\"},\"wordCount\":233,\"commentCount\":0,\"publisher\":{\"@id\":\"https:\/\/kapitalis.com\/tunisie\/#organization\"},\"image\":{\"@id\":\"https:\/\/kapitalis.com\/tunisie\/2019\/06\/10\/lassemblee-des-cent-dans-le-cadre-du-forum-de-tunis-les-11-et-12-juin-a-tunis\/#primaryimage\"},\"thumbnailUrl\":\"\",\"keywords\":[\"Marseille\"],\"articleSection\":[\"CULTURE\",\"Tunisie\"],\"inLanguage\":\"fr-FR\",\"potentialAction\":[{\"@type\":\"CommentAction\",\"name\":\"Comment\",\"target\":[\"https:\/\/kapitalis.com\/tunisie\/2019\/06\/10\/lassemblee-des-cent-dans-le-cadre-du-forum-de-tunis-les-11-et-12-juin-a-tunis\/#respond\"]}]},{\"@type\":\"WebPage\",\"@id\":\"https:\/\/kapitalis.com\/tunisie\/2019\/06\/10\/lassemblee-des-cent-dans-le-cadre-du-forum-de-tunis-les-11-et-12-juin-a-tunis\/\",\"url\":\"https:\/\/kapitalis.com\/tunisie\/2019\/06\/10\/lassemblee-des-cent-dans-le-cadre-du-forum-de-tunis-les-11-et-12-juin-a-tunis\/\",\"name\":\"L\u2019Assembl\u00e9e des Cent dans le cadre du Forum de Tunis, les 11 et 12 Juin \u00e0 Tunis - Kapitalis\",\"isPartOf\":{\"@id\":\"https:\/\/kapitalis.com\/tunisie\/#website\"},\"primaryImageOfPage\":{\"@id\":\"https:\/\/kapitalis.com\/tunisie\/2019\/06\/10\/lassemblee-des-cent-dans-le-cadre-du-forum-de-tunis-les-11-et-12-juin-a-tunis\/#primaryimage\"},\"image\":{\"@id\":\"https:\/\/kapitalis.com\/tunisie\/2019\/06\/10\/lassemblee-des-cent-dans-le-cadre-du-forum-de-tunis-les-11-et-12-juin-a-tunis\/#primaryimage\"},\"thumbnailUrl\":\"\",\"datePublished\":\"2019-06-10T07:53:56+00:00\",\"dateModified\":\"2019-06-10T07:54:00+00:00\",\"breadcrumb\":{\"@id\":\"https:\/\/kapitalis.com\/tunisie\/2019\/06\/10\/lassemblee-des-cent-dans-le-cadre-du-forum-de-tunis-les-11-et-12-juin-a-tunis\/#breadcrumb\"},\"inLanguage\":\"fr-FR\",\"potentialAction\":[{\"@type\":\"ReadAction\",\"target\":[\"https:\/\/kapitalis.com\/tunisie\/2019\/06\/10\/lassemblee-des-cent-dans-le-cadre-du-forum-de-tunis-les-11-et-12-juin-a-tunis\/\"]}]},{\"@type\":\"ImageObject\",\"inLanguage\":\"fr-FR\",\"@id\":\"https:\/\/kapitalis.com\/tunisie\/2019\/06\/10\/lassemblee-des-cent-dans-le-cadre-du-forum-de-tunis-les-11-et-12-juin-a-tunis\/#primaryimage\",\"url\":\"\",\"contentUrl\":\"\"},{\"@type\":\"BreadcrumbList\",\"@id\":\"https:\/\/kapitalis.com\/tunisie\/2019\/06\/10\/lassemblee-des-cent-dans-le-cadre-du-forum-de-tunis-les-11-et-12-juin-a-tunis\/#breadcrumb\",\"itemListElement\":[{\"@type\":\"ListItem\",\"position\":1,\"name\":\"Accueil\",\"item\":\"https:\/\/kapitalis.com\/tunisie\/\"},{\"@type\":\"ListItem\",\"position\":2,\"name\":\"L\u2019Assembl\u00e9e des Cent dans le cadre du Forum de Tunis, les 11 et 12 Juin \u00e0 Tunis\"}]},{\"@type\":\"WebSite\",\"@id\":\"https:\/\/kapitalis.com\/tunisie\/#website\",\"url\":\"https:\/\/kapitalis.com\/tunisie\/\",\"name\":\"Kapitalis\",\"description\":\"L&#039;actualit\u00e9 en Tunisie et dans le monde\",\"publisher\":{\"@id\":\"https:\/\/kapitalis.com\/tunisie\/#organization\"},\"potentialAction\":[{\"@type\":\"SearchAction\",\"target\":{\"@type\":\"EntryPoint\",\"urlTemplate\":\"https:\/\/kapitalis.com\/tunisie\/?s={search_term_string}\"},\"query-input\":{\"@type\":\"PropertyValueSpecification\",\"valueRequired\":true,\"valueName\":\"search_term_string\"}}],\"inLanguage\":\"fr-FR\"},{\"@type\":\"Organization\",\"@id\":\"https:\/\/kapitalis.com\/tunisie\/#organization\",\"name\":\"Kapitalis\",\"url\":\"https:\/\/kapitalis.com\/tunisie\/\",\"logo\":{\"@type\":\"ImageObject\",\"inLanguage\":\"fr-FR\",\"@id\":\"https:\/\/kapitalis.com\/tunisie\/#\/schema\/logo\/image\/\",\"url\":\"https:\/\/kapitalis.com\/tunisie\/wp-content\/uploads\/2022\/05\/Kapitalis-big-size.png\",\"contentUrl\":\"https:\/\/kapitalis.com\/tunisie\/wp-content\/uploads\/2022\/05\/Kapitalis-big-size.png\",\"width\":5000,\"height\":1500,\"caption\":\"Kapitalis\"},\"image\":{\"@id\":\"https:\/\/kapitalis.com\/tunisie\/#\/schema\/logo\/image\/\"},\"sameAs\":[\"https:\/\/www.facebook.com\/KapitalisInfo\/\",\"https:\/\/x.com\/KapitalisInfo\",\"https:\/\/www.youtube.com\/channel\/UC-yDYrHyfFBWWZaOw3FPg9Q\"]},{\"@type\":\"Person\",\"@id\":\"https:\/\/kapitalis.com\/tunisie\/#\/schema\/person\/d71f33a9ca44f7bad4698210b480c8e9\",\"name\":\"webmaster kapitalis\",\"url\":\"https:\/\/kapitalis.com\/tunisie\/author\/webmaster-kapitalis\/\"}]}<\/script>\n<!-- \/ Yoast SEO plugin. -->","yoast_head_json":{"title":"L\u2019Assembl\u00e9e des Cent dans le cadre du Forum de Tunis, les 11 et 12 Juin \u00e0 Tunis - Kapitalis","robots":{"index":"index","follow":"follow","max-snippet":"max-snippet:-1","max-image-preview":"max-image-preview:large","max-video-preview":"max-video-preview:-1"},"canonical":"https:\/\/kapitalis.com\/tunisie\/2019\/06\/10\/lassemblee-des-cent-dans-le-cadre-du-forum-de-tunis-les-11-et-12-juin-a-tunis\/","og_locale":"fr_FR","og_type":"article","og_title":"L\u2019Assembl\u00e9e des Cent dans le cadre du Forum de Tunis, les 11 et 12 Juin \u00e0 Tunis - Kapitalis","og_description":"La Cit\u00e9 de la Culture de Tunis accueillera, les 11 et 12 juin 2019, les repr\u00e9sentants de neuf pays de la M\u00e9diterran\u00e9e Occidentale de la rive Nord (Espagne, France, Italie, Malte et le Portugal) et de la rive Sud (Alg\u00e9rie, Maroc, Libye et la Mauritanie) \u00e0 l\u2019occasion de l\u2019Assembl\u00e9e des Cent.","og_url":"https:\/\/kapitalis.com\/tunisie\/2019\/06\/10\/lassemblee-des-cent-dans-le-cadre-du-forum-de-tunis-les-11-et-12-juin-a-tunis\/","og_site_name":"Kapitalis","article_publisher":"https:\/\/www.facebook.com\/KapitalisInfo\/","article_published_time":"2019-06-10T07:53:56+00:00","article_modified_time":"2019-06-10T07:54:00+00:00","og_image":[{"width":1200,"height":630,"url":"https:\/\/kapitalis.com\/tunisie\/wp-content\/uploads\/2022\/05\/kapitalis-logo-fb.png","type":"image\/png"}],"author":"webmaster kapitalis","twitter_card":"summary_large_image","twitter_creator":"@KapitalisInfo","twitter_site":"@KapitalisInfo","twitter_misc":{"\u00c9crit par":"webmaster kapitalis","Dur\u00e9e de lecture estim\u00e9e":"1 minute"},"schema":{"@context":"https:\/\/schema.org","@graph":[{"@type":"Article","@id":"https:\/\/kapitalis.com\/tunisie\/2019\/06\/10\/lassemblee-des-cent-dans-le-cadre-du-forum-de-tunis-les-11-et-12-juin-a-tunis\/#article","isPartOf":{"@id":"https:\/\/kapitalis.com\/tunisie\/2019\/06\/10\/lassemblee-des-cent-dans-le-cadre-du-forum-de-tunis-les-11-et-12-juin-a-tunis\/"},"author":{"name":"webmaster kapitalis","@id":"https:\/\/kapitalis.com\/tunisie\/#\/schema\/person\/d71f33a9ca44f7bad4698210b480c8e9"},"headline":"L\u2019Assembl\u00e9e des Cent dans le cadre du Forum de Tunis, les 11 et 12 Juin \u00e0 Tunis","datePublished":"2019-06-10T07:53:56+00:00","dateModified":"2019-06-10T07:54:00+00:00","mainEntityOfPage":{"@id":"https:\/\/kapitalis.com\/tunisie\/2019\/06\/10\/lassemblee-des-cent-dans-le-cadre-du-forum-de-tunis-les-11-et-12-juin-a-tunis\/"},"wordCount":233,"commentCount":0,"publisher":{"@id":"https:\/\/kapitalis.com\/tunisie\/#organization"},"image":{"@id":"https:\/\/kapitalis.com\/tunisie\/2019\/06\/10\/lassemblee-des-cent-dans-le-cadre-du-forum-de-tunis-les-11-et-12-juin-a-tunis\/#primaryimage"},"thumbnailUrl":"","keywords":["Marseille"],"articleSection":["CULTURE","Tunisie"],"inLanguage":"fr-FR","potentialAction":[{"@type":"CommentAction","name":"Comment","target":["https:\/\/kapitalis.com\/tunisie\/2019\/06\/10\/lassemblee-des-cent-dans-le-cadre-du-forum-de-tunis-les-11-et-12-juin-a-tunis\/#respond"]}]},{"@type":"WebPage","@id":"https:\/\/kapitalis.com\/tunisie\/2019\/06\/10\/lassemblee-des-cent-dans-le-cadre-du-forum-de-tunis-les-11-et-12-juin-a-tunis\/","url":"https:\/\/kapitalis.com\/tunisie\/2019\/06\/10\/lassemblee-des-cent-dans-le-cadre-du-forum-de-tunis-les-11-et-12-juin-a-tunis\/","name":"L\u2019Assembl\u00e9e des Cent dans le cadre du Forum de Tunis, les 11 et 12 Juin \u00e0 Tunis - Kapitalis","isPartOf":{"@id":"https:\/\/kapitalis.com\/tunisie\/#website"},"primaryImageOfPage":{"@id":"https:\/\/kapitalis.com\/tunisie\/2019\/06\/10\/lassemblee-des-cent-dans-le-cadre-du-forum-de-tunis-les-11-et-12-juin-a-tunis\/#primaryimage"},"image":{"@id":"https:\/\/kapitalis.com\/tunisie\/2019\/06\/10\/lassemblee-des-cent-dans-le-cadre-du-forum-de-tunis-les-11-et-12-juin-a-tunis\/#primaryimage"},"thumbnailUrl":"","datePublished":"2019-06-10T07:53:56+00:00","dateModified":"2019-06-10T07:54:00+00:00","breadcrumb":{"@id":"https:\/\/kapitalis.com\/tunisie\/2019\/06\/10\/lassemblee-des-cent-dans-le-cadre-du-forum-de-tunis-les-11-et-12-juin-a-tunis\/#breadcrumb"},"inLanguage":"fr-FR","potentialAction":[{"@type":"ReadAction","target":["https:\/\/kapitalis.com\/tunisie\/2019\/06\/10\/lassemblee-des-cent-dans-le-cadre-du-forum-de-tunis-les-11-et-12-juin-a-tunis\/"]}]},{"@type":"ImageObject","inLanguage":"fr-FR","@id":"https:\/\/kapitalis.com\/tunisie\/2019\/06\/10\/lassemblee-des-cent-dans-le-cadre-du-forum-de-tunis-les-11-et-12-juin-a-tunis\/#primaryimage","url":"","contentUrl":""},{"@type":"BreadcrumbList","@id":"https:\/\/kapitalis.com\/tunisie\/2019\/06\/10\/lassemblee-des-cent-dans-le-cadre-du-forum-de-tunis-les-11-et-12-juin-a-tunis\/#breadcrumb","itemListElement":[{"@type":"ListItem","position":1,"name":"Accueil","item":"https:\/\/kapitalis.com\/tunisie\/"},{"@type":"ListItem","position":2,"name":"L\u2019Assembl\u00e9e des Cent dans le cadre du Forum de Tunis, les 11 et 12 Juin \u00e0 Tunis"}]},{"@type":"WebSite","@id":"https:\/\/kapitalis.com\/tunisie\/#website","url":"https:\/\/kapitalis.com\/tunisie\/","name":"Kapitalis","description":"L&#039;actualit\u00e9 en Tunisie et dans le monde","publisher":{"@id":"https:\/\/kapitalis.com\/tunisie\/#organization"},"potentialAction":[{"@type":"SearchAction","target":{"@type":"EntryPoint","urlTemplate":"https:\/\/kapitalis.com\/tunisie\/?s={search_term_string}"},"query-input":{"@type":"PropertyValueSpecification","valueRequired":true,"valueName":"search_term_string"}}],"inLanguage":"fr-FR"},{"@type":"Organization","@id":"https:\/\/kapitalis.com\/tunisie\/#organization","name":"Kapitalis","url":"https:\/\/kapitalis.com\/tunisie\/","logo":{"@type":"ImageObject","inLanguage":"fr-FR","@id":"https:\/\/kapitalis.com\/tunisie\/#\/schema\/logo\/image\/","url":"https:\/\/kapitalis.com\/tunisie\/wp-content\/uploads\/2022\/05\/Kapitalis-big-size.png","contentUrl":"https:\/\/kapitalis.com\/tunisie\/wp-content\/uploads\/2022\/05\/Kapitalis-big-size.png","width":5000,"height":1500,"caption":"Kapitalis"},"image":{"@id":"https:\/\/kapitalis.com\/tunisie\/#\/schema\/logo\/image\/"},"sameAs":["https:\/\/www.facebook.com\/KapitalisInfo\/","https:\/\/x.com\/KapitalisInfo","https:\/\/www.youtube.com\/channel\/UC-yDYrHyfFBWWZaOw3FPg9Q"]},{"@type":"Person","@id":"https:\/\/kapitalis.com\/tunisie\/#\/schema\/person\/d71f33a9ca44f7bad4698210b480c8e9","name":"webmaster kapitalis","url":"https:\/\/kapitalis.com\/tunisie\/author\/webmaster-kapitalis\/"}]}},"_links":{"self":[{"href":"https:\/\/kapitalis.com\/tunisie\/wp-json\/wp\/v2\/posts\/217145","targetHints":{"allow":["GET"]}}],"collection":[{"href":"https:\/\/kapitalis.com\/tunisie\/wp-json\/wp\/v2\/posts"}],"about":[{"href":"https:\/\/kapitalis.com\/tunisie\/wp-json\/wp\/v2\/types\/post"}],"author":[{"embeddable":true,"href":"https:\/\/kapitalis.com\/tunisie\/wp-json\/wp\/v2\/users\/8"}],"replies":[{"embeddable":true,"href":"https:\/\/kapitalis.com\/tunisie\/wp-json\/wp\/v2\/comments?post=217145"}],"version-history":[{"count":0,"href":"https:\/\/kapitalis.com\/tunisie\/wp-json\/wp\/v2\/posts\/217145\/revisions"}],"wp:featuredmedia":[{"embeddable":true,"href":"https:\/\/kapitalis.com\/tunisie\/wp-json\/wp\/v2\/media\/217146"}],"wp:attachment":[{"href":"https:\/\/kapitalis.com\/tunisie\/wp-json\/wp\/v2\/media?parent=217145"}],"wp:term":[{"taxonomy":"category","embeddable":true,"href":"https:\/\/kapitalis.com\/tunisie\/wp-json\/wp\/v2\/categories?post=217145"},{"taxonomy":"post_tag","embeddable":true,"href":"https:\/\/kapitalis.com\/tunisie\/wp-json\/wp\/v2\/tags?post=217145"}],"curies":[{"name":"wp","href":"https:\/\/api.w.org\/{rel}","templated":true}]}}