{"id":217156,"date":"2019-06-10T10:11:18","date_gmt":"2019-06-10T09:11:18","guid":{"rendered":"http:\/\/kapitalis.com\/tunisie\/?p=217156"},"modified":"2019-06-10T10:11:20","modified_gmt":"2019-06-10T09:11:20","slug":"la-1ere-edition-du-k-pop-maghreb-festival-le-23-juin-2019-a-tunis","status":"publish","type":"post","link":"https:\/\/kapitalis.com\/tunisie\/2019\/06\/10\/la-1ere-edition-du-k-pop-maghreb-festival-le-23-juin-2019-a-tunis\/","title":{"rendered":"La 1\u00e8re \u00e9dition du K-Pop Maghreb Festival, le 23 juin 2019 \u00e0 Tunis"},"content":{"rendered":"\n<figure class=\"wp-block-image\"><img decoding=\"async\" src=\"http:\/\/kapitalis.com\/tunisie\/wp-content\/uploads\/2019\/06\/K-Pop-Maghreb-Festival.jpg\" alt=\"\" class=\"wp-image-217157\"\/><\/figure>\n\n\n\n<p><strong><em>La premi\u00e8re \u00e9dition du K-Pop Maghreb Festival, co-organis\u00e9 par l\u2019ambassade de Cor\u00e9e en Tunisie et la municipalit\u00e9 de Tunis, aura lieu le dimanche 23 juin 2019, de 10h00 \u00e0 12h30, \u00e0 l\u2019avenue Habib Bourguiba, au centre-ville de la capitale. <\/em><\/strong><br><\/p>\n\n\n\n<!--more-->\n\n\n\n<p> Ce rendez-vous annuel d\u00e9di\u00e9 \u00e0 la jeunesse et vise \u00e0 rapprocher les jeunes Cor\u00e9ens et Tunisiens \u00e0 travers la musique et la danse, <br><\/p>\n\n\n\n<p> Pour participer au concours de danse K-Pop, il suffit de laisser affich\u00e9e ta vid\u00e9o-d\u00e9monstration libre (3 minutes) sur la<a rel=\"noreferrer noopener\" aria-label=\" page Facebook de l\u2019\u00e9v\u00e9nement (s\u2019ouvre dans un nouvel onglet)\" href=\"https:\/\/www.facebook.com\/events\/437795807005655\/\" target=\"_blank\"> page Facebook de l\u2019\u00e9v\u00e9nement<\/a>. L\u2019\u00e9quipe culturelle de l\u2019ambassade, avec le concours de House of K-Pop, proc\u00e9dera \u00e0 l\u2019\u00e9valuation pr\u00e9liminaire et 15 finalistes (individuel et \u00e9quipe confondus) seront s\u00e9lectionn\u00e9s pour l\u2019ultime comp\u00e9tition devant le jury, le 23 juin. <br><\/p>\n\n\n\n<p> Apr\u00e8s la comp\u00e9tition proprement dite, l\u2019\u00e9valuation du jury et la distribution des prix aux gagnants, l\u2019\u00e9v\u00e9nement sera cl\u00f4tur\u00e9 par une danse collective de tous les participants et spectateurs.<br><\/p>\n\n\n\n<p style=\"text-align:right\"> <strong>I. B.<\/strong> <\/p>\n","protected":false},"excerpt":{"rendered":"<p>La premi\u00e8re \u00e9dition du K-Pop Maghreb Festival, co-organis\u00e9 par l\u2019ambassade de Cor\u00e9e en Tunisie et la municipalit\u00e9 de Tunis, aura lieu le dimanche 23 juin 2019, de 10h00 \u00e0 12h30, \u00e0 l\u2019avenue Habib Bourguiba, au centre-ville de la capitale.<\/p>\n","protected":false},"author":8,"featured_media":217157,"comment_status":"open","ping_status":"open","sticky":false,"template":"","format":"standard","meta":{"footnotes":""},"categories":[994,2433],"tags":[5484,9281],"class_list":["post-217156","post","type-post","status-publish","format-standard","has-post-thumbnail","hentry","category-culture","category-tunisie","tag-avenue-habib-bourguiba","tag-municipalite-de-tunis"],"yoast_head":"<!-- This site is optimized with the Yoast SEO plugin v26.6 - https:\/\/yoast.com\/wordpress\/plugins\/seo\/ -->\n<title>La 1\u00e8re \u00e9dition du K-Pop Maghreb Festival, le 23 juin 2019 \u00e0 Tunis - Kapitalis<\/title>\n<meta name=\"robots\" content=\"index, follow, max-snippet:-1, max-image-preview:large, max-video-preview:-1\" \/>\n<link rel=\"canonical\" href=\"https:\/\/kapitalis.com\/tunisie\/2019\/06\/10\/la-1ere-edition-du-k-pop-maghreb-festival-le-23-juin-2019-a-tunis\/\" \/>\n<meta property=\"og:locale\" content=\"fr_FR\" \/>\n<meta property=\"og:type\" content=\"article\" \/>\n<meta property=\"og:title\" content=\"La 1\u00e8re \u00e9dition du K-Pop Maghreb Festival, le 23 juin 2019 \u00e0 Tunis - Kapitalis\" \/>\n<meta property=\"og:description\" content=\"La premi\u00e8re \u00e9dition du K-Pop Maghreb Festival, co-organis\u00e9 par l\u2019ambassade de Cor\u00e9e en Tunisie et la municipalit\u00e9 de Tunis, aura lieu le dimanche 23 juin 2019, de 10h00 \u00e0 12h30, \u00e0 l\u2019avenue Habib Bourguiba, au centre-ville de la capitale.\" \/>\n<meta property=\"og:url\" content=\"https:\/\/kapitalis.com\/tunisie\/2019\/06\/10\/la-1ere-edition-du-k-pop-maghreb-festival-le-23-juin-2019-a-tunis\/\" \/>\n<meta property=\"og:site_name\" content=\"Kapitalis\" \/>\n<meta property=\"article:publisher\" content=\"https:\/\/www.facebook.com\/KapitalisInfo\/\" \/>\n<meta property=\"article:published_time\" content=\"2019-06-10T09:11:18+00:00\" \/>\n<meta property=\"article:modified_time\" content=\"2019-06-10T09:11:20+00:00\" \/>\n<meta property=\"og:image\" content=\"https:\/\/kapitalis.com\/tunisie\/wp-content\/uploads\/2022\/05\/kapitalis-logo-fb.png\" \/>\n\t<meta property=\"og:image:width\" content=\"1200\" \/>\n\t<meta property=\"og:image:height\" content=\"630\" \/>\n\t<meta property=\"og:image:type\" content=\"image\/png\" \/>\n<meta name=\"author\" content=\"webmaster kapitalis\" \/>\n<meta name=\"twitter:card\" content=\"summary_large_image\" \/>\n<meta name=\"twitter:creator\" content=\"@KapitalisInfo\" \/>\n<meta name=\"twitter:site\" content=\"@KapitalisInfo\" \/>\n<meta name=\"twitter:label1\" content=\"\u00c9crit par\" \/>\n\t<meta name=\"twitter:data1\" content=\"webmaster kapitalis\" \/>\n\t<meta name=\"twitter:label2\" content=\"Dur\u00e9e de lecture estim\u00e9e\" \/>\n\t<meta name=\"twitter:data2\" content=\"1 minute\" \/>\n<script type=\"application\/ld+json\" class=\"yoast-schema-graph\">{\"@context\":\"https:\/\/schema.org\",\"@graph\":[{\"@type\":\"Article\",\"@id\":\"https:\/\/kapitalis.com\/tunisie\/2019\/06\/10\/la-1ere-edition-du-k-pop-maghreb-festival-le-23-juin-2019-a-tunis\/#article\",\"isPartOf\":{\"@id\":\"https:\/\/kapitalis.com\/tunisie\/2019\/06\/10\/la-1ere-edition-du-k-pop-maghreb-festival-le-23-juin-2019-a-tunis\/\"},\"author\":{\"name\":\"webmaster kapitalis\",\"@id\":\"https:\/\/kapitalis.com\/tunisie\/#\/schema\/person\/d71f33a9ca44f7bad4698210b480c8e9\"},\"headline\":\"La 1\u00e8re \u00e9dition du K-Pop Maghreb Festival, le 23 juin 2019 \u00e0 Tunis\",\"datePublished\":\"2019-06-10T09:11:18+00:00\",\"dateModified\":\"2019-06-10T09:11:20+00:00\",\"mainEntityOfPage\":{\"@id\":\"https:\/\/kapitalis.com\/tunisie\/2019\/06\/10\/la-1ere-edition-du-k-pop-maghreb-festival-le-23-juin-2019-a-tunis\/\"},\"wordCount\":173,\"commentCount\":0,\"publisher\":{\"@id\":\"https:\/\/kapitalis.com\/tunisie\/#organization\"},\"image\":{\"@id\":\"https:\/\/kapitalis.com\/tunisie\/2019\/06\/10\/la-1ere-edition-du-k-pop-maghreb-festival-le-23-juin-2019-a-tunis\/#primaryimage\"},\"thumbnailUrl\":\"\",\"keywords\":[\"avenue Habib Bourguiba\",\"municipalit\u00e9 de Tunis\"],\"articleSection\":[\"CULTURE\",\"Tunisie\"],\"inLanguage\":\"fr-FR\",\"potentialAction\":[{\"@type\":\"CommentAction\",\"name\":\"Comment\",\"target\":[\"https:\/\/kapitalis.com\/tunisie\/2019\/06\/10\/la-1ere-edition-du-k-pop-maghreb-festival-le-23-juin-2019-a-tunis\/#respond\"]}]},{\"@type\":\"WebPage\",\"@id\":\"https:\/\/kapitalis.com\/tunisie\/2019\/06\/10\/la-1ere-edition-du-k-pop-maghreb-festival-le-23-juin-2019-a-tunis\/\",\"url\":\"https:\/\/kapitalis.com\/tunisie\/2019\/06\/10\/la-1ere-edition-du-k-pop-maghreb-festival-le-23-juin-2019-a-tunis\/\",\"name\":\"La 1\u00e8re \u00e9dition du K-Pop Maghreb Festival, le 23 juin 2019 \u00e0 Tunis - Kapitalis\",\"isPartOf\":{\"@id\":\"https:\/\/kapitalis.com\/tunisie\/#website\"},\"primaryImageOfPage\":{\"@id\":\"https:\/\/kapitalis.com\/tunisie\/2019\/06\/10\/la-1ere-edition-du-k-pop-maghreb-festival-le-23-juin-2019-a-tunis\/#primaryimage\"},\"image\":{\"@id\":\"https:\/\/kapitalis.com\/tunisie\/2019\/06\/10\/la-1ere-edition-du-k-pop-maghreb-festival-le-23-juin-2019-a-tunis\/#primaryimage\"},\"thumbnailUrl\":\"\",\"datePublished\":\"2019-06-10T09:11:18+00:00\",\"dateModified\":\"2019-06-10T09:11:20+00:00\",\"breadcrumb\":{\"@id\":\"https:\/\/kapitalis.com\/tunisie\/2019\/06\/10\/la-1ere-edition-du-k-pop-maghreb-festival-le-23-juin-2019-a-tunis\/#breadcrumb\"},\"inLanguage\":\"fr-FR\",\"potentialAction\":[{\"@type\":\"ReadAction\",\"target\":[\"https:\/\/kapitalis.com\/tunisie\/2019\/06\/10\/la-1ere-edition-du-k-pop-maghreb-festival-le-23-juin-2019-a-tunis\/\"]}]},{\"@type\":\"ImageObject\",\"inLanguage\":\"fr-FR\",\"@id\":\"https:\/\/kapitalis.com\/tunisie\/2019\/06\/10\/la-1ere-edition-du-k-pop-maghreb-festival-le-23-juin-2019-a-tunis\/#primaryimage\",\"url\":\"\",\"contentUrl\":\"\"},{\"@type\":\"BreadcrumbList\",\"@id\":\"https:\/\/kapitalis.com\/tunisie\/2019\/06\/10\/la-1ere-edition-du-k-pop-maghreb-festival-le-23-juin-2019-a-tunis\/#breadcrumb\",\"itemListElement\":[{\"@type\":\"ListItem\",\"position\":1,\"name\":\"Accueil\",\"item\":\"https:\/\/kapitalis.com\/tunisie\/\"},{\"@type\":\"ListItem\",\"position\":2,\"name\":\"La 1\u00e8re \u00e9dition du K-Pop Maghreb Festival, le 23 juin 2019 \u00e0 Tunis\"}]},{\"@type\":\"WebSite\",\"@id\":\"https:\/\/kapitalis.com\/tunisie\/#website\",\"url\":\"https:\/\/kapitalis.com\/tunisie\/\",\"name\":\"Kapitalis\",\"description\":\"L&#039;actualit\u00e9 en Tunisie et dans le monde\",\"publisher\":{\"@id\":\"https:\/\/kapitalis.com\/tunisie\/#organization\"},\"potentialAction\":[{\"@type\":\"SearchAction\",\"target\":{\"@type\":\"EntryPoint\",\"urlTemplate\":\"https:\/\/kapitalis.com\/tunisie\/?s={search_term_string}\"},\"query-input\":{\"@type\":\"PropertyValueSpecification\",\"valueRequired\":true,\"valueName\":\"search_term_string\"}}],\"inLanguage\":\"fr-FR\"},{\"@type\":\"Organization\",\"@id\":\"https:\/\/kapitalis.com\/tunisie\/#organization\",\"name\":\"Kapitalis\",\"url\":\"https:\/\/kapitalis.com\/tunisie\/\",\"logo\":{\"@type\":\"ImageObject\",\"inLanguage\":\"fr-FR\",\"@id\":\"https:\/\/kapitalis.com\/tunisie\/#\/schema\/logo\/image\/\",\"url\":\"https:\/\/kapitalis.com\/tunisie\/wp-content\/uploads\/2022\/05\/Kapitalis-big-size.png\",\"contentUrl\":\"https:\/\/kapitalis.com\/tunisie\/wp-content\/uploads\/2022\/05\/Kapitalis-big-size.png\",\"width\":5000,\"height\":1500,\"caption\":\"Kapitalis\"},\"image\":{\"@id\":\"https:\/\/kapitalis.com\/tunisie\/#\/schema\/logo\/image\/\"},\"sameAs\":[\"https:\/\/www.facebook.com\/KapitalisInfo\/\",\"https:\/\/x.com\/KapitalisInfo\",\"https:\/\/www.youtube.com\/channel\/UC-yDYrHyfFBWWZaOw3FPg9Q\"]},{\"@type\":\"Person\",\"@id\":\"https:\/\/kapitalis.com\/tunisie\/#\/schema\/person\/d71f33a9ca44f7bad4698210b480c8e9\",\"name\":\"webmaster kapitalis\",\"url\":\"https:\/\/kapitalis.com\/tunisie\/author\/webmaster-kapitalis\/\"}]}<\/script>\n<!-- \/ Yoast SEO plugin. -->","yoast_head_json":{"title":"La 1\u00e8re \u00e9dition du K-Pop Maghreb Festival, le 23 juin 2019 \u00e0 Tunis - Kapitalis","robots":{"index":"index","follow":"follow","max-snippet":"max-snippet:-1","max-image-preview":"max-image-preview:large","max-video-preview":"max-video-preview:-1"},"canonical":"https:\/\/kapitalis.com\/tunisie\/2019\/06\/10\/la-1ere-edition-du-k-pop-maghreb-festival-le-23-juin-2019-a-tunis\/","og_locale":"fr_FR","og_type":"article","og_title":"La 1\u00e8re \u00e9dition du K-Pop Maghreb Festival, le 23 juin 2019 \u00e0 Tunis - Kapitalis","og_description":"La premi\u00e8re \u00e9dition du K-Pop Maghreb Festival, co-organis\u00e9 par l\u2019ambassade de Cor\u00e9e en Tunisie et la municipalit\u00e9 de Tunis, aura lieu le dimanche 23 juin 2019, de 10h00 \u00e0 12h30, \u00e0 l\u2019avenue Habib Bourguiba, au centre-ville de la capitale.","og_url":"https:\/\/kapitalis.com\/tunisie\/2019\/06\/10\/la-1ere-edition-du-k-pop-maghreb-festival-le-23-juin-2019-a-tunis\/","og_site_name":"Kapitalis","article_publisher":"https:\/\/www.facebook.com\/KapitalisInfo\/","article_published_time":"2019-06-10T09:11:18+00:00","article_modified_time":"2019-06-10T09:11:20+00:00","og_image":[{"width":1200,"height":630,"url":"https:\/\/kapitalis.com\/tunisie\/wp-content\/uploads\/2022\/05\/kapitalis-logo-fb.png","type":"image\/png"}],"author":"webmaster kapitalis","twitter_card":"summary_large_image","twitter_creator":"@KapitalisInfo","twitter_site":"@KapitalisInfo","twitter_misc":{"\u00c9crit par":"webmaster kapitalis","Dur\u00e9e de lecture estim\u00e9e":"1 minute"},"schema":{"@context":"https:\/\/schema.org","@graph":[{"@type":"Article","@id":"https:\/\/kapitalis.com\/tunisie\/2019\/06\/10\/la-1ere-edition-du-k-pop-maghreb-festival-le-23-juin-2019-a-tunis\/#article","isPartOf":{"@id":"https:\/\/kapitalis.com\/tunisie\/2019\/06\/10\/la-1ere-edition-du-k-pop-maghreb-festival-le-23-juin-2019-a-tunis\/"},"author":{"name":"webmaster kapitalis","@id":"https:\/\/kapitalis.com\/tunisie\/#\/schema\/person\/d71f33a9ca44f7bad4698210b480c8e9"},"headline":"La 1\u00e8re \u00e9dition du K-Pop Maghreb Festival, le 23 juin 2019 \u00e0 Tunis","datePublished":"2019-06-10T09:11:18+00:00","dateModified":"2019-06-10T09:11:20+00:00","mainEntityOfPage":{"@id":"https:\/\/kapitalis.com\/tunisie\/2019\/06\/10\/la-1ere-edition-du-k-pop-maghreb-festival-le-23-juin-2019-a-tunis\/"},"wordCount":173,"commentCount":0,"publisher":{"@id":"https:\/\/kapitalis.com\/tunisie\/#organization"},"image":{"@id":"https:\/\/kapitalis.com\/tunisie\/2019\/06\/10\/la-1ere-edition-du-k-pop-maghreb-festival-le-23-juin-2019-a-tunis\/#primaryimage"},"thumbnailUrl":"","keywords":["avenue Habib Bourguiba","municipalit\u00e9 de Tunis"],"articleSection":["CULTURE","Tunisie"],"inLanguage":"fr-FR","potentialAction":[{"@type":"CommentAction","name":"Comment","target":["https:\/\/kapitalis.com\/tunisie\/2019\/06\/10\/la-1ere-edition-du-k-pop-maghreb-festival-le-23-juin-2019-a-tunis\/#respond"]}]},{"@type":"WebPage","@id":"https:\/\/kapitalis.com\/tunisie\/2019\/06\/10\/la-1ere-edition-du-k-pop-maghreb-festival-le-23-juin-2019-a-tunis\/","url":"https:\/\/kapitalis.com\/tunisie\/2019\/06\/10\/la-1ere-edition-du-k-pop-maghreb-festival-le-23-juin-2019-a-tunis\/","name":"La 1\u00e8re \u00e9dition du K-Pop Maghreb Festival, le 23 juin 2019 \u00e0 Tunis - Kapitalis","isPartOf":{"@id":"https:\/\/kapitalis.com\/tunisie\/#website"},"primaryImageOfPage":{"@id":"https:\/\/kapitalis.com\/tunisie\/2019\/06\/10\/la-1ere-edition-du-k-pop-maghreb-festival-le-23-juin-2019-a-tunis\/#primaryimage"},"image":{"@id":"https:\/\/kapitalis.com\/tunisie\/2019\/06\/10\/la-1ere-edition-du-k-pop-maghreb-festival-le-23-juin-2019-a-tunis\/#primaryimage"},"thumbnailUrl":"","datePublished":"2019-06-10T09:11:18+00:00","dateModified":"2019-06-10T09:11:20+00:00","breadcrumb":{"@id":"https:\/\/kapitalis.com\/tunisie\/2019\/06\/10\/la-1ere-edition-du-k-pop-maghreb-festival-le-23-juin-2019-a-tunis\/#breadcrumb"},"inLanguage":"fr-FR","potentialAction":[{"@type":"ReadAction","target":["https:\/\/kapitalis.com\/tunisie\/2019\/06\/10\/la-1ere-edition-du-k-pop-maghreb-festival-le-23-juin-2019-a-tunis\/"]}]},{"@type":"ImageObject","inLanguage":"fr-FR","@id":"https:\/\/kapitalis.com\/tunisie\/2019\/06\/10\/la-1ere-edition-du-k-pop-maghreb-festival-le-23-juin-2019-a-tunis\/#primaryimage","url":"","contentUrl":""},{"@type":"BreadcrumbList","@id":"https:\/\/kapitalis.com\/tunisie\/2019\/06\/10\/la-1ere-edition-du-k-pop-maghreb-festival-le-23-juin-2019-a-tunis\/#breadcrumb","itemListElement":[{"@type":"ListItem","position":1,"name":"Accueil","item":"https:\/\/kapitalis.com\/tunisie\/"},{"@type":"ListItem","position":2,"name":"La 1\u00e8re \u00e9dition du K-Pop Maghreb Festival, le 23 juin 2019 \u00e0 Tunis"}]},{"@type":"WebSite","@id":"https:\/\/kapitalis.com\/tunisie\/#website","url":"https:\/\/kapitalis.com\/tunisie\/","name":"Kapitalis","description":"L&#039;actualit\u00e9 en Tunisie et dans le monde","publisher":{"@id":"https:\/\/kapitalis.com\/tunisie\/#organization"},"potentialAction":[{"@type":"SearchAction","target":{"@type":"EntryPoint","urlTemplate":"https:\/\/kapitalis.com\/tunisie\/?s={search_term_string}"},"query-input":{"@type":"PropertyValueSpecification","valueRequired":true,"valueName":"search_term_string"}}],"inLanguage":"fr-FR"},{"@type":"Organization","@id":"https:\/\/kapitalis.com\/tunisie\/#organization","name":"Kapitalis","url":"https:\/\/kapitalis.com\/tunisie\/","logo":{"@type":"ImageObject","inLanguage":"fr-FR","@id":"https:\/\/kapitalis.com\/tunisie\/#\/schema\/logo\/image\/","url":"https:\/\/kapitalis.com\/tunisie\/wp-content\/uploads\/2022\/05\/Kapitalis-big-size.png","contentUrl":"https:\/\/kapitalis.com\/tunisie\/wp-content\/uploads\/2022\/05\/Kapitalis-big-size.png","width":5000,"height":1500,"caption":"Kapitalis"},"image":{"@id":"https:\/\/kapitalis.com\/tunisie\/#\/schema\/logo\/image\/"},"sameAs":["https:\/\/www.facebook.com\/KapitalisInfo\/","https:\/\/x.com\/KapitalisInfo","https:\/\/www.youtube.com\/channel\/UC-yDYrHyfFBWWZaOw3FPg9Q"]},{"@type":"Person","@id":"https:\/\/kapitalis.com\/tunisie\/#\/schema\/person\/d71f33a9ca44f7bad4698210b480c8e9","name":"webmaster kapitalis","url":"https:\/\/kapitalis.com\/tunisie\/author\/webmaster-kapitalis\/"}]}},"_links":{"self":[{"href":"https:\/\/kapitalis.com\/tunisie\/wp-json\/wp\/v2\/posts\/217156","targetHints":{"allow":["GET"]}}],"collection":[{"href":"https:\/\/kapitalis.com\/tunisie\/wp-json\/wp\/v2\/posts"}],"about":[{"href":"https:\/\/kapitalis.com\/tunisie\/wp-json\/wp\/v2\/types\/post"}],"author":[{"embeddable":true,"href":"https:\/\/kapitalis.com\/tunisie\/wp-json\/wp\/v2\/users\/8"}],"replies":[{"embeddable":true,"href":"https:\/\/kapitalis.com\/tunisie\/wp-json\/wp\/v2\/comments?post=217156"}],"version-history":[{"count":0,"href":"https:\/\/kapitalis.com\/tunisie\/wp-json\/wp\/v2\/posts\/217156\/revisions"}],"wp:featuredmedia":[{"embeddable":true,"href":"https:\/\/kapitalis.com\/tunisie\/wp-json\/wp\/v2\/media\/217157"}],"wp:attachment":[{"href":"https:\/\/kapitalis.com\/tunisie\/wp-json\/wp\/v2\/media?parent=217156"}],"wp:term":[{"taxonomy":"category","embeddable":true,"href":"https:\/\/kapitalis.com\/tunisie\/wp-json\/wp\/v2\/categories?post=217156"},{"taxonomy":"post_tag","embeddable":true,"href":"https:\/\/kapitalis.com\/tunisie\/wp-json\/wp\/v2\/tags?post=217156"}],"curies":[{"name":"wp","href":"https:\/\/api.w.org\/{rel}","templated":true}]}}