{"id":217159,"date":"2019-06-10T10:30:26","date_gmt":"2019-06-10T09:30:26","guid":{"rendered":"http:\/\/kapitalis.com\/tunisie\/?p=217159"},"modified":"2019-06-10T10:54:42","modified_gmt":"2019-06-10T09:54:42","slug":"un-vendeur-ambulant-agresse-le-president-de-larrondissement-municipal-de-lariana-mohamed-hamaied","status":"publish","type":"post","link":"https:\/\/kapitalis.com\/tunisie\/2019\/06\/10\/un-vendeur-ambulant-agresse-le-president-de-larrondissement-municipal-de-lariana-mohamed-hamaied\/","title":{"rendered":"Un vendeur ambulant agresse le pr\u00e9sident de l\u2019arrondissement municipal de l\u2019Ariana, Mohamed Hamaied"},"content":{"rendered":"\n<figure class=\"wp-block-image\"><img decoding=\"async\" src=\"http:\/\/kapitalis.com\/tunisie\/wp-content\/uploads\/2019\/06\/Ariana-Med-Hmaied-agression.jpg\" alt=\"\" class=\"wp-image-217164\"\/><\/figure>\n\n\n\n<p><strong><em>Une semaine apr\u00e8s l\u2019agression de la vice-pr\u00e9sidente du conseil municipal de l\u2019Ariana, Pr Nihel Ben Ammar, le pr\u00e9sident de l\u2019arrondissement municipal de la m\u00eame ville, Mohamed Hamaied, a \u00e9t\u00e9 agress\u00e9 avant-hier<\/em><\/strong><em>,<\/em> samedi 8 juin 2019,<strong><em> par un vendeur ambulant. Une p\u00e9tition a \u00e9t\u00e9 lanc\u00e9e aujourd\u2019hui, lundi 10 juin 2019, par les habitants de la ville, appelant \u00e0 l\u2019application de la loi pour lutter contre l\u2019anarchie.<\/em><\/strong><\/p>\n\n\n\n<!--more-->\n\n\n\n<p>M. Hmaied a \u00e9t\u00e9 agress\u00e9 lors d\u2019une campagne de lutte contre les commerces parall\u00e8les install\u00e9s ill\u00e9galement sur la voie publique, en collaboration avec les polices environnementale et municipale.<\/p>\n\n\n\n<p>Un vendeur ambulant install\u00e9 pr\u00e8s du march\u00e9 a \u00e9t\u00e9 verbalis\u00e9 par les agents et il s\u2019en est pris au pr\u00e9sident de l\u2019arrondissement municipal de l\u2019Ariana.<\/p>\n\n\n\n<p>Une plainte a \u00e9t\u00e9 d\u00e9pos\u00e9e contre l\u2019agresseur et une enqu\u00eate ouverte, indique une source \u00e0 Kapitalis, en pr\u00e9cisant que ce dernier a \u00e9t\u00e9 identifi\u00e9.<\/p>\n\n\n\n<p>Il s\u2019agit de la 2e agression du genre en une semaine : samedi 1er juin, c\u2019est Pr Nihel Ben Ammar, qui a \u00e9t\u00e9 agress\u00e9e par le g\u00e9rant d\u2019un kiosque ill\u00e9gal, situ\u00e9 pr\u00e8s d\u2019un magasin \u00e0 El-Menzah 6. <\/p>\n\n\n\n<p>Ce dernier, soutenu par un de ses proches, conseiller municipal \u00e0 la m\u00eame ville, avait \u00e9t\u00e9 appel\u00e9 \u00e0 r\u00e9gulariser sa situation apr\u00e8s plusieurs plaintes d\u00e9pos\u00e9es par les habitants.<\/p>\n\n\n\n<p>Le seul tort de Mme Ben Ammar et M. Hmaied est d\u2019avoir voulu faire appliquer la loi. Ces agressions dont sont victimes des \u00e9lus locaux \u00e9tant devenues r\u00e9currentes, des citoyens, des activistes et syndicalistes ont lanc\u00e9, ce matin, une p\u00e9tition appelant \u00e0 pr\u00e9server les zones d\u2019habitation, \u00e0 respecter les plans d\u2019am\u00e9nagement, \u00e0 mettre fin \u00e0 l\u2019anarchie en ex\u00e9cutant les d\u00e9cisions de fermeture et \u00e0 se montrer intransigeant avec les hors-la-loi.<\/p>\n\n\n\n<p>Des b\u00e9n\u00e9voles effectueront du porte-\u00e0-porte pour sensibiliser les citoyens \u00e0 cette cause et collecter le maximum de signatures.<\/p>\n\n\n\n<p style=\"text-align:right\"><strong>Y. N.<\/strong><\/p>\n\n\n\n<figure class=\"wp-block-embed is-type-rich is-provider-kapitalis\"><div class=\"wp-block-embed__wrapper\">\n<blockquote class=\"wp-embedded-content\" data-secret=\"uU9R5820zM\"><a href=\"https:\/\/kapitalis.com\/tunisie\/2019\/06\/02\/les-dessous-de-lagression-du-pr-nihel-ben-ammar-vice-presidente-du-conseil-municipal-de-lariana\/\">Les dessous de l\u2019agression du Pr Nihel Ben Amor, vice-pr\u00e9sidente du conseil municipal de l\u2019Ariana<\/a><\/blockquote><iframe loading=\"lazy\" class=\"wp-embedded-content\" sandbox=\"allow-scripts\" security=\"restricted\" style=\"position: absolute; clip: rect(1px, 1px, 1px, 1px);\" title=\"\u00ab\u00a0Les dessous de l\u2019agression du Pr Nihel Ben Amor, vice-pr\u00e9sidente du conseil municipal de l\u2019Ariana\u00a0\u00bb &#8212; Kapitalis\" src=\"https:\/\/kapitalis.com\/tunisie\/2019\/06\/02\/les-dessous-de-lagression-du-pr-nihel-ben-ammar-vice-presidente-du-conseil-municipal-de-lariana\/embed\/#?secret=Day9XDnzF4#?secret=uU9R5820zM\" data-secret=\"uU9R5820zM\" width=\"600\" height=\"338\" frameborder=\"0\" marginwidth=\"0\" marginheight=\"0\" scrolling=\"no\"><\/iframe>\n<\/div><\/figure>\n","protected":false},"excerpt":{"rendered":"<p>Une semaine apr\u00e8s l\u2019agression de la vice-pr\u00e9sidente du conseil municipal de l\u2019Ariana, Pr Nihel Ben Ammar, le pr\u00e9sident de l\u2019arrondissement municipal de la m\u00eame ville, Mohamed Hamaied, a \u00e9t\u00e9 agress\u00e9 avant-hier, samedi 8 juin 2019, par un vendeur ambulant. Une p\u00e9tition a \u00e9t\u00e9 lanc\u00e9e aujourd\u2019hui, lundi 10 juin 2019, par les habitants de la ville,&#8230;<\/p>\n","protected":false},"author":6,"featured_media":217164,"comment_status":"open","ping_status":"open","sticky":false,"template":"","format":"standard","meta":{"footnotes":""},"categories":[997,998,2433],"tags":[45,79,9608],"class_list":["post-217159","post","type-post","status-publish","format-standard","has-post-thumbnail","hentry","category-politique","category-societe","category-tunisie","tag-agression","tag-ariana","tag-commerce-parallele"],"yoast_head":"<!-- This site is optimized with the Yoast SEO plugin v26.6 - https:\/\/yoast.com\/wordpress\/plugins\/seo\/ -->\n<title>Un vendeur ambulant agresse le pr\u00e9sident de l\u2019arrondissement municipal de l\u2019Ariana, Mohamed Hamaied - Kapitalis<\/title>\n<meta name=\"robots\" content=\"index, follow, max-snippet:-1, max-image-preview:large, max-video-preview:-1\" \/>\n<link rel=\"canonical\" href=\"https:\/\/kapitalis.com\/tunisie\/2019\/06\/10\/un-vendeur-ambulant-agresse-le-president-de-larrondissement-municipal-de-lariana-mohamed-hamaied\/\" \/>\n<meta property=\"og:locale\" content=\"fr_FR\" \/>\n<meta property=\"og:type\" content=\"article\" \/>\n<meta property=\"og:title\" content=\"Un vendeur ambulant agresse le pr\u00e9sident de l\u2019arrondissement municipal de l\u2019Ariana, Mohamed Hamaied - Kapitalis\" \/>\n<meta property=\"og:description\" content=\"Une semaine apr\u00e8s l\u2019agression de la vice-pr\u00e9sidente du conseil municipal de l\u2019Ariana, Pr Nihel Ben Ammar, le pr\u00e9sident de l\u2019arrondissement municipal de la m\u00eame ville, Mohamed Hamaied, a \u00e9t\u00e9 agress\u00e9 avant-hier, samedi 8 juin 2019, par un vendeur ambulant. Une p\u00e9tition a \u00e9t\u00e9 lanc\u00e9e aujourd\u2019hui, lundi 10 juin 2019, par les habitants de la ville,...\" \/>\n<meta property=\"og:url\" content=\"https:\/\/kapitalis.com\/tunisie\/2019\/06\/10\/un-vendeur-ambulant-agresse-le-president-de-larrondissement-municipal-de-lariana-mohamed-hamaied\/\" \/>\n<meta property=\"og:site_name\" content=\"Kapitalis\" \/>\n<meta property=\"article:publisher\" content=\"https:\/\/www.facebook.com\/KapitalisInfo\/\" \/>\n<meta property=\"article:published_time\" content=\"2019-06-10T09:30:26+00:00\" \/>\n<meta property=\"article:modified_time\" content=\"2019-06-10T09:54:42+00:00\" \/>\n<meta property=\"og:image\" content=\"https:\/\/kapitalis.com\/tunisie\/wp-content\/uploads\/2022\/05\/kapitalis-logo-fb.png\" \/>\n\t<meta property=\"og:image:width\" content=\"1200\" \/>\n\t<meta property=\"og:image:height\" content=\"630\" \/>\n\t<meta property=\"og:image:type\" content=\"image\/png\" \/>\n<meta name=\"author\" content=\"Yusra NY\" \/>\n<meta name=\"twitter:card\" content=\"summary_large_image\" \/>\n<meta name=\"twitter:creator\" content=\"@KapitalisInfo\" \/>\n<meta name=\"twitter:site\" content=\"@KapitalisInfo\" \/>\n<meta name=\"twitter:label1\" content=\"\u00c9crit par\" \/>\n\t<meta name=\"twitter:data1\" content=\"Yusra NY\" \/>\n\t<meta name=\"twitter:label2\" content=\"Dur\u00e9e de lecture estim\u00e9e\" \/>\n\t<meta name=\"twitter:data2\" content=\"2 minutes\" \/>\n<script type=\"application\/ld+json\" class=\"yoast-schema-graph\">{\"@context\":\"https:\/\/schema.org\",\"@graph\":[{\"@type\":\"Article\",\"@id\":\"https:\/\/kapitalis.com\/tunisie\/2019\/06\/10\/un-vendeur-ambulant-agresse-le-president-de-larrondissement-municipal-de-lariana-mohamed-hamaied\/#article\",\"isPartOf\":{\"@id\":\"https:\/\/kapitalis.com\/tunisie\/2019\/06\/10\/un-vendeur-ambulant-agresse-le-president-de-larrondissement-municipal-de-lariana-mohamed-hamaied\/\"},\"author\":{\"name\":\"Yusra NY\",\"@id\":\"https:\/\/kapitalis.com\/tunisie\/#\/schema\/person\/74bbde0154d49d790a92aaeac5bc01d5\"},\"headline\":\"Un vendeur ambulant agresse le pr\u00e9sident de l\u2019arrondissement municipal de l\u2019Ariana, Mohamed Hamaied\",\"datePublished\":\"2019-06-10T09:30:26+00:00\",\"dateModified\":\"2019-06-10T09:54:42+00:00\",\"mainEntityOfPage\":{\"@id\":\"https:\/\/kapitalis.com\/tunisie\/2019\/06\/10\/un-vendeur-ambulant-agresse-le-president-de-larrondissement-municipal-de-lariana-mohamed-hamaied\/\"},\"wordCount\":353,\"commentCount\":2,\"publisher\":{\"@id\":\"https:\/\/kapitalis.com\/tunisie\/#organization\"},\"image\":{\"@id\":\"https:\/\/kapitalis.com\/tunisie\/2019\/06\/10\/un-vendeur-ambulant-agresse-le-president-de-larrondissement-municipal-de-lariana-mohamed-hamaied\/#primaryimage\"},\"thumbnailUrl\":\"\",\"keywords\":[\"agression\",\"Ariana\",\"commerce parall\u00e8le\"],\"articleSection\":[\"POLITIQUE\",\"SOCIETE\",\"Tunisie\"],\"inLanguage\":\"fr-FR\",\"potentialAction\":[{\"@type\":\"CommentAction\",\"name\":\"Comment\",\"target\":[\"https:\/\/kapitalis.com\/tunisie\/2019\/06\/10\/un-vendeur-ambulant-agresse-le-president-de-larrondissement-municipal-de-lariana-mohamed-hamaied\/#respond\"]}]},{\"@type\":\"WebPage\",\"@id\":\"https:\/\/kapitalis.com\/tunisie\/2019\/06\/10\/un-vendeur-ambulant-agresse-le-president-de-larrondissement-municipal-de-lariana-mohamed-hamaied\/\",\"url\":\"https:\/\/kapitalis.com\/tunisie\/2019\/06\/10\/un-vendeur-ambulant-agresse-le-president-de-larrondissement-municipal-de-lariana-mohamed-hamaied\/\",\"name\":\"Un vendeur ambulant agresse le pr\u00e9sident de l\u2019arrondissement municipal de l\u2019Ariana, Mohamed Hamaied - Kapitalis\",\"isPartOf\":{\"@id\":\"https:\/\/kapitalis.com\/tunisie\/#website\"},\"primaryImageOfPage\":{\"@id\":\"https:\/\/kapitalis.com\/tunisie\/2019\/06\/10\/un-vendeur-ambulant-agresse-le-president-de-larrondissement-municipal-de-lariana-mohamed-hamaied\/#primaryimage\"},\"image\":{\"@id\":\"https:\/\/kapitalis.com\/tunisie\/2019\/06\/10\/un-vendeur-ambulant-agresse-le-president-de-larrondissement-municipal-de-lariana-mohamed-hamaied\/#primaryimage\"},\"thumbnailUrl\":\"\",\"datePublished\":\"2019-06-10T09:30:26+00:00\",\"dateModified\":\"2019-06-10T09:54:42+00:00\",\"breadcrumb\":{\"@id\":\"https:\/\/kapitalis.com\/tunisie\/2019\/06\/10\/un-vendeur-ambulant-agresse-le-president-de-larrondissement-municipal-de-lariana-mohamed-hamaied\/#breadcrumb\"},\"inLanguage\":\"fr-FR\",\"potentialAction\":[{\"@type\":\"ReadAction\",\"target\":[\"https:\/\/kapitalis.com\/tunisie\/2019\/06\/10\/un-vendeur-ambulant-agresse-le-president-de-larrondissement-municipal-de-lariana-mohamed-hamaied\/\"]}]},{\"@type\":\"ImageObject\",\"inLanguage\":\"fr-FR\",\"@id\":\"https:\/\/kapitalis.com\/tunisie\/2019\/06\/10\/un-vendeur-ambulant-agresse-le-president-de-larrondissement-municipal-de-lariana-mohamed-hamaied\/#primaryimage\",\"url\":\"\",\"contentUrl\":\"\"},{\"@type\":\"BreadcrumbList\",\"@id\":\"https:\/\/kapitalis.com\/tunisie\/2019\/06\/10\/un-vendeur-ambulant-agresse-le-president-de-larrondissement-municipal-de-lariana-mohamed-hamaied\/#breadcrumb\",\"itemListElement\":[{\"@type\":\"ListItem\",\"position\":1,\"name\":\"Accueil\",\"item\":\"https:\/\/kapitalis.com\/tunisie\/\"},{\"@type\":\"ListItem\",\"position\":2,\"name\":\"Un vendeur ambulant agresse le pr\u00e9sident de l\u2019arrondissement municipal de l\u2019Ariana, Mohamed Hamaied\"}]},{\"@type\":\"WebSite\",\"@id\":\"https:\/\/kapitalis.com\/tunisie\/#website\",\"url\":\"https:\/\/kapitalis.com\/tunisie\/\",\"name\":\"Kapitalis\",\"description\":\"L&#039;actualit\u00e9 en Tunisie et dans le monde\",\"publisher\":{\"@id\":\"https:\/\/kapitalis.com\/tunisie\/#organization\"},\"potentialAction\":[{\"@type\":\"SearchAction\",\"target\":{\"@type\":\"EntryPoint\",\"urlTemplate\":\"https:\/\/kapitalis.com\/tunisie\/?s={search_term_string}\"},\"query-input\":{\"@type\":\"PropertyValueSpecification\",\"valueRequired\":true,\"valueName\":\"search_term_string\"}}],\"inLanguage\":\"fr-FR\"},{\"@type\":\"Organization\",\"@id\":\"https:\/\/kapitalis.com\/tunisie\/#organization\",\"name\":\"Kapitalis\",\"url\":\"https:\/\/kapitalis.com\/tunisie\/\",\"logo\":{\"@type\":\"ImageObject\",\"inLanguage\":\"fr-FR\",\"@id\":\"https:\/\/kapitalis.com\/tunisie\/#\/schema\/logo\/image\/\",\"url\":\"https:\/\/kapitalis.com\/tunisie\/wp-content\/uploads\/2022\/05\/Kapitalis-big-size.png\",\"contentUrl\":\"https:\/\/kapitalis.com\/tunisie\/wp-content\/uploads\/2022\/05\/Kapitalis-big-size.png\",\"width\":5000,\"height\":1500,\"caption\":\"Kapitalis\"},\"image\":{\"@id\":\"https:\/\/kapitalis.com\/tunisie\/#\/schema\/logo\/image\/\"},\"sameAs\":[\"https:\/\/www.facebook.com\/KapitalisInfo\/\",\"https:\/\/x.com\/KapitalisInfo\",\"https:\/\/www.youtube.com\/channel\/UC-yDYrHyfFBWWZaOw3FPg9Q\"]},{\"@type\":\"Person\",\"@id\":\"https:\/\/kapitalis.com\/tunisie\/#\/schema\/person\/74bbde0154d49d790a92aaeac5bc01d5\",\"name\":\"Yusra NY\",\"url\":\"https:\/\/kapitalis.com\/tunisie\/author\/yuza_adam\/\"}]}<\/script>\n<!-- \/ Yoast SEO plugin. -->","yoast_head_json":{"title":"Un vendeur ambulant agresse le pr\u00e9sident de l\u2019arrondissement municipal de l\u2019Ariana, Mohamed Hamaied - Kapitalis","robots":{"index":"index","follow":"follow","max-snippet":"max-snippet:-1","max-image-preview":"max-image-preview:large","max-video-preview":"max-video-preview:-1"},"canonical":"https:\/\/kapitalis.com\/tunisie\/2019\/06\/10\/un-vendeur-ambulant-agresse-le-president-de-larrondissement-municipal-de-lariana-mohamed-hamaied\/","og_locale":"fr_FR","og_type":"article","og_title":"Un vendeur ambulant agresse le pr\u00e9sident de l\u2019arrondissement municipal de l\u2019Ariana, Mohamed Hamaied - Kapitalis","og_description":"Une semaine apr\u00e8s l\u2019agression de la vice-pr\u00e9sidente du conseil municipal de l\u2019Ariana, Pr Nihel Ben Ammar, le pr\u00e9sident de l\u2019arrondissement municipal de la m\u00eame ville, Mohamed Hamaied, a \u00e9t\u00e9 agress\u00e9 avant-hier, samedi 8 juin 2019, par un vendeur ambulant. Une p\u00e9tition a \u00e9t\u00e9 lanc\u00e9e aujourd\u2019hui, lundi 10 juin 2019, par les habitants de la ville,...","og_url":"https:\/\/kapitalis.com\/tunisie\/2019\/06\/10\/un-vendeur-ambulant-agresse-le-president-de-larrondissement-municipal-de-lariana-mohamed-hamaied\/","og_site_name":"Kapitalis","article_publisher":"https:\/\/www.facebook.com\/KapitalisInfo\/","article_published_time":"2019-06-10T09:30:26+00:00","article_modified_time":"2019-06-10T09:54:42+00:00","og_image":[{"width":1200,"height":630,"url":"https:\/\/kapitalis.com\/tunisie\/wp-content\/uploads\/2022\/05\/kapitalis-logo-fb.png","type":"image\/png"}],"author":"Yusra NY","twitter_card":"summary_large_image","twitter_creator":"@KapitalisInfo","twitter_site":"@KapitalisInfo","twitter_misc":{"\u00c9crit par":"Yusra NY","Dur\u00e9e de lecture estim\u00e9e":"2 minutes"},"schema":{"@context":"https:\/\/schema.org","@graph":[{"@type":"Article","@id":"https:\/\/kapitalis.com\/tunisie\/2019\/06\/10\/un-vendeur-ambulant-agresse-le-president-de-larrondissement-municipal-de-lariana-mohamed-hamaied\/#article","isPartOf":{"@id":"https:\/\/kapitalis.com\/tunisie\/2019\/06\/10\/un-vendeur-ambulant-agresse-le-president-de-larrondissement-municipal-de-lariana-mohamed-hamaied\/"},"author":{"name":"Yusra NY","@id":"https:\/\/kapitalis.com\/tunisie\/#\/schema\/person\/74bbde0154d49d790a92aaeac5bc01d5"},"headline":"Un vendeur ambulant agresse le pr\u00e9sident de l\u2019arrondissement municipal de l\u2019Ariana, Mohamed Hamaied","datePublished":"2019-06-10T09:30:26+00:00","dateModified":"2019-06-10T09:54:42+00:00","mainEntityOfPage":{"@id":"https:\/\/kapitalis.com\/tunisie\/2019\/06\/10\/un-vendeur-ambulant-agresse-le-president-de-larrondissement-municipal-de-lariana-mohamed-hamaied\/"},"wordCount":353,"commentCount":2,"publisher":{"@id":"https:\/\/kapitalis.com\/tunisie\/#organization"},"image":{"@id":"https:\/\/kapitalis.com\/tunisie\/2019\/06\/10\/un-vendeur-ambulant-agresse-le-president-de-larrondissement-municipal-de-lariana-mohamed-hamaied\/#primaryimage"},"thumbnailUrl":"","keywords":["agression","Ariana","commerce parall\u00e8le"],"articleSection":["POLITIQUE","SOCIETE","Tunisie"],"inLanguage":"fr-FR","potentialAction":[{"@type":"CommentAction","name":"Comment","target":["https:\/\/kapitalis.com\/tunisie\/2019\/06\/10\/un-vendeur-ambulant-agresse-le-president-de-larrondissement-municipal-de-lariana-mohamed-hamaied\/#respond"]}]},{"@type":"WebPage","@id":"https:\/\/kapitalis.com\/tunisie\/2019\/06\/10\/un-vendeur-ambulant-agresse-le-president-de-larrondissement-municipal-de-lariana-mohamed-hamaied\/","url":"https:\/\/kapitalis.com\/tunisie\/2019\/06\/10\/un-vendeur-ambulant-agresse-le-president-de-larrondissement-municipal-de-lariana-mohamed-hamaied\/","name":"Un vendeur ambulant agresse le pr\u00e9sident de l\u2019arrondissement municipal de l\u2019Ariana, Mohamed Hamaied - Kapitalis","isPartOf":{"@id":"https:\/\/kapitalis.com\/tunisie\/#website"},"primaryImageOfPage":{"@id":"https:\/\/kapitalis.com\/tunisie\/2019\/06\/10\/un-vendeur-ambulant-agresse-le-president-de-larrondissement-municipal-de-lariana-mohamed-hamaied\/#primaryimage"},"image":{"@id":"https:\/\/kapitalis.com\/tunisie\/2019\/06\/10\/un-vendeur-ambulant-agresse-le-president-de-larrondissement-municipal-de-lariana-mohamed-hamaied\/#primaryimage"},"thumbnailUrl":"","datePublished":"2019-06-10T09:30:26+00:00","dateModified":"2019-06-10T09:54:42+00:00","breadcrumb":{"@id":"https:\/\/kapitalis.com\/tunisie\/2019\/06\/10\/un-vendeur-ambulant-agresse-le-president-de-larrondissement-municipal-de-lariana-mohamed-hamaied\/#breadcrumb"},"inLanguage":"fr-FR","potentialAction":[{"@type":"ReadAction","target":["https:\/\/kapitalis.com\/tunisie\/2019\/06\/10\/un-vendeur-ambulant-agresse-le-president-de-larrondissement-municipal-de-lariana-mohamed-hamaied\/"]}]},{"@type":"ImageObject","inLanguage":"fr-FR","@id":"https:\/\/kapitalis.com\/tunisie\/2019\/06\/10\/un-vendeur-ambulant-agresse-le-president-de-larrondissement-municipal-de-lariana-mohamed-hamaied\/#primaryimage","url":"","contentUrl":""},{"@type":"BreadcrumbList","@id":"https:\/\/kapitalis.com\/tunisie\/2019\/06\/10\/un-vendeur-ambulant-agresse-le-president-de-larrondissement-municipal-de-lariana-mohamed-hamaied\/#breadcrumb","itemListElement":[{"@type":"ListItem","position":1,"name":"Accueil","item":"https:\/\/kapitalis.com\/tunisie\/"},{"@type":"ListItem","position":2,"name":"Un vendeur ambulant agresse le pr\u00e9sident de l\u2019arrondissement municipal de l\u2019Ariana, Mohamed Hamaied"}]},{"@type":"WebSite","@id":"https:\/\/kapitalis.com\/tunisie\/#website","url":"https:\/\/kapitalis.com\/tunisie\/","name":"Kapitalis","description":"L&#039;actualit\u00e9 en Tunisie et dans le monde","publisher":{"@id":"https:\/\/kapitalis.com\/tunisie\/#organization"},"potentialAction":[{"@type":"SearchAction","target":{"@type":"EntryPoint","urlTemplate":"https:\/\/kapitalis.com\/tunisie\/?s={search_term_string}"},"query-input":{"@type":"PropertyValueSpecification","valueRequired":true,"valueName":"search_term_string"}}],"inLanguage":"fr-FR"},{"@type":"Organization","@id":"https:\/\/kapitalis.com\/tunisie\/#organization","name":"Kapitalis","url":"https:\/\/kapitalis.com\/tunisie\/","logo":{"@type":"ImageObject","inLanguage":"fr-FR","@id":"https:\/\/kapitalis.com\/tunisie\/#\/schema\/logo\/image\/","url":"https:\/\/kapitalis.com\/tunisie\/wp-content\/uploads\/2022\/05\/Kapitalis-big-size.png","contentUrl":"https:\/\/kapitalis.com\/tunisie\/wp-content\/uploads\/2022\/05\/Kapitalis-big-size.png","width":5000,"height":1500,"caption":"Kapitalis"},"image":{"@id":"https:\/\/kapitalis.com\/tunisie\/#\/schema\/logo\/image\/"},"sameAs":["https:\/\/www.facebook.com\/KapitalisInfo\/","https:\/\/x.com\/KapitalisInfo","https:\/\/www.youtube.com\/channel\/UC-yDYrHyfFBWWZaOw3FPg9Q"]},{"@type":"Person","@id":"https:\/\/kapitalis.com\/tunisie\/#\/schema\/person\/74bbde0154d49d790a92aaeac5bc01d5","name":"Yusra NY","url":"https:\/\/kapitalis.com\/tunisie\/author\/yuza_adam\/"}]}},"_links":{"self":[{"href":"https:\/\/kapitalis.com\/tunisie\/wp-json\/wp\/v2\/posts\/217159","targetHints":{"allow":["GET"]}}],"collection":[{"href":"https:\/\/kapitalis.com\/tunisie\/wp-json\/wp\/v2\/posts"}],"about":[{"href":"https:\/\/kapitalis.com\/tunisie\/wp-json\/wp\/v2\/types\/post"}],"author":[{"embeddable":true,"href":"https:\/\/kapitalis.com\/tunisie\/wp-json\/wp\/v2\/users\/6"}],"replies":[{"embeddable":true,"href":"https:\/\/kapitalis.com\/tunisie\/wp-json\/wp\/v2\/comments?post=217159"}],"version-history":[{"count":0,"href":"https:\/\/kapitalis.com\/tunisie\/wp-json\/wp\/v2\/posts\/217159\/revisions"}],"wp:featuredmedia":[{"embeddable":true,"href":"https:\/\/kapitalis.com\/tunisie\/wp-json\/wp\/v2\/media\/217164"}],"wp:attachment":[{"href":"https:\/\/kapitalis.com\/tunisie\/wp-json\/wp\/v2\/media?parent=217159"}],"wp:term":[{"taxonomy":"category","embeddable":true,"href":"https:\/\/kapitalis.com\/tunisie\/wp-json\/wp\/v2\/categories?post=217159"},{"taxonomy":"post_tag","embeddable":true,"href":"https:\/\/kapitalis.com\/tunisie\/wp-json\/wp\/v2\/tags?post=217159"}],"curies":[{"name":"wp","href":"https:\/\/api.w.org\/{rel}","templated":true}]}}