{"id":217297,"date":"2019-06-10T17:12:48","date_gmt":"2019-06-10T16:12:48","guid":{"rendered":"http:\/\/kapitalis.com\/tunisie\/?p=217297"},"modified":"2019-06-10T18:05:29","modified_gmt":"2019-06-10T17:05:29","slug":"pour-avoir-sali-la-memoire-de-chokri-belaid-le-depute-imed-daimi-poursuivi-en-justice-par-le-watad","status":"publish","type":"post","link":"https:\/\/kapitalis.com\/tunisie\/2019\/06\/10\/pour-avoir-sali-la-memoire-de-chokri-belaid-le-depute-imed-daimi-poursuivi-en-justice-par-le-watad\/","title":{"rendered":"Pour avoir sali la m\u00e9moire de Chokri Bela\u00efd, le d\u00e9put\u00e9 Imed Da\u00efmi poursuivi en justice par le Watad"},"content":{"rendered":"\n<figure class=\"wp-block-image\"><img decoding=\"async\" src=\"http:\/\/kapitalis.com\/tunisie\/wp-content\/uploads\/2019\/06\/chokri-belaid-Imed-Daimi.jpg\" alt=\"\" class=\"wp-image-217301\"\/><\/figure>\n\n\n\n<p><strong><em>Le Parti des patriotes d\u00e9mocrates <\/em><\/strong><strong><em>unifi\u00e9<\/em><\/strong> <strong><em>(Watad) a d\u00e9pos\u00e9 aujoud\u2019hui, lundi 10 juin 2019, une plainte contre le d\u00e9put\u00e9 Imed Da\u00efmi, qui avait accus\u00e9, la semaine derni\u00e8re, dans une interview sur le site Al-Watan, le martyr Chokri Bela\u00efd d\u2019avoir \u00e9t\u00e9 un collaborateur de Ben Ali.<\/em><\/strong><\/p>\n\n\n\n<!--more-->\n\n\n\n<p>Cette accusation a port\u00e9 atteinte \u00e0 la m\u00e9moire de Chokri Bela\u00efd, assassin\u00e9 par des extr\u00e9mistes religieux le 6 f\u00e9vrier 2013, et le parti dont il \u00e9tait le secr\u00e9taire g\u00e9n\u00e9ral a d\u00e9pos\u00e9 plainte ce matin, aupr\u00e8s du procureur de la r\u00e9publique pr\u00e8s du tribunal de premi\u00e8re instance de Tunis.<\/p>\n\n\n\n<p>Imed Da\u00efmi, qui avait \u00e9galement indiqu\u00e9 que Bela\u00efd, <em>\u00abn\u2019avaient jamais milit\u00e9 contre la dictature\u00bb<\/em>, avait publi\u00e9 un post Facebook, pour s\u2019excuser \u00e0 demi-mot et dire que ses paroles ont \u00e9t\u00e9 d\u00e9form\u00e9es.<\/p>\n\n\n\n<p>\u00ab<em>Il est dans le devoir des Tunisiens de respecter la m\u00e9moire de Chokri Bela\u00efd et Mohamed Brahmi, martyrs politiques de cette d\u00e9cennie<\/em>\u00bb, avait notamment \u00e9crit l&rsquo;ancien secr\u00e9taire g\u00e9n\u00e9ral du Congr\u00e8s pour la r\u00e9publique (CpR) et ancien chef du cabinet du pr\u00e9sident de la r\u00e9publique par int\u00e9rim, Moncef Marzouki, comme pour s\u2019excuser de son accusation mensong\u00e8re, mais le Watad ne s&rsquo;en est pas content\u00e9 et a d\u00e9cid\u00e9 de porter l\u2019affaire en justice.<\/p>\n\n\n\n<p>Les Tunisiens savent, et notamment les opposants \u00e0 Ben Ali, et M. Da\u00efmi se targue d&rsquo;\u00eatre l&rsquo;un d&rsquo;entre eux, que feu Belaid \u00e9tait, sous le r\u00e8gne Ben Ali, de tous les proc\u00e8s politiques : en tant qu&rsquo;avocat, il se d\u00e9pla\u00e7ait d&rsquo;une ville \u00e0 une autre, d&rsquo;un tribunal \u00e0 un autre, et d\u00e9fendait les opposants poursuivis en justice, et pas seulement ceux issus de son parti. Bela\u00efd d\u00e9fendait aussi les pr\u00e9venus issus du mouvement islamiste, comme le fut M. Da\u00efmi. <\/p>\n\n\n\n<p>Cette mani\u00e8re se salir la m\u00e9moire du martyr, tu\u00e9 par l&rsquo;ingratitude de ceux  <br>qu&rsquo;il d\u00e9fendait, d\u00e9shonore M. Da\u00efmi et le rapetisse encore davantage aux yeux des Tunisiens. <\/p>\n\n\n\n<p style=\"text-align:right\"><strong>Y. N.<\/strong><\/p>\n","protected":false},"excerpt":{"rendered":"<p>Le Parti des patriotes d\u00e9mocrates unifi\u00e9 (Watad) a d\u00e9pos\u00e9 aujoud\u2019hui, lundi 10 juin 2019, une plainte contre le d\u00e9put\u00e9 Imed Da\u00efmi, qui avait accus\u00e9, la semaine derni\u00e8re, dans une interview sur le site Al-Watan, le martyr Chokri Bela\u00efd d\u2019avoir \u00e9t\u00e9 un collaborateur de Ben Ali.<\/p>\n","protected":false},"author":6,"featured_media":217301,"comment_status":"open","ping_status":"open","sticky":false,"template":"","format":"standard","meta":{"footnotes":""},"categories":[997,2433],"tags":[204,1842,1347,3538,581,634,721,965],"class_list":["post-217297","post","type-post","status-publish","format-standard","has-post-thumbnail","hentry","category-politique","category-tunisie","tag-chokri-belaid","tag-cpr","tag-depute","tag-imed-daimi","tag-martyr","tag-moncef-marzouki","tag-plainte","tag-watad"],"yoast_head":"<!-- This site is optimized with the Yoast SEO plugin v26.6 - https:\/\/yoast.com\/wordpress\/plugins\/seo\/ -->\n<title>Pour avoir sali la m\u00e9moire de Chokri Bela\u00efd, le d\u00e9put\u00e9 Imed Da\u00efmi poursuivi en justice par le Watad - Kapitalis<\/title>\n<meta name=\"robots\" content=\"index, follow, max-snippet:-1, max-image-preview:large, max-video-preview:-1\" \/>\n<link rel=\"canonical\" href=\"https:\/\/kapitalis.com\/tunisie\/2019\/06\/10\/pour-avoir-sali-la-memoire-de-chokri-belaid-le-depute-imed-daimi-poursuivi-en-justice-par-le-watad\/\" \/>\n<meta property=\"og:locale\" content=\"fr_FR\" \/>\n<meta property=\"og:type\" content=\"article\" \/>\n<meta property=\"og:title\" content=\"Pour avoir sali la m\u00e9moire de Chokri Bela\u00efd, le d\u00e9put\u00e9 Imed Da\u00efmi poursuivi en justice par le Watad - Kapitalis\" \/>\n<meta property=\"og:description\" content=\"Le Parti des patriotes d\u00e9mocrates unifi\u00e9 (Watad) a d\u00e9pos\u00e9 aujoud\u2019hui, lundi 10 juin 2019, une plainte contre le d\u00e9put\u00e9 Imed Da\u00efmi, qui avait accus\u00e9, la semaine derni\u00e8re, dans une interview sur le site Al-Watan, le martyr Chokri Bela\u00efd d\u2019avoir \u00e9t\u00e9 un collaborateur de Ben Ali.\" \/>\n<meta property=\"og:url\" content=\"https:\/\/kapitalis.com\/tunisie\/2019\/06\/10\/pour-avoir-sali-la-memoire-de-chokri-belaid-le-depute-imed-daimi-poursuivi-en-justice-par-le-watad\/\" \/>\n<meta property=\"og:site_name\" content=\"Kapitalis\" \/>\n<meta property=\"article:publisher\" content=\"https:\/\/www.facebook.com\/KapitalisInfo\/\" \/>\n<meta property=\"article:published_time\" content=\"2019-06-10T16:12:48+00:00\" \/>\n<meta property=\"article:modified_time\" content=\"2019-06-10T17:05:29+00:00\" \/>\n<meta property=\"og:image\" content=\"https:\/\/kapitalis.com\/tunisie\/wp-content\/uploads\/2022\/05\/kapitalis-logo-fb.png\" \/>\n\t<meta property=\"og:image:width\" content=\"1200\" \/>\n\t<meta property=\"og:image:height\" content=\"630\" \/>\n\t<meta property=\"og:image:type\" content=\"image\/png\" \/>\n<meta name=\"author\" content=\"Yusra NY\" \/>\n<meta name=\"twitter:card\" content=\"summary_large_image\" \/>\n<meta name=\"twitter:creator\" content=\"@KapitalisInfo\" \/>\n<meta name=\"twitter:site\" content=\"@KapitalisInfo\" \/>\n<meta name=\"twitter:label1\" content=\"\u00c9crit par\" \/>\n\t<meta name=\"twitter:data1\" content=\"Yusra NY\" \/>\n\t<meta name=\"twitter:label2\" content=\"Dur\u00e9e de lecture estim\u00e9e\" \/>\n\t<meta name=\"twitter:data2\" content=\"2 minutes\" \/>\n<script type=\"application\/ld+json\" class=\"yoast-schema-graph\">{\"@context\":\"https:\/\/schema.org\",\"@graph\":[{\"@type\":\"Article\",\"@id\":\"https:\/\/kapitalis.com\/tunisie\/2019\/06\/10\/pour-avoir-sali-la-memoire-de-chokri-belaid-le-depute-imed-daimi-poursuivi-en-justice-par-le-watad\/#article\",\"isPartOf\":{\"@id\":\"https:\/\/kapitalis.com\/tunisie\/2019\/06\/10\/pour-avoir-sali-la-memoire-de-chokri-belaid-le-depute-imed-daimi-poursuivi-en-justice-par-le-watad\/\"},\"author\":{\"name\":\"Yusra NY\",\"@id\":\"https:\/\/kapitalis.com\/tunisie\/#\/schema\/person\/74bbde0154d49d790a92aaeac5bc01d5\"},\"headline\":\"Pour avoir sali la m\u00e9moire de Chokri Bela\u00efd, le d\u00e9put\u00e9 Imed Da\u00efmi poursuivi en justice par le Watad\",\"datePublished\":\"2019-06-10T16:12:48+00:00\",\"dateModified\":\"2019-06-10T17:05:29+00:00\",\"mainEntityOfPage\":{\"@id\":\"https:\/\/kapitalis.com\/tunisie\/2019\/06\/10\/pour-avoir-sali-la-memoire-de-chokri-belaid-le-depute-imed-daimi-poursuivi-en-justice-par-le-watad\/\"},\"wordCount\":372,\"commentCount\":6,\"publisher\":{\"@id\":\"https:\/\/kapitalis.com\/tunisie\/#organization\"},\"image\":{\"@id\":\"https:\/\/kapitalis.com\/tunisie\/2019\/06\/10\/pour-avoir-sali-la-memoire-de-chokri-belaid-le-depute-imed-daimi-poursuivi-en-justice-par-le-watad\/#primaryimage\"},\"thumbnailUrl\":\"\",\"keywords\":[\"Chokri Belaid\",\"CpR\",\"d\u00e9put\u00e9\",\"Imed Daimi\",\"martyr\",\"Moncef Marzouki\",\"plainte\",\"Watad\"],\"articleSection\":[\"POLITIQUE\",\"Tunisie\"],\"inLanguage\":\"fr-FR\",\"potentialAction\":[{\"@type\":\"CommentAction\",\"name\":\"Comment\",\"target\":[\"https:\/\/kapitalis.com\/tunisie\/2019\/06\/10\/pour-avoir-sali-la-memoire-de-chokri-belaid-le-depute-imed-daimi-poursuivi-en-justice-par-le-watad\/#respond\"]}]},{\"@type\":\"WebPage\",\"@id\":\"https:\/\/kapitalis.com\/tunisie\/2019\/06\/10\/pour-avoir-sali-la-memoire-de-chokri-belaid-le-depute-imed-daimi-poursuivi-en-justice-par-le-watad\/\",\"url\":\"https:\/\/kapitalis.com\/tunisie\/2019\/06\/10\/pour-avoir-sali-la-memoire-de-chokri-belaid-le-depute-imed-daimi-poursuivi-en-justice-par-le-watad\/\",\"name\":\"Pour avoir sali la m\u00e9moire de Chokri Bela\u00efd, le d\u00e9put\u00e9 Imed Da\u00efmi poursuivi en justice par le Watad - Kapitalis\",\"isPartOf\":{\"@id\":\"https:\/\/kapitalis.com\/tunisie\/#website\"},\"primaryImageOfPage\":{\"@id\":\"https:\/\/kapitalis.com\/tunisie\/2019\/06\/10\/pour-avoir-sali-la-memoire-de-chokri-belaid-le-depute-imed-daimi-poursuivi-en-justice-par-le-watad\/#primaryimage\"},\"image\":{\"@id\":\"https:\/\/kapitalis.com\/tunisie\/2019\/06\/10\/pour-avoir-sali-la-memoire-de-chokri-belaid-le-depute-imed-daimi-poursuivi-en-justice-par-le-watad\/#primaryimage\"},\"thumbnailUrl\":\"\",\"datePublished\":\"2019-06-10T16:12:48+00:00\",\"dateModified\":\"2019-06-10T17:05:29+00:00\",\"breadcrumb\":{\"@id\":\"https:\/\/kapitalis.com\/tunisie\/2019\/06\/10\/pour-avoir-sali-la-memoire-de-chokri-belaid-le-depute-imed-daimi-poursuivi-en-justice-par-le-watad\/#breadcrumb\"},\"inLanguage\":\"fr-FR\",\"potentialAction\":[{\"@type\":\"ReadAction\",\"target\":[\"https:\/\/kapitalis.com\/tunisie\/2019\/06\/10\/pour-avoir-sali-la-memoire-de-chokri-belaid-le-depute-imed-daimi-poursuivi-en-justice-par-le-watad\/\"]}]},{\"@type\":\"ImageObject\",\"inLanguage\":\"fr-FR\",\"@id\":\"https:\/\/kapitalis.com\/tunisie\/2019\/06\/10\/pour-avoir-sali-la-memoire-de-chokri-belaid-le-depute-imed-daimi-poursuivi-en-justice-par-le-watad\/#primaryimage\",\"url\":\"\",\"contentUrl\":\"\"},{\"@type\":\"BreadcrumbList\",\"@id\":\"https:\/\/kapitalis.com\/tunisie\/2019\/06\/10\/pour-avoir-sali-la-memoire-de-chokri-belaid-le-depute-imed-daimi-poursuivi-en-justice-par-le-watad\/#breadcrumb\",\"itemListElement\":[{\"@type\":\"ListItem\",\"position\":1,\"name\":\"Accueil\",\"item\":\"https:\/\/kapitalis.com\/tunisie\/\"},{\"@type\":\"ListItem\",\"position\":2,\"name\":\"Pour avoir sali la m\u00e9moire de Chokri Bela\u00efd, le d\u00e9put\u00e9 Imed Da\u00efmi poursuivi en justice par le Watad\"}]},{\"@type\":\"WebSite\",\"@id\":\"https:\/\/kapitalis.com\/tunisie\/#website\",\"url\":\"https:\/\/kapitalis.com\/tunisie\/\",\"name\":\"Kapitalis\",\"description\":\"L&#039;actualit\u00e9 en Tunisie et dans le monde\",\"publisher\":{\"@id\":\"https:\/\/kapitalis.com\/tunisie\/#organization\"},\"potentialAction\":[{\"@type\":\"SearchAction\",\"target\":{\"@type\":\"EntryPoint\",\"urlTemplate\":\"https:\/\/kapitalis.com\/tunisie\/?s={search_term_string}\"},\"query-input\":{\"@type\":\"PropertyValueSpecification\",\"valueRequired\":true,\"valueName\":\"search_term_string\"}}],\"inLanguage\":\"fr-FR\"},{\"@type\":\"Organization\",\"@id\":\"https:\/\/kapitalis.com\/tunisie\/#organization\",\"name\":\"Kapitalis\",\"url\":\"https:\/\/kapitalis.com\/tunisie\/\",\"logo\":{\"@type\":\"ImageObject\",\"inLanguage\":\"fr-FR\",\"@id\":\"https:\/\/kapitalis.com\/tunisie\/#\/schema\/logo\/image\/\",\"url\":\"https:\/\/kapitalis.com\/tunisie\/wp-content\/uploads\/2022\/05\/Kapitalis-big-size.png\",\"contentUrl\":\"https:\/\/kapitalis.com\/tunisie\/wp-content\/uploads\/2022\/05\/Kapitalis-big-size.png\",\"width\":5000,\"height\":1500,\"caption\":\"Kapitalis\"},\"image\":{\"@id\":\"https:\/\/kapitalis.com\/tunisie\/#\/schema\/logo\/image\/\"},\"sameAs\":[\"https:\/\/www.facebook.com\/KapitalisInfo\/\",\"https:\/\/x.com\/KapitalisInfo\",\"https:\/\/www.youtube.com\/channel\/UC-yDYrHyfFBWWZaOw3FPg9Q\"]},{\"@type\":\"Person\",\"@id\":\"https:\/\/kapitalis.com\/tunisie\/#\/schema\/person\/74bbde0154d49d790a92aaeac5bc01d5\",\"name\":\"Yusra NY\",\"url\":\"https:\/\/kapitalis.com\/tunisie\/author\/yuza_adam\/\"}]}<\/script>\n<!-- \/ Yoast SEO plugin. -->","yoast_head_json":{"title":"Pour avoir sali la m\u00e9moire de Chokri Bela\u00efd, le d\u00e9put\u00e9 Imed Da\u00efmi poursuivi en justice par le Watad - Kapitalis","robots":{"index":"index","follow":"follow","max-snippet":"max-snippet:-1","max-image-preview":"max-image-preview:large","max-video-preview":"max-video-preview:-1"},"canonical":"https:\/\/kapitalis.com\/tunisie\/2019\/06\/10\/pour-avoir-sali-la-memoire-de-chokri-belaid-le-depute-imed-daimi-poursuivi-en-justice-par-le-watad\/","og_locale":"fr_FR","og_type":"article","og_title":"Pour avoir sali la m\u00e9moire de Chokri Bela\u00efd, le d\u00e9put\u00e9 Imed Da\u00efmi poursuivi en justice par le Watad - Kapitalis","og_description":"Le Parti des patriotes d\u00e9mocrates unifi\u00e9 (Watad) a d\u00e9pos\u00e9 aujoud\u2019hui, lundi 10 juin 2019, une plainte contre le d\u00e9put\u00e9 Imed Da\u00efmi, qui avait accus\u00e9, la semaine derni\u00e8re, dans une interview sur le site Al-Watan, le martyr Chokri Bela\u00efd d\u2019avoir \u00e9t\u00e9 un collaborateur de Ben Ali.","og_url":"https:\/\/kapitalis.com\/tunisie\/2019\/06\/10\/pour-avoir-sali-la-memoire-de-chokri-belaid-le-depute-imed-daimi-poursuivi-en-justice-par-le-watad\/","og_site_name":"Kapitalis","article_publisher":"https:\/\/www.facebook.com\/KapitalisInfo\/","article_published_time":"2019-06-10T16:12:48+00:00","article_modified_time":"2019-06-10T17:05:29+00:00","og_image":[{"width":1200,"height":630,"url":"https:\/\/kapitalis.com\/tunisie\/wp-content\/uploads\/2022\/05\/kapitalis-logo-fb.png","type":"image\/png"}],"author":"Yusra NY","twitter_card":"summary_large_image","twitter_creator":"@KapitalisInfo","twitter_site":"@KapitalisInfo","twitter_misc":{"\u00c9crit par":"Yusra NY","Dur\u00e9e de lecture estim\u00e9e":"2 minutes"},"schema":{"@context":"https:\/\/schema.org","@graph":[{"@type":"Article","@id":"https:\/\/kapitalis.com\/tunisie\/2019\/06\/10\/pour-avoir-sali-la-memoire-de-chokri-belaid-le-depute-imed-daimi-poursuivi-en-justice-par-le-watad\/#article","isPartOf":{"@id":"https:\/\/kapitalis.com\/tunisie\/2019\/06\/10\/pour-avoir-sali-la-memoire-de-chokri-belaid-le-depute-imed-daimi-poursuivi-en-justice-par-le-watad\/"},"author":{"name":"Yusra NY","@id":"https:\/\/kapitalis.com\/tunisie\/#\/schema\/person\/74bbde0154d49d790a92aaeac5bc01d5"},"headline":"Pour avoir sali la m\u00e9moire de Chokri Bela\u00efd, le d\u00e9put\u00e9 Imed Da\u00efmi poursuivi en justice par le Watad","datePublished":"2019-06-10T16:12:48+00:00","dateModified":"2019-06-10T17:05:29+00:00","mainEntityOfPage":{"@id":"https:\/\/kapitalis.com\/tunisie\/2019\/06\/10\/pour-avoir-sali-la-memoire-de-chokri-belaid-le-depute-imed-daimi-poursuivi-en-justice-par-le-watad\/"},"wordCount":372,"commentCount":6,"publisher":{"@id":"https:\/\/kapitalis.com\/tunisie\/#organization"},"image":{"@id":"https:\/\/kapitalis.com\/tunisie\/2019\/06\/10\/pour-avoir-sali-la-memoire-de-chokri-belaid-le-depute-imed-daimi-poursuivi-en-justice-par-le-watad\/#primaryimage"},"thumbnailUrl":"","keywords":["Chokri Belaid","CpR","d\u00e9put\u00e9","Imed Daimi","martyr","Moncef Marzouki","plainte","Watad"],"articleSection":["POLITIQUE","Tunisie"],"inLanguage":"fr-FR","potentialAction":[{"@type":"CommentAction","name":"Comment","target":["https:\/\/kapitalis.com\/tunisie\/2019\/06\/10\/pour-avoir-sali-la-memoire-de-chokri-belaid-le-depute-imed-daimi-poursuivi-en-justice-par-le-watad\/#respond"]}]},{"@type":"WebPage","@id":"https:\/\/kapitalis.com\/tunisie\/2019\/06\/10\/pour-avoir-sali-la-memoire-de-chokri-belaid-le-depute-imed-daimi-poursuivi-en-justice-par-le-watad\/","url":"https:\/\/kapitalis.com\/tunisie\/2019\/06\/10\/pour-avoir-sali-la-memoire-de-chokri-belaid-le-depute-imed-daimi-poursuivi-en-justice-par-le-watad\/","name":"Pour avoir sali la m\u00e9moire de Chokri Bela\u00efd, le d\u00e9put\u00e9 Imed Da\u00efmi poursuivi en justice par le Watad - Kapitalis","isPartOf":{"@id":"https:\/\/kapitalis.com\/tunisie\/#website"},"primaryImageOfPage":{"@id":"https:\/\/kapitalis.com\/tunisie\/2019\/06\/10\/pour-avoir-sali-la-memoire-de-chokri-belaid-le-depute-imed-daimi-poursuivi-en-justice-par-le-watad\/#primaryimage"},"image":{"@id":"https:\/\/kapitalis.com\/tunisie\/2019\/06\/10\/pour-avoir-sali-la-memoire-de-chokri-belaid-le-depute-imed-daimi-poursuivi-en-justice-par-le-watad\/#primaryimage"},"thumbnailUrl":"","datePublished":"2019-06-10T16:12:48+00:00","dateModified":"2019-06-10T17:05:29+00:00","breadcrumb":{"@id":"https:\/\/kapitalis.com\/tunisie\/2019\/06\/10\/pour-avoir-sali-la-memoire-de-chokri-belaid-le-depute-imed-daimi-poursuivi-en-justice-par-le-watad\/#breadcrumb"},"inLanguage":"fr-FR","potentialAction":[{"@type":"ReadAction","target":["https:\/\/kapitalis.com\/tunisie\/2019\/06\/10\/pour-avoir-sali-la-memoire-de-chokri-belaid-le-depute-imed-daimi-poursuivi-en-justice-par-le-watad\/"]}]},{"@type":"ImageObject","inLanguage":"fr-FR","@id":"https:\/\/kapitalis.com\/tunisie\/2019\/06\/10\/pour-avoir-sali-la-memoire-de-chokri-belaid-le-depute-imed-daimi-poursuivi-en-justice-par-le-watad\/#primaryimage","url":"","contentUrl":""},{"@type":"BreadcrumbList","@id":"https:\/\/kapitalis.com\/tunisie\/2019\/06\/10\/pour-avoir-sali-la-memoire-de-chokri-belaid-le-depute-imed-daimi-poursuivi-en-justice-par-le-watad\/#breadcrumb","itemListElement":[{"@type":"ListItem","position":1,"name":"Accueil","item":"https:\/\/kapitalis.com\/tunisie\/"},{"@type":"ListItem","position":2,"name":"Pour avoir sali la m\u00e9moire de Chokri Bela\u00efd, le d\u00e9put\u00e9 Imed Da\u00efmi poursuivi en justice par le Watad"}]},{"@type":"WebSite","@id":"https:\/\/kapitalis.com\/tunisie\/#website","url":"https:\/\/kapitalis.com\/tunisie\/","name":"Kapitalis","description":"L&#039;actualit\u00e9 en Tunisie et dans le monde","publisher":{"@id":"https:\/\/kapitalis.com\/tunisie\/#organization"},"potentialAction":[{"@type":"SearchAction","target":{"@type":"EntryPoint","urlTemplate":"https:\/\/kapitalis.com\/tunisie\/?s={search_term_string}"},"query-input":{"@type":"PropertyValueSpecification","valueRequired":true,"valueName":"search_term_string"}}],"inLanguage":"fr-FR"},{"@type":"Organization","@id":"https:\/\/kapitalis.com\/tunisie\/#organization","name":"Kapitalis","url":"https:\/\/kapitalis.com\/tunisie\/","logo":{"@type":"ImageObject","inLanguage":"fr-FR","@id":"https:\/\/kapitalis.com\/tunisie\/#\/schema\/logo\/image\/","url":"https:\/\/kapitalis.com\/tunisie\/wp-content\/uploads\/2022\/05\/Kapitalis-big-size.png","contentUrl":"https:\/\/kapitalis.com\/tunisie\/wp-content\/uploads\/2022\/05\/Kapitalis-big-size.png","width":5000,"height":1500,"caption":"Kapitalis"},"image":{"@id":"https:\/\/kapitalis.com\/tunisie\/#\/schema\/logo\/image\/"},"sameAs":["https:\/\/www.facebook.com\/KapitalisInfo\/","https:\/\/x.com\/KapitalisInfo","https:\/\/www.youtube.com\/channel\/UC-yDYrHyfFBWWZaOw3FPg9Q"]},{"@type":"Person","@id":"https:\/\/kapitalis.com\/tunisie\/#\/schema\/person\/74bbde0154d49d790a92aaeac5bc01d5","name":"Yusra NY","url":"https:\/\/kapitalis.com\/tunisie\/author\/yuza_adam\/"}]}},"_links":{"self":[{"href":"https:\/\/kapitalis.com\/tunisie\/wp-json\/wp\/v2\/posts\/217297","targetHints":{"allow":["GET"]}}],"collection":[{"href":"https:\/\/kapitalis.com\/tunisie\/wp-json\/wp\/v2\/posts"}],"about":[{"href":"https:\/\/kapitalis.com\/tunisie\/wp-json\/wp\/v2\/types\/post"}],"author":[{"embeddable":true,"href":"https:\/\/kapitalis.com\/tunisie\/wp-json\/wp\/v2\/users\/6"}],"replies":[{"embeddable":true,"href":"https:\/\/kapitalis.com\/tunisie\/wp-json\/wp\/v2\/comments?post=217297"}],"version-history":[{"count":0,"href":"https:\/\/kapitalis.com\/tunisie\/wp-json\/wp\/v2\/posts\/217297\/revisions"}],"wp:featuredmedia":[{"embeddable":true,"href":"https:\/\/kapitalis.com\/tunisie\/wp-json\/wp\/v2\/media\/217301"}],"wp:attachment":[{"href":"https:\/\/kapitalis.com\/tunisie\/wp-json\/wp\/v2\/media?parent=217297"}],"wp:term":[{"taxonomy":"category","embeddable":true,"href":"https:\/\/kapitalis.com\/tunisie\/wp-json\/wp\/v2\/categories?post=217297"},{"taxonomy":"post_tag","embeddable":true,"href":"https:\/\/kapitalis.com\/tunisie\/wp-json\/wp\/v2\/tags?post=217297"}],"curies":[{"name":"wp","href":"https:\/\/api.w.org\/{rel}","templated":true}]}}