{"id":217415,"date":"2019-06-11T14:57:17","date_gmt":"2019-06-11T13:57:17","guid":{"rendered":"http:\/\/kapitalis.com\/tunisie\/?p=217415"},"modified":"2019-06-11T14:57:27","modified_gmt":"2019-06-11T13:57:27","slug":"tunisie-le-fonds-tasdir-taste-tunisia-visent-la-promotion-des-exportations-vers-5-pays-africains-des-juin-2019","status":"publish","type":"post","link":"https:\/\/kapitalis.com\/tunisie\/2019\/06\/11\/tunisie-le-fonds-tasdir-taste-tunisia-visent-la-promotion-des-exportations-vers-5-pays-africains-des-juin-2019\/","title":{"rendered":"Tasdir+ &#038; Taste Tunisia s&rsquo;associent pour impulser les exportations tunisiennes vers 5 pays africains"},"content":{"rendered":"\n<figure class=\"wp-block-image\"><img decoding=\"async\" src=\"http:\/\/kapitalis.com\/tunisie\/wp-content\/uploads\/2019\/06\/tasdir.jpg\" alt=\"\" class=\"wp-image-217433\"\/><\/figure>\n\n\n\n<p><strong><em>Il s&rsquo;agit d&rsquo;une action transversale lanc\u00e9e par le <a rel=\"noreferrer noopener\" aria-label=\"fonds Tasdir+ &amp; Taste Tunisia (s\u2019ouvre dans un nouvel onglet)\" href=\"http:\/\/www.tasdirplus.com\/index.php?id=developpement-exportation\" target=\"_blank\">fonds Tasdir+ &amp; Taste Tunisia<\/a> pour mettre en commun les efforts d&rsquo;entreprises postulantes, et les aider \u00e0 p\u00e9n\u00e9trer 5 march\u00e9s africains cibl\u00e9s, avec in fine des projets d\u2019implantation commerciale. <\/em><\/strong><\/p>\n\n\n\n<!--more-->\n\n\n\n<p>Trois principaux r\u00e9sultats sont attendus de cette action transversale: 1- la cr\u00e9ation d\u2019une offre forte, globale et impactante, permettant de r\u00e9pondre efficacement aux opportunit\u00e9s identifi\u00e9es sur les march\u00e9s cibl\u00e9s; 2- le renforcement de la pr\u00e9sence des entreprises du groupement, sur les march\u00e9s cibl\u00e9s, par la cr\u00e9ation de partenariats gagnant -gagnant avec les acteurs locaux; 3- des implantations cibl\u00e9es \u00e0 court et moyen termes sur les march\u00e9s d\u2019Afrique Subsaharienne vis\u00e9s, permettant un d\u00e9veloppement p\u00e9renne des activit\u00e9s des op\u00e9rateurs tunisiens. <\/p>\n\n\n\n<p>Les secteurs cibl\u00e9s par cette action sont l\u2019agriculture, la p\u00eache, l&rsquo;agro-industrie, et les produits et services connexes. <\/p>\n\n\n\n<p>Les 5 pays africains cibl\u00e9s sont le Cameroun, la C\u00f4te-d\u2019Ivoire, la R\u00e9publique d\u00e9mocratique du Congo, le Kenya, et le Nig\u00e9ria. <\/p>\n\n\n\n<p>Le projet durera 18 mois, de juin 2019, \u00e0 octobre 2020. <\/p>\n\n\n\n<p>Chaque entreprise financera sa participation au programme au prorata des actions qu&rsquo;elle souhaite b\u00e9n\u00e9ficier, sachant que le fonds Tasdir+ rembourse jusqu\u2019\u00e0 70% des co\u00fbts engag\u00e9s par l\u2019entreprise. <\/p>\n\n\n\n<p>Rappelons que le Fonds d\u2019appui \u00e0 la comp\u00e9titivit\u00e9 et au d\u00e9veloppement des exportations (Tasdir+) est un programme conjoint entre les minist\u00e8res de l&rsquo;Industrie et du Commerce, et le Centre dr promotion des exportations (Cepex), en partenariat avec la Banque Mondiale, lanc\u00e9 en 2015, pour une dur\u00e9e de 5 ans. Son objectif \u00e0 l\u2019horizon 2020 est d\u2019augmenter et p\u00e9renniser les exportations, de diversifier les march\u00e9s \u00e0 l\u2019exportation, de d\u00e9velopper les exportations des produits \u00e0 haute valeur ajout\u00e9e, et de soutenir les associations professionnelles et les groupements d\u2019entreprises, dans leurs d\u00e9marches \u00e0 l\u2019international.<\/p>\n\n\n\n<p style=\"text-align:right\"><strong> A. M. <\/strong><em>(avec <\/em><a rel=\"noreferrer noopener\" aria-label=\"Tunisia Export (s\u2019ouvre dans un nouvel onglet)\" href=\"http:\/\/tunisiaexport.com\/actualites\/Action_Transversale_pour_la_filiere_Agri-Agro\" target=\"_blank\"><em>Tunisia Export<\/em><\/a><em>).<\/em><\/p>\n\n\n\n<figure class=\"wp-block-embed is-type-rich is-provider-kapitalis\"><div class=\"wp-block-embed__wrapper\">\n<blockquote class=\"wp-embedded-content\" data-secret=\"dxB75cD0HG\"><a href=\"https:\/\/kapitalis.com\/tunisie\/2019\/04\/23\/appui-a-lexportation-le-fonds-tasdir-entame-le-dernier-virage\/\">Appui \u00e0 l\u2019exportation : Le Fonds Tasdir+ entame le dernier virage<\/a><\/blockquote><iframe loading=\"lazy\" class=\"wp-embedded-content\" sandbox=\"allow-scripts\" security=\"restricted\" style=\"position: absolute; clip: rect(1px, 1px, 1px, 1px);\" title=\"\u00ab\u00a0Appui \u00e0 l\u2019exportation : Le Fonds Tasdir+ entame le dernier virage\u00a0\u00bb &#8212; Kapitalis\" src=\"https:\/\/kapitalis.com\/tunisie\/2019\/04\/23\/appui-a-lexportation-le-fonds-tasdir-entame-le-dernier-virage\/embed\/#?secret=mMwtuGta6S#?secret=dxB75cD0HG\" data-secret=\"dxB75cD0HG\" width=\"600\" height=\"338\" frameborder=\"0\" marginwidth=\"0\" marginheight=\"0\" scrolling=\"no\"><\/iframe>\n<\/div><\/figure>\n","protected":false},"excerpt":{"rendered":"<p>Il s&rsquo;agit d&rsquo;une action transversale lanc\u00e9e par le fonds Tasdir+ &amp; Taste Tunisia pour mettre en commun les efforts d&rsquo;entreprises postulantes, et les aider \u00e0 p\u00e9n\u00e9trer 5 march\u00e9s africains cibl\u00e9s, avec in fine des projets d\u2019implantation commerciale.<\/p>\n","protected":false},"author":22,"featured_media":217433,"comment_status":"open","ping_status":"open","sticky":false,"template":"","format":"standard","meta":{"footnotes":""},"categories":[995,2433],"tags":[],"class_list":["post-217415","post","type-post","status-publish","format-standard","has-post-thumbnail","hentry","category-economie","category-tunisie"],"yoast_head":"<!-- This site is optimized with the Yoast SEO plugin v26.6 - https:\/\/yoast.com\/wordpress\/plugins\/seo\/ -->\n<title>Tasdir+ &amp; Taste Tunisia s&#039;associent pour impulser les exportations tunisiennes vers 5 pays africains - Kapitalis<\/title>\n<meta name=\"robots\" content=\"index, follow, max-snippet:-1, max-image-preview:large, max-video-preview:-1\" \/>\n<link rel=\"canonical\" href=\"https:\/\/kapitalis.com\/tunisie\/2019\/06\/11\/tunisie-le-fonds-tasdir-taste-tunisia-visent-la-promotion-des-exportations-vers-5-pays-africains-des-juin-2019\/\" \/>\n<meta property=\"og:locale\" content=\"fr_FR\" \/>\n<meta property=\"og:type\" content=\"article\" \/>\n<meta property=\"og:title\" content=\"Tasdir+ &amp; Taste Tunisia s&#039;associent pour impulser les exportations tunisiennes vers 5 pays africains - Kapitalis\" \/>\n<meta property=\"og:description\" content=\"Il s&rsquo;agit d&rsquo;une action transversale lanc\u00e9e par le fonds Tasdir+ &amp; Taste Tunisia pour mettre en commun les efforts d&rsquo;entreprises postulantes, et les aider \u00e0 p\u00e9n\u00e9trer 5 march\u00e9s africains cibl\u00e9s, avec in fine des projets d\u2019implantation commerciale.\" \/>\n<meta property=\"og:url\" content=\"https:\/\/kapitalis.com\/tunisie\/2019\/06\/11\/tunisie-le-fonds-tasdir-taste-tunisia-visent-la-promotion-des-exportations-vers-5-pays-africains-des-juin-2019\/\" \/>\n<meta property=\"og:site_name\" content=\"Kapitalis\" \/>\n<meta property=\"article:publisher\" content=\"https:\/\/www.facebook.com\/KapitalisInfo\/\" \/>\n<meta property=\"article:published_time\" content=\"2019-06-11T13:57:17+00:00\" \/>\n<meta property=\"article:modified_time\" content=\"2019-06-11T13:57:27+00:00\" \/>\n<meta property=\"og:image\" content=\"https:\/\/kapitalis.com\/tunisie\/wp-content\/uploads\/2022\/05\/kapitalis-logo-fb.png\" \/>\n\t<meta property=\"og:image:width\" content=\"1200\" \/>\n\t<meta property=\"og:image:height\" content=\"630\" \/>\n\t<meta property=\"og:image:type\" content=\"image\/png\" \/>\n<meta name=\"author\" content=\"Amina Mkada\" \/>\n<meta name=\"twitter:card\" content=\"summary_large_image\" \/>\n<meta name=\"twitter:creator\" content=\"@KapitalisInfo\" \/>\n<meta name=\"twitter:site\" content=\"@KapitalisInfo\" \/>\n<meta name=\"twitter:label1\" content=\"\u00c9crit par\" \/>\n\t<meta name=\"twitter:data1\" content=\"Amina Mkada\" \/>\n\t<meta name=\"twitter:label2\" content=\"Dur\u00e9e de lecture estim\u00e9e\" \/>\n\t<meta name=\"twitter:data2\" content=\"2 minutes\" \/>\n<script type=\"application\/ld+json\" class=\"yoast-schema-graph\">{\"@context\":\"https:\/\/schema.org\",\"@graph\":[{\"@type\":\"Article\",\"@id\":\"https:\/\/kapitalis.com\/tunisie\/2019\/06\/11\/tunisie-le-fonds-tasdir-taste-tunisia-visent-la-promotion-des-exportations-vers-5-pays-africains-des-juin-2019\/#article\",\"isPartOf\":{\"@id\":\"https:\/\/kapitalis.com\/tunisie\/2019\/06\/11\/tunisie-le-fonds-tasdir-taste-tunisia-visent-la-promotion-des-exportations-vers-5-pays-africains-des-juin-2019\/\"},\"author\":{\"name\":\"Amina Mkada\",\"@id\":\"https:\/\/kapitalis.com\/tunisie\/#\/schema\/person\/093913313d3017554cb3ad077fff3fbd\"},\"headline\":\"Tasdir+ &#038; Taste Tunisia s&rsquo;associent pour impulser les exportations tunisiennes vers 5 pays africains\",\"datePublished\":\"2019-06-11T13:57:17+00:00\",\"dateModified\":\"2019-06-11T13:57:27+00:00\",\"mainEntityOfPage\":{\"@id\":\"https:\/\/kapitalis.com\/tunisie\/2019\/06\/11\/tunisie-le-fonds-tasdir-taste-tunisia-visent-la-promotion-des-exportations-vers-5-pays-africains-des-juin-2019\/\"},\"wordCount\":341,\"commentCount\":1,\"publisher\":{\"@id\":\"https:\/\/kapitalis.com\/tunisie\/#organization\"},\"image\":{\"@id\":\"https:\/\/kapitalis.com\/tunisie\/2019\/06\/11\/tunisie-le-fonds-tasdir-taste-tunisia-visent-la-promotion-des-exportations-vers-5-pays-africains-des-juin-2019\/#primaryimage\"},\"thumbnailUrl\":\"\",\"articleSection\":[\"ECONOMIE\",\"Tunisie\"],\"inLanguage\":\"fr-FR\",\"potentialAction\":[{\"@type\":\"CommentAction\",\"name\":\"Comment\",\"target\":[\"https:\/\/kapitalis.com\/tunisie\/2019\/06\/11\/tunisie-le-fonds-tasdir-taste-tunisia-visent-la-promotion-des-exportations-vers-5-pays-africains-des-juin-2019\/#respond\"]}]},{\"@type\":\"WebPage\",\"@id\":\"https:\/\/kapitalis.com\/tunisie\/2019\/06\/11\/tunisie-le-fonds-tasdir-taste-tunisia-visent-la-promotion-des-exportations-vers-5-pays-africains-des-juin-2019\/\",\"url\":\"https:\/\/kapitalis.com\/tunisie\/2019\/06\/11\/tunisie-le-fonds-tasdir-taste-tunisia-visent-la-promotion-des-exportations-vers-5-pays-africains-des-juin-2019\/\",\"name\":\"Tasdir+ & Taste Tunisia s'associent pour impulser les exportations tunisiennes vers 5 pays africains - Kapitalis\",\"isPartOf\":{\"@id\":\"https:\/\/kapitalis.com\/tunisie\/#website\"},\"primaryImageOfPage\":{\"@id\":\"https:\/\/kapitalis.com\/tunisie\/2019\/06\/11\/tunisie-le-fonds-tasdir-taste-tunisia-visent-la-promotion-des-exportations-vers-5-pays-africains-des-juin-2019\/#primaryimage\"},\"image\":{\"@id\":\"https:\/\/kapitalis.com\/tunisie\/2019\/06\/11\/tunisie-le-fonds-tasdir-taste-tunisia-visent-la-promotion-des-exportations-vers-5-pays-africains-des-juin-2019\/#primaryimage\"},\"thumbnailUrl\":\"\",\"datePublished\":\"2019-06-11T13:57:17+00:00\",\"dateModified\":\"2019-06-11T13:57:27+00:00\",\"breadcrumb\":{\"@id\":\"https:\/\/kapitalis.com\/tunisie\/2019\/06\/11\/tunisie-le-fonds-tasdir-taste-tunisia-visent-la-promotion-des-exportations-vers-5-pays-africains-des-juin-2019\/#breadcrumb\"},\"inLanguage\":\"fr-FR\",\"potentialAction\":[{\"@type\":\"ReadAction\",\"target\":[\"https:\/\/kapitalis.com\/tunisie\/2019\/06\/11\/tunisie-le-fonds-tasdir-taste-tunisia-visent-la-promotion-des-exportations-vers-5-pays-africains-des-juin-2019\/\"]}]},{\"@type\":\"ImageObject\",\"inLanguage\":\"fr-FR\",\"@id\":\"https:\/\/kapitalis.com\/tunisie\/2019\/06\/11\/tunisie-le-fonds-tasdir-taste-tunisia-visent-la-promotion-des-exportations-vers-5-pays-africains-des-juin-2019\/#primaryimage\",\"url\":\"\",\"contentUrl\":\"\"},{\"@type\":\"BreadcrumbList\",\"@id\":\"https:\/\/kapitalis.com\/tunisie\/2019\/06\/11\/tunisie-le-fonds-tasdir-taste-tunisia-visent-la-promotion-des-exportations-vers-5-pays-africains-des-juin-2019\/#breadcrumb\",\"itemListElement\":[{\"@type\":\"ListItem\",\"position\":1,\"name\":\"Accueil\",\"item\":\"https:\/\/kapitalis.com\/tunisie\/\"},{\"@type\":\"ListItem\",\"position\":2,\"name\":\"Tasdir+ &#038; Taste Tunisia s&rsquo;associent pour impulser les exportations tunisiennes vers 5 pays africains\"}]},{\"@type\":\"WebSite\",\"@id\":\"https:\/\/kapitalis.com\/tunisie\/#website\",\"url\":\"https:\/\/kapitalis.com\/tunisie\/\",\"name\":\"Kapitalis\",\"description\":\"L&#039;actualit\u00e9 en Tunisie et dans le monde\",\"publisher\":{\"@id\":\"https:\/\/kapitalis.com\/tunisie\/#organization\"},\"potentialAction\":[{\"@type\":\"SearchAction\",\"target\":{\"@type\":\"EntryPoint\",\"urlTemplate\":\"https:\/\/kapitalis.com\/tunisie\/?s={search_term_string}\"},\"query-input\":{\"@type\":\"PropertyValueSpecification\",\"valueRequired\":true,\"valueName\":\"search_term_string\"}}],\"inLanguage\":\"fr-FR\"},{\"@type\":\"Organization\",\"@id\":\"https:\/\/kapitalis.com\/tunisie\/#organization\",\"name\":\"Kapitalis\",\"url\":\"https:\/\/kapitalis.com\/tunisie\/\",\"logo\":{\"@type\":\"ImageObject\",\"inLanguage\":\"fr-FR\",\"@id\":\"https:\/\/kapitalis.com\/tunisie\/#\/schema\/logo\/image\/\",\"url\":\"https:\/\/kapitalis.com\/tunisie\/wp-content\/uploads\/2022\/05\/Kapitalis-big-size.png\",\"contentUrl\":\"https:\/\/kapitalis.com\/tunisie\/wp-content\/uploads\/2022\/05\/Kapitalis-big-size.png\",\"width\":5000,\"height\":1500,\"caption\":\"Kapitalis\"},\"image\":{\"@id\":\"https:\/\/kapitalis.com\/tunisie\/#\/schema\/logo\/image\/\"},\"sameAs\":[\"https:\/\/www.facebook.com\/KapitalisInfo\/\",\"https:\/\/x.com\/KapitalisInfo\",\"https:\/\/www.youtube.com\/channel\/UC-yDYrHyfFBWWZaOw3FPg9Q\"]},{\"@type\":\"Person\",\"@id\":\"https:\/\/kapitalis.com\/tunisie\/#\/schema\/person\/093913313d3017554cb3ad077fff3fbd\",\"name\":\"Amina Mkada\",\"url\":\"https:\/\/kapitalis.com\/tunisie\/author\/amina\/\"}]}<\/script>\n<!-- \/ Yoast SEO plugin. -->","yoast_head_json":{"title":"Tasdir+ & Taste Tunisia s'associent pour impulser les exportations tunisiennes vers 5 pays africains - Kapitalis","robots":{"index":"index","follow":"follow","max-snippet":"max-snippet:-1","max-image-preview":"max-image-preview:large","max-video-preview":"max-video-preview:-1"},"canonical":"https:\/\/kapitalis.com\/tunisie\/2019\/06\/11\/tunisie-le-fonds-tasdir-taste-tunisia-visent-la-promotion-des-exportations-vers-5-pays-africains-des-juin-2019\/","og_locale":"fr_FR","og_type":"article","og_title":"Tasdir+ & Taste Tunisia s'associent pour impulser les exportations tunisiennes vers 5 pays africains - Kapitalis","og_description":"Il s&rsquo;agit d&rsquo;une action transversale lanc\u00e9e par le fonds Tasdir+ &amp; Taste Tunisia pour mettre en commun les efforts d&rsquo;entreprises postulantes, et les aider \u00e0 p\u00e9n\u00e9trer 5 march\u00e9s africains cibl\u00e9s, avec in fine des projets d\u2019implantation commerciale.","og_url":"https:\/\/kapitalis.com\/tunisie\/2019\/06\/11\/tunisie-le-fonds-tasdir-taste-tunisia-visent-la-promotion-des-exportations-vers-5-pays-africains-des-juin-2019\/","og_site_name":"Kapitalis","article_publisher":"https:\/\/www.facebook.com\/KapitalisInfo\/","article_published_time":"2019-06-11T13:57:17+00:00","article_modified_time":"2019-06-11T13:57:27+00:00","og_image":[{"width":1200,"height":630,"url":"https:\/\/kapitalis.com\/tunisie\/wp-content\/uploads\/2022\/05\/kapitalis-logo-fb.png","type":"image\/png"}],"author":"Amina Mkada","twitter_card":"summary_large_image","twitter_creator":"@KapitalisInfo","twitter_site":"@KapitalisInfo","twitter_misc":{"\u00c9crit par":"Amina Mkada","Dur\u00e9e de lecture estim\u00e9e":"2 minutes"},"schema":{"@context":"https:\/\/schema.org","@graph":[{"@type":"Article","@id":"https:\/\/kapitalis.com\/tunisie\/2019\/06\/11\/tunisie-le-fonds-tasdir-taste-tunisia-visent-la-promotion-des-exportations-vers-5-pays-africains-des-juin-2019\/#article","isPartOf":{"@id":"https:\/\/kapitalis.com\/tunisie\/2019\/06\/11\/tunisie-le-fonds-tasdir-taste-tunisia-visent-la-promotion-des-exportations-vers-5-pays-africains-des-juin-2019\/"},"author":{"name":"Amina Mkada","@id":"https:\/\/kapitalis.com\/tunisie\/#\/schema\/person\/093913313d3017554cb3ad077fff3fbd"},"headline":"Tasdir+ &#038; Taste Tunisia s&rsquo;associent pour impulser les exportations tunisiennes vers 5 pays africains","datePublished":"2019-06-11T13:57:17+00:00","dateModified":"2019-06-11T13:57:27+00:00","mainEntityOfPage":{"@id":"https:\/\/kapitalis.com\/tunisie\/2019\/06\/11\/tunisie-le-fonds-tasdir-taste-tunisia-visent-la-promotion-des-exportations-vers-5-pays-africains-des-juin-2019\/"},"wordCount":341,"commentCount":1,"publisher":{"@id":"https:\/\/kapitalis.com\/tunisie\/#organization"},"image":{"@id":"https:\/\/kapitalis.com\/tunisie\/2019\/06\/11\/tunisie-le-fonds-tasdir-taste-tunisia-visent-la-promotion-des-exportations-vers-5-pays-africains-des-juin-2019\/#primaryimage"},"thumbnailUrl":"","articleSection":["ECONOMIE","Tunisie"],"inLanguage":"fr-FR","potentialAction":[{"@type":"CommentAction","name":"Comment","target":["https:\/\/kapitalis.com\/tunisie\/2019\/06\/11\/tunisie-le-fonds-tasdir-taste-tunisia-visent-la-promotion-des-exportations-vers-5-pays-africains-des-juin-2019\/#respond"]}]},{"@type":"WebPage","@id":"https:\/\/kapitalis.com\/tunisie\/2019\/06\/11\/tunisie-le-fonds-tasdir-taste-tunisia-visent-la-promotion-des-exportations-vers-5-pays-africains-des-juin-2019\/","url":"https:\/\/kapitalis.com\/tunisie\/2019\/06\/11\/tunisie-le-fonds-tasdir-taste-tunisia-visent-la-promotion-des-exportations-vers-5-pays-africains-des-juin-2019\/","name":"Tasdir+ & Taste Tunisia s'associent pour impulser les exportations tunisiennes vers 5 pays africains - Kapitalis","isPartOf":{"@id":"https:\/\/kapitalis.com\/tunisie\/#website"},"primaryImageOfPage":{"@id":"https:\/\/kapitalis.com\/tunisie\/2019\/06\/11\/tunisie-le-fonds-tasdir-taste-tunisia-visent-la-promotion-des-exportations-vers-5-pays-africains-des-juin-2019\/#primaryimage"},"image":{"@id":"https:\/\/kapitalis.com\/tunisie\/2019\/06\/11\/tunisie-le-fonds-tasdir-taste-tunisia-visent-la-promotion-des-exportations-vers-5-pays-africains-des-juin-2019\/#primaryimage"},"thumbnailUrl":"","datePublished":"2019-06-11T13:57:17+00:00","dateModified":"2019-06-11T13:57:27+00:00","breadcrumb":{"@id":"https:\/\/kapitalis.com\/tunisie\/2019\/06\/11\/tunisie-le-fonds-tasdir-taste-tunisia-visent-la-promotion-des-exportations-vers-5-pays-africains-des-juin-2019\/#breadcrumb"},"inLanguage":"fr-FR","potentialAction":[{"@type":"ReadAction","target":["https:\/\/kapitalis.com\/tunisie\/2019\/06\/11\/tunisie-le-fonds-tasdir-taste-tunisia-visent-la-promotion-des-exportations-vers-5-pays-africains-des-juin-2019\/"]}]},{"@type":"ImageObject","inLanguage":"fr-FR","@id":"https:\/\/kapitalis.com\/tunisie\/2019\/06\/11\/tunisie-le-fonds-tasdir-taste-tunisia-visent-la-promotion-des-exportations-vers-5-pays-africains-des-juin-2019\/#primaryimage","url":"","contentUrl":""},{"@type":"BreadcrumbList","@id":"https:\/\/kapitalis.com\/tunisie\/2019\/06\/11\/tunisie-le-fonds-tasdir-taste-tunisia-visent-la-promotion-des-exportations-vers-5-pays-africains-des-juin-2019\/#breadcrumb","itemListElement":[{"@type":"ListItem","position":1,"name":"Accueil","item":"https:\/\/kapitalis.com\/tunisie\/"},{"@type":"ListItem","position":2,"name":"Tasdir+ &#038; Taste Tunisia s&rsquo;associent pour impulser les exportations tunisiennes vers 5 pays africains"}]},{"@type":"WebSite","@id":"https:\/\/kapitalis.com\/tunisie\/#website","url":"https:\/\/kapitalis.com\/tunisie\/","name":"Kapitalis","description":"L&#039;actualit\u00e9 en Tunisie et dans le monde","publisher":{"@id":"https:\/\/kapitalis.com\/tunisie\/#organization"},"potentialAction":[{"@type":"SearchAction","target":{"@type":"EntryPoint","urlTemplate":"https:\/\/kapitalis.com\/tunisie\/?s={search_term_string}"},"query-input":{"@type":"PropertyValueSpecification","valueRequired":true,"valueName":"search_term_string"}}],"inLanguage":"fr-FR"},{"@type":"Organization","@id":"https:\/\/kapitalis.com\/tunisie\/#organization","name":"Kapitalis","url":"https:\/\/kapitalis.com\/tunisie\/","logo":{"@type":"ImageObject","inLanguage":"fr-FR","@id":"https:\/\/kapitalis.com\/tunisie\/#\/schema\/logo\/image\/","url":"https:\/\/kapitalis.com\/tunisie\/wp-content\/uploads\/2022\/05\/Kapitalis-big-size.png","contentUrl":"https:\/\/kapitalis.com\/tunisie\/wp-content\/uploads\/2022\/05\/Kapitalis-big-size.png","width":5000,"height":1500,"caption":"Kapitalis"},"image":{"@id":"https:\/\/kapitalis.com\/tunisie\/#\/schema\/logo\/image\/"},"sameAs":["https:\/\/www.facebook.com\/KapitalisInfo\/","https:\/\/x.com\/KapitalisInfo","https:\/\/www.youtube.com\/channel\/UC-yDYrHyfFBWWZaOw3FPg9Q"]},{"@type":"Person","@id":"https:\/\/kapitalis.com\/tunisie\/#\/schema\/person\/093913313d3017554cb3ad077fff3fbd","name":"Amina Mkada","url":"https:\/\/kapitalis.com\/tunisie\/author\/amina\/"}]}},"_links":{"self":[{"href":"https:\/\/kapitalis.com\/tunisie\/wp-json\/wp\/v2\/posts\/217415","targetHints":{"allow":["GET"]}}],"collection":[{"href":"https:\/\/kapitalis.com\/tunisie\/wp-json\/wp\/v2\/posts"}],"about":[{"href":"https:\/\/kapitalis.com\/tunisie\/wp-json\/wp\/v2\/types\/post"}],"author":[{"embeddable":true,"href":"https:\/\/kapitalis.com\/tunisie\/wp-json\/wp\/v2\/users\/22"}],"replies":[{"embeddable":true,"href":"https:\/\/kapitalis.com\/tunisie\/wp-json\/wp\/v2\/comments?post=217415"}],"version-history":[{"count":0,"href":"https:\/\/kapitalis.com\/tunisie\/wp-json\/wp\/v2\/posts\/217415\/revisions"}],"wp:featuredmedia":[{"embeddable":true,"href":"https:\/\/kapitalis.com\/tunisie\/wp-json\/wp\/v2\/media\/217433"}],"wp:attachment":[{"href":"https:\/\/kapitalis.com\/tunisie\/wp-json\/wp\/v2\/media?parent=217415"}],"wp:term":[{"taxonomy":"category","embeddable":true,"href":"https:\/\/kapitalis.com\/tunisie\/wp-json\/wp\/v2\/categories?post=217415"},{"taxonomy":"post_tag","embeddable":true,"href":"https:\/\/kapitalis.com\/tunisie\/wp-json\/wp\/v2\/tags?post=217415"}],"curies":[{"name":"wp","href":"https:\/\/api.w.org\/{rel}","templated":true}]}}