{"id":217570,"date":"2019-06-11T19:03:51","date_gmt":"2019-06-11T18:03:51","guid":{"rendered":"http:\/\/kapitalis.com\/tunisie\/?p=217570"},"modified":"2019-06-11T19:03:55","modified_gmt":"2019-06-11T18:03:55","slug":"etude-sur-les-difficultes-du-secteur-de-la-parfumerie-et-des-cosmetiques-en-tunisie","status":"publish","type":"post","link":"https:\/\/kapitalis.com\/tunisie\/2019\/06\/11\/etude-sur-les-difficultes-du-secteur-de-la-parfumerie-et-des-cosmetiques-en-tunisie\/","title":{"rendered":"Etude sur les difficult\u00e9s du secteur de la parfumerie et des cosm\u00e9tiques en Tunisie"},"content":{"rendered":"\n<figure class=\"wp-block-image\"><img decoding=\"async\" src=\"http:\/\/kapitalis.com\/tunisie\/wp-content\/uploads\/2019\/06\/Utica-Parfumerie-1.jpg\" alt=\"\" class=\"wp-image-217571\"\/><\/figure>\n\n\n\n<p><b><i>Le secteur de la parfumerie et des cosm\u00e9tiques en Tunisie se caract\u00e9rise par des difficult\u00e9s dues \u00e0 une pression fiscale chaque ann\u00e9e plus importante, \u00e0 la multiplication des barri\u00e8res non-tarifaires et le d\u00e9veloppement du march\u00e9 informel, qui handicapent son \u00e9volution. <\/i><\/b><br><\/p>\n\n\n\n<!--more-->\n\n\n\n<p> La Chambre syndicale nationale des industries de parfumerie et cosm\u00e9tiques relevant de l\u2019Union tunisienne de l\u2019industrie, du commerce et de l\u2019artisanat (Utica) a organis\u00e9, ce mardi 11 juin 2019, au si\u00e8ge de l\u2019organisation patronale, \u00e0 la Cit\u00e9 El Khadra, \u00e0 Tunis, une journ\u00e9e d\u2019information pour la pr\u00e9sentation des r\u00e9sultats d\u2019une \u00e9tude sur <em>\u00abla pression fiscale et les barri\u00e8res non tarifaires qui boostent l\u2019informel\u00bb<\/em> dans le secteur de la parfumerie et des cosm\u00e9tiques. <br><\/p>\n\n\n\n<p> Ouvrant les travaux de cette manifestation,  Hatem Mziou, pr\u00e9sident de la chambre a annonc\u00e9 que l\u2019objectif de cette journ\u00e9e est de sensibiliser l\u2019opinion publique \u00e0 l\u2019importance du secteur  des industries de la parfumerie et des cosm\u00e9tiques pour le bien-\u00eatre du Tunisien. Il a soulign\u00e9 que, contrairement aux id\u00e9es re\u00e7ues, les produits de parfumerie et de cosm\u00e9tique ne sont pas superflus et contribuent \u00e0 la bonne hygi\u00e8ne et \u00e0 la sant\u00e9 du citoyen. <\/p>\n\n\n\n<h3 class=\"wp-block-heading\"> Une pression fiscale chaque ann\u00e9e plus importante <br><\/h3>\n\n\n\n<p> Pr\u00e9sentant la situation actuelle du secteur, M. Mziou a affirm\u00e9 qu\u2019elle se caract\u00e9rise par des difficult\u00e9s dues \u00e0 une pression fiscale chaque ann\u00e9e plus importante et \u00e0 la multiplication des barri\u00e8res non-tarifaires qui handicapent le d\u00e9veloppement du secteur. Il a ajout\u00e9 que les professionnels ne sont pas impliqu\u00e9s ni consult\u00e9s lors de la prises des d\u00e9cisions qui impactent directement leurs activit\u00e9s alors que le secteur est cr\u00e9ateur d\u2019emplois, exportateur et g\u00e9n\u00e8re des investissements.<br><\/p>\n\n\n\n<p> L\u2019objectif recherch\u00e9 par la r\u00e9alisation de l\u2019\u00e9tude est d\u2019aboutir \u00e0 une vision globale pour les industries de la parfumerie et des cosm\u00e9tiques et d\u2019adopter des propositions concr\u00e8tes pour sortir le secteur de la situation difficile qu\u2019il traverse.<br><\/p>\n\n\n\n<p> La parole a \u00e9t\u00e9 ensuite donn\u00e9e \u00e0 Lotfi Ayadi, expert et auteur de l\u2019\u00e9tude qui a pr\u00e9sent\u00e9 aux professionnels les r\u00e9sultats chiffr\u00e9s de cette \u00e9tude qui confirment notamment que le secteur des cosm\u00e9tiques et de la parfumerie occupe une position importante dans l\u2019\u00e9conomie du pays<br><\/p>\n\n\n\n<p> Les r\u00e9sultats de l\u2019\u00e9tude confirment \u00e9galement que le secteur fait face aujourd\u2019hui \u00e0 des probl\u00e8mes et des difficult\u00e9s r\u00e9sultants notamment des mesures fiscales d\u00e9cr\u00e9t\u00e9es par la loi de finances de l\u2019exercice 2018 et des barri\u00e8res non tarifaires que le minist\u00e8re de Commerce ne cesse d\u2019imposer, ainsi que de certaines pratiques commerciales en dehors des circuits r\u00e9guliers (contrebande, contrefa\u00e7on et march\u00e9 parall\u00e8le). \u00c1 cela s\u2019ajoute un commerce parall\u00e8le qui ne cesse de se d\u00e9velopper.<br><\/p>\n\n\n\n<div class=\"wp-block-image\"><figure class=\"aligncenter is-resized\"><img loading=\"lazy\" decoding=\"async\" src=\"http:\/\/kapitalis.com\/tunisie\/wp-content\/uploads\/2019\/06\/Utica-Parfumerie-2.jpg\" alt=\"\" class=\"wp-image-217572\" width=\"500\" height=\"352\"\/><\/figure><\/div>\n\n\n\n<h3 class=\"wp-block-heading\"> Contribution marginale au d\u00e9ficit commercial<br><\/h3>\n\n\n\n<p> Le secteur qui ne contribue que marginalement au d\u00e9ficit commercial du pays est plomb\u00e9 par une pression fiscale sans \u00e9gale dans la r\u00e9gion puisque pour certaines positions tarifaires cette pression fiscale est pass\u00e9e de 42% en 2017 \u00e0 84,5% en 2018 soit une augmentation de 100%.<br><\/p>\n\n\n\n<p> Le secteur, ajoute l\u2019\u00e9tude, g\u00e9n\u00e8re un chiffre d\u2019affaires annuel d\u2019environ 1,5 milliards de dinars soit 1,35% du PIB. <br><\/p>\n\n\n\n<p> Le march\u00e9 formel des produits de parfumerie et cosm\u00e9tique est \u00e9valu\u00e9 \u00e0 945 millions de dinars et le volume du march\u00e9 informel est estim\u00e9 \u00e0 environ 555 millions de dinars soit 58% du secteur formel et d\u00e9passe les 70% pour les parfums et produits de beaut\u00e9.<br><\/p>\n\n\n\n<p> L\u2019\u00e9tude souligne que le tissus industriel de la parfumerie et des cosm\u00e9tiques demeure plut\u00f4t artisanal et peu structur\u00e9 et souffre de ce fait d\u2019un cadre r\u00e9glementaire inadapt\u00e9 et d\u2019un manque de soutien de l\u2019Etat.<br><\/p>\n\n\n\n<p> La r\u00e9duction de la pression fiscale, le renforcement du contr\u00f4le  et la lutte contre le march\u00e9 informel n\u00e9cessitent que des mesures ad\u00e9quates et concert\u00e9es soient prises pour la sauvegarde et la p\u00e9rennit\u00e9 du secteur.<br><\/p>\n\n\n\n<p><strong><em> Source<\/em><\/strong> : communiqu\u00e9. <\/p>\n","protected":false},"excerpt":{"rendered":"<p>Le secteur de la parfumerie et des cosm\u00e9tiques en Tunisie se caract\u00e9rise par des difficult\u00e9s dues \u00e0 une pression fiscale chaque ann\u00e9e plus importante, \u00e0 la multiplication des barri\u00e8res non-tarifaires et le d\u00e9veloppement du march\u00e9 informel, qui handicapent son \u00e9volution.<\/p>\n","protected":false},"author":8,"featured_media":217571,"comment_status":"open","ping_status":"open","sticky":false,"template":"","format":"standard","meta":{"footnotes":""},"categories":[995,2433],"tags":[9289,23557,940],"class_list":["post-217570","post","type-post","status-publish","format-standard","has-post-thumbnail","hentry","category-economie","category-tunisie","tag-cosmetiques","tag-pression-fiscale","tag-utica"],"yoast_head":"<!-- This site is optimized with the Yoast SEO plugin v26.6 - https:\/\/yoast.com\/wordpress\/plugins\/seo\/ -->\n<title>Etude sur les difficult\u00e9s du secteur de la parfumerie et des cosm\u00e9tiques en Tunisie - Kapitalis<\/title>\n<meta name=\"robots\" content=\"index, follow, max-snippet:-1, max-image-preview:large, max-video-preview:-1\" \/>\n<link rel=\"canonical\" href=\"https:\/\/kapitalis.com\/tunisie\/2019\/06\/11\/etude-sur-les-difficultes-du-secteur-de-la-parfumerie-et-des-cosmetiques-en-tunisie\/\" \/>\n<meta property=\"og:locale\" content=\"fr_FR\" \/>\n<meta property=\"og:type\" content=\"article\" \/>\n<meta property=\"og:title\" content=\"Etude sur les difficult\u00e9s du secteur de la parfumerie et des cosm\u00e9tiques en Tunisie - Kapitalis\" \/>\n<meta property=\"og:description\" content=\"Le secteur de la parfumerie et des cosm\u00e9tiques en Tunisie se caract\u00e9rise par des difficult\u00e9s dues \u00e0 une pression fiscale chaque ann\u00e9e plus importante, \u00e0 la multiplication des barri\u00e8res non-tarifaires et le d\u00e9veloppement du march\u00e9 informel, qui handicapent son \u00e9volution.\" \/>\n<meta property=\"og:url\" content=\"https:\/\/kapitalis.com\/tunisie\/2019\/06\/11\/etude-sur-les-difficultes-du-secteur-de-la-parfumerie-et-des-cosmetiques-en-tunisie\/\" \/>\n<meta property=\"og:site_name\" content=\"Kapitalis\" \/>\n<meta property=\"article:publisher\" content=\"https:\/\/www.facebook.com\/KapitalisInfo\/\" \/>\n<meta property=\"article:published_time\" content=\"2019-06-11T18:03:51+00:00\" \/>\n<meta property=\"article:modified_time\" content=\"2019-06-11T18:03:55+00:00\" \/>\n<meta property=\"og:image\" content=\"https:\/\/kapitalis.com\/tunisie\/wp-content\/uploads\/2022\/05\/kapitalis-logo-fb.png\" \/>\n\t<meta property=\"og:image:width\" content=\"1200\" \/>\n\t<meta property=\"og:image:height\" content=\"630\" \/>\n\t<meta property=\"og:image:type\" content=\"image\/png\" \/>\n<meta name=\"author\" content=\"webmaster kapitalis\" \/>\n<meta name=\"twitter:card\" content=\"summary_large_image\" \/>\n<meta name=\"twitter:creator\" content=\"@KapitalisInfo\" \/>\n<meta name=\"twitter:site\" content=\"@KapitalisInfo\" \/>\n<meta name=\"twitter:label1\" content=\"\u00c9crit par\" \/>\n\t<meta name=\"twitter:data1\" content=\"webmaster kapitalis\" \/>\n\t<meta name=\"twitter:label2\" content=\"Dur\u00e9e de lecture estim\u00e9e\" \/>\n\t<meta name=\"twitter:data2\" content=\"3 minutes\" \/>\n<script type=\"application\/ld+json\" class=\"yoast-schema-graph\">{\"@context\":\"https:\/\/schema.org\",\"@graph\":[{\"@type\":\"Article\",\"@id\":\"https:\/\/kapitalis.com\/tunisie\/2019\/06\/11\/etude-sur-les-difficultes-du-secteur-de-la-parfumerie-et-des-cosmetiques-en-tunisie\/#article\",\"isPartOf\":{\"@id\":\"https:\/\/kapitalis.com\/tunisie\/2019\/06\/11\/etude-sur-les-difficultes-du-secteur-de-la-parfumerie-et-des-cosmetiques-en-tunisie\/\"},\"author\":{\"name\":\"webmaster kapitalis\",\"@id\":\"https:\/\/kapitalis.com\/tunisie\/#\/schema\/person\/d71f33a9ca44f7bad4698210b480c8e9\"},\"headline\":\"Etude sur les difficult\u00e9s du secteur de la parfumerie et des cosm\u00e9tiques en Tunisie\",\"datePublished\":\"2019-06-11T18:03:51+00:00\",\"dateModified\":\"2019-06-11T18:03:55+00:00\",\"mainEntityOfPage\":{\"@id\":\"https:\/\/kapitalis.com\/tunisie\/2019\/06\/11\/etude-sur-les-difficultes-du-secteur-de-la-parfumerie-et-des-cosmetiques-en-tunisie\/\"},\"wordCount\":695,\"commentCount\":0,\"publisher\":{\"@id\":\"https:\/\/kapitalis.com\/tunisie\/#organization\"},\"image\":{\"@id\":\"https:\/\/kapitalis.com\/tunisie\/2019\/06\/11\/etude-sur-les-difficultes-du-secteur-de-la-parfumerie-et-des-cosmetiques-en-tunisie\/#primaryimage\"},\"thumbnailUrl\":\"\",\"keywords\":[\"cosm\u00e9tiques\",\"pression fiscale\",\"Utica\"],\"articleSection\":[\"ECONOMIE\",\"Tunisie\"],\"inLanguage\":\"fr-FR\",\"potentialAction\":[{\"@type\":\"CommentAction\",\"name\":\"Comment\",\"target\":[\"https:\/\/kapitalis.com\/tunisie\/2019\/06\/11\/etude-sur-les-difficultes-du-secteur-de-la-parfumerie-et-des-cosmetiques-en-tunisie\/#respond\"]}]},{\"@type\":\"WebPage\",\"@id\":\"https:\/\/kapitalis.com\/tunisie\/2019\/06\/11\/etude-sur-les-difficultes-du-secteur-de-la-parfumerie-et-des-cosmetiques-en-tunisie\/\",\"url\":\"https:\/\/kapitalis.com\/tunisie\/2019\/06\/11\/etude-sur-les-difficultes-du-secteur-de-la-parfumerie-et-des-cosmetiques-en-tunisie\/\",\"name\":\"Etude sur les difficult\u00e9s du secteur de la parfumerie et des cosm\u00e9tiques en Tunisie - Kapitalis\",\"isPartOf\":{\"@id\":\"https:\/\/kapitalis.com\/tunisie\/#website\"},\"primaryImageOfPage\":{\"@id\":\"https:\/\/kapitalis.com\/tunisie\/2019\/06\/11\/etude-sur-les-difficultes-du-secteur-de-la-parfumerie-et-des-cosmetiques-en-tunisie\/#primaryimage\"},\"image\":{\"@id\":\"https:\/\/kapitalis.com\/tunisie\/2019\/06\/11\/etude-sur-les-difficultes-du-secteur-de-la-parfumerie-et-des-cosmetiques-en-tunisie\/#primaryimage\"},\"thumbnailUrl\":\"\",\"datePublished\":\"2019-06-11T18:03:51+00:00\",\"dateModified\":\"2019-06-11T18:03:55+00:00\",\"breadcrumb\":{\"@id\":\"https:\/\/kapitalis.com\/tunisie\/2019\/06\/11\/etude-sur-les-difficultes-du-secteur-de-la-parfumerie-et-des-cosmetiques-en-tunisie\/#breadcrumb\"},\"inLanguage\":\"fr-FR\",\"potentialAction\":[{\"@type\":\"ReadAction\",\"target\":[\"https:\/\/kapitalis.com\/tunisie\/2019\/06\/11\/etude-sur-les-difficultes-du-secteur-de-la-parfumerie-et-des-cosmetiques-en-tunisie\/\"]}]},{\"@type\":\"ImageObject\",\"inLanguage\":\"fr-FR\",\"@id\":\"https:\/\/kapitalis.com\/tunisie\/2019\/06\/11\/etude-sur-les-difficultes-du-secteur-de-la-parfumerie-et-des-cosmetiques-en-tunisie\/#primaryimage\",\"url\":\"\",\"contentUrl\":\"\"},{\"@type\":\"BreadcrumbList\",\"@id\":\"https:\/\/kapitalis.com\/tunisie\/2019\/06\/11\/etude-sur-les-difficultes-du-secteur-de-la-parfumerie-et-des-cosmetiques-en-tunisie\/#breadcrumb\",\"itemListElement\":[{\"@type\":\"ListItem\",\"position\":1,\"name\":\"Accueil\",\"item\":\"https:\/\/kapitalis.com\/tunisie\/\"},{\"@type\":\"ListItem\",\"position\":2,\"name\":\"Etude sur les difficult\u00e9s du secteur de la parfumerie et des cosm\u00e9tiques en Tunisie\"}]},{\"@type\":\"WebSite\",\"@id\":\"https:\/\/kapitalis.com\/tunisie\/#website\",\"url\":\"https:\/\/kapitalis.com\/tunisie\/\",\"name\":\"Kapitalis\",\"description\":\"L&#039;actualit\u00e9 en Tunisie et dans le monde\",\"publisher\":{\"@id\":\"https:\/\/kapitalis.com\/tunisie\/#organization\"},\"potentialAction\":[{\"@type\":\"SearchAction\",\"target\":{\"@type\":\"EntryPoint\",\"urlTemplate\":\"https:\/\/kapitalis.com\/tunisie\/?s={search_term_string}\"},\"query-input\":{\"@type\":\"PropertyValueSpecification\",\"valueRequired\":true,\"valueName\":\"search_term_string\"}}],\"inLanguage\":\"fr-FR\"},{\"@type\":\"Organization\",\"@id\":\"https:\/\/kapitalis.com\/tunisie\/#organization\",\"name\":\"Kapitalis\",\"url\":\"https:\/\/kapitalis.com\/tunisie\/\",\"logo\":{\"@type\":\"ImageObject\",\"inLanguage\":\"fr-FR\",\"@id\":\"https:\/\/kapitalis.com\/tunisie\/#\/schema\/logo\/image\/\",\"url\":\"https:\/\/kapitalis.com\/tunisie\/wp-content\/uploads\/2022\/05\/Kapitalis-big-size.png\",\"contentUrl\":\"https:\/\/kapitalis.com\/tunisie\/wp-content\/uploads\/2022\/05\/Kapitalis-big-size.png\",\"width\":5000,\"height\":1500,\"caption\":\"Kapitalis\"},\"image\":{\"@id\":\"https:\/\/kapitalis.com\/tunisie\/#\/schema\/logo\/image\/\"},\"sameAs\":[\"https:\/\/www.facebook.com\/KapitalisInfo\/\",\"https:\/\/x.com\/KapitalisInfo\",\"https:\/\/www.youtube.com\/channel\/UC-yDYrHyfFBWWZaOw3FPg9Q\"]},{\"@type\":\"Person\",\"@id\":\"https:\/\/kapitalis.com\/tunisie\/#\/schema\/person\/d71f33a9ca44f7bad4698210b480c8e9\",\"name\":\"webmaster kapitalis\",\"url\":\"https:\/\/kapitalis.com\/tunisie\/author\/webmaster-kapitalis\/\"}]}<\/script>\n<!-- \/ Yoast SEO plugin. -->","yoast_head_json":{"title":"Etude sur les difficult\u00e9s du secteur de la parfumerie et des cosm\u00e9tiques en Tunisie - Kapitalis","robots":{"index":"index","follow":"follow","max-snippet":"max-snippet:-1","max-image-preview":"max-image-preview:large","max-video-preview":"max-video-preview:-1"},"canonical":"https:\/\/kapitalis.com\/tunisie\/2019\/06\/11\/etude-sur-les-difficultes-du-secteur-de-la-parfumerie-et-des-cosmetiques-en-tunisie\/","og_locale":"fr_FR","og_type":"article","og_title":"Etude sur les difficult\u00e9s du secteur de la parfumerie et des cosm\u00e9tiques en Tunisie - Kapitalis","og_description":"Le secteur de la parfumerie et des cosm\u00e9tiques en Tunisie se caract\u00e9rise par des difficult\u00e9s dues \u00e0 une pression fiscale chaque ann\u00e9e plus importante, \u00e0 la multiplication des barri\u00e8res non-tarifaires et le d\u00e9veloppement du march\u00e9 informel, qui handicapent son \u00e9volution.","og_url":"https:\/\/kapitalis.com\/tunisie\/2019\/06\/11\/etude-sur-les-difficultes-du-secteur-de-la-parfumerie-et-des-cosmetiques-en-tunisie\/","og_site_name":"Kapitalis","article_publisher":"https:\/\/www.facebook.com\/KapitalisInfo\/","article_published_time":"2019-06-11T18:03:51+00:00","article_modified_time":"2019-06-11T18:03:55+00:00","og_image":[{"width":1200,"height":630,"url":"https:\/\/kapitalis.com\/tunisie\/wp-content\/uploads\/2022\/05\/kapitalis-logo-fb.png","type":"image\/png"}],"author":"webmaster kapitalis","twitter_card":"summary_large_image","twitter_creator":"@KapitalisInfo","twitter_site":"@KapitalisInfo","twitter_misc":{"\u00c9crit par":"webmaster kapitalis","Dur\u00e9e de lecture estim\u00e9e":"3 minutes"},"schema":{"@context":"https:\/\/schema.org","@graph":[{"@type":"Article","@id":"https:\/\/kapitalis.com\/tunisie\/2019\/06\/11\/etude-sur-les-difficultes-du-secteur-de-la-parfumerie-et-des-cosmetiques-en-tunisie\/#article","isPartOf":{"@id":"https:\/\/kapitalis.com\/tunisie\/2019\/06\/11\/etude-sur-les-difficultes-du-secteur-de-la-parfumerie-et-des-cosmetiques-en-tunisie\/"},"author":{"name":"webmaster kapitalis","@id":"https:\/\/kapitalis.com\/tunisie\/#\/schema\/person\/d71f33a9ca44f7bad4698210b480c8e9"},"headline":"Etude sur les difficult\u00e9s du secteur de la parfumerie et des cosm\u00e9tiques en Tunisie","datePublished":"2019-06-11T18:03:51+00:00","dateModified":"2019-06-11T18:03:55+00:00","mainEntityOfPage":{"@id":"https:\/\/kapitalis.com\/tunisie\/2019\/06\/11\/etude-sur-les-difficultes-du-secteur-de-la-parfumerie-et-des-cosmetiques-en-tunisie\/"},"wordCount":695,"commentCount":0,"publisher":{"@id":"https:\/\/kapitalis.com\/tunisie\/#organization"},"image":{"@id":"https:\/\/kapitalis.com\/tunisie\/2019\/06\/11\/etude-sur-les-difficultes-du-secteur-de-la-parfumerie-et-des-cosmetiques-en-tunisie\/#primaryimage"},"thumbnailUrl":"","keywords":["cosm\u00e9tiques","pression fiscale","Utica"],"articleSection":["ECONOMIE","Tunisie"],"inLanguage":"fr-FR","potentialAction":[{"@type":"CommentAction","name":"Comment","target":["https:\/\/kapitalis.com\/tunisie\/2019\/06\/11\/etude-sur-les-difficultes-du-secteur-de-la-parfumerie-et-des-cosmetiques-en-tunisie\/#respond"]}]},{"@type":"WebPage","@id":"https:\/\/kapitalis.com\/tunisie\/2019\/06\/11\/etude-sur-les-difficultes-du-secteur-de-la-parfumerie-et-des-cosmetiques-en-tunisie\/","url":"https:\/\/kapitalis.com\/tunisie\/2019\/06\/11\/etude-sur-les-difficultes-du-secteur-de-la-parfumerie-et-des-cosmetiques-en-tunisie\/","name":"Etude sur les difficult\u00e9s du secteur de la parfumerie et des cosm\u00e9tiques en Tunisie - Kapitalis","isPartOf":{"@id":"https:\/\/kapitalis.com\/tunisie\/#website"},"primaryImageOfPage":{"@id":"https:\/\/kapitalis.com\/tunisie\/2019\/06\/11\/etude-sur-les-difficultes-du-secteur-de-la-parfumerie-et-des-cosmetiques-en-tunisie\/#primaryimage"},"image":{"@id":"https:\/\/kapitalis.com\/tunisie\/2019\/06\/11\/etude-sur-les-difficultes-du-secteur-de-la-parfumerie-et-des-cosmetiques-en-tunisie\/#primaryimage"},"thumbnailUrl":"","datePublished":"2019-06-11T18:03:51+00:00","dateModified":"2019-06-11T18:03:55+00:00","breadcrumb":{"@id":"https:\/\/kapitalis.com\/tunisie\/2019\/06\/11\/etude-sur-les-difficultes-du-secteur-de-la-parfumerie-et-des-cosmetiques-en-tunisie\/#breadcrumb"},"inLanguage":"fr-FR","potentialAction":[{"@type":"ReadAction","target":["https:\/\/kapitalis.com\/tunisie\/2019\/06\/11\/etude-sur-les-difficultes-du-secteur-de-la-parfumerie-et-des-cosmetiques-en-tunisie\/"]}]},{"@type":"ImageObject","inLanguage":"fr-FR","@id":"https:\/\/kapitalis.com\/tunisie\/2019\/06\/11\/etude-sur-les-difficultes-du-secteur-de-la-parfumerie-et-des-cosmetiques-en-tunisie\/#primaryimage","url":"","contentUrl":""},{"@type":"BreadcrumbList","@id":"https:\/\/kapitalis.com\/tunisie\/2019\/06\/11\/etude-sur-les-difficultes-du-secteur-de-la-parfumerie-et-des-cosmetiques-en-tunisie\/#breadcrumb","itemListElement":[{"@type":"ListItem","position":1,"name":"Accueil","item":"https:\/\/kapitalis.com\/tunisie\/"},{"@type":"ListItem","position":2,"name":"Etude sur les difficult\u00e9s du secteur de la parfumerie et des cosm\u00e9tiques en Tunisie"}]},{"@type":"WebSite","@id":"https:\/\/kapitalis.com\/tunisie\/#website","url":"https:\/\/kapitalis.com\/tunisie\/","name":"Kapitalis","description":"L&#039;actualit\u00e9 en Tunisie et dans le monde","publisher":{"@id":"https:\/\/kapitalis.com\/tunisie\/#organization"},"potentialAction":[{"@type":"SearchAction","target":{"@type":"EntryPoint","urlTemplate":"https:\/\/kapitalis.com\/tunisie\/?s={search_term_string}"},"query-input":{"@type":"PropertyValueSpecification","valueRequired":true,"valueName":"search_term_string"}}],"inLanguage":"fr-FR"},{"@type":"Organization","@id":"https:\/\/kapitalis.com\/tunisie\/#organization","name":"Kapitalis","url":"https:\/\/kapitalis.com\/tunisie\/","logo":{"@type":"ImageObject","inLanguage":"fr-FR","@id":"https:\/\/kapitalis.com\/tunisie\/#\/schema\/logo\/image\/","url":"https:\/\/kapitalis.com\/tunisie\/wp-content\/uploads\/2022\/05\/Kapitalis-big-size.png","contentUrl":"https:\/\/kapitalis.com\/tunisie\/wp-content\/uploads\/2022\/05\/Kapitalis-big-size.png","width":5000,"height":1500,"caption":"Kapitalis"},"image":{"@id":"https:\/\/kapitalis.com\/tunisie\/#\/schema\/logo\/image\/"},"sameAs":["https:\/\/www.facebook.com\/KapitalisInfo\/","https:\/\/x.com\/KapitalisInfo","https:\/\/www.youtube.com\/channel\/UC-yDYrHyfFBWWZaOw3FPg9Q"]},{"@type":"Person","@id":"https:\/\/kapitalis.com\/tunisie\/#\/schema\/person\/d71f33a9ca44f7bad4698210b480c8e9","name":"webmaster kapitalis","url":"https:\/\/kapitalis.com\/tunisie\/author\/webmaster-kapitalis\/"}]}},"_links":{"self":[{"href":"https:\/\/kapitalis.com\/tunisie\/wp-json\/wp\/v2\/posts\/217570","targetHints":{"allow":["GET"]}}],"collection":[{"href":"https:\/\/kapitalis.com\/tunisie\/wp-json\/wp\/v2\/posts"}],"about":[{"href":"https:\/\/kapitalis.com\/tunisie\/wp-json\/wp\/v2\/types\/post"}],"author":[{"embeddable":true,"href":"https:\/\/kapitalis.com\/tunisie\/wp-json\/wp\/v2\/users\/8"}],"replies":[{"embeddable":true,"href":"https:\/\/kapitalis.com\/tunisie\/wp-json\/wp\/v2\/comments?post=217570"}],"version-history":[{"count":0,"href":"https:\/\/kapitalis.com\/tunisie\/wp-json\/wp\/v2\/posts\/217570\/revisions"}],"wp:featuredmedia":[{"embeddable":true,"href":"https:\/\/kapitalis.com\/tunisie\/wp-json\/wp\/v2\/media\/217571"}],"wp:attachment":[{"href":"https:\/\/kapitalis.com\/tunisie\/wp-json\/wp\/v2\/media?parent=217570"}],"wp:term":[{"taxonomy":"category","embeddable":true,"href":"https:\/\/kapitalis.com\/tunisie\/wp-json\/wp\/v2\/categories?post=217570"},{"taxonomy":"post_tag","embeddable":true,"href":"https:\/\/kapitalis.com\/tunisie\/wp-json\/wp\/v2\/tags?post=217570"}],"curies":[{"name":"wp","href":"https:\/\/api.w.org\/{rel}","templated":true}]}}