{"id":217609,"date":"2019-06-12T10:00:31","date_gmt":"2019-06-12T09:00:31","guid":{"rendered":"http:\/\/kapitalis.com\/tunisie\/?p=217609"},"modified":"2019-06-12T10:00:35","modified_gmt":"2019-06-12T09:00:35","slug":"tunisie-poursuite-de-laugmentation-du-deficit-commercial-exterieur-5-mois-2019","status":"publish","type":"post","link":"https:\/\/kapitalis.com\/tunisie\/2019\/06\/12\/tunisie-poursuite-de-laugmentation-du-deficit-commercial-exterieur-5-mois-2019\/","title":{"rendered":"Tunisie : Poursuite de l\u2019augmentation du d\u00e9ficit commercial ext\u00e9rieur (5 mois 2019)"},"content":{"rendered":"\n<figure class=\"wp-block-image\"><img decoding=\"async\" src=\"http:\/\/kapitalis.com\/tunisie\/wp-content\/uploads\/2017\/02\/Exportations.jpg\" alt=\"\" class=\"wp-image-83445\"\/><\/figure>\n\n\n\n<p><b><i>Les r\u00e9sultats des \u00e9changes commerciaux de la Tunisie avec l\u2019ext\u00e9rieur aux prix courants durant les 5 premiers mois de 2019 font ressortir une poursuite de la hausse du d\u00e9ficit commercial et de la baisse du taux de couverture des importations par les exportations. <\/i><\/b><br><\/p>\n\n\n\n<!--more-->\n\n\n\n<p> Les r\u00e9sultats des \u00e9changes commerciaux de la Tunisie avec l\u2019ext\u00e9rieur aux prix courants durant les 5 premiers mois de 2019 montrent que les exportations ont augment\u00e9 de 15,1% (+27,5% durant la m\u00eame p\u00e9riode de l\u2019ann\u00e9e 2018). Les exportations ont atteint le niveau de 19.590,2 millions de dinars tunisiens (MDT) contre 17.016,4 MDT durant les 5 mois de 2018. <br><\/p>\n\n\n\n<p> De m\u00eame, les importations ont enregistr\u00e9 une hausse de 17,2% (+19,2% durant la m\u00eame p\u00e9riode de l\u2019ann\u00e9e 2018), atteignant ainsi la valeur de 27.696,2 MDT contre 23.640,9 MDT durant les 5 mois de 2018. <br><\/p>\n\n\n\n<p> Suite \u00e0 cette \u00e9volution au niveau des exportations (+15,1%) et des importations (+17,2%), le d\u00e9ficit s\u2019est \u00e9tabli \u00e0 un niveau de 8.106 MDT contre 6.624,5 MDT durant les 5 mois de 2018. <br><\/p>\n\n\n\n<p> Le taux de couverture a enregistr\u00e9 une baisse de 1,3 point par rapport aux 5 mois de 2018 pour s\u2019\u00e9tablir \u00e0 70,7% contre 72%. <br><\/p>\n\n\n\n<h3 class=\"wp-block-heading\"> R\u00e9partition du commerce ext\u00e9rieur selon le r\u00e9gime<br><\/h3>\n\n\n\n<p> La r\u00e9partition des \u00e9changes par r\u00e9gime montre une hausse des exportations sous le r\u00e9gime offshore de 19,6% contre +21,3% durant la m\u00eame p\u00e9riode de 2018.<br><\/p>\n\n\n\n<p> Sous le m\u00eame r\u00e9gime les importations augmentent de 15,3% contre +26,4% durant la m\u00eame p\u00e9riode de 2018.  <br><\/p>\n\n\n\n<p> Sous le r\u00e9gime g\u00e9n\u00e9ral, les exportations ont augment\u00e9 de 3,9% contre une hausse de 46,3% durant la m\u00eame p\u00e9riode de 2018.<br><\/p>\n\n\n\n<p> De m\u00eame, les importations ont-elles augment\u00e9 de 18,1% contre une hausse de 15,9 % durant la m\u00eame p\u00e9riode de  2018.<br><\/p>\n\n\n\n<p> L\u2019augmentation observ\u00e9e au niveau de  l\u2019exportation (+15,1%) durant les cinq mois de l\u2019ann\u00e9e 2019 concerne la majorit\u00e9 des secteurs. En effet, des accroissements ont \u00e9t\u00e9 enregistr\u00e9es dans le secteur des mines, phosphates et d\u00e9riv\u00e9s (+44,2%), dans ceux des industries m\u00e9caniques et \u00e9lectriques (+21,7%), du textile, habillement et cuirs (+ 14,4%), de l\u2019\u00e9nergie (+13,3%), et des autres industries manufacturi\u00e8res (+26,3%).<br><\/p>\n\n\n\n<p> En revanche, le secteur de l\u2019agriculture et des industries agro-alimentaires a enregistr\u00e9 une baisse de 13,7%, suite \u00e0 la diminution des ventes d\u2019huiles d\u2019olives (687,3 MDT contre 1.216,2 MDT).<br><\/p>\n\n\n\n<p> L\u2019augmentation des importations de 17,2% est due \u00e0 la hausse observ\u00e9e au niveau de tous les secteurs, notamment des produits \u00e9nerg\u00e9tiques (+39,9%) sous l\u2019effet de la hausse des achats des produits raffin\u00e9s (2.621,5MDT contre 2.205,7 MDT) et de gaz naturel (1.606,5 MDT contre 735,2 MDT). <br><\/p>\n\n\n\n<p> De m\u00eame les importations ont augment\u00e9 de 34,8% pour les mines, phosphates et d\u00e9riv\u00e9s, de 20,4% pour les produits agricoles et alimentaires de base, de 20,3% pour les biens d\u2019\u00e9quipement et de 9,2% pour les mati\u00e8res premi\u00e8res et demi produits.  <br><\/p>\n\n\n\n<h3 class=\"wp-block-heading\"> R\u00e9partition g\u00e9ographique des exportations et des importations<br><\/h3>\n\n\n\n<p> Les exportations tunisiennes vers l\u2019Union europ\u00e9enne (74,3% du total) ont augment\u00e9 de 10,9%. Cette \u00e9volution est expliqu\u00e9e, d\u2019une part, par la hausse des exportations vers certains partenaires europ\u00e9ens, tels que l\u2019Allemagne (+26,9%), la France (+19,5%) et l\u2019Italie (+16,2%). <br><\/p>\n\n\n\n<p> Par ailleurs les ventes tunisiennes sont en diminution avec d\u2019autres pays europ\u00e9ens notamment avec l\u2019Espagne (- 17,7%) et le Portugal (-5,5%). <br><\/p>\n\n\n\n<p> Avec les pays arabes, les exportations ont augment\u00e9 avec la Libye de 54,7%, l\u2019Alg\u00e9rie de 17,7%, et le Maroc de 17,2%.  <br><\/p>\n\n\n\n<p> Pour les importations, les \u00e9changes commerciaux des biens avec l\u2019Union europ\u00e9enne (52,2% du total des importations) ont enregistr\u00e9 une hausse de 16,9% pour s\u2019\u00e9tablir \u00e0 14.453,1 MDT. Les importations ont augment\u00e9 de 17% avec l\u2019Italie et de 10,8% avec la France. <br><\/p>\n\n\n\n<h3 class=\"wp-block-heading\"> Aggravation du d\u00e9ficit commercial<br><\/h3>\n\n\n\n<p> Le solde de la balance commerciale est d\u00e9ficitaire de 8.106 MDT suite au d\u00e9ficit enregistr\u00e9 avec certains pays, tel que la Chine (-2.497,7 MDT), l\u2019Italie (-1.360,9 MDT), l\u2019Alg\u00e9rie (-1.348,3 MDT), la Turquie (-1.156,2MDT) et la Russie (-700 MDT). <br><\/p>\n\n\n\n<p> En revanche, le solde de la balance commerciale a enregistr\u00e9 un exc\u00e9dant avec d\u2019autres pays principalement la France de 2.095 MDT, la Libye de 577 MDT et le Maroc de 243,7 MDT. <br><\/p>\n\n\n\n<p> Selon le r\u00e9gime, les \u00e9changes commerciaux sont d\u00e9ficitaires sous le r\u00e9gime g\u00e9n\u00e9ral de 13.502,7 MDT (-1.0851 MDT durant la m\u00eame p\u00e9riode de l\u2019ann\u00e9e 2018). En revanche, ils sont exc\u00e9dentaires sous le r\u00e9gime offshore de 5.396,7 MDT (+4226,5 MDT durant la m\u00eame p\u00e9riode de l\u2019ann\u00e9e 2018).<br><\/p>\n\n\n\n<p> Hors \u00e9nergie, le d\u00e9ficit de la balance commerciale se r\u00e9duit \u00e0 4.973,4 MD. Le d\u00e9ficit de la balance \u00e9nerg\u00e9tique s\u2019\u00e9tablit \u00e0 3.132,6 MDT (38,6% du d\u00e9ficit total) contre 2.054 MDT durant la m\u00eame p\u00e9riode en 2018.<br><\/p>\n\n\n\n<p><strong><em> Source<\/em><\/strong> : Institut national de la statistique. <\/p>\n","protected":false},"excerpt":{"rendered":"<p>Les r\u00e9sultats des \u00e9changes commerciaux de la Tunisie avec l\u2019ext\u00e9rieur aux prix courants durant les 5 premiers mois de 2019 font ressortir une poursuite de la hausse du d\u00e9ficit commercial et de la baisse du taux de couverture des importations par les exportations.<\/p>\n","protected":false},"author":8,"featured_media":0,"comment_status":"open","ping_status":"open","sticky":false,"template":"","format":"standard","meta":{"footnotes":""},"categories":[995,2433],"tags":[3390,1874,365,469],"class_list":["post-217609","post","type-post","status-publish","format-standard","hentry","category-economie","category-tunisie","tag-balance-commerciale","tag-deficit-commercial","tag-exportations","tag-importations"],"yoast_head":"<!-- This site is optimized with the Yoast SEO plugin v26.6 - https:\/\/yoast.com\/wordpress\/plugins\/seo\/ -->\n<title>Tunisie : Poursuite de l\u2019augmentation du d\u00e9ficit commercial ext\u00e9rieur (5 mois 2019) - Kapitalis<\/title>\n<meta name=\"robots\" content=\"index, follow, max-snippet:-1, max-image-preview:large, max-video-preview:-1\" \/>\n<link rel=\"canonical\" href=\"https:\/\/kapitalis.com\/tunisie\/2019\/06\/12\/tunisie-poursuite-de-laugmentation-du-deficit-commercial-exterieur-5-mois-2019\/\" \/>\n<meta property=\"og:locale\" content=\"fr_FR\" \/>\n<meta property=\"og:type\" content=\"article\" \/>\n<meta property=\"og:title\" content=\"Tunisie : Poursuite de l\u2019augmentation du d\u00e9ficit commercial ext\u00e9rieur (5 mois 2019) - Kapitalis\" \/>\n<meta property=\"og:description\" content=\"Les r\u00e9sultats des \u00e9changes commerciaux de la Tunisie avec l\u2019ext\u00e9rieur aux prix courants durant les 5 premiers mois de 2019 font ressortir une poursuite de la hausse du d\u00e9ficit commercial et de la baisse du taux de couverture des importations par les exportations.\" \/>\n<meta property=\"og:url\" content=\"https:\/\/kapitalis.com\/tunisie\/2019\/06\/12\/tunisie-poursuite-de-laugmentation-du-deficit-commercial-exterieur-5-mois-2019\/\" \/>\n<meta property=\"og:site_name\" content=\"Kapitalis\" \/>\n<meta property=\"article:publisher\" content=\"https:\/\/www.facebook.com\/KapitalisInfo\/\" \/>\n<meta property=\"article:published_time\" content=\"2019-06-12T09:00:31+00:00\" \/>\n<meta property=\"article:modified_time\" content=\"2019-06-12T09:00:35+00:00\" \/>\n<meta property=\"og:image\" content=\"http:\/\/kapitalis.com\/tunisie\/wp-content\/uploads\/2017\/02\/Exportations.jpg\" \/>\n<meta name=\"author\" content=\"webmaster kapitalis\" \/>\n<meta name=\"twitter:card\" content=\"summary_large_image\" \/>\n<meta name=\"twitter:creator\" content=\"@KapitalisInfo\" \/>\n<meta name=\"twitter:site\" content=\"@KapitalisInfo\" \/>\n<meta name=\"twitter:label1\" content=\"\u00c9crit par\" \/>\n\t<meta name=\"twitter:data1\" content=\"webmaster kapitalis\" \/>\n\t<meta name=\"twitter:label2\" content=\"Dur\u00e9e de lecture estim\u00e9e\" \/>\n\t<meta name=\"twitter:data2\" content=\"4 minutes\" \/>\n<script type=\"application\/ld+json\" class=\"yoast-schema-graph\">{\"@context\":\"https:\/\/schema.org\",\"@graph\":[{\"@type\":\"Article\",\"@id\":\"https:\/\/kapitalis.com\/tunisie\/2019\/06\/12\/tunisie-poursuite-de-laugmentation-du-deficit-commercial-exterieur-5-mois-2019\/#article\",\"isPartOf\":{\"@id\":\"https:\/\/kapitalis.com\/tunisie\/2019\/06\/12\/tunisie-poursuite-de-laugmentation-du-deficit-commercial-exterieur-5-mois-2019\/\"},\"author\":{\"name\":\"webmaster kapitalis\",\"@id\":\"https:\/\/kapitalis.com\/tunisie\/#\/schema\/person\/d71f33a9ca44f7bad4698210b480c8e9\"},\"headline\":\"Tunisie : Poursuite de l\u2019augmentation du d\u00e9ficit commercial ext\u00e9rieur (5 mois 2019)\",\"datePublished\":\"2019-06-12T09:00:31+00:00\",\"dateModified\":\"2019-06-12T09:00:35+00:00\",\"mainEntityOfPage\":{\"@id\":\"https:\/\/kapitalis.com\/tunisie\/2019\/06\/12\/tunisie-poursuite-de-laugmentation-du-deficit-commercial-exterieur-5-mois-2019\/\"},\"wordCount\":771,\"commentCount\":0,\"publisher\":{\"@id\":\"https:\/\/kapitalis.com\/tunisie\/#organization\"},\"image\":{\"@id\":\"https:\/\/kapitalis.com\/tunisie\/2019\/06\/12\/tunisie-poursuite-de-laugmentation-du-deficit-commercial-exterieur-5-mois-2019\/#primaryimage\"},\"thumbnailUrl\":\"http:\/\/kapitalis.com\/tunisie\/wp-content\/uploads\/2017\/02\/Exportations.jpg\",\"keywords\":[\"balance commerciale\",\"d\u00e9ficit commercial\",\"exportations\",\"importations\"],\"articleSection\":[\"ECONOMIE\",\"Tunisie\"],\"inLanguage\":\"fr-FR\",\"potentialAction\":[{\"@type\":\"CommentAction\",\"name\":\"Comment\",\"target\":[\"https:\/\/kapitalis.com\/tunisie\/2019\/06\/12\/tunisie-poursuite-de-laugmentation-du-deficit-commercial-exterieur-5-mois-2019\/#respond\"]}]},{\"@type\":\"WebPage\",\"@id\":\"https:\/\/kapitalis.com\/tunisie\/2019\/06\/12\/tunisie-poursuite-de-laugmentation-du-deficit-commercial-exterieur-5-mois-2019\/\",\"url\":\"https:\/\/kapitalis.com\/tunisie\/2019\/06\/12\/tunisie-poursuite-de-laugmentation-du-deficit-commercial-exterieur-5-mois-2019\/\",\"name\":\"Tunisie : Poursuite de l\u2019augmentation du d\u00e9ficit commercial ext\u00e9rieur (5 mois 2019) - Kapitalis\",\"isPartOf\":{\"@id\":\"https:\/\/kapitalis.com\/tunisie\/#website\"},\"primaryImageOfPage\":{\"@id\":\"https:\/\/kapitalis.com\/tunisie\/2019\/06\/12\/tunisie-poursuite-de-laugmentation-du-deficit-commercial-exterieur-5-mois-2019\/#primaryimage\"},\"image\":{\"@id\":\"https:\/\/kapitalis.com\/tunisie\/2019\/06\/12\/tunisie-poursuite-de-laugmentation-du-deficit-commercial-exterieur-5-mois-2019\/#primaryimage\"},\"thumbnailUrl\":\"http:\/\/kapitalis.com\/tunisie\/wp-content\/uploads\/2017\/02\/Exportations.jpg\",\"datePublished\":\"2019-06-12T09:00:31+00:00\",\"dateModified\":\"2019-06-12T09:00:35+00:00\",\"breadcrumb\":{\"@id\":\"https:\/\/kapitalis.com\/tunisie\/2019\/06\/12\/tunisie-poursuite-de-laugmentation-du-deficit-commercial-exterieur-5-mois-2019\/#breadcrumb\"},\"inLanguage\":\"fr-FR\",\"potentialAction\":[{\"@type\":\"ReadAction\",\"target\":[\"https:\/\/kapitalis.com\/tunisie\/2019\/06\/12\/tunisie-poursuite-de-laugmentation-du-deficit-commercial-exterieur-5-mois-2019\/\"]}]},{\"@type\":\"ImageObject\",\"inLanguage\":\"fr-FR\",\"@id\":\"https:\/\/kapitalis.com\/tunisie\/2019\/06\/12\/tunisie-poursuite-de-laugmentation-du-deficit-commercial-exterieur-5-mois-2019\/#primaryimage\",\"url\":\"http:\/\/kapitalis.com\/tunisie\/wp-content\/uploads\/2017\/02\/Exportations.jpg\",\"contentUrl\":\"http:\/\/kapitalis.com\/tunisie\/wp-content\/uploads\/2017\/02\/Exportations.jpg\"},{\"@type\":\"BreadcrumbList\",\"@id\":\"https:\/\/kapitalis.com\/tunisie\/2019\/06\/12\/tunisie-poursuite-de-laugmentation-du-deficit-commercial-exterieur-5-mois-2019\/#breadcrumb\",\"itemListElement\":[{\"@type\":\"ListItem\",\"position\":1,\"name\":\"Accueil\",\"item\":\"https:\/\/kapitalis.com\/tunisie\/\"},{\"@type\":\"ListItem\",\"position\":2,\"name\":\"Tunisie : Poursuite de l\u2019augmentation du d\u00e9ficit commercial ext\u00e9rieur (5 mois 2019)\"}]},{\"@type\":\"WebSite\",\"@id\":\"https:\/\/kapitalis.com\/tunisie\/#website\",\"url\":\"https:\/\/kapitalis.com\/tunisie\/\",\"name\":\"Kapitalis\",\"description\":\"L&#039;actualit\u00e9 en Tunisie et dans le monde\",\"publisher\":{\"@id\":\"https:\/\/kapitalis.com\/tunisie\/#organization\"},\"potentialAction\":[{\"@type\":\"SearchAction\",\"target\":{\"@type\":\"EntryPoint\",\"urlTemplate\":\"https:\/\/kapitalis.com\/tunisie\/?s={search_term_string}\"},\"query-input\":{\"@type\":\"PropertyValueSpecification\",\"valueRequired\":true,\"valueName\":\"search_term_string\"}}],\"inLanguage\":\"fr-FR\"},{\"@type\":\"Organization\",\"@id\":\"https:\/\/kapitalis.com\/tunisie\/#organization\",\"name\":\"Kapitalis\",\"url\":\"https:\/\/kapitalis.com\/tunisie\/\",\"logo\":{\"@type\":\"ImageObject\",\"inLanguage\":\"fr-FR\",\"@id\":\"https:\/\/kapitalis.com\/tunisie\/#\/schema\/logo\/image\/\",\"url\":\"https:\/\/kapitalis.com\/tunisie\/wp-content\/uploads\/2022\/05\/Kapitalis-big-size.png\",\"contentUrl\":\"https:\/\/kapitalis.com\/tunisie\/wp-content\/uploads\/2022\/05\/Kapitalis-big-size.png\",\"width\":5000,\"height\":1500,\"caption\":\"Kapitalis\"},\"image\":{\"@id\":\"https:\/\/kapitalis.com\/tunisie\/#\/schema\/logo\/image\/\"},\"sameAs\":[\"https:\/\/www.facebook.com\/KapitalisInfo\/\",\"https:\/\/x.com\/KapitalisInfo\",\"https:\/\/www.youtube.com\/channel\/UC-yDYrHyfFBWWZaOw3FPg9Q\"]},{\"@type\":\"Person\",\"@id\":\"https:\/\/kapitalis.com\/tunisie\/#\/schema\/person\/d71f33a9ca44f7bad4698210b480c8e9\",\"name\":\"webmaster kapitalis\",\"url\":\"https:\/\/kapitalis.com\/tunisie\/author\/webmaster-kapitalis\/\"}]}<\/script>\n<!-- \/ Yoast SEO plugin. -->","yoast_head_json":{"title":"Tunisie : Poursuite de l\u2019augmentation du d\u00e9ficit commercial ext\u00e9rieur (5 mois 2019) - Kapitalis","robots":{"index":"index","follow":"follow","max-snippet":"max-snippet:-1","max-image-preview":"max-image-preview:large","max-video-preview":"max-video-preview:-1"},"canonical":"https:\/\/kapitalis.com\/tunisie\/2019\/06\/12\/tunisie-poursuite-de-laugmentation-du-deficit-commercial-exterieur-5-mois-2019\/","og_locale":"fr_FR","og_type":"article","og_title":"Tunisie : Poursuite de l\u2019augmentation du d\u00e9ficit commercial ext\u00e9rieur (5 mois 2019) - Kapitalis","og_description":"Les r\u00e9sultats des \u00e9changes commerciaux de la Tunisie avec l\u2019ext\u00e9rieur aux prix courants durant les 5 premiers mois de 2019 font ressortir une poursuite de la hausse du d\u00e9ficit commercial et de la baisse du taux de couverture des importations par les exportations.","og_url":"https:\/\/kapitalis.com\/tunisie\/2019\/06\/12\/tunisie-poursuite-de-laugmentation-du-deficit-commercial-exterieur-5-mois-2019\/","og_site_name":"Kapitalis","article_publisher":"https:\/\/www.facebook.com\/KapitalisInfo\/","article_published_time":"2019-06-12T09:00:31+00:00","article_modified_time":"2019-06-12T09:00:35+00:00","og_image":[{"url":"http:\/\/kapitalis.com\/tunisie\/wp-content\/uploads\/2017\/02\/Exportations.jpg","type":"","width":"","height":""}],"author":"webmaster kapitalis","twitter_card":"summary_large_image","twitter_creator":"@KapitalisInfo","twitter_site":"@KapitalisInfo","twitter_misc":{"\u00c9crit par":"webmaster kapitalis","Dur\u00e9e de lecture estim\u00e9e":"4 minutes"},"schema":{"@context":"https:\/\/schema.org","@graph":[{"@type":"Article","@id":"https:\/\/kapitalis.com\/tunisie\/2019\/06\/12\/tunisie-poursuite-de-laugmentation-du-deficit-commercial-exterieur-5-mois-2019\/#article","isPartOf":{"@id":"https:\/\/kapitalis.com\/tunisie\/2019\/06\/12\/tunisie-poursuite-de-laugmentation-du-deficit-commercial-exterieur-5-mois-2019\/"},"author":{"name":"webmaster kapitalis","@id":"https:\/\/kapitalis.com\/tunisie\/#\/schema\/person\/d71f33a9ca44f7bad4698210b480c8e9"},"headline":"Tunisie : Poursuite de l\u2019augmentation du d\u00e9ficit commercial ext\u00e9rieur (5 mois 2019)","datePublished":"2019-06-12T09:00:31+00:00","dateModified":"2019-06-12T09:00:35+00:00","mainEntityOfPage":{"@id":"https:\/\/kapitalis.com\/tunisie\/2019\/06\/12\/tunisie-poursuite-de-laugmentation-du-deficit-commercial-exterieur-5-mois-2019\/"},"wordCount":771,"commentCount":0,"publisher":{"@id":"https:\/\/kapitalis.com\/tunisie\/#organization"},"image":{"@id":"https:\/\/kapitalis.com\/tunisie\/2019\/06\/12\/tunisie-poursuite-de-laugmentation-du-deficit-commercial-exterieur-5-mois-2019\/#primaryimage"},"thumbnailUrl":"http:\/\/kapitalis.com\/tunisie\/wp-content\/uploads\/2017\/02\/Exportations.jpg","keywords":["balance commerciale","d\u00e9ficit commercial","exportations","importations"],"articleSection":["ECONOMIE","Tunisie"],"inLanguage":"fr-FR","potentialAction":[{"@type":"CommentAction","name":"Comment","target":["https:\/\/kapitalis.com\/tunisie\/2019\/06\/12\/tunisie-poursuite-de-laugmentation-du-deficit-commercial-exterieur-5-mois-2019\/#respond"]}]},{"@type":"WebPage","@id":"https:\/\/kapitalis.com\/tunisie\/2019\/06\/12\/tunisie-poursuite-de-laugmentation-du-deficit-commercial-exterieur-5-mois-2019\/","url":"https:\/\/kapitalis.com\/tunisie\/2019\/06\/12\/tunisie-poursuite-de-laugmentation-du-deficit-commercial-exterieur-5-mois-2019\/","name":"Tunisie : Poursuite de l\u2019augmentation du d\u00e9ficit commercial ext\u00e9rieur (5 mois 2019) - Kapitalis","isPartOf":{"@id":"https:\/\/kapitalis.com\/tunisie\/#website"},"primaryImageOfPage":{"@id":"https:\/\/kapitalis.com\/tunisie\/2019\/06\/12\/tunisie-poursuite-de-laugmentation-du-deficit-commercial-exterieur-5-mois-2019\/#primaryimage"},"image":{"@id":"https:\/\/kapitalis.com\/tunisie\/2019\/06\/12\/tunisie-poursuite-de-laugmentation-du-deficit-commercial-exterieur-5-mois-2019\/#primaryimage"},"thumbnailUrl":"http:\/\/kapitalis.com\/tunisie\/wp-content\/uploads\/2017\/02\/Exportations.jpg","datePublished":"2019-06-12T09:00:31+00:00","dateModified":"2019-06-12T09:00:35+00:00","breadcrumb":{"@id":"https:\/\/kapitalis.com\/tunisie\/2019\/06\/12\/tunisie-poursuite-de-laugmentation-du-deficit-commercial-exterieur-5-mois-2019\/#breadcrumb"},"inLanguage":"fr-FR","potentialAction":[{"@type":"ReadAction","target":["https:\/\/kapitalis.com\/tunisie\/2019\/06\/12\/tunisie-poursuite-de-laugmentation-du-deficit-commercial-exterieur-5-mois-2019\/"]}]},{"@type":"ImageObject","inLanguage":"fr-FR","@id":"https:\/\/kapitalis.com\/tunisie\/2019\/06\/12\/tunisie-poursuite-de-laugmentation-du-deficit-commercial-exterieur-5-mois-2019\/#primaryimage","url":"http:\/\/kapitalis.com\/tunisie\/wp-content\/uploads\/2017\/02\/Exportations.jpg","contentUrl":"http:\/\/kapitalis.com\/tunisie\/wp-content\/uploads\/2017\/02\/Exportations.jpg"},{"@type":"BreadcrumbList","@id":"https:\/\/kapitalis.com\/tunisie\/2019\/06\/12\/tunisie-poursuite-de-laugmentation-du-deficit-commercial-exterieur-5-mois-2019\/#breadcrumb","itemListElement":[{"@type":"ListItem","position":1,"name":"Accueil","item":"https:\/\/kapitalis.com\/tunisie\/"},{"@type":"ListItem","position":2,"name":"Tunisie : Poursuite de l\u2019augmentation du d\u00e9ficit commercial ext\u00e9rieur (5 mois 2019)"}]},{"@type":"WebSite","@id":"https:\/\/kapitalis.com\/tunisie\/#website","url":"https:\/\/kapitalis.com\/tunisie\/","name":"Kapitalis","description":"L&#039;actualit\u00e9 en Tunisie et dans le monde","publisher":{"@id":"https:\/\/kapitalis.com\/tunisie\/#organization"},"potentialAction":[{"@type":"SearchAction","target":{"@type":"EntryPoint","urlTemplate":"https:\/\/kapitalis.com\/tunisie\/?s={search_term_string}"},"query-input":{"@type":"PropertyValueSpecification","valueRequired":true,"valueName":"search_term_string"}}],"inLanguage":"fr-FR"},{"@type":"Organization","@id":"https:\/\/kapitalis.com\/tunisie\/#organization","name":"Kapitalis","url":"https:\/\/kapitalis.com\/tunisie\/","logo":{"@type":"ImageObject","inLanguage":"fr-FR","@id":"https:\/\/kapitalis.com\/tunisie\/#\/schema\/logo\/image\/","url":"https:\/\/kapitalis.com\/tunisie\/wp-content\/uploads\/2022\/05\/Kapitalis-big-size.png","contentUrl":"https:\/\/kapitalis.com\/tunisie\/wp-content\/uploads\/2022\/05\/Kapitalis-big-size.png","width":5000,"height":1500,"caption":"Kapitalis"},"image":{"@id":"https:\/\/kapitalis.com\/tunisie\/#\/schema\/logo\/image\/"},"sameAs":["https:\/\/www.facebook.com\/KapitalisInfo\/","https:\/\/x.com\/KapitalisInfo","https:\/\/www.youtube.com\/channel\/UC-yDYrHyfFBWWZaOw3FPg9Q"]},{"@type":"Person","@id":"https:\/\/kapitalis.com\/tunisie\/#\/schema\/person\/d71f33a9ca44f7bad4698210b480c8e9","name":"webmaster kapitalis","url":"https:\/\/kapitalis.com\/tunisie\/author\/webmaster-kapitalis\/"}]}},"_links":{"self":[{"href":"https:\/\/kapitalis.com\/tunisie\/wp-json\/wp\/v2\/posts\/217609","targetHints":{"allow":["GET"]}}],"collection":[{"href":"https:\/\/kapitalis.com\/tunisie\/wp-json\/wp\/v2\/posts"}],"about":[{"href":"https:\/\/kapitalis.com\/tunisie\/wp-json\/wp\/v2\/types\/post"}],"author":[{"embeddable":true,"href":"https:\/\/kapitalis.com\/tunisie\/wp-json\/wp\/v2\/users\/8"}],"replies":[{"embeddable":true,"href":"https:\/\/kapitalis.com\/tunisie\/wp-json\/wp\/v2\/comments?post=217609"}],"version-history":[{"count":0,"href":"https:\/\/kapitalis.com\/tunisie\/wp-json\/wp\/v2\/posts\/217609\/revisions"}],"wp:attachment":[{"href":"https:\/\/kapitalis.com\/tunisie\/wp-json\/wp\/v2\/media?parent=217609"}],"wp:term":[{"taxonomy":"category","embeddable":true,"href":"https:\/\/kapitalis.com\/tunisie\/wp-json\/wp\/v2\/categories?post=217609"},{"taxonomy":"post_tag","embeddable":true,"href":"https:\/\/kapitalis.com\/tunisie\/wp-json\/wp\/v2\/tags?post=217609"}],"curies":[{"name":"wp","href":"https:\/\/api.w.org\/{rel}","templated":true}]}}