{"id":217683,"date":"2019-06-12T14:35:16","date_gmt":"2019-06-12T13:35:16","guid":{"rendered":"http:\/\/kapitalis.com\/tunisie\/?p=217683"},"modified":"2019-06-12T15:16:36","modified_gmt":"2019-06-12T14:16:36","slug":"des-tunisiennes-craquent-pour-le-nouveau-omda-de-sidi-bouali-sami-larbi-devinez-pourquoi","status":"publish","type":"post","link":"https:\/\/kapitalis.com\/tunisie\/2019\/06\/12\/des-tunisiennes-craquent-pour-le-nouveau-omda-de-sidi-bouali-sami-larbi-devinez-pourquoi\/","title":{"rendered":"Des Tunisiennes \u00abcraquent\u00bb pour le nouveau \u00f4mda de Sidi Bouali, Sami Larbi, devinez pourquoi ?"},"content":{"rendered":"\n<figure class=\"wp-block-image\"><img decoding=\"async\" src=\"http:\/\/kapitalis.com\/tunisie\/wp-content\/uploads\/2019\/06\/Sami-Larbi-omda-Sidi-Bouali.jpg\" alt=\"\" class=\"wp-image-217687\"\/><\/figure>\n\n\n\n<p><strong><em>Sami Larbi a \u00e9t\u00e9 nomm\u00e9 hier, mardi 11 juin 2019, au poste de \u00f4mda (sous-d\u00e9l\u00e9gu\u00e9) de la localit\u00e9 de Sidi Bouali \u00e0 Sousse. Jeune et plut\u00f4t bel homme, Sami Larbi fait craquer beaucoup de Tunisiennes qui le font savoir, tapageusement, sur la toile\u2026<\/em><\/strong><\/p>\n\n\n\n<!--more-->\n\n\n\n<p>L\u2019allure sportive de ce prof d\u2019\u00e9ducation physique, ancien entra\u00eeneur de basketball de la Jeunesse sportive kairouanaise (JSK), \u00e2g\u00e9 de 32 ans, ne pouvait passer inaper\u00e7ue. L\u2019annonce de sa nomination, en succession \u00e0 Hammadi Tissaoui, a <em>\u00abaffol\u00e9\u00bb<\/em> les internautes de l&rsquo;autre sexe.<\/p>\n\n\n\n<p>Certaines annoncent, avec un humour coquin, leur prochain d\u00e9m\u00e9nagement \u00e0 Sidi Bouali, d\u2019autres lancent un appel pour l&rsquo;acquisition d&rsquo;un lot de terrain dans cette localit\u00e9 : \u00ab<em>Cherche S+2 \u00e0 Sidi Bouali, vue sur mer ou sur terre, peu importe<\/em>\u00bb, dit l&rsquo;une. \u00ab<em>Urgent, pour achat d\u2019un terrain \u00e0 Sidi Bouali, m\u00eame un m\u00b2, je suis preneuse<\/em>\u00bb, rench\u00e9rit une autre. \u00ab<em>Cet \u00e9t\u00e9, on va passer les vacances \u00e0 Sidi Bouali\u2026 On dit qu\u2019il y fait un temps superbe et que les plages sont magnifiques\u2026 puis peu importe s\u2019il n\u2019y a pas de plage, on doit absolument y aller\u00bb<\/em>, lit-on dans un autre commentaire, parmi les centaines, inspir\u00e9s par Sami Larbi, envahissant la toile, depuis hier soir.<\/p>\n\n\n\n<div class=\"wp-block-image\"><figure class=\"aligncenter is-resized\"><img loading=\"lazy\" decoding=\"async\" src=\"http:\/\/kapitalis.com\/tunisie\/wp-content\/uploads\/2019\/06\/Sidi-Bouali-Sami-Larbi.jpg\" alt=\"\" class=\"wp-image-217688\" width=\"500\" height=\"352\"\/><\/figure><\/div>\n\n\n\n<p>Les photos du nouveau \u00f4mda aux c\u00f4t\u00e9s de Rached Ghannouchi, chef d&rsquo;Ennahdha, ne sont pas suffisamment d\u00e9courageantes pour ces dames et demoiselles. Les plus hostiles au parti islamiste \u00e9cartent ce d\u00e9tail d&rsquo;un revers de la main en disant que ces photos sont \u00ab<em>fabriqu\u00e9es<\/em>\u00bb. L&rsquo;une d&rsquo;elle a trouv\u00e9 la l\u00e9gende la plus appropri\u00e9e : \u00ab<em>Le beau et la b\u00eate<\/em>\u00bb (merci pour M; Ghannouchi !)<\/p>\n\n\n\n<p>Sami Larbi, qui n&rsquo;a pas encore r\u00e9agi \u00e0 cette temp\u00eate d&rsquo;admiration, ne doit pas en \u00eatre tr\u00e8s surpris. Difficile de croire, en effet, qu&rsquo;il vient de d\u00e9couvrir l&rsquo;effet qu&rsquo;il a sur les femmes. De quoi lui donner des id\u00e9es, car il a davantage le physique d&rsquo;un acteur d&rsquo;une s\u00e9rie t\u00e9l\u00e9vis\u00e9e sign\u00e9e Sami Fehri que d&rsquo;un \u00f4mda rendant service aux habitants de sa localit\u00e9.  <\/p>\n\n\n\n<p style=\"text-align:right\"><strong>Y. N.<\/strong><\/p>\n","protected":false},"excerpt":{"rendered":"<p>Sami Larbi a \u00e9t\u00e9 nomm\u00e9 hier, mardi 11 juin 2019, au poste de \u00f4mda (sous-d\u00e9l\u00e9gu\u00e9) de la localit\u00e9 de Sidi Bouali \u00e0 Sousse. Jeune et plut\u00f4t bel homme, Sami Larbi fait craquer beaucoup de Tunisiennes qui le font savoir, tapageusement, sur la toile\u2026<\/p>\n","protected":false},"author":6,"featured_media":217687,"comment_status":"open","ping_status":"open","sticky":false,"template":"","format":"standard","meta":{"footnotes":""},"categories":[998,2433],"tags":[413,13881,854],"class_list":["post-217683","post","type-post","status-publish","format-standard","has-post-thumbnail","hentry","category-societe","category-tunisie","tag-ghannouchi","tag-jsk","tag-sousse"],"yoast_head":"<!-- This site is optimized with the Yoast SEO plugin v26.6 - https:\/\/yoast.com\/wordpress\/plugins\/seo\/ -->\n<title>Des Tunisiennes \u00abcraquent\u00bb pour le nouveau \u00f4mda de Sidi Bouali, Sami Larbi, devinez pourquoi ? - Kapitalis<\/title>\n<meta name=\"robots\" content=\"index, follow, max-snippet:-1, max-image-preview:large, max-video-preview:-1\" \/>\n<link rel=\"canonical\" href=\"https:\/\/kapitalis.com\/tunisie\/2019\/06\/12\/des-tunisiennes-craquent-pour-le-nouveau-omda-de-sidi-bouali-sami-larbi-devinez-pourquoi\/\" \/>\n<meta property=\"og:locale\" content=\"fr_FR\" \/>\n<meta property=\"og:type\" content=\"article\" \/>\n<meta property=\"og:title\" content=\"Des Tunisiennes \u00abcraquent\u00bb pour le nouveau \u00f4mda de Sidi Bouali, Sami Larbi, devinez pourquoi ? - Kapitalis\" \/>\n<meta property=\"og:description\" content=\"Sami Larbi a \u00e9t\u00e9 nomm\u00e9 hier, mardi 11 juin 2019, au poste de \u00f4mda (sous-d\u00e9l\u00e9gu\u00e9) de la localit\u00e9 de Sidi Bouali \u00e0 Sousse. Jeune et plut\u00f4t bel homme, Sami Larbi fait craquer beaucoup de Tunisiennes qui le font savoir, tapageusement, sur la toile\u2026\" \/>\n<meta property=\"og:url\" content=\"https:\/\/kapitalis.com\/tunisie\/2019\/06\/12\/des-tunisiennes-craquent-pour-le-nouveau-omda-de-sidi-bouali-sami-larbi-devinez-pourquoi\/\" \/>\n<meta property=\"og:site_name\" content=\"Kapitalis\" \/>\n<meta property=\"article:publisher\" content=\"https:\/\/www.facebook.com\/KapitalisInfo\/\" \/>\n<meta property=\"article:published_time\" content=\"2019-06-12T13:35:16+00:00\" \/>\n<meta property=\"article:modified_time\" content=\"2019-06-12T14:16:36+00:00\" \/>\n<meta property=\"og:image\" content=\"https:\/\/kapitalis.com\/tunisie\/wp-content\/uploads\/2022\/05\/kapitalis-logo-fb.png\" \/>\n\t<meta property=\"og:image:width\" content=\"1200\" \/>\n\t<meta property=\"og:image:height\" content=\"630\" \/>\n\t<meta property=\"og:image:type\" content=\"image\/png\" \/>\n<meta name=\"author\" content=\"Yusra NY\" \/>\n<meta name=\"twitter:card\" content=\"summary_large_image\" \/>\n<meta name=\"twitter:creator\" content=\"@KapitalisInfo\" \/>\n<meta name=\"twitter:site\" content=\"@KapitalisInfo\" \/>\n<meta name=\"twitter:label1\" content=\"\u00c9crit par\" \/>\n\t<meta name=\"twitter:data1\" content=\"Yusra NY\" \/>\n\t<meta name=\"twitter:label2\" content=\"Dur\u00e9e de lecture estim\u00e9e\" \/>\n\t<meta name=\"twitter:data2\" content=\"2 minutes\" \/>\n<script type=\"application\/ld+json\" class=\"yoast-schema-graph\">{\"@context\":\"https:\/\/schema.org\",\"@graph\":[{\"@type\":\"Article\",\"@id\":\"https:\/\/kapitalis.com\/tunisie\/2019\/06\/12\/des-tunisiennes-craquent-pour-le-nouveau-omda-de-sidi-bouali-sami-larbi-devinez-pourquoi\/#article\",\"isPartOf\":{\"@id\":\"https:\/\/kapitalis.com\/tunisie\/2019\/06\/12\/des-tunisiennes-craquent-pour-le-nouveau-omda-de-sidi-bouali-sami-larbi-devinez-pourquoi\/\"},\"author\":{\"name\":\"Yusra NY\",\"@id\":\"https:\/\/kapitalis.com\/tunisie\/#\/schema\/person\/74bbde0154d49d790a92aaeac5bc01d5\"},\"headline\":\"Des Tunisiennes \u00abcraquent\u00bb pour le nouveau \u00f4mda de Sidi Bouali, Sami Larbi, devinez pourquoi ?\",\"datePublished\":\"2019-06-12T13:35:16+00:00\",\"dateModified\":\"2019-06-12T14:16:36+00:00\",\"mainEntityOfPage\":{\"@id\":\"https:\/\/kapitalis.com\/tunisie\/2019\/06\/12\/des-tunisiennes-craquent-pour-le-nouveau-omda-de-sidi-bouali-sami-larbi-devinez-pourquoi\/\"},\"wordCount\":363,\"commentCount\":3,\"publisher\":{\"@id\":\"https:\/\/kapitalis.com\/tunisie\/#organization\"},\"image\":{\"@id\":\"https:\/\/kapitalis.com\/tunisie\/2019\/06\/12\/des-tunisiennes-craquent-pour-le-nouveau-omda-de-sidi-bouali-sami-larbi-devinez-pourquoi\/#primaryimage\"},\"thumbnailUrl\":\"\",\"keywords\":[\"ghannouchi\",\"JSK\",\"Sousse\"],\"articleSection\":[\"SOCIETE\",\"Tunisie\"],\"inLanguage\":\"fr-FR\",\"potentialAction\":[{\"@type\":\"CommentAction\",\"name\":\"Comment\",\"target\":[\"https:\/\/kapitalis.com\/tunisie\/2019\/06\/12\/des-tunisiennes-craquent-pour-le-nouveau-omda-de-sidi-bouali-sami-larbi-devinez-pourquoi\/#respond\"]}]},{\"@type\":\"WebPage\",\"@id\":\"https:\/\/kapitalis.com\/tunisie\/2019\/06\/12\/des-tunisiennes-craquent-pour-le-nouveau-omda-de-sidi-bouali-sami-larbi-devinez-pourquoi\/\",\"url\":\"https:\/\/kapitalis.com\/tunisie\/2019\/06\/12\/des-tunisiennes-craquent-pour-le-nouveau-omda-de-sidi-bouali-sami-larbi-devinez-pourquoi\/\",\"name\":\"Des Tunisiennes \u00abcraquent\u00bb pour le nouveau \u00f4mda de Sidi Bouali, Sami Larbi, devinez pourquoi ? - Kapitalis\",\"isPartOf\":{\"@id\":\"https:\/\/kapitalis.com\/tunisie\/#website\"},\"primaryImageOfPage\":{\"@id\":\"https:\/\/kapitalis.com\/tunisie\/2019\/06\/12\/des-tunisiennes-craquent-pour-le-nouveau-omda-de-sidi-bouali-sami-larbi-devinez-pourquoi\/#primaryimage\"},\"image\":{\"@id\":\"https:\/\/kapitalis.com\/tunisie\/2019\/06\/12\/des-tunisiennes-craquent-pour-le-nouveau-omda-de-sidi-bouali-sami-larbi-devinez-pourquoi\/#primaryimage\"},\"thumbnailUrl\":\"\",\"datePublished\":\"2019-06-12T13:35:16+00:00\",\"dateModified\":\"2019-06-12T14:16:36+00:00\",\"breadcrumb\":{\"@id\":\"https:\/\/kapitalis.com\/tunisie\/2019\/06\/12\/des-tunisiennes-craquent-pour-le-nouveau-omda-de-sidi-bouali-sami-larbi-devinez-pourquoi\/#breadcrumb\"},\"inLanguage\":\"fr-FR\",\"potentialAction\":[{\"@type\":\"ReadAction\",\"target\":[\"https:\/\/kapitalis.com\/tunisie\/2019\/06\/12\/des-tunisiennes-craquent-pour-le-nouveau-omda-de-sidi-bouali-sami-larbi-devinez-pourquoi\/\"]}]},{\"@type\":\"ImageObject\",\"inLanguage\":\"fr-FR\",\"@id\":\"https:\/\/kapitalis.com\/tunisie\/2019\/06\/12\/des-tunisiennes-craquent-pour-le-nouveau-omda-de-sidi-bouali-sami-larbi-devinez-pourquoi\/#primaryimage\",\"url\":\"\",\"contentUrl\":\"\"},{\"@type\":\"BreadcrumbList\",\"@id\":\"https:\/\/kapitalis.com\/tunisie\/2019\/06\/12\/des-tunisiennes-craquent-pour-le-nouveau-omda-de-sidi-bouali-sami-larbi-devinez-pourquoi\/#breadcrumb\",\"itemListElement\":[{\"@type\":\"ListItem\",\"position\":1,\"name\":\"Accueil\",\"item\":\"https:\/\/kapitalis.com\/tunisie\/\"},{\"@type\":\"ListItem\",\"position\":2,\"name\":\"Des Tunisiennes \u00abcraquent\u00bb pour le nouveau \u00f4mda de Sidi Bouali, Sami Larbi, devinez pourquoi ?\"}]},{\"@type\":\"WebSite\",\"@id\":\"https:\/\/kapitalis.com\/tunisie\/#website\",\"url\":\"https:\/\/kapitalis.com\/tunisie\/\",\"name\":\"Kapitalis\",\"description\":\"L&#039;actualit\u00e9 en Tunisie et dans le monde\",\"publisher\":{\"@id\":\"https:\/\/kapitalis.com\/tunisie\/#organization\"},\"potentialAction\":[{\"@type\":\"SearchAction\",\"target\":{\"@type\":\"EntryPoint\",\"urlTemplate\":\"https:\/\/kapitalis.com\/tunisie\/?s={search_term_string}\"},\"query-input\":{\"@type\":\"PropertyValueSpecification\",\"valueRequired\":true,\"valueName\":\"search_term_string\"}}],\"inLanguage\":\"fr-FR\"},{\"@type\":\"Organization\",\"@id\":\"https:\/\/kapitalis.com\/tunisie\/#organization\",\"name\":\"Kapitalis\",\"url\":\"https:\/\/kapitalis.com\/tunisie\/\",\"logo\":{\"@type\":\"ImageObject\",\"inLanguage\":\"fr-FR\",\"@id\":\"https:\/\/kapitalis.com\/tunisie\/#\/schema\/logo\/image\/\",\"url\":\"https:\/\/kapitalis.com\/tunisie\/wp-content\/uploads\/2022\/05\/Kapitalis-big-size.png\",\"contentUrl\":\"https:\/\/kapitalis.com\/tunisie\/wp-content\/uploads\/2022\/05\/Kapitalis-big-size.png\",\"width\":5000,\"height\":1500,\"caption\":\"Kapitalis\"},\"image\":{\"@id\":\"https:\/\/kapitalis.com\/tunisie\/#\/schema\/logo\/image\/\"},\"sameAs\":[\"https:\/\/www.facebook.com\/KapitalisInfo\/\",\"https:\/\/x.com\/KapitalisInfo\",\"https:\/\/www.youtube.com\/channel\/UC-yDYrHyfFBWWZaOw3FPg9Q\"]},{\"@type\":\"Person\",\"@id\":\"https:\/\/kapitalis.com\/tunisie\/#\/schema\/person\/74bbde0154d49d790a92aaeac5bc01d5\",\"name\":\"Yusra NY\",\"url\":\"https:\/\/kapitalis.com\/tunisie\/author\/yuza_adam\/\"}]}<\/script>\n<!-- \/ Yoast SEO plugin. -->","yoast_head_json":{"title":"Des Tunisiennes \u00abcraquent\u00bb pour le nouveau \u00f4mda de Sidi Bouali, Sami Larbi, devinez pourquoi ? - Kapitalis","robots":{"index":"index","follow":"follow","max-snippet":"max-snippet:-1","max-image-preview":"max-image-preview:large","max-video-preview":"max-video-preview:-1"},"canonical":"https:\/\/kapitalis.com\/tunisie\/2019\/06\/12\/des-tunisiennes-craquent-pour-le-nouveau-omda-de-sidi-bouali-sami-larbi-devinez-pourquoi\/","og_locale":"fr_FR","og_type":"article","og_title":"Des Tunisiennes \u00abcraquent\u00bb pour le nouveau \u00f4mda de Sidi Bouali, Sami Larbi, devinez pourquoi ? - Kapitalis","og_description":"Sami Larbi a \u00e9t\u00e9 nomm\u00e9 hier, mardi 11 juin 2019, au poste de \u00f4mda (sous-d\u00e9l\u00e9gu\u00e9) de la localit\u00e9 de Sidi Bouali \u00e0 Sousse. Jeune et plut\u00f4t bel homme, Sami Larbi fait craquer beaucoup de Tunisiennes qui le font savoir, tapageusement, sur la toile\u2026","og_url":"https:\/\/kapitalis.com\/tunisie\/2019\/06\/12\/des-tunisiennes-craquent-pour-le-nouveau-omda-de-sidi-bouali-sami-larbi-devinez-pourquoi\/","og_site_name":"Kapitalis","article_publisher":"https:\/\/www.facebook.com\/KapitalisInfo\/","article_published_time":"2019-06-12T13:35:16+00:00","article_modified_time":"2019-06-12T14:16:36+00:00","og_image":[{"width":1200,"height":630,"url":"https:\/\/kapitalis.com\/tunisie\/wp-content\/uploads\/2022\/05\/kapitalis-logo-fb.png","type":"image\/png"}],"author":"Yusra NY","twitter_card":"summary_large_image","twitter_creator":"@KapitalisInfo","twitter_site":"@KapitalisInfo","twitter_misc":{"\u00c9crit par":"Yusra NY","Dur\u00e9e de lecture estim\u00e9e":"2 minutes"},"schema":{"@context":"https:\/\/schema.org","@graph":[{"@type":"Article","@id":"https:\/\/kapitalis.com\/tunisie\/2019\/06\/12\/des-tunisiennes-craquent-pour-le-nouveau-omda-de-sidi-bouali-sami-larbi-devinez-pourquoi\/#article","isPartOf":{"@id":"https:\/\/kapitalis.com\/tunisie\/2019\/06\/12\/des-tunisiennes-craquent-pour-le-nouveau-omda-de-sidi-bouali-sami-larbi-devinez-pourquoi\/"},"author":{"name":"Yusra NY","@id":"https:\/\/kapitalis.com\/tunisie\/#\/schema\/person\/74bbde0154d49d790a92aaeac5bc01d5"},"headline":"Des Tunisiennes \u00abcraquent\u00bb pour le nouveau \u00f4mda de Sidi Bouali, Sami Larbi, devinez pourquoi ?","datePublished":"2019-06-12T13:35:16+00:00","dateModified":"2019-06-12T14:16:36+00:00","mainEntityOfPage":{"@id":"https:\/\/kapitalis.com\/tunisie\/2019\/06\/12\/des-tunisiennes-craquent-pour-le-nouveau-omda-de-sidi-bouali-sami-larbi-devinez-pourquoi\/"},"wordCount":363,"commentCount":3,"publisher":{"@id":"https:\/\/kapitalis.com\/tunisie\/#organization"},"image":{"@id":"https:\/\/kapitalis.com\/tunisie\/2019\/06\/12\/des-tunisiennes-craquent-pour-le-nouveau-omda-de-sidi-bouali-sami-larbi-devinez-pourquoi\/#primaryimage"},"thumbnailUrl":"","keywords":["ghannouchi","JSK","Sousse"],"articleSection":["SOCIETE","Tunisie"],"inLanguage":"fr-FR","potentialAction":[{"@type":"CommentAction","name":"Comment","target":["https:\/\/kapitalis.com\/tunisie\/2019\/06\/12\/des-tunisiennes-craquent-pour-le-nouveau-omda-de-sidi-bouali-sami-larbi-devinez-pourquoi\/#respond"]}]},{"@type":"WebPage","@id":"https:\/\/kapitalis.com\/tunisie\/2019\/06\/12\/des-tunisiennes-craquent-pour-le-nouveau-omda-de-sidi-bouali-sami-larbi-devinez-pourquoi\/","url":"https:\/\/kapitalis.com\/tunisie\/2019\/06\/12\/des-tunisiennes-craquent-pour-le-nouveau-omda-de-sidi-bouali-sami-larbi-devinez-pourquoi\/","name":"Des Tunisiennes \u00abcraquent\u00bb pour le nouveau \u00f4mda de Sidi Bouali, Sami Larbi, devinez pourquoi ? - Kapitalis","isPartOf":{"@id":"https:\/\/kapitalis.com\/tunisie\/#website"},"primaryImageOfPage":{"@id":"https:\/\/kapitalis.com\/tunisie\/2019\/06\/12\/des-tunisiennes-craquent-pour-le-nouveau-omda-de-sidi-bouali-sami-larbi-devinez-pourquoi\/#primaryimage"},"image":{"@id":"https:\/\/kapitalis.com\/tunisie\/2019\/06\/12\/des-tunisiennes-craquent-pour-le-nouveau-omda-de-sidi-bouali-sami-larbi-devinez-pourquoi\/#primaryimage"},"thumbnailUrl":"","datePublished":"2019-06-12T13:35:16+00:00","dateModified":"2019-06-12T14:16:36+00:00","breadcrumb":{"@id":"https:\/\/kapitalis.com\/tunisie\/2019\/06\/12\/des-tunisiennes-craquent-pour-le-nouveau-omda-de-sidi-bouali-sami-larbi-devinez-pourquoi\/#breadcrumb"},"inLanguage":"fr-FR","potentialAction":[{"@type":"ReadAction","target":["https:\/\/kapitalis.com\/tunisie\/2019\/06\/12\/des-tunisiennes-craquent-pour-le-nouveau-omda-de-sidi-bouali-sami-larbi-devinez-pourquoi\/"]}]},{"@type":"ImageObject","inLanguage":"fr-FR","@id":"https:\/\/kapitalis.com\/tunisie\/2019\/06\/12\/des-tunisiennes-craquent-pour-le-nouveau-omda-de-sidi-bouali-sami-larbi-devinez-pourquoi\/#primaryimage","url":"","contentUrl":""},{"@type":"BreadcrumbList","@id":"https:\/\/kapitalis.com\/tunisie\/2019\/06\/12\/des-tunisiennes-craquent-pour-le-nouveau-omda-de-sidi-bouali-sami-larbi-devinez-pourquoi\/#breadcrumb","itemListElement":[{"@type":"ListItem","position":1,"name":"Accueil","item":"https:\/\/kapitalis.com\/tunisie\/"},{"@type":"ListItem","position":2,"name":"Des Tunisiennes \u00abcraquent\u00bb pour le nouveau \u00f4mda de Sidi Bouali, Sami Larbi, devinez pourquoi ?"}]},{"@type":"WebSite","@id":"https:\/\/kapitalis.com\/tunisie\/#website","url":"https:\/\/kapitalis.com\/tunisie\/","name":"Kapitalis","description":"L&#039;actualit\u00e9 en Tunisie et dans le monde","publisher":{"@id":"https:\/\/kapitalis.com\/tunisie\/#organization"},"potentialAction":[{"@type":"SearchAction","target":{"@type":"EntryPoint","urlTemplate":"https:\/\/kapitalis.com\/tunisie\/?s={search_term_string}"},"query-input":{"@type":"PropertyValueSpecification","valueRequired":true,"valueName":"search_term_string"}}],"inLanguage":"fr-FR"},{"@type":"Organization","@id":"https:\/\/kapitalis.com\/tunisie\/#organization","name":"Kapitalis","url":"https:\/\/kapitalis.com\/tunisie\/","logo":{"@type":"ImageObject","inLanguage":"fr-FR","@id":"https:\/\/kapitalis.com\/tunisie\/#\/schema\/logo\/image\/","url":"https:\/\/kapitalis.com\/tunisie\/wp-content\/uploads\/2022\/05\/Kapitalis-big-size.png","contentUrl":"https:\/\/kapitalis.com\/tunisie\/wp-content\/uploads\/2022\/05\/Kapitalis-big-size.png","width":5000,"height":1500,"caption":"Kapitalis"},"image":{"@id":"https:\/\/kapitalis.com\/tunisie\/#\/schema\/logo\/image\/"},"sameAs":["https:\/\/www.facebook.com\/KapitalisInfo\/","https:\/\/x.com\/KapitalisInfo","https:\/\/www.youtube.com\/channel\/UC-yDYrHyfFBWWZaOw3FPg9Q"]},{"@type":"Person","@id":"https:\/\/kapitalis.com\/tunisie\/#\/schema\/person\/74bbde0154d49d790a92aaeac5bc01d5","name":"Yusra NY","url":"https:\/\/kapitalis.com\/tunisie\/author\/yuza_adam\/"}]}},"_links":{"self":[{"href":"https:\/\/kapitalis.com\/tunisie\/wp-json\/wp\/v2\/posts\/217683","targetHints":{"allow":["GET"]}}],"collection":[{"href":"https:\/\/kapitalis.com\/tunisie\/wp-json\/wp\/v2\/posts"}],"about":[{"href":"https:\/\/kapitalis.com\/tunisie\/wp-json\/wp\/v2\/types\/post"}],"author":[{"embeddable":true,"href":"https:\/\/kapitalis.com\/tunisie\/wp-json\/wp\/v2\/users\/6"}],"replies":[{"embeddable":true,"href":"https:\/\/kapitalis.com\/tunisie\/wp-json\/wp\/v2\/comments?post=217683"}],"version-history":[{"count":0,"href":"https:\/\/kapitalis.com\/tunisie\/wp-json\/wp\/v2\/posts\/217683\/revisions"}],"wp:featuredmedia":[{"embeddable":true,"href":"https:\/\/kapitalis.com\/tunisie\/wp-json\/wp\/v2\/media\/217687"}],"wp:attachment":[{"href":"https:\/\/kapitalis.com\/tunisie\/wp-json\/wp\/v2\/media?parent=217683"}],"wp:term":[{"taxonomy":"category","embeddable":true,"href":"https:\/\/kapitalis.com\/tunisie\/wp-json\/wp\/v2\/categories?post=217683"},{"taxonomy":"post_tag","embeddable":true,"href":"https:\/\/kapitalis.com\/tunisie\/wp-json\/wp\/v2\/tags?post=217683"}],"curies":[{"name":"wp","href":"https:\/\/api.w.org\/{rel}","templated":true}]}}