{"id":217686,"date":"2019-06-12T18:11:14","date_gmt":"2019-06-12T17:11:14","guid":{"rendered":"http:\/\/kapitalis.com\/tunisie\/?p=217686"},"modified":"2019-06-12T18:11:18","modified_gmt":"2019-06-12T17:11:18","slug":"mission-dhommes-daffaires-tunisiens-au-salon-torino-fashionmatch-2019-29-juin-1er-juillet","status":"publish","type":"post","link":"https:\/\/kapitalis.com\/tunisie\/2019\/06\/12\/mission-dhommes-daffaires-tunisiens-au-salon-torino-fashionmatch-2019-29-juin-1er-juillet\/","title":{"rendered":"Mission d&rsquo;hommes d&rsquo;affaires tunisiens au salon Torino FashionMatch (29 juin-1er juillet 2019)"},"content":{"rendered":"\n<figure class=\"wp-block-image\"><img decoding=\"async\" src=\"http:\/\/kapitalis.com\/tunisie\/wp-content\/uploads\/2019\/06\/torino-fashionmatch.jpg\" alt=\"\" class=\"wp-image-217706\"\/><\/figure>\n\n\n\n<p> <strong><em>L\u2019Agence de promotion de l&rsquo;industrie et de l&rsquo;innovation (APII) organise une mission d\u2019hommes d\u2019affaires tunisiens des secteurs du textile, de l&rsquo;habillement, du cuir, et de la chaussure, pour des rencontres d\u2019affaires B2B au salon Torino FashionMatch 2019.<\/em><\/strong> <\/p>\n\n\n\n<!--more-->\n\n\n\n<p> L\u2019APII, en tant que membre du r\u00e9seau Enterprise Europe Network (EEN), organise cette mission en collaboration avec Unioncamere Piemonte, l\u2019union r\u00e9gionale des chambres de commerce et d\u2019industrie du Pi\u00e9mont.<\/p>\n\n\n\n<p>L&rsquo;\u00e9v\u00e9nement sera organis\u00e9 dans le cadre de la 4e \u00e9dition du Salon International Torino FashionWeek , se tenant du 29 juin au 1er juillet 2019, avec, au programme, des d\u00e9fil\u00e9s de mode, des ateliers et des conf\u00e9rences. <\/p>\n\n\n\n<p>Les rencontres inter-entreprises B2B seront soutenues par le groupe sectoriel de EEN \u00ab<em>textile et mode<\/em>\u00bb, \u00e0 travers un rapprochement entre les producteurs de la mode et les entreprises cr\u00e9atives des secteurs du textile, du cuir et des chaussures (TCC), pour d\u00e9velopper des contacts d\u2019affaires, de partenariats commerciaux, de partage de connaissances, d\u2019id\u00e9es, et d\u2019innovation. <\/p>\n\n\n\n<p>La participation aux rencontres B2B, aux ateliers, et aux spectacles de d\u00e9fil\u00e9s durant le Torino FashionMatch 2019 est gratuite.  <\/p>\n\n\n\n<p>Les entreprises et les hommes d&rsquo;affaires tunisiens int\u00e9ress\u00e9s \u00e0 prendre part \u00e0 ces rencontres sont invit\u00e9s \u00e0 s\u2019inscrire, au plus tard le 21 juin, \u00e0 travers la <a rel=\"noreferrer noopener\" aria-label=\"plateforme de matchmaking (s\u2019ouvre dans un nouvel onglet)\" href=\"https:\/\/torino-fashionmatch-2019.b2match.io \" target=\"_blank\">plateforme de matchmaking.<\/a><\/p>\n\n\n<p style=\"text-align: right;\"><strong>A. M.<\/strong><em> (avec <\/em><a href=\"http:\/\/www.tunisieindustrie.nat.tn\/fr\/download\/news\/2019\/FashionMatch.pdf\" target=\"_blank\" rel=\"noreferrer noopener\" aria-label=\"APII  (s\u2019ouvre dans un nouvel onglet)\">APII<\/a>).<\/p>","protected":false},"excerpt":{"rendered":"<p>L\u2019Agence de promotion de l&rsquo;industrie et de l&rsquo;innovation (APII) organise une mission d\u2019hommes d\u2019affaires tunisiens des secteurs du textile, de l&rsquo;habillement, du cuir, et de la chaussure, pour des rencontres d\u2019affaires B2B au salon Torino FashionMatch 2019.<\/p>\n","protected":false},"author":22,"featured_media":217706,"comment_status":"open","ping_status":"open","sticky":false,"template":"","format":"standard","meta":{"footnotes":""},"categories":[995,2433],"tags":[3415,13334],"class_list":["post-217686","post","type-post","status-publish","format-standard","has-post-thumbnail","hentry","category-economie","category-tunisie","tag-apii","tag-mission-dhommes-daffaires"],"yoast_head":"<!-- This site is optimized with the Yoast SEO plugin v26.6 - https:\/\/yoast.com\/wordpress\/plugins\/seo\/ -->\n<title>Mission d&#039;hommes d&#039;affaires tunisiens au salon Torino FashionMatch (29 juin-1er juillet 2019) - Kapitalis<\/title>\n<meta name=\"robots\" content=\"index, follow, max-snippet:-1, max-image-preview:large, max-video-preview:-1\" \/>\n<link rel=\"canonical\" href=\"https:\/\/kapitalis.com\/tunisie\/2019\/06\/12\/mission-dhommes-daffaires-tunisiens-au-salon-torino-fashionmatch-2019-29-juin-1er-juillet\/\" \/>\n<meta property=\"og:locale\" content=\"fr_FR\" \/>\n<meta property=\"og:type\" content=\"article\" \/>\n<meta property=\"og:title\" content=\"Mission d&#039;hommes d&#039;affaires tunisiens au salon Torino FashionMatch (29 juin-1er juillet 2019) - Kapitalis\" \/>\n<meta property=\"og:description\" content=\"L\u2019Agence de promotion de l&rsquo;industrie et de l&rsquo;innovation (APII) organise une mission d\u2019hommes d\u2019affaires tunisiens des secteurs du textile, de l&rsquo;habillement, du cuir, et de la chaussure, pour des rencontres d\u2019affaires B2B au salon Torino FashionMatch 2019.\" \/>\n<meta property=\"og:url\" content=\"https:\/\/kapitalis.com\/tunisie\/2019\/06\/12\/mission-dhommes-daffaires-tunisiens-au-salon-torino-fashionmatch-2019-29-juin-1er-juillet\/\" \/>\n<meta property=\"og:site_name\" content=\"Kapitalis\" \/>\n<meta property=\"article:publisher\" content=\"https:\/\/www.facebook.com\/KapitalisInfo\/\" \/>\n<meta property=\"article:published_time\" content=\"2019-06-12T17:11:14+00:00\" \/>\n<meta property=\"article:modified_time\" content=\"2019-06-12T17:11:18+00:00\" \/>\n<meta property=\"og:image\" content=\"https:\/\/kapitalis.com\/tunisie\/wp-content\/uploads\/2022\/05\/kapitalis-logo-fb.png\" \/>\n\t<meta property=\"og:image:width\" content=\"1200\" \/>\n\t<meta property=\"og:image:height\" content=\"630\" \/>\n\t<meta property=\"og:image:type\" content=\"image\/png\" \/>\n<meta name=\"author\" content=\"Amina Mkada\" \/>\n<meta name=\"twitter:card\" content=\"summary_large_image\" \/>\n<meta name=\"twitter:creator\" content=\"@KapitalisInfo\" \/>\n<meta name=\"twitter:site\" content=\"@KapitalisInfo\" \/>\n<meta name=\"twitter:label1\" content=\"\u00c9crit par\" \/>\n\t<meta name=\"twitter:data1\" content=\"Amina Mkada\" \/>\n\t<meta name=\"twitter:label2\" content=\"Dur\u00e9e de lecture estim\u00e9e\" \/>\n\t<meta name=\"twitter:data2\" content=\"1 minute\" \/>\n<script type=\"application\/ld+json\" class=\"yoast-schema-graph\">{\"@context\":\"https:\/\/schema.org\",\"@graph\":[{\"@type\":\"Article\",\"@id\":\"https:\/\/kapitalis.com\/tunisie\/2019\/06\/12\/mission-dhommes-daffaires-tunisiens-au-salon-torino-fashionmatch-2019-29-juin-1er-juillet\/#article\",\"isPartOf\":{\"@id\":\"https:\/\/kapitalis.com\/tunisie\/2019\/06\/12\/mission-dhommes-daffaires-tunisiens-au-salon-torino-fashionmatch-2019-29-juin-1er-juillet\/\"},\"author\":{\"name\":\"Amina Mkada\",\"@id\":\"https:\/\/kapitalis.com\/tunisie\/#\/schema\/person\/093913313d3017554cb3ad077fff3fbd\"},\"headline\":\"Mission d&rsquo;hommes d&rsquo;affaires tunisiens au salon Torino FashionMatch (29 juin-1er juillet 2019)\",\"datePublished\":\"2019-06-12T17:11:14+00:00\",\"dateModified\":\"2019-06-12T17:11:18+00:00\",\"mainEntityOfPage\":{\"@id\":\"https:\/\/kapitalis.com\/tunisie\/2019\/06\/12\/mission-dhommes-daffaires-tunisiens-au-salon-torino-fashionmatch-2019-29-juin-1er-juillet\/\"},\"wordCount\":240,\"commentCount\":0,\"publisher\":{\"@id\":\"https:\/\/kapitalis.com\/tunisie\/#organization\"},\"image\":{\"@id\":\"https:\/\/kapitalis.com\/tunisie\/2019\/06\/12\/mission-dhommes-daffaires-tunisiens-au-salon-torino-fashionmatch-2019-29-juin-1er-juillet\/#primaryimage\"},\"thumbnailUrl\":\"\",\"keywords\":[\"APII\",\"mission d'hommes d'affaires\"],\"articleSection\":[\"ECONOMIE\",\"Tunisie\"],\"inLanguage\":\"fr-FR\",\"potentialAction\":[{\"@type\":\"CommentAction\",\"name\":\"Comment\",\"target\":[\"https:\/\/kapitalis.com\/tunisie\/2019\/06\/12\/mission-dhommes-daffaires-tunisiens-au-salon-torino-fashionmatch-2019-29-juin-1er-juillet\/#respond\"]}]},{\"@type\":\"WebPage\",\"@id\":\"https:\/\/kapitalis.com\/tunisie\/2019\/06\/12\/mission-dhommes-daffaires-tunisiens-au-salon-torino-fashionmatch-2019-29-juin-1er-juillet\/\",\"url\":\"https:\/\/kapitalis.com\/tunisie\/2019\/06\/12\/mission-dhommes-daffaires-tunisiens-au-salon-torino-fashionmatch-2019-29-juin-1er-juillet\/\",\"name\":\"Mission d'hommes d'affaires tunisiens au salon Torino FashionMatch (29 juin-1er juillet 2019) - Kapitalis\",\"isPartOf\":{\"@id\":\"https:\/\/kapitalis.com\/tunisie\/#website\"},\"primaryImageOfPage\":{\"@id\":\"https:\/\/kapitalis.com\/tunisie\/2019\/06\/12\/mission-dhommes-daffaires-tunisiens-au-salon-torino-fashionmatch-2019-29-juin-1er-juillet\/#primaryimage\"},\"image\":{\"@id\":\"https:\/\/kapitalis.com\/tunisie\/2019\/06\/12\/mission-dhommes-daffaires-tunisiens-au-salon-torino-fashionmatch-2019-29-juin-1er-juillet\/#primaryimage\"},\"thumbnailUrl\":\"\",\"datePublished\":\"2019-06-12T17:11:14+00:00\",\"dateModified\":\"2019-06-12T17:11:18+00:00\",\"breadcrumb\":{\"@id\":\"https:\/\/kapitalis.com\/tunisie\/2019\/06\/12\/mission-dhommes-daffaires-tunisiens-au-salon-torino-fashionmatch-2019-29-juin-1er-juillet\/#breadcrumb\"},\"inLanguage\":\"fr-FR\",\"potentialAction\":[{\"@type\":\"ReadAction\",\"target\":[\"https:\/\/kapitalis.com\/tunisie\/2019\/06\/12\/mission-dhommes-daffaires-tunisiens-au-salon-torino-fashionmatch-2019-29-juin-1er-juillet\/\"]}]},{\"@type\":\"ImageObject\",\"inLanguage\":\"fr-FR\",\"@id\":\"https:\/\/kapitalis.com\/tunisie\/2019\/06\/12\/mission-dhommes-daffaires-tunisiens-au-salon-torino-fashionmatch-2019-29-juin-1er-juillet\/#primaryimage\",\"url\":\"\",\"contentUrl\":\"\"},{\"@type\":\"BreadcrumbList\",\"@id\":\"https:\/\/kapitalis.com\/tunisie\/2019\/06\/12\/mission-dhommes-daffaires-tunisiens-au-salon-torino-fashionmatch-2019-29-juin-1er-juillet\/#breadcrumb\",\"itemListElement\":[{\"@type\":\"ListItem\",\"position\":1,\"name\":\"Accueil\",\"item\":\"https:\/\/kapitalis.com\/tunisie\/\"},{\"@type\":\"ListItem\",\"position\":2,\"name\":\"Mission d&rsquo;hommes d&rsquo;affaires tunisiens au salon Torino FashionMatch (29 juin-1er juillet 2019)\"}]},{\"@type\":\"WebSite\",\"@id\":\"https:\/\/kapitalis.com\/tunisie\/#website\",\"url\":\"https:\/\/kapitalis.com\/tunisie\/\",\"name\":\"Kapitalis\",\"description\":\"L&#039;actualit\u00e9 en Tunisie et dans le monde\",\"publisher\":{\"@id\":\"https:\/\/kapitalis.com\/tunisie\/#organization\"},\"potentialAction\":[{\"@type\":\"SearchAction\",\"target\":{\"@type\":\"EntryPoint\",\"urlTemplate\":\"https:\/\/kapitalis.com\/tunisie\/?s={search_term_string}\"},\"query-input\":{\"@type\":\"PropertyValueSpecification\",\"valueRequired\":true,\"valueName\":\"search_term_string\"}}],\"inLanguage\":\"fr-FR\"},{\"@type\":\"Organization\",\"@id\":\"https:\/\/kapitalis.com\/tunisie\/#organization\",\"name\":\"Kapitalis\",\"url\":\"https:\/\/kapitalis.com\/tunisie\/\",\"logo\":{\"@type\":\"ImageObject\",\"inLanguage\":\"fr-FR\",\"@id\":\"https:\/\/kapitalis.com\/tunisie\/#\/schema\/logo\/image\/\",\"url\":\"https:\/\/kapitalis.com\/tunisie\/wp-content\/uploads\/2022\/05\/Kapitalis-big-size.png\",\"contentUrl\":\"https:\/\/kapitalis.com\/tunisie\/wp-content\/uploads\/2022\/05\/Kapitalis-big-size.png\",\"width\":5000,\"height\":1500,\"caption\":\"Kapitalis\"},\"image\":{\"@id\":\"https:\/\/kapitalis.com\/tunisie\/#\/schema\/logo\/image\/\"},\"sameAs\":[\"https:\/\/www.facebook.com\/KapitalisInfo\/\",\"https:\/\/x.com\/KapitalisInfo\",\"https:\/\/www.youtube.com\/channel\/UC-yDYrHyfFBWWZaOw3FPg9Q\"]},{\"@type\":\"Person\",\"@id\":\"https:\/\/kapitalis.com\/tunisie\/#\/schema\/person\/093913313d3017554cb3ad077fff3fbd\",\"name\":\"Amina Mkada\",\"url\":\"https:\/\/kapitalis.com\/tunisie\/author\/amina\/\"}]}<\/script>\n<!-- \/ Yoast SEO plugin. -->","yoast_head_json":{"title":"Mission d'hommes d'affaires tunisiens au salon Torino FashionMatch (29 juin-1er juillet 2019) - Kapitalis","robots":{"index":"index","follow":"follow","max-snippet":"max-snippet:-1","max-image-preview":"max-image-preview:large","max-video-preview":"max-video-preview:-1"},"canonical":"https:\/\/kapitalis.com\/tunisie\/2019\/06\/12\/mission-dhommes-daffaires-tunisiens-au-salon-torino-fashionmatch-2019-29-juin-1er-juillet\/","og_locale":"fr_FR","og_type":"article","og_title":"Mission d'hommes d'affaires tunisiens au salon Torino FashionMatch (29 juin-1er juillet 2019) - Kapitalis","og_description":"L\u2019Agence de promotion de l&rsquo;industrie et de l&rsquo;innovation (APII) organise une mission d\u2019hommes d\u2019affaires tunisiens des secteurs du textile, de l&rsquo;habillement, du cuir, et de la chaussure, pour des rencontres d\u2019affaires B2B au salon Torino FashionMatch 2019.","og_url":"https:\/\/kapitalis.com\/tunisie\/2019\/06\/12\/mission-dhommes-daffaires-tunisiens-au-salon-torino-fashionmatch-2019-29-juin-1er-juillet\/","og_site_name":"Kapitalis","article_publisher":"https:\/\/www.facebook.com\/KapitalisInfo\/","article_published_time":"2019-06-12T17:11:14+00:00","article_modified_time":"2019-06-12T17:11:18+00:00","og_image":[{"width":1200,"height":630,"url":"https:\/\/kapitalis.com\/tunisie\/wp-content\/uploads\/2022\/05\/kapitalis-logo-fb.png","type":"image\/png"}],"author":"Amina Mkada","twitter_card":"summary_large_image","twitter_creator":"@KapitalisInfo","twitter_site":"@KapitalisInfo","twitter_misc":{"\u00c9crit par":"Amina Mkada","Dur\u00e9e de lecture estim\u00e9e":"1 minute"},"schema":{"@context":"https:\/\/schema.org","@graph":[{"@type":"Article","@id":"https:\/\/kapitalis.com\/tunisie\/2019\/06\/12\/mission-dhommes-daffaires-tunisiens-au-salon-torino-fashionmatch-2019-29-juin-1er-juillet\/#article","isPartOf":{"@id":"https:\/\/kapitalis.com\/tunisie\/2019\/06\/12\/mission-dhommes-daffaires-tunisiens-au-salon-torino-fashionmatch-2019-29-juin-1er-juillet\/"},"author":{"name":"Amina Mkada","@id":"https:\/\/kapitalis.com\/tunisie\/#\/schema\/person\/093913313d3017554cb3ad077fff3fbd"},"headline":"Mission d&rsquo;hommes d&rsquo;affaires tunisiens au salon Torino FashionMatch (29 juin-1er juillet 2019)","datePublished":"2019-06-12T17:11:14+00:00","dateModified":"2019-06-12T17:11:18+00:00","mainEntityOfPage":{"@id":"https:\/\/kapitalis.com\/tunisie\/2019\/06\/12\/mission-dhommes-daffaires-tunisiens-au-salon-torino-fashionmatch-2019-29-juin-1er-juillet\/"},"wordCount":240,"commentCount":0,"publisher":{"@id":"https:\/\/kapitalis.com\/tunisie\/#organization"},"image":{"@id":"https:\/\/kapitalis.com\/tunisie\/2019\/06\/12\/mission-dhommes-daffaires-tunisiens-au-salon-torino-fashionmatch-2019-29-juin-1er-juillet\/#primaryimage"},"thumbnailUrl":"","keywords":["APII","mission d'hommes d'affaires"],"articleSection":["ECONOMIE","Tunisie"],"inLanguage":"fr-FR","potentialAction":[{"@type":"CommentAction","name":"Comment","target":["https:\/\/kapitalis.com\/tunisie\/2019\/06\/12\/mission-dhommes-daffaires-tunisiens-au-salon-torino-fashionmatch-2019-29-juin-1er-juillet\/#respond"]}]},{"@type":"WebPage","@id":"https:\/\/kapitalis.com\/tunisie\/2019\/06\/12\/mission-dhommes-daffaires-tunisiens-au-salon-torino-fashionmatch-2019-29-juin-1er-juillet\/","url":"https:\/\/kapitalis.com\/tunisie\/2019\/06\/12\/mission-dhommes-daffaires-tunisiens-au-salon-torino-fashionmatch-2019-29-juin-1er-juillet\/","name":"Mission d'hommes d'affaires tunisiens au salon Torino FashionMatch (29 juin-1er juillet 2019) - Kapitalis","isPartOf":{"@id":"https:\/\/kapitalis.com\/tunisie\/#website"},"primaryImageOfPage":{"@id":"https:\/\/kapitalis.com\/tunisie\/2019\/06\/12\/mission-dhommes-daffaires-tunisiens-au-salon-torino-fashionmatch-2019-29-juin-1er-juillet\/#primaryimage"},"image":{"@id":"https:\/\/kapitalis.com\/tunisie\/2019\/06\/12\/mission-dhommes-daffaires-tunisiens-au-salon-torino-fashionmatch-2019-29-juin-1er-juillet\/#primaryimage"},"thumbnailUrl":"","datePublished":"2019-06-12T17:11:14+00:00","dateModified":"2019-06-12T17:11:18+00:00","breadcrumb":{"@id":"https:\/\/kapitalis.com\/tunisie\/2019\/06\/12\/mission-dhommes-daffaires-tunisiens-au-salon-torino-fashionmatch-2019-29-juin-1er-juillet\/#breadcrumb"},"inLanguage":"fr-FR","potentialAction":[{"@type":"ReadAction","target":["https:\/\/kapitalis.com\/tunisie\/2019\/06\/12\/mission-dhommes-daffaires-tunisiens-au-salon-torino-fashionmatch-2019-29-juin-1er-juillet\/"]}]},{"@type":"ImageObject","inLanguage":"fr-FR","@id":"https:\/\/kapitalis.com\/tunisie\/2019\/06\/12\/mission-dhommes-daffaires-tunisiens-au-salon-torino-fashionmatch-2019-29-juin-1er-juillet\/#primaryimage","url":"","contentUrl":""},{"@type":"BreadcrumbList","@id":"https:\/\/kapitalis.com\/tunisie\/2019\/06\/12\/mission-dhommes-daffaires-tunisiens-au-salon-torino-fashionmatch-2019-29-juin-1er-juillet\/#breadcrumb","itemListElement":[{"@type":"ListItem","position":1,"name":"Accueil","item":"https:\/\/kapitalis.com\/tunisie\/"},{"@type":"ListItem","position":2,"name":"Mission d&rsquo;hommes d&rsquo;affaires tunisiens au salon Torino FashionMatch (29 juin-1er juillet 2019)"}]},{"@type":"WebSite","@id":"https:\/\/kapitalis.com\/tunisie\/#website","url":"https:\/\/kapitalis.com\/tunisie\/","name":"Kapitalis","description":"L&#039;actualit\u00e9 en Tunisie et dans le monde","publisher":{"@id":"https:\/\/kapitalis.com\/tunisie\/#organization"},"potentialAction":[{"@type":"SearchAction","target":{"@type":"EntryPoint","urlTemplate":"https:\/\/kapitalis.com\/tunisie\/?s={search_term_string}"},"query-input":{"@type":"PropertyValueSpecification","valueRequired":true,"valueName":"search_term_string"}}],"inLanguage":"fr-FR"},{"@type":"Organization","@id":"https:\/\/kapitalis.com\/tunisie\/#organization","name":"Kapitalis","url":"https:\/\/kapitalis.com\/tunisie\/","logo":{"@type":"ImageObject","inLanguage":"fr-FR","@id":"https:\/\/kapitalis.com\/tunisie\/#\/schema\/logo\/image\/","url":"https:\/\/kapitalis.com\/tunisie\/wp-content\/uploads\/2022\/05\/Kapitalis-big-size.png","contentUrl":"https:\/\/kapitalis.com\/tunisie\/wp-content\/uploads\/2022\/05\/Kapitalis-big-size.png","width":5000,"height":1500,"caption":"Kapitalis"},"image":{"@id":"https:\/\/kapitalis.com\/tunisie\/#\/schema\/logo\/image\/"},"sameAs":["https:\/\/www.facebook.com\/KapitalisInfo\/","https:\/\/x.com\/KapitalisInfo","https:\/\/www.youtube.com\/channel\/UC-yDYrHyfFBWWZaOw3FPg9Q"]},{"@type":"Person","@id":"https:\/\/kapitalis.com\/tunisie\/#\/schema\/person\/093913313d3017554cb3ad077fff3fbd","name":"Amina Mkada","url":"https:\/\/kapitalis.com\/tunisie\/author\/amina\/"}]}},"_links":{"self":[{"href":"https:\/\/kapitalis.com\/tunisie\/wp-json\/wp\/v2\/posts\/217686","targetHints":{"allow":["GET"]}}],"collection":[{"href":"https:\/\/kapitalis.com\/tunisie\/wp-json\/wp\/v2\/posts"}],"about":[{"href":"https:\/\/kapitalis.com\/tunisie\/wp-json\/wp\/v2\/types\/post"}],"author":[{"embeddable":true,"href":"https:\/\/kapitalis.com\/tunisie\/wp-json\/wp\/v2\/users\/22"}],"replies":[{"embeddable":true,"href":"https:\/\/kapitalis.com\/tunisie\/wp-json\/wp\/v2\/comments?post=217686"}],"version-history":[{"count":0,"href":"https:\/\/kapitalis.com\/tunisie\/wp-json\/wp\/v2\/posts\/217686\/revisions"}],"wp:featuredmedia":[{"embeddable":true,"href":"https:\/\/kapitalis.com\/tunisie\/wp-json\/wp\/v2\/media\/217706"}],"wp:attachment":[{"href":"https:\/\/kapitalis.com\/tunisie\/wp-json\/wp\/v2\/media?parent=217686"}],"wp:term":[{"taxonomy":"category","embeddable":true,"href":"https:\/\/kapitalis.com\/tunisie\/wp-json\/wp\/v2\/categories?post=217686"},{"taxonomy":"post_tag","embeddable":true,"href":"https:\/\/kapitalis.com\/tunisie\/wp-json\/wp\/v2\/tags?post=217686"}],"curies":[{"name":"wp","href":"https:\/\/api.w.org\/{rel}","templated":true}]}}