{"id":217707,"date":"2019-06-12T17:12:02","date_gmt":"2019-06-12T16:12:02","guid":{"rendered":"http:\/\/kapitalis.com\/tunisie\/?p=217707"},"modified":"2019-06-12T17:16:17","modified_gmt":"2019-06-12T16:16:17","slug":"canicule-en-tunisie-une-fin-de-semaine-marquee-par-une-hausse-des-temperatures","status":"publish","type":"post","link":"https:\/\/kapitalis.com\/tunisie\/2019\/06\/12\/canicule-en-tunisie-une-fin-de-semaine-marquee-par-une-hausse-des-temperatures\/","title":{"rendered":"Canicule en Tunisie : Une fin de semaine marqu\u00e9e par une hausse des temp\u00e9ratures"},"content":{"rendered":"\n<figure class=\"wp-block-image\"><img decoding=\"async\" src=\"http:\/\/kapitalis.com\/tunisie\/wp-content\/uploads\/2017\/07\/canicule-m\u00e9t\u00e9o-chaleur.jpg\" alt=\"\" class=\"wp-image-108378\"\/><\/figure>\n\n\n\n<p><strong><em>Une hausse des temp\u00e9ratures est pr\u00e9vue d\u00e8s demain, jeudi 13 juin 2019, dans la plupart des r\u00e9gions tunisiennes, d\u00e9passant 45\u00b0C dans le sud du pays avec coup de sirocco.<\/em><\/strong><\/p>\n\n\n\n<!--more-->\n\n\n\n<p>L&rsquo;Institut national de la m\u00e9t\u00e9orologie (INM) annonce des temp\u00e9ratures variant entre 30 et 35\u00b0C dans les r\u00e9gions c\u00f4ti\u00e8res, entre 36 et 42\u00b0C sur le reste du pays et atteignant 45\u00b0C sur l&rsquo;extr\u00eame sud, avec coups de sirocco. <br><\/p>\n\n\n\n<p>Des nuages progressivement abondants avec pluies temporairement orageuses sont attendus d\u00e8s vendredi apr\u00e8s-midi, essentiellement au nord et au centre de la Tunisie.<\/p>\n\n\n\n<p>Une baisse relative des temp\u00e9ratures est attendue samedi, avec un temps passag\u00e8rement nuageux sur la plupart des r\u00e9gions. Les nuages seront plus abondants au nord et au centre du pays.<\/p>\n\n\n\n<p style=\"text-align:right\"><strong>Y. N.<\/strong><\/p>\n","protected":false},"excerpt":{"rendered":"<p>Une hausse des temp\u00e9ratures est pr\u00e9vue d\u00e8s demain, jeudi 13 juin 2019, dans la plupart des r\u00e9gions tunisiennes, d\u00e9passant 45\u00b0C dans le sud du pays avec coup de sirocco.<\/p>\n","protected":false},"author":6,"featured_media":0,"comment_status":"open","ping_status":"open","sticky":false,"template":"","format":"standard","meta":{"footnotes":""},"categories":[998,2433],"tags":[3887,483,6019,603,26922,7154],"class_list":["post-217707","post","type-post","status-publish","format-standard","hentry","category-societe","category-tunisie","tag-canicule","tag-inm","tag-institut-national-de-la-meteorologie","tag-meteo","tag-nord","tag-sud-tunisien"],"yoast_head":"<!-- This site is optimized with the Yoast SEO plugin v26.6 - https:\/\/yoast.com\/wordpress\/plugins\/seo\/ -->\n<title>Canicule en Tunisie : Une fin de semaine marqu\u00e9e par une hausse des temp\u00e9ratures - Kapitalis<\/title>\n<meta name=\"robots\" content=\"index, follow, max-snippet:-1, max-image-preview:large, max-video-preview:-1\" \/>\n<link rel=\"canonical\" href=\"https:\/\/kapitalis.com\/tunisie\/2019\/06\/12\/canicule-en-tunisie-une-fin-de-semaine-marquee-par-une-hausse-des-temperatures\/\" \/>\n<meta property=\"og:locale\" content=\"fr_FR\" \/>\n<meta property=\"og:type\" content=\"article\" \/>\n<meta property=\"og:title\" content=\"Canicule en Tunisie : Une fin de semaine marqu\u00e9e par une hausse des temp\u00e9ratures - Kapitalis\" \/>\n<meta property=\"og:description\" content=\"Une hausse des temp\u00e9ratures est pr\u00e9vue d\u00e8s demain, jeudi 13 juin 2019, dans la plupart des r\u00e9gions tunisiennes, d\u00e9passant 45\u00b0C dans le sud du pays avec coup de sirocco.\" \/>\n<meta property=\"og:url\" content=\"https:\/\/kapitalis.com\/tunisie\/2019\/06\/12\/canicule-en-tunisie-une-fin-de-semaine-marquee-par-une-hausse-des-temperatures\/\" \/>\n<meta property=\"og:site_name\" content=\"Kapitalis\" \/>\n<meta property=\"article:publisher\" content=\"https:\/\/www.facebook.com\/KapitalisInfo\/\" \/>\n<meta property=\"article:published_time\" content=\"2019-06-12T16:12:02+00:00\" \/>\n<meta property=\"article:modified_time\" content=\"2019-06-12T16:16:17+00:00\" \/>\n<meta property=\"og:image\" content=\"https:\/\/kapitalis.com\/tunisie\/wp-content\/uploads\/2022\/05\/kapitalis-logo-fb.png\" \/>\n\t<meta property=\"og:image:width\" content=\"1200\" \/>\n\t<meta property=\"og:image:height\" content=\"630\" \/>\n\t<meta property=\"og:image:type\" content=\"image\/png\" \/>\n<meta name=\"author\" content=\"Yusra NY\" \/>\n<meta name=\"twitter:card\" content=\"summary_large_image\" \/>\n<meta name=\"twitter:creator\" content=\"@KapitalisInfo\" \/>\n<meta name=\"twitter:site\" content=\"@KapitalisInfo\" \/>\n<meta name=\"twitter:label1\" content=\"\u00c9crit par\" \/>\n\t<meta name=\"twitter:data1\" content=\"Yusra NY\" \/>\n\t<meta name=\"twitter:label2\" content=\"Dur\u00e9e de lecture estim\u00e9e\" \/>\n\t<meta name=\"twitter:data2\" content=\"1 minute\" \/>\n<script type=\"application\/ld+json\" class=\"yoast-schema-graph\">{\"@context\":\"https:\/\/schema.org\",\"@graph\":[{\"@type\":\"Article\",\"@id\":\"https:\/\/kapitalis.com\/tunisie\/2019\/06\/12\/canicule-en-tunisie-une-fin-de-semaine-marquee-par-une-hausse-des-temperatures\/#article\",\"isPartOf\":{\"@id\":\"https:\/\/kapitalis.com\/tunisie\/2019\/06\/12\/canicule-en-tunisie-une-fin-de-semaine-marquee-par-une-hausse-des-temperatures\/\"},\"author\":{\"name\":\"Yusra NY\",\"@id\":\"https:\/\/kapitalis.com\/tunisie\/#\/schema\/person\/74bbde0154d49d790a92aaeac5bc01d5\"},\"headline\":\"Canicule en Tunisie : Une fin de semaine marqu\u00e9e par une hausse des temp\u00e9ratures\",\"datePublished\":\"2019-06-12T16:12:02+00:00\",\"dateModified\":\"2019-06-12T16:16:17+00:00\",\"mainEntityOfPage\":{\"@id\":\"https:\/\/kapitalis.com\/tunisie\/2019\/06\/12\/canicule-en-tunisie-une-fin-de-semaine-marquee-par-une-hausse-des-temperatures\/\"},\"wordCount\":148,\"commentCount\":0,\"publisher\":{\"@id\":\"https:\/\/kapitalis.com\/tunisie\/#organization\"},\"keywords\":[\"canicule\",\"INM\",\"Institut National de la M\u00e9t\u00e9orologie\",\"m\u00e9t\u00e9o\",\"nord\",\"sud tunisien\"],\"articleSection\":[\"SOCIETE\",\"Tunisie\"],\"inLanguage\":\"fr-FR\",\"potentialAction\":[{\"@type\":\"CommentAction\",\"name\":\"Comment\",\"target\":[\"https:\/\/kapitalis.com\/tunisie\/2019\/06\/12\/canicule-en-tunisie-une-fin-de-semaine-marquee-par-une-hausse-des-temperatures\/#respond\"]}]},{\"@type\":\"WebPage\",\"@id\":\"https:\/\/kapitalis.com\/tunisie\/2019\/06\/12\/canicule-en-tunisie-une-fin-de-semaine-marquee-par-une-hausse-des-temperatures\/\",\"url\":\"https:\/\/kapitalis.com\/tunisie\/2019\/06\/12\/canicule-en-tunisie-une-fin-de-semaine-marquee-par-une-hausse-des-temperatures\/\",\"name\":\"Canicule en Tunisie : Une fin de semaine marqu\u00e9e par une hausse des temp\u00e9ratures - Kapitalis\",\"isPartOf\":{\"@id\":\"https:\/\/kapitalis.com\/tunisie\/#website\"},\"datePublished\":\"2019-06-12T16:12:02+00:00\",\"dateModified\":\"2019-06-12T16:16:17+00:00\",\"breadcrumb\":{\"@id\":\"https:\/\/kapitalis.com\/tunisie\/2019\/06\/12\/canicule-en-tunisie-une-fin-de-semaine-marquee-par-une-hausse-des-temperatures\/#breadcrumb\"},\"inLanguage\":\"fr-FR\",\"potentialAction\":[{\"@type\":\"ReadAction\",\"target\":[\"https:\/\/kapitalis.com\/tunisie\/2019\/06\/12\/canicule-en-tunisie-une-fin-de-semaine-marquee-par-une-hausse-des-temperatures\/\"]}]},{\"@type\":\"BreadcrumbList\",\"@id\":\"https:\/\/kapitalis.com\/tunisie\/2019\/06\/12\/canicule-en-tunisie-une-fin-de-semaine-marquee-par-une-hausse-des-temperatures\/#breadcrumb\",\"itemListElement\":[{\"@type\":\"ListItem\",\"position\":1,\"name\":\"Accueil\",\"item\":\"https:\/\/kapitalis.com\/tunisie\/\"},{\"@type\":\"ListItem\",\"position\":2,\"name\":\"Canicule en Tunisie : Une fin de semaine marqu\u00e9e par une hausse des temp\u00e9ratures\"}]},{\"@type\":\"WebSite\",\"@id\":\"https:\/\/kapitalis.com\/tunisie\/#website\",\"url\":\"https:\/\/kapitalis.com\/tunisie\/\",\"name\":\"Kapitalis\",\"description\":\"L&#039;actualit\u00e9 en Tunisie et dans le monde\",\"publisher\":{\"@id\":\"https:\/\/kapitalis.com\/tunisie\/#organization\"},\"potentialAction\":[{\"@type\":\"SearchAction\",\"target\":{\"@type\":\"EntryPoint\",\"urlTemplate\":\"https:\/\/kapitalis.com\/tunisie\/?s={search_term_string}\"},\"query-input\":{\"@type\":\"PropertyValueSpecification\",\"valueRequired\":true,\"valueName\":\"search_term_string\"}}],\"inLanguage\":\"fr-FR\"},{\"@type\":\"Organization\",\"@id\":\"https:\/\/kapitalis.com\/tunisie\/#organization\",\"name\":\"Kapitalis\",\"url\":\"https:\/\/kapitalis.com\/tunisie\/\",\"logo\":{\"@type\":\"ImageObject\",\"inLanguage\":\"fr-FR\",\"@id\":\"https:\/\/kapitalis.com\/tunisie\/#\/schema\/logo\/image\/\",\"url\":\"https:\/\/kapitalis.com\/tunisie\/wp-content\/uploads\/2022\/05\/Kapitalis-big-size.png\",\"contentUrl\":\"https:\/\/kapitalis.com\/tunisie\/wp-content\/uploads\/2022\/05\/Kapitalis-big-size.png\",\"width\":5000,\"height\":1500,\"caption\":\"Kapitalis\"},\"image\":{\"@id\":\"https:\/\/kapitalis.com\/tunisie\/#\/schema\/logo\/image\/\"},\"sameAs\":[\"https:\/\/www.facebook.com\/KapitalisInfo\/\",\"https:\/\/x.com\/KapitalisInfo\",\"https:\/\/www.youtube.com\/channel\/UC-yDYrHyfFBWWZaOw3FPg9Q\"]},{\"@type\":\"Person\",\"@id\":\"https:\/\/kapitalis.com\/tunisie\/#\/schema\/person\/74bbde0154d49d790a92aaeac5bc01d5\",\"name\":\"Yusra NY\",\"url\":\"https:\/\/kapitalis.com\/tunisie\/author\/yuza_adam\/\"}]}<\/script>\n<!-- \/ Yoast SEO plugin. -->","yoast_head_json":{"title":"Canicule en Tunisie : Une fin de semaine marqu\u00e9e par une hausse des temp\u00e9ratures - Kapitalis","robots":{"index":"index","follow":"follow","max-snippet":"max-snippet:-1","max-image-preview":"max-image-preview:large","max-video-preview":"max-video-preview:-1"},"canonical":"https:\/\/kapitalis.com\/tunisie\/2019\/06\/12\/canicule-en-tunisie-une-fin-de-semaine-marquee-par-une-hausse-des-temperatures\/","og_locale":"fr_FR","og_type":"article","og_title":"Canicule en Tunisie : Une fin de semaine marqu\u00e9e par une hausse des temp\u00e9ratures - Kapitalis","og_description":"Une hausse des temp\u00e9ratures est pr\u00e9vue d\u00e8s demain, jeudi 13 juin 2019, dans la plupart des r\u00e9gions tunisiennes, d\u00e9passant 45\u00b0C dans le sud du pays avec coup de sirocco.","og_url":"https:\/\/kapitalis.com\/tunisie\/2019\/06\/12\/canicule-en-tunisie-une-fin-de-semaine-marquee-par-une-hausse-des-temperatures\/","og_site_name":"Kapitalis","article_publisher":"https:\/\/www.facebook.com\/KapitalisInfo\/","article_published_time":"2019-06-12T16:12:02+00:00","article_modified_time":"2019-06-12T16:16:17+00:00","og_image":[{"width":1200,"height":630,"url":"https:\/\/kapitalis.com\/tunisie\/wp-content\/uploads\/2022\/05\/kapitalis-logo-fb.png","type":"image\/png"}],"author":"Yusra NY","twitter_card":"summary_large_image","twitter_creator":"@KapitalisInfo","twitter_site":"@KapitalisInfo","twitter_misc":{"\u00c9crit par":"Yusra NY","Dur\u00e9e de lecture estim\u00e9e":"1 minute"},"schema":{"@context":"https:\/\/schema.org","@graph":[{"@type":"Article","@id":"https:\/\/kapitalis.com\/tunisie\/2019\/06\/12\/canicule-en-tunisie-une-fin-de-semaine-marquee-par-une-hausse-des-temperatures\/#article","isPartOf":{"@id":"https:\/\/kapitalis.com\/tunisie\/2019\/06\/12\/canicule-en-tunisie-une-fin-de-semaine-marquee-par-une-hausse-des-temperatures\/"},"author":{"name":"Yusra NY","@id":"https:\/\/kapitalis.com\/tunisie\/#\/schema\/person\/74bbde0154d49d790a92aaeac5bc01d5"},"headline":"Canicule en Tunisie : Une fin de semaine marqu\u00e9e par une hausse des temp\u00e9ratures","datePublished":"2019-06-12T16:12:02+00:00","dateModified":"2019-06-12T16:16:17+00:00","mainEntityOfPage":{"@id":"https:\/\/kapitalis.com\/tunisie\/2019\/06\/12\/canicule-en-tunisie-une-fin-de-semaine-marquee-par-une-hausse-des-temperatures\/"},"wordCount":148,"commentCount":0,"publisher":{"@id":"https:\/\/kapitalis.com\/tunisie\/#organization"},"keywords":["canicule","INM","Institut National de la M\u00e9t\u00e9orologie","m\u00e9t\u00e9o","nord","sud tunisien"],"articleSection":["SOCIETE","Tunisie"],"inLanguage":"fr-FR","potentialAction":[{"@type":"CommentAction","name":"Comment","target":["https:\/\/kapitalis.com\/tunisie\/2019\/06\/12\/canicule-en-tunisie-une-fin-de-semaine-marquee-par-une-hausse-des-temperatures\/#respond"]}]},{"@type":"WebPage","@id":"https:\/\/kapitalis.com\/tunisie\/2019\/06\/12\/canicule-en-tunisie-une-fin-de-semaine-marquee-par-une-hausse-des-temperatures\/","url":"https:\/\/kapitalis.com\/tunisie\/2019\/06\/12\/canicule-en-tunisie-une-fin-de-semaine-marquee-par-une-hausse-des-temperatures\/","name":"Canicule en Tunisie : Une fin de semaine marqu\u00e9e par une hausse des temp\u00e9ratures - Kapitalis","isPartOf":{"@id":"https:\/\/kapitalis.com\/tunisie\/#website"},"datePublished":"2019-06-12T16:12:02+00:00","dateModified":"2019-06-12T16:16:17+00:00","breadcrumb":{"@id":"https:\/\/kapitalis.com\/tunisie\/2019\/06\/12\/canicule-en-tunisie-une-fin-de-semaine-marquee-par-une-hausse-des-temperatures\/#breadcrumb"},"inLanguage":"fr-FR","potentialAction":[{"@type":"ReadAction","target":["https:\/\/kapitalis.com\/tunisie\/2019\/06\/12\/canicule-en-tunisie-une-fin-de-semaine-marquee-par-une-hausse-des-temperatures\/"]}]},{"@type":"BreadcrumbList","@id":"https:\/\/kapitalis.com\/tunisie\/2019\/06\/12\/canicule-en-tunisie-une-fin-de-semaine-marquee-par-une-hausse-des-temperatures\/#breadcrumb","itemListElement":[{"@type":"ListItem","position":1,"name":"Accueil","item":"https:\/\/kapitalis.com\/tunisie\/"},{"@type":"ListItem","position":2,"name":"Canicule en Tunisie : Une fin de semaine marqu\u00e9e par une hausse des temp\u00e9ratures"}]},{"@type":"WebSite","@id":"https:\/\/kapitalis.com\/tunisie\/#website","url":"https:\/\/kapitalis.com\/tunisie\/","name":"Kapitalis","description":"L&#039;actualit\u00e9 en Tunisie et dans le monde","publisher":{"@id":"https:\/\/kapitalis.com\/tunisie\/#organization"},"potentialAction":[{"@type":"SearchAction","target":{"@type":"EntryPoint","urlTemplate":"https:\/\/kapitalis.com\/tunisie\/?s={search_term_string}"},"query-input":{"@type":"PropertyValueSpecification","valueRequired":true,"valueName":"search_term_string"}}],"inLanguage":"fr-FR"},{"@type":"Organization","@id":"https:\/\/kapitalis.com\/tunisie\/#organization","name":"Kapitalis","url":"https:\/\/kapitalis.com\/tunisie\/","logo":{"@type":"ImageObject","inLanguage":"fr-FR","@id":"https:\/\/kapitalis.com\/tunisie\/#\/schema\/logo\/image\/","url":"https:\/\/kapitalis.com\/tunisie\/wp-content\/uploads\/2022\/05\/Kapitalis-big-size.png","contentUrl":"https:\/\/kapitalis.com\/tunisie\/wp-content\/uploads\/2022\/05\/Kapitalis-big-size.png","width":5000,"height":1500,"caption":"Kapitalis"},"image":{"@id":"https:\/\/kapitalis.com\/tunisie\/#\/schema\/logo\/image\/"},"sameAs":["https:\/\/www.facebook.com\/KapitalisInfo\/","https:\/\/x.com\/KapitalisInfo","https:\/\/www.youtube.com\/channel\/UC-yDYrHyfFBWWZaOw3FPg9Q"]},{"@type":"Person","@id":"https:\/\/kapitalis.com\/tunisie\/#\/schema\/person\/74bbde0154d49d790a92aaeac5bc01d5","name":"Yusra NY","url":"https:\/\/kapitalis.com\/tunisie\/author\/yuza_adam\/"}]}},"_links":{"self":[{"href":"https:\/\/kapitalis.com\/tunisie\/wp-json\/wp\/v2\/posts\/217707","targetHints":{"allow":["GET"]}}],"collection":[{"href":"https:\/\/kapitalis.com\/tunisie\/wp-json\/wp\/v2\/posts"}],"about":[{"href":"https:\/\/kapitalis.com\/tunisie\/wp-json\/wp\/v2\/types\/post"}],"author":[{"embeddable":true,"href":"https:\/\/kapitalis.com\/tunisie\/wp-json\/wp\/v2\/users\/6"}],"replies":[{"embeddable":true,"href":"https:\/\/kapitalis.com\/tunisie\/wp-json\/wp\/v2\/comments?post=217707"}],"version-history":[{"count":0,"href":"https:\/\/kapitalis.com\/tunisie\/wp-json\/wp\/v2\/posts\/217707\/revisions"}],"wp:attachment":[{"href":"https:\/\/kapitalis.com\/tunisie\/wp-json\/wp\/v2\/media?parent=217707"}],"wp:term":[{"taxonomy":"category","embeddable":true,"href":"https:\/\/kapitalis.com\/tunisie\/wp-json\/wp\/v2\/categories?post=217707"},{"taxonomy":"post_tag","embeddable":true,"href":"https:\/\/kapitalis.com\/tunisie\/wp-json\/wp\/v2\/tags?post=217707"}],"curies":[{"name":"wp","href":"https:\/\/api.w.org\/{rel}","templated":true}]}}