{"id":21775,"date":"2015-10-27T13:58:39","date_gmt":"2015-10-27T12:58:39","guid":{"rendered":"http:\/\/kapitalis.com\/tunisie\/?p=21775"},"modified":"2015-10-27T14:12:46","modified_gmt":"2015-10-27T13:12:46","slug":"mirvet-zaouia-accuse-ecartee-pour-avoir-denonce-une-tentative-de-viol","status":"publish","type":"post","link":"https:\/\/kapitalis.com\/tunisie\/2015\/10\/27\/mirvet-zaouia-accuse-ecartee-pour-avoir-denonce-une-tentative-de-viol\/","title":{"rendered":"Mirvet Zaouia accuse: \u00abEcart\u00e9e pour avoir d\u00e9nonc\u00e9 une tentative de viol\u00bb (vid\u00e9o)"},"content":{"rendered":"<p><img loading=\"lazy\" decoding=\"async\" class=\"alignnone size-full wp-image-21776 aligncenter\" src=\"http:\/\/kapitalis.com\/tunisie\/wp-content\/uploads\/2015\/10\/Mirvet-Zaouia.jpg\" alt=\"Mirvet-Zaouia\" width=\"626\" height=\"380\" \/><\/p>\n<p><em><strong>L\u2019arbitre de karat\u00e9 Mirvet Zaouia a r\u00e9v\u00e9l\u00e9 avoir \u00e9t\u00e9 victime, en 2013, d\u2019une tentative de viol de la part d\u2019un membre de la F\u00e9d\u00e9ration tunisienne de karat\u00e9 (FTK).<\/strong><\/em><\/p>\n<p><!--more--><\/p>\n<p>L\u2019ancienne karat\u00e9ka et actuelle arbitre de sa discipline a d\u00e9nonc\u00e9, hier soir, dans l\u2019\u00e9mission \u2018<em>\u2018Stade Ettounsia<\/em>\u2019\u2019 sur la chaine El-Hiwar Ettounsi, le harc\u00e8lement sexuel et m\u00eame une tentative de viol dont elle dit avoir \u00e9t\u00e9 \u00e9t\u00e9 victime de la part d\u2019un membre de\u00a0 l\u2019actuelle commission des arbitres de la FTK, dont elle n\u2019a pas indiqu\u00e9 le nom, se contentant de pr\u00e9ciser qu\u2019il \u00e9tait, en 2013, membre du bureau directeur de la FTK.<\/p>\n<p>Cette d\u00e9nonciation est la cause de sa mise \u00e0 l\u2019\u00e9cart du corps national d\u2019arbitrage, a-t-elle pr\u00e9tendu.<\/p>\n<p>L\u2019ancienne karat\u00e9ka, d\u00e9tentrice d\u2019un 4e dan, a appel\u00e9 les autorit\u00e9s, et notamment le chef du gouvernement Habib Essid (pas moins ?), \u00e0 ordonner l\u2019ouverture d\u2019une enqu\u00eate pour d\u00e9terminer les responsabilit\u00e9s dans cette affaire.<\/p>\n<p><em>\u00abHassan Korbi, pr\u00e9sident de la FTK, est t\u00e9moin. Je lui ai tout racont\u00e9, mais il a peur et ne parlera jamais\u00bb<\/em>, a-t-elle ajout\u00e9, tout en pr\u00e9cisant qu\u2019elle a \u00e9t\u00e9 emp\u00each\u00e9e de passer le concours d\u2019arbitrage pour participer aux mondiaux de Jakarta, en novembre prochain.<\/p>\n<p><em>\u00abJ\u2019ai d\u00e9fendu mon honneur, mais la f\u00e9d\u00e9ration n\u2019a pas appr\u00e9ci\u00e9. Elle a alors d\u00e9cid\u00e9 de m\u2019\u00e9carter\u00bb<\/em>, a-t-elle insist\u00e9.<\/p>\n<p>Pour les membres de la FTK, il s\u2019agit-l\u00e0 de fausses accusations et d\u2019une machination visant \u00e0 mettre la pression sur eux pour qu\u2019ils acceptent la candidature de l\u2019int\u00e9ress\u00e9e pour tous les concours d\u2019arbitrage aux d\u00e9pens de ses coll\u00e8gues. \u00ab<em>Ses accusations vagues et infond\u00e9es salissent l\u2019image de la f\u00e9d\u00e9ration dans son ensemble<\/em>\u00bb, a-t-on d\u00e9plor\u00e9.<\/p>\n<div class=\"embed\">\n<div class=\"video\"><iframe loading=\"lazy\" id=\"div1\" src=\"https:\/\/www.youtube.com\/embed\/L4lleQ-V294?rel=0&amp;iv_load_policy=3&amp;showinfo=0&amp;modestbranding=1&amp;fs=1\" width=\"560\" height=\"315\" frameborder=\"0\" allowfullscreen=\"allowfullscreen\"><\/iframe><\/div>\n<\/div>\n<p>&nbsp;<\/p>\n<p style=\"text-align: right;\"><strong>Y. N.<\/strong><\/p>\n","protected":false},"excerpt":{"rendered":"<p>L\u2019arbitre de karat\u00e9 Mirvet Zaouia a r\u00e9v\u00e9l\u00e9 avoir \u00e9t\u00e9 victime, en 2013, d\u2019une tentative de viol de la part d\u2019un membre de la F\u00e9d\u00e9ration tunisienne de karat\u00e9 (FTK).<\/p>\n","protected":false},"author":8,"featured_media":21776,"comment_status":"open","ping_status":"open","sticky":false,"template":"","format":"standard","meta":{"footnotes":""},"categories":[999,2433],"tags":[8651,1763,435,5537,4949],"class_list":["post-21775","post","type-post","status-publish","format-standard","has-post-thumbnail","hentry","category-sport","category-tunisie","tag-arbitrage","tag-federation","tag-habib-essid","tag-harcelement","tag-tentative-viol"],"yoast_head":"<!-- This site is optimized with the Yoast SEO plugin v26.6 - https:\/\/yoast.com\/wordpress\/plugins\/seo\/ -->\n<title>Mirvet Zaouia accuse: \u00abEcart\u00e9e pour avoir d\u00e9nonc\u00e9 une tentative de viol\u00bb (vid\u00e9o) - Kapitalis<\/title>\n<meta name=\"robots\" content=\"index, follow, max-snippet:-1, max-image-preview:large, max-video-preview:-1\" \/>\n<link rel=\"canonical\" href=\"https:\/\/kapitalis.com\/tunisie\/2015\/10\/27\/mirvet-zaouia-accuse-ecartee-pour-avoir-denonce-une-tentative-de-viol\/\" \/>\n<meta property=\"og:locale\" content=\"fr_FR\" \/>\n<meta property=\"og:type\" content=\"article\" \/>\n<meta property=\"og:title\" content=\"Mirvet Zaouia accuse: \u00abEcart\u00e9e pour avoir d\u00e9nonc\u00e9 une tentative de viol\u00bb (vid\u00e9o) - Kapitalis\" \/>\n<meta property=\"og:description\" content=\"L\u2019arbitre de karat\u00e9 Mirvet Zaouia a r\u00e9v\u00e9l\u00e9 avoir \u00e9t\u00e9 victime, en 2013, d\u2019une tentative de viol de la part d\u2019un membre de la F\u00e9d\u00e9ration tunisienne de karat\u00e9 (FTK).\" \/>\n<meta property=\"og:url\" content=\"https:\/\/kapitalis.com\/tunisie\/2015\/10\/27\/mirvet-zaouia-accuse-ecartee-pour-avoir-denonce-une-tentative-de-viol\/\" \/>\n<meta property=\"og:site_name\" content=\"Kapitalis\" \/>\n<meta property=\"article:publisher\" content=\"https:\/\/www.facebook.com\/KapitalisInfo\/\" \/>\n<meta property=\"article:published_time\" content=\"2015-10-27T12:58:39+00:00\" \/>\n<meta property=\"article:modified_time\" content=\"2015-10-27T13:12:46+00:00\" \/>\n<meta property=\"og:image\" content=\"https:\/\/kapitalis.com\/tunisie\/wp-content\/uploads\/2022\/05\/kapitalis-logo-fb.png\" \/>\n\t<meta property=\"og:image:width\" content=\"1200\" \/>\n\t<meta property=\"og:image:height\" content=\"630\" \/>\n\t<meta property=\"og:image:type\" content=\"image\/png\" \/>\n<meta name=\"author\" content=\"webmaster kapitalis\" \/>\n<meta name=\"twitter:card\" content=\"summary_large_image\" \/>\n<meta name=\"twitter:creator\" content=\"@KapitalisInfo\" \/>\n<meta name=\"twitter:site\" content=\"@KapitalisInfo\" \/>\n<meta name=\"twitter:label1\" content=\"\u00c9crit par\" \/>\n\t<meta name=\"twitter:data1\" content=\"webmaster kapitalis\" \/>\n\t<meta name=\"twitter:label2\" content=\"Dur\u00e9e de lecture estim\u00e9e\" \/>\n\t<meta name=\"twitter:data2\" content=\"2 minutes\" \/>\n<script type=\"application\/ld+json\" class=\"yoast-schema-graph\">{\"@context\":\"https:\/\/schema.org\",\"@graph\":[{\"@type\":\"Article\",\"@id\":\"https:\/\/kapitalis.com\/tunisie\/2015\/10\/27\/mirvet-zaouia-accuse-ecartee-pour-avoir-denonce-une-tentative-de-viol\/#article\",\"isPartOf\":{\"@id\":\"https:\/\/kapitalis.com\/tunisie\/2015\/10\/27\/mirvet-zaouia-accuse-ecartee-pour-avoir-denonce-une-tentative-de-viol\/\"},\"author\":{\"name\":\"webmaster kapitalis\",\"@id\":\"https:\/\/kapitalis.com\/tunisie\/#\/schema\/person\/d71f33a9ca44f7bad4698210b480c8e9\"},\"headline\":\"Mirvet Zaouia accuse: \u00abEcart\u00e9e pour avoir d\u00e9nonc\u00e9 une tentative de viol\u00bb (vid\u00e9o)\",\"datePublished\":\"2015-10-27T12:58:39+00:00\",\"dateModified\":\"2015-10-27T13:12:46+00:00\",\"mainEntityOfPage\":{\"@id\":\"https:\/\/kapitalis.com\/tunisie\/2015\/10\/27\/mirvet-zaouia-accuse-ecartee-pour-avoir-denonce-une-tentative-de-viol\/\"},\"wordCount\":337,\"commentCount\":2,\"publisher\":{\"@id\":\"https:\/\/kapitalis.com\/tunisie\/#organization\"},\"image\":{\"@id\":\"https:\/\/kapitalis.com\/tunisie\/2015\/10\/27\/mirvet-zaouia-accuse-ecartee-pour-avoir-denonce-une-tentative-de-viol\/#primaryimage\"},\"thumbnailUrl\":\"\",\"keywords\":[\"arbitrage\",\"f\u00e9d\u00e9ration\",\"Habib Essid\",\"harc\u00e8lement\",\"tentative viol\"],\"articleSection\":[\"SPORT\",\"Tunisie\"],\"inLanguage\":\"fr-FR\",\"potentialAction\":[{\"@type\":\"CommentAction\",\"name\":\"Comment\",\"target\":[\"https:\/\/kapitalis.com\/tunisie\/2015\/10\/27\/mirvet-zaouia-accuse-ecartee-pour-avoir-denonce-une-tentative-de-viol\/#respond\"]}]},{\"@type\":\"WebPage\",\"@id\":\"https:\/\/kapitalis.com\/tunisie\/2015\/10\/27\/mirvet-zaouia-accuse-ecartee-pour-avoir-denonce-une-tentative-de-viol\/\",\"url\":\"https:\/\/kapitalis.com\/tunisie\/2015\/10\/27\/mirvet-zaouia-accuse-ecartee-pour-avoir-denonce-une-tentative-de-viol\/\",\"name\":\"Mirvet Zaouia accuse: \u00abEcart\u00e9e pour avoir d\u00e9nonc\u00e9 une tentative de viol\u00bb (vid\u00e9o) - Kapitalis\",\"isPartOf\":{\"@id\":\"https:\/\/kapitalis.com\/tunisie\/#website\"},\"primaryImageOfPage\":{\"@id\":\"https:\/\/kapitalis.com\/tunisie\/2015\/10\/27\/mirvet-zaouia-accuse-ecartee-pour-avoir-denonce-une-tentative-de-viol\/#primaryimage\"},\"image\":{\"@id\":\"https:\/\/kapitalis.com\/tunisie\/2015\/10\/27\/mirvet-zaouia-accuse-ecartee-pour-avoir-denonce-une-tentative-de-viol\/#primaryimage\"},\"thumbnailUrl\":\"\",\"datePublished\":\"2015-10-27T12:58:39+00:00\",\"dateModified\":\"2015-10-27T13:12:46+00:00\",\"breadcrumb\":{\"@id\":\"https:\/\/kapitalis.com\/tunisie\/2015\/10\/27\/mirvet-zaouia-accuse-ecartee-pour-avoir-denonce-une-tentative-de-viol\/#breadcrumb\"},\"inLanguage\":\"fr-FR\",\"potentialAction\":[{\"@type\":\"ReadAction\",\"target\":[\"https:\/\/kapitalis.com\/tunisie\/2015\/10\/27\/mirvet-zaouia-accuse-ecartee-pour-avoir-denonce-une-tentative-de-viol\/\"]}]},{\"@type\":\"ImageObject\",\"inLanguage\":\"fr-FR\",\"@id\":\"https:\/\/kapitalis.com\/tunisie\/2015\/10\/27\/mirvet-zaouia-accuse-ecartee-pour-avoir-denonce-une-tentative-de-viol\/#primaryimage\",\"url\":\"\",\"contentUrl\":\"\"},{\"@type\":\"BreadcrumbList\",\"@id\":\"https:\/\/kapitalis.com\/tunisie\/2015\/10\/27\/mirvet-zaouia-accuse-ecartee-pour-avoir-denonce-une-tentative-de-viol\/#breadcrumb\",\"itemListElement\":[{\"@type\":\"ListItem\",\"position\":1,\"name\":\"Accueil\",\"item\":\"https:\/\/kapitalis.com\/tunisie\/\"},{\"@type\":\"ListItem\",\"position\":2,\"name\":\"Mirvet Zaouia accuse: \u00abEcart\u00e9e pour avoir d\u00e9nonc\u00e9 une tentative de viol\u00bb (vid\u00e9o)\"}]},{\"@type\":\"WebSite\",\"@id\":\"https:\/\/kapitalis.com\/tunisie\/#website\",\"url\":\"https:\/\/kapitalis.com\/tunisie\/\",\"name\":\"Kapitalis\",\"description\":\"L&#039;actualit\u00e9 en Tunisie et dans le monde\",\"publisher\":{\"@id\":\"https:\/\/kapitalis.com\/tunisie\/#organization\"},\"potentialAction\":[{\"@type\":\"SearchAction\",\"target\":{\"@type\":\"EntryPoint\",\"urlTemplate\":\"https:\/\/kapitalis.com\/tunisie\/?s={search_term_string}\"},\"query-input\":{\"@type\":\"PropertyValueSpecification\",\"valueRequired\":true,\"valueName\":\"search_term_string\"}}],\"inLanguage\":\"fr-FR\"},{\"@type\":\"Organization\",\"@id\":\"https:\/\/kapitalis.com\/tunisie\/#organization\",\"name\":\"Kapitalis\",\"url\":\"https:\/\/kapitalis.com\/tunisie\/\",\"logo\":{\"@type\":\"ImageObject\",\"inLanguage\":\"fr-FR\",\"@id\":\"https:\/\/kapitalis.com\/tunisie\/#\/schema\/logo\/image\/\",\"url\":\"https:\/\/kapitalis.com\/tunisie\/wp-content\/uploads\/2022\/05\/Kapitalis-big-size.png\",\"contentUrl\":\"https:\/\/kapitalis.com\/tunisie\/wp-content\/uploads\/2022\/05\/Kapitalis-big-size.png\",\"width\":5000,\"height\":1500,\"caption\":\"Kapitalis\"},\"image\":{\"@id\":\"https:\/\/kapitalis.com\/tunisie\/#\/schema\/logo\/image\/\"},\"sameAs\":[\"https:\/\/www.facebook.com\/KapitalisInfo\/\",\"https:\/\/x.com\/KapitalisInfo\",\"https:\/\/www.youtube.com\/channel\/UC-yDYrHyfFBWWZaOw3FPg9Q\"]},{\"@type\":\"Person\",\"@id\":\"https:\/\/kapitalis.com\/tunisie\/#\/schema\/person\/d71f33a9ca44f7bad4698210b480c8e9\",\"name\":\"webmaster kapitalis\",\"url\":\"https:\/\/kapitalis.com\/tunisie\/author\/webmaster-kapitalis\/\"}]}<\/script>\n<!-- \/ Yoast SEO plugin. -->","yoast_head_json":{"title":"Mirvet Zaouia accuse: \u00abEcart\u00e9e pour avoir d\u00e9nonc\u00e9 une tentative de viol\u00bb (vid\u00e9o) - Kapitalis","robots":{"index":"index","follow":"follow","max-snippet":"max-snippet:-1","max-image-preview":"max-image-preview:large","max-video-preview":"max-video-preview:-1"},"canonical":"https:\/\/kapitalis.com\/tunisie\/2015\/10\/27\/mirvet-zaouia-accuse-ecartee-pour-avoir-denonce-une-tentative-de-viol\/","og_locale":"fr_FR","og_type":"article","og_title":"Mirvet Zaouia accuse: \u00abEcart\u00e9e pour avoir d\u00e9nonc\u00e9 une tentative de viol\u00bb (vid\u00e9o) - Kapitalis","og_description":"L\u2019arbitre de karat\u00e9 Mirvet Zaouia a r\u00e9v\u00e9l\u00e9 avoir \u00e9t\u00e9 victime, en 2013, d\u2019une tentative de viol de la part d\u2019un membre de la F\u00e9d\u00e9ration tunisienne de karat\u00e9 (FTK).","og_url":"https:\/\/kapitalis.com\/tunisie\/2015\/10\/27\/mirvet-zaouia-accuse-ecartee-pour-avoir-denonce-une-tentative-de-viol\/","og_site_name":"Kapitalis","article_publisher":"https:\/\/www.facebook.com\/KapitalisInfo\/","article_published_time":"2015-10-27T12:58:39+00:00","article_modified_time":"2015-10-27T13:12:46+00:00","og_image":[{"width":1200,"height":630,"url":"https:\/\/kapitalis.com\/tunisie\/wp-content\/uploads\/2022\/05\/kapitalis-logo-fb.png","type":"image\/png"}],"author":"webmaster kapitalis","twitter_card":"summary_large_image","twitter_creator":"@KapitalisInfo","twitter_site":"@KapitalisInfo","twitter_misc":{"\u00c9crit par":"webmaster kapitalis","Dur\u00e9e de lecture estim\u00e9e":"2 minutes"},"schema":{"@context":"https:\/\/schema.org","@graph":[{"@type":"Article","@id":"https:\/\/kapitalis.com\/tunisie\/2015\/10\/27\/mirvet-zaouia-accuse-ecartee-pour-avoir-denonce-une-tentative-de-viol\/#article","isPartOf":{"@id":"https:\/\/kapitalis.com\/tunisie\/2015\/10\/27\/mirvet-zaouia-accuse-ecartee-pour-avoir-denonce-une-tentative-de-viol\/"},"author":{"name":"webmaster kapitalis","@id":"https:\/\/kapitalis.com\/tunisie\/#\/schema\/person\/d71f33a9ca44f7bad4698210b480c8e9"},"headline":"Mirvet Zaouia accuse: \u00abEcart\u00e9e pour avoir d\u00e9nonc\u00e9 une tentative de viol\u00bb (vid\u00e9o)","datePublished":"2015-10-27T12:58:39+00:00","dateModified":"2015-10-27T13:12:46+00:00","mainEntityOfPage":{"@id":"https:\/\/kapitalis.com\/tunisie\/2015\/10\/27\/mirvet-zaouia-accuse-ecartee-pour-avoir-denonce-une-tentative-de-viol\/"},"wordCount":337,"commentCount":2,"publisher":{"@id":"https:\/\/kapitalis.com\/tunisie\/#organization"},"image":{"@id":"https:\/\/kapitalis.com\/tunisie\/2015\/10\/27\/mirvet-zaouia-accuse-ecartee-pour-avoir-denonce-une-tentative-de-viol\/#primaryimage"},"thumbnailUrl":"","keywords":["arbitrage","f\u00e9d\u00e9ration","Habib Essid","harc\u00e8lement","tentative viol"],"articleSection":["SPORT","Tunisie"],"inLanguage":"fr-FR","potentialAction":[{"@type":"CommentAction","name":"Comment","target":["https:\/\/kapitalis.com\/tunisie\/2015\/10\/27\/mirvet-zaouia-accuse-ecartee-pour-avoir-denonce-une-tentative-de-viol\/#respond"]}]},{"@type":"WebPage","@id":"https:\/\/kapitalis.com\/tunisie\/2015\/10\/27\/mirvet-zaouia-accuse-ecartee-pour-avoir-denonce-une-tentative-de-viol\/","url":"https:\/\/kapitalis.com\/tunisie\/2015\/10\/27\/mirvet-zaouia-accuse-ecartee-pour-avoir-denonce-une-tentative-de-viol\/","name":"Mirvet Zaouia accuse: \u00abEcart\u00e9e pour avoir d\u00e9nonc\u00e9 une tentative de viol\u00bb (vid\u00e9o) - Kapitalis","isPartOf":{"@id":"https:\/\/kapitalis.com\/tunisie\/#website"},"primaryImageOfPage":{"@id":"https:\/\/kapitalis.com\/tunisie\/2015\/10\/27\/mirvet-zaouia-accuse-ecartee-pour-avoir-denonce-une-tentative-de-viol\/#primaryimage"},"image":{"@id":"https:\/\/kapitalis.com\/tunisie\/2015\/10\/27\/mirvet-zaouia-accuse-ecartee-pour-avoir-denonce-une-tentative-de-viol\/#primaryimage"},"thumbnailUrl":"","datePublished":"2015-10-27T12:58:39+00:00","dateModified":"2015-10-27T13:12:46+00:00","breadcrumb":{"@id":"https:\/\/kapitalis.com\/tunisie\/2015\/10\/27\/mirvet-zaouia-accuse-ecartee-pour-avoir-denonce-une-tentative-de-viol\/#breadcrumb"},"inLanguage":"fr-FR","potentialAction":[{"@type":"ReadAction","target":["https:\/\/kapitalis.com\/tunisie\/2015\/10\/27\/mirvet-zaouia-accuse-ecartee-pour-avoir-denonce-une-tentative-de-viol\/"]}]},{"@type":"ImageObject","inLanguage":"fr-FR","@id":"https:\/\/kapitalis.com\/tunisie\/2015\/10\/27\/mirvet-zaouia-accuse-ecartee-pour-avoir-denonce-une-tentative-de-viol\/#primaryimage","url":"","contentUrl":""},{"@type":"BreadcrumbList","@id":"https:\/\/kapitalis.com\/tunisie\/2015\/10\/27\/mirvet-zaouia-accuse-ecartee-pour-avoir-denonce-une-tentative-de-viol\/#breadcrumb","itemListElement":[{"@type":"ListItem","position":1,"name":"Accueil","item":"https:\/\/kapitalis.com\/tunisie\/"},{"@type":"ListItem","position":2,"name":"Mirvet Zaouia accuse: \u00abEcart\u00e9e pour avoir d\u00e9nonc\u00e9 une tentative de viol\u00bb (vid\u00e9o)"}]},{"@type":"WebSite","@id":"https:\/\/kapitalis.com\/tunisie\/#website","url":"https:\/\/kapitalis.com\/tunisie\/","name":"Kapitalis","description":"L&#039;actualit\u00e9 en Tunisie et dans le monde","publisher":{"@id":"https:\/\/kapitalis.com\/tunisie\/#organization"},"potentialAction":[{"@type":"SearchAction","target":{"@type":"EntryPoint","urlTemplate":"https:\/\/kapitalis.com\/tunisie\/?s={search_term_string}"},"query-input":{"@type":"PropertyValueSpecification","valueRequired":true,"valueName":"search_term_string"}}],"inLanguage":"fr-FR"},{"@type":"Organization","@id":"https:\/\/kapitalis.com\/tunisie\/#organization","name":"Kapitalis","url":"https:\/\/kapitalis.com\/tunisie\/","logo":{"@type":"ImageObject","inLanguage":"fr-FR","@id":"https:\/\/kapitalis.com\/tunisie\/#\/schema\/logo\/image\/","url":"https:\/\/kapitalis.com\/tunisie\/wp-content\/uploads\/2022\/05\/Kapitalis-big-size.png","contentUrl":"https:\/\/kapitalis.com\/tunisie\/wp-content\/uploads\/2022\/05\/Kapitalis-big-size.png","width":5000,"height":1500,"caption":"Kapitalis"},"image":{"@id":"https:\/\/kapitalis.com\/tunisie\/#\/schema\/logo\/image\/"},"sameAs":["https:\/\/www.facebook.com\/KapitalisInfo\/","https:\/\/x.com\/KapitalisInfo","https:\/\/www.youtube.com\/channel\/UC-yDYrHyfFBWWZaOw3FPg9Q"]},{"@type":"Person","@id":"https:\/\/kapitalis.com\/tunisie\/#\/schema\/person\/d71f33a9ca44f7bad4698210b480c8e9","name":"webmaster kapitalis","url":"https:\/\/kapitalis.com\/tunisie\/author\/webmaster-kapitalis\/"}]}},"_links":{"self":[{"href":"https:\/\/kapitalis.com\/tunisie\/wp-json\/wp\/v2\/posts\/21775","targetHints":{"allow":["GET"]}}],"collection":[{"href":"https:\/\/kapitalis.com\/tunisie\/wp-json\/wp\/v2\/posts"}],"about":[{"href":"https:\/\/kapitalis.com\/tunisie\/wp-json\/wp\/v2\/types\/post"}],"author":[{"embeddable":true,"href":"https:\/\/kapitalis.com\/tunisie\/wp-json\/wp\/v2\/users\/8"}],"replies":[{"embeddable":true,"href":"https:\/\/kapitalis.com\/tunisie\/wp-json\/wp\/v2\/comments?post=21775"}],"version-history":[{"count":0,"href":"https:\/\/kapitalis.com\/tunisie\/wp-json\/wp\/v2\/posts\/21775\/revisions"}],"wp:featuredmedia":[{"embeddable":true,"href":"https:\/\/kapitalis.com\/tunisie\/wp-json\/wp\/v2\/media\/21776"}],"wp:attachment":[{"href":"https:\/\/kapitalis.com\/tunisie\/wp-json\/wp\/v2\/media?parent=21775"}],"wp:term":[{"taxonomy":"category","embeddable":true,"href":"https:\/\/kapitalis.com\/tunisie\/wp-json\/wp\/v2\/categories?post=21775"},{"taxonomy":"post_tag","embeddable":true,"href":"https:\/\/kapitalis.com\/tunisie\/wp-json\/wp\/v2\/tags?post=21775"}],"curies":[{"name":"wp","href":"https:\/\/api.w.org\/{rel}","templated":true}]}}