{"id":218666,"date":"2019-06-17T12:25:29","date_gmt":"2019-06-17T11:25:29","guid":{"rendered":"http:\/\/kapitalis.com\/tunisie\/?p=218666"},"modified":"2019-06-17T12:25:32","modified_gmt":"2019-06-17T11:25:32","slug":"la-protection-des-donnees-individuelles-est-en-retard-en-tunisie-declare-wafa-ben-hassine-de-access-now","status":"publish","type":"post","link":"https:\/\/kapitalis.com\/tunisie\/2019\/06\/17\/la-protection-des-donnees-individuelles-est-en-retard-en-tunisie-declare-wafa-ben-hassine-de-access-now\/","title":{"rendered":"La protection des donn\u00e9es individuelles est en retard en Tunisie, d\u00e9clare Wafa Ben-Hassine de Access Now"},"content":{"rendered":"\n<figure class=\"wp-block-image\"><img decoding=\"async\" src=\"http:\/\/kapitalis.com\/tunisie\/wp-content\/uploads\/2019\/06\/Wafa-Ben-Hassine-Access-Now.jpg\" alt=\"\" class=\"wp-image-218701\"\/><\/figure>\n\n\n\n<p><strong><em>Le journal fran\u00e7ais <a href=\"https:\/\/www.lemonde.fr\/afrique\/article\/2019\/06\/14\/la-tunisie-est-tres-en-retard-sur-la-protection-des-donnees-individuelles_5476206_3212.html\" target=\"_blank\" rel=\"noreferrer noopener\" aria-label=\"&quot;Le Monde&quot;  (s\u2019ouvre dans un nouvel onglet)\">\u00ab\u00a0Le Monde\u00a0\u00bb <\/a>a publi\u00e9, le 14 juin 2019, une interview de Wafa Ben-Hassine, de l\u2019Ong de d\u00e9fense des droits humains<\/em><\/strong> \u00ab<strong><em><a rel=\"noreferrer noopener\" aria-label=\"Access Now (s\u2019ouvre dans un nouvel onglet)\" href=\"https:\/\/www.accessnow.org\/\" target=\"_blank\">Access Now<\/a><\/em><\/strong>\u00bb<strong><em>, sur la situation du pays en mati\u00e8re de protection des libert\u00e9s num\u00e9riques, jug\u00e9e tr\u00e8s en retard.<\/em><\/strong><\/p>\n\n\n\n<!--more-->\n\n\n\n<p>C&rsquo;est en marge de <a href=\"http:\/\/kapitalis.com\/tunisie\/2019\/06\/05\/la-conference-internationale-rightscon-a-tunis-du-11-au-14-juin-2019\/\">RightsCon 2019<\/a>, un rendez-vous international consacr\u00e9 essentiellement aux libert\u00e9s sur internet, et \u00e0 l\u2019impact social des technologies, qui vient de se se terminer \u00e0 Tunis le 14 juin, que Wafa Ben Hassine a livr\u00e9 ses d\u00e9clarations au journal<a href=\"https:\/\/www.lemonde.fr\/afrique\/article\/2019\/06\/14\/la-tunisie-est-tres-en-retard-sur-la-protection-des-donnees-individuelles_5476206_3212.html\" target=\"_blank\" rel=\"noreferrer noopener\" aria-label=\" &quot;Le Monde&quot;. (s\u2019ouvre dans un nouvel onglet)\"> <\/a><em><a href=\"https:\/\/www.lemonde.fr\/afrique\/article\/2019\/06\/14\/la-tunisie-est-tres-en-retard-sur-la-protection-des-donnees-individuelles_5476206_3212.html\" target=\"_blank\" rel=\"noreferrer noopener\" aria-label=\" &quot;Le Monde&quot;. (s\u2019ouvre dans un nouvel onglet)\">\u00ab\u00a0Le Monde\u00a0\u00bb<\/a><\/em><a href=\"https:\/\/www.lemonde.fr\/afrique\/article\/2019\/06\/14\/la-tunisie-est-tres-en-retard-sur-la-protection-des-donnees-individuelles_5476206_3212.html\" target=\"_blank\" rel=\"noreferrer noopener\" aria-label=\" &quot;Le Monde&quot;. (s\u2019ouvre dans un nouvel onglet)\">.<\/a> <\/p>\n\n\n\n<p>A cette occasion, Wafa Ben-Hassine, directrice du bureau Moyen-Orient et Afrique du Nord pour l\u2019organisation non gouvernementale (Ong) Access Now, d\u00e9clare, que <em>\u00abbeaucoup de regards sont braqu\u00e9s sur la Tunisie, qui reste un mod\u00e8le de transition d\u00e9mocratique pour la r\u00e9gion. Nous sommes donc dans une situation o\u00f9 \u00ab\u00a0\u00e7a passe ou \u00e7a casse\u00a0\u00bb\u00bb. <\/em><\/p>\n\n\n\n<p>L&rsquo;activiste tunisienne encha\u00eene : <em>\u00abC\u2019est la premi\u00e8re fois que nous faisons cet \u00e9v\u00e9nement dans un pays arabe, et c\u2019est aussi pour montrer que nous sommes tr\u00e8s vigilants aux acquis en mati\u00e8re de droits humains en Tunisie. Le RightsCon est un peu un rappel de ce pour quoi nous nous sommes battus, lors de la r\u00e9volution de 2011. Pour moi, le plus important reste cette soci\u00e9t\u00e9 civile, qui a contribu\u00e9 \u00e0 pr\u00e9server la Tunisie de certaines d\u00e9rives autoritaires, qui ont touch\u00e9 le reste des pays touch\u00e9s par le \u00ab\u00a0Printemps arabe\u00a0\u00bb. L\u2019autre objectif de cet \u00e9v\u00e9nement est de rappeler \u00e0 quel point la Tunisie doit s\u2019int\u00e9grer dans le monde moderne, pour contrer la corruption et les atteintes \u00e0 la vie d\u00e9mocratique\u00bb.<\/em><\/p>\n\n\n\n<p>A la question sur l&rsquo;\u00e9tat des lieux des libert\u00e9s sur Internet, 8 ans apr\u00e8s la r\u00e9volution tunisienne, Wafa r\u00e9pond: <em>\u00abNous n\u2019avons plus de censure, et chacun peut acc\u00e9der \u00e0 ce qu\u2019il souhaite sur internet. En 2012, il y a eu une tentative en justice d\u2019interdire les sites pornographiques, et cela n\u2019a pas march\u00e9. C\u2019\u00e9tait un moment o\u00f9 l\u2019on a tent\u00e9 de d\u00e9fier l\u2019ATI, Agence tunisienne d\u2019Internet, car tous les contenus \u00e9taient libres. Mais le fait que ce soit un \u00e9chec, montre bien les avanc\u00e9es, en mati\u00e8re de libert\u00e9s digitales.<\/em>\u00bb <\/p>\n\n\n\n<div class=\"wp-block-image\"><figure class=\"aligncenter\"><img decoding=\"async\" src=\"http:\/\/kapitalis.com\/tunisie\/wp-content\/uploads\/2019\/06\/RightsCon-Tunis-2019-1.jpg\" alt=\"\" class=\"wp-image-218703\"\/><\/figure><\/div>\n\n\n\n<p>A propos de l&rsquo;arrestation arbitraire de blogueurs ou de personnes ayant une certaine audience sur Facebook en d\u00e9but d&rsquo;ann\u00e9e, Wafa r\u00e9pond que <em>\u00abc\u2019est une vraie menace, il faut absolument rester vigilant, car la Tunisie est encore un pays o\u00f9 <\/em><a href=\"https:\/\/www.accessnow.org\/tunisie-la-liberte-dexpression-est-elle-menacee-cause-de-la-crise-economique\/\"><em>des abus\u00a0<\/em><\/a><em>sont commis. Mais au moins nous pouvons en parler&#8230;.\u00bb.<\/em><\/p>\n\n\n\n<p>Quant \u00e0 la question sur le niveau de protection des donn\u00e9es personnelles \u00e0 la veille des \u00e9lections, Wafa estime : <em>\u00abNous sommes tr\u00e8s en retard, mais il y a une vigilance de la soci\u00e9t\u00e9 civile. Par exemple, en 2016, le minist\u00e8re de l\u2019int\u00e9rieur tunisien a propos\u00e9 <\/em><a href=\"https:\/\/inkyfada.com\/fr\/2018\/03\/22\/carte-identite-biometrique-tunisie\/\"><em>un projet de loi sur la carte d\u2019identit\u00e9 biom\u00e9trique<\/em><\/a><em>. Le texte a \u00e9t\u00e9 retir\u00e9 deux ans apr\u00e8s, ce qui a \u00e9t\u00e9 une victoire pour nous. &#8230; il faut les infrastructures derri\u00e8re pour assurer la protection des donn\u00e9es. Nous ne pouvons pas passer subitement \u00e0 de nouvelles technologies, sans avoir fait d\u2019\u00e9tude d\u2019impact ni de recherches pr\u00e9alables, sur leurs avantages et leurs inconv\u00e9nients&#8230;\u00bb.  <\/em><\/p>\n\n\n\n<p>Quant \u00e0 la remarque sur la r\u00e9ticence des Tunisiens \u00e0 payer en ligne, pour Wafa, <em>\u00abil faut un changement culturel. Certaines administrations continuent \u00e0 demander l\u2019envoi d\u2019un fax, pour faire une demande au lieu d\u2019un courriel. Mais pour d\u2019autres aspects de la vie quotidienne, comme payer sa facture d\u2019eau ou d\u2019\u00e9lectricit\u00e9 en ligne, les derniers chiffres montent qu\u2019il y a une augmentation de la pratique, donc nous avan\u00e7ons&#8230;\u00bb.  <\/em><\/p>\n\n\n\n<p>Quant \u00e0 la loi vot\u00e9e en 2017 pour prot\u00e9ger les lanceurs d\u2019alerte qui d\u00e9noncent la corruption, Wafa trouve qu&rsquo;elle est <em>\u00abl\u2019une des meilleures au monde. Apr\u00e8s, c\u2019est vrai qu\u2019il reste du travail sur sa mise en pratique. C\u2019est un peu comme le d\u00e9cret-loi sur l\u2019acc\u00e8s \u00e0 l\u2019information qui a \u00e9t\u00e9 vot\u00e9 en 2011&#8230;\u00bb.   <\/em><\/p>\n\n\n\n<p style=\"text-align:right\"><strong>A. M. <\/strong><\/p>\n\n\n\n<figure class=\"wp-block-embed is-type-rich is-provider-kapitalis\"><div class=\"wp-block-embed__wrapper\">\n<blockquote class=\"wp-embedded-content\" data-secret=\"bJGcsidnZv\"><a href=\"https:\/\/kapitalis.com\/tunisie\/2019\/06\/05\/la-conference-internationale-rightscon-a-tunis-du-11-au-14-juin-2019\/\">La conf\u00e9rence internationale RightsCon \u00e0 Tunis du 11 au 14 juin 2019<\/a><\/blockquote><iframe loading=\"lazy\" class=\"wp-embedded-content\" sandbox=\"allow-scripts\" security=\"restricted\" style=\"position: absolute; clip: rect(1px, 1px, 1px, 1px);\" title=\"\u00ab\u00a0La conf\u00e9rence internationale RightsCon \u00e0 Tunis du 11 au 14 juin 2019\u00a0\u00bb &#8212; Kapitalis\" src=\"https:\/\/kapitalis.com\/tunisie\/2019\/06\/05\/la-conference-internationale-rightscon-a-tunis-du-11-au-14-juin-2019\/embed\/#?secret=UTXPNiFhzd#?secret=bJGcsidnZv\" data-secret=\"bJGcsidnZv\" width=\"600\" height=\"338\" frameborder=\"0\" marginwidth=\"0\" marginheight=\"0\" scrolling=\"no\"><\/iframe>\n<\/div><\/figure>\n\n\n\n<p> <br> <br><\/p>\n","protected":false},"excerpt":{"rendered":"<p>Le journal fran\u00e7ais \u00ab\u00a0Le Monde\u00a0\u00bb a publi\u00e9, le 14 juin 2019, une interview de Wafa Ben-Hassine, de l\u2019Ong de d\u00e9fense des droits humains \u00abAccess Now\u00bb, sur la situation du pays en mati\u00e8re de protection des libert\u00e9s num\u00e9riques, jug\u00e9e tr\u00e8s en retard.<\/p>\n","protected":false},"author":22,"featured_media":218701,"comment_status":"open","ping_status":"open","sticky":false,"template":"","format":"standard","meta":{"footnotes":""},"categories":[996,2433],"tags":[],"class_list":["post-218666","post","type-post","status-publish","format-standard","has-post-thumbnail","hentry","category-media","category-tunisie"],"yoast_head":"<!-- This site is optimized with the Yoast SEO plugin v26.6 - https:\/\/yoast.com\/wordpress\/plugins\/seo\/ -->\n<title>La protection des donn\u00e9es individuelles est en retard en Tunisie, d\u00e9clare Wafa Ben-Hassine de Access Now - Kapitalis<\/title>\n<meta name=\"robots\" content=\"index, follow, max-snippet:-1, max-image-preview:large, max-video-preview:-1\" \/>\n<link rel=\"canonical\" href=\"https:\/\/kapitalis.com\/tunisie\/2019\/06\/17\/la-protection-des-donnees-individuelles-est-en-retard-en-tunisie-declare-wafa-ben-hassine-de-access-now\/\" \/>\n<meta property=\"og:locale\" content=\"fr_FR\" \/>\n<meta property=\"og:type\" content=\"article\" \/>\n<meta property=\"og:title\" content=\"La protection des donn\u00e9es individuelles est en retard en Tunisie, d\u00e9clare Wafa Ben-Hassine de Access Now - Kapitalis\" \/>\n<meta property=\"og:description\" content=\"Le journal fran\u00e7ais \u00ab\u00a0Le Monde\u00a0\u00bb a publi\u00e9, le 14 juin 2019, une interview de Wafa Ben-Hassine, de l\u2019Ong de d\u00e9fense des droits humains \u00abAccess Now\u00bb, sur la situation du pays en mati\u00e8re de protection des libert\u00e9s num\u00e9riques, jug\u00e9e tr\u00e8s en retard.\" \/>\n<meta property=\"og:url\" content=\"https:\/\/kapitalis.com\/tunisie\/2019\/06\/17\/la-protection-des-donnees-individuelles-est-en-retard-en-tunisie-declare-wafa-ben-hassine-de-access-now\/\" \/>\n<meta property=\"og:site_name\" content=\"Kapitalis\" \/>\n<meta property=\"article:publisher\" content=\"https:\/\/www.facebook.com\/KapitalisInfo\/\" \/>\n<meta property=\"article:published_time\" content=\"2019-06-17T11:25:29+00:00\" \/>\n<meta property=\"article:modified_time\" content=\"2019-06-17T11:25:32+00:00\" \/>\n<meta property=\"og:image\" content=\"https:\/\/kapitalis.com\/tunisie\/wp-content\/uploads\/2022\/05\/kapitalis-logo-fb.png\" \/>\n\t<meta property=\"og:image:width\" content=\"1200\" \/>\n\t<meta property=\"og:image:height\" content=\"630\" \/>\n\t<meta property=\"og:image:type\" content=\"image\/png\" \/>\n<meta name=\"author\" content=\"Amina Mkada\" \/>\n<meta name=\"twitter:card\" content=\"summary_large_image\" \/>\n<meta name=\"twitter:creator\" content=\"@KapitalisInfo\" \/>\n<meta name=\"twitter:site\" content=\"@KapitalisInfo\" \/>\n<meta name=\"twitter:label1\" content=\"\u00c9crit par\" \/>\n\t<meta name=\"twitter:data1\" content=\"Amina Mkada\" \/>\n\t<meta name=\"twitter:label2\" content=\"Dur\u00e9e de lecture estim\u00e9e\" \/>\n\t<meta name=\"twitter:data2\" content=\"3 minutes\" \/>\n<script type=\"application\/ld+json\" class=\"yoast-schema-graph\">{\"@context\":\"https:\/\/schema.org\",\"@graph\":[{\"@type\":\"Article\",\"@id\":\"https:\/\/kapitalis.com\/tunisie\/2019\/06\/17\/la-protection-des-donnees-individuelles-est-en-retard-en-tunisie-declare-wafa-ben-hassine-de-access-now\/#article\",\"isPartOf\":{\"@id\":\"https:\/\/kapitalis.com\/tunisie\/2019\/06\/17\/la-protection-des-donnees-individuelles-est-en-retard-en-tunisie-declare-wafa-ben-hassine-de-access-now\/\"},\"author\":{\"name\":\"Amina Mkada\",\"@id\":\"https:\/\/kapitalis.com\/tunisie\/#\/schema\/person\/093913313d3017554cb3ad077fff3fbd\"},\"headline\":\"La protection des donn\u00e9es individuelles est en retard en Tunisie, d\u00e9clare Wafa Ben-Hassine de Access Now\",\"datePublished\":\"2019-06-17T11:25:29+00:00\",\"dateModified\":\"2019-06-17T11:25:32+00:00\",\"mainEntityOfPage\":{\"@id\":\"https:\/\/kapitalis.com\/tunisie\/2019\/06\/17\/la-protection-des-donnees-individuelles-est-en-retard-en-tunisie-declare-wafa-ben-hassine-de-access-now\/\"},\"wordCount\":717,\"commentCount\":0,\"publisher\":{\"@id\":\"https:\/\/kapitalis.com\/tunisie\/#organization\"},\"image\":{\"@id\":\"https:\/\/kapitalis.com\/tunisie\/2019\/06\/17\/la-protection-des-donnees-individuelles-est-en-retard-en-tunisie-declare-wafa-ben-hassine-de-access-now\/#primaryimage\"},\"thumbnailUrl\":\"\",\"articleSection\":[\"MEDIA\",\"Tunisie\"],\"inLanguage\":\"fr-FR\",\"potentialAction\":[{\"@type\":\"CommentAction\",\"name\":\"Comment\",\"target\":[\"https:\/\/kapitalis.com\/tunisie\/2019\/06\/17\/la-protection-des-donnees-individuelles-est-en-retard-en-tunisie-declare-wafa-ben-hassine-de-access-now\/#respond\"]}]},{\"@type\":\"WebPage\",\"@id\":\"https:\/\/kapitalis.com\/tunisie\/2019\/06\/17\/la-protection-des-donnees-individuelles-est-en-retard-en-tunisie-declare-wafa-ben-hassine-de-access-now\/\",\"url\":\"https:\/\/kapitalis.com\/tunisie\/2019\/06\/17\/la-protection-des-donnees-individuelles-est-en-retard-en-tunisie-declare-wafa-ben-hassine-de-access-now\/\",\"name\":\"La protection des donn\u00e9es individuelles est en retard en Tunisie, d\u00e9clare Wafa Ben-Hassine de Access Now - Kapitalis\",\"isPartOf\":{\"@id\":\"https:\/\/kapitalis.com\/tunisie\/#website\"},\"primaryImageOfPage\":{\"@id\":\"https:\/\/kapitalis.com\/tunisie\/2019\/06\/17\/la-protection-des-donnees-individuelles-est-en-retard-en-tunisie-declare-wafa-ben-hassine-de-access-now\/#primaryimage\"},\"image\":{\"@id\":\"https:\/\/kapitalis.com\/tunisie\/2019\/06\/17\/la-protection-des-donnees-individuelles-est-en-retard-en-tunisie-declare-wafa-ben-hassine-de-access-now\/#primaryimage\"},\"thumbnailUrl\":\"\",\"datePublished\":\"2019-06-17T11:25:29+00:00\",\"dateModified\":\"2019-06-17T11:25:32+00:00\",\"breadcrumb\":{\"@id\":\"https:\/\/kapitalis.com\/tunisie\/2019\/06\/17\/la-protection-des-donnees-individuelles-est-en-retard-en-tunisie-declare-wafa-ben-hassine-de-access-now\/#breadcrumb\"},\"inLanguage\":\"fr-FR\",\"potentialAction\":[{\"@type\":\"ReadAction\",\"target\":[\"https:\/\/kapitalis.com\/tunisie\/2019\/06\/17\/la-protection-des-donnees-individuelles-est-en-retard-en-tunisie-declare-wafa-ben-hassine-de-access-now\/\"]}]},{\"@type\":\"ImageObject\",\"inLanguage\":\"fr-FR\",\"@id\":\"https:\/\/kapitalis.com\/tunisie\/2019\/06\/17\/la-protection-des-donnees-individuelles-est-en-retard-en-tunisie-declare-wafa-ben-hassine-de-access-now\/#primaryimage\",\"url\":\"\",\"contentUrl\":\"\"},{\"@type\":\"BreadcrumbList\",\"@id\":\"https:\/\/kapitalis.com\/tunisie\/2019\/06\/17\/la-protection-des-donnees-individuelles-est-en-retard-en-tunisie-declare-wafa-ben-hassine-de-access-now\/#breadcrumb\",\"itemListElement\":[{\"@type\":\"ListItem\",\"position\":1,\"name\":\"Accueil\",\"item\":\"https:\/\/kapitalis.com\/tunisie\/\"},{\"@type\":\"ListItem\",\"position\":2,\"name\":\"La protection des donn\u00e9es individuelles est en retard en Tunisie, d\u00e9clare Wafa Ben-Hassine de Access Now\"}]},{\"@type\":\"WebSite\",\"@id\":\"https:\/\/kapitalis.com\/tunisie\/#website\",\"url\":\"https:\/\/kapitalis.com\/tunisie\/\",\"name\":\"Kapitalis\",\"description\":\"L&#039;actualit\u00e9 en Tunisie et dans le monde\",\"publisher\":{\"@id\":\"https:\/\/kapitalis.com\/tunisie\/#organization\"},\"potentialAction\":[{\"@type\":\"SearchAction\",\"target\":{\"@type\":\"EntryPoint\",\"urlTemplate\":\"https:\/\/kapitalis.com\/tunisie\/?s={search_term_string}\"},\"query-input\":{\"@type\":\"PropertyValueSpecification\",\"valueRequired\":true,\"valueName\":\"search_term_string\"}}],\"inLanguage\":\"fr-FR\"},{\"@type\":\"Organization\",\"@id\":\"https:\/\/kapitalis.com\/tunisie\/#organization\",\"name\":\"Kapitalis\",\"url\":\"https:\/\/kapitalis.com\/tunisie\/\",\"logo\":{\"@type\":\"ImageObject\",\"inLanguage\":\"fr-FR\",\"@id\":\"https:\/\/kapitalis.com\/tunisie\/#\/schema\/logo\/image\/\",\"url\":\"https:\/\/kapitalis.com\/tunisie\/wp-content\/uploads\/2022\/05\/Kapitalis-big-size.png\",\"contentUrl\":\"https:\/\/kapitalis.com\/tunisie\/wp-content\/uploads\/2022\/05\/Kapitalis-big-size.png\",\"width\":5000,\"height\":1500,\"caption\":\"Kapitalis\"},\"image\":{\"@id\":\"https:\/\/kapitalis.com\/tunisie\/#\/schema\/logo\/image\/\"},\"sameAs\":[\"https:\/\/www.facebook.com\/KapitalisInfo\/\",\"https:\/\/x.com\/KapitalisInfo\",\"https:\/\/www.youtube.com\/channel\/UC-yDYrHyfFBWWZaOw3FPg9Q\"]},{\"@type\":\"Person\",\"@id\":\"https:\/\/kapitalis.com\/tunisie\/#\/schema\/person\/093913313d3017554cb3ad077fff3fbd\",\"name\":\"Amina Mkada\",\"url\":\"https:\/\/kapitalis.com\/tunisie\/author\/amina\/\"}]}<\/script>\n<!-- \/ Yoast SEO plugin. -->","yoast_head_json":{"title":"La protection des donn\u00e9es individuelles est en retard en Tunisie, d\u00e9clare Wafa Ben-Hassine de Access Now - Kapitalis","robots":{"index":"index","follow":"follow","max-snippet":"max-snippet:-1","max-image-preview":"max-image-preview:large","max-video-preview":"max-video-preview:-1"},"canonical":"https:\/\/kapitalis.com\/tunisie\/2019\/06\/17\/la-protection-des-donnees-individuelles-est-en-retard-en-tunisie-declare-wafa-ben-hassine-de-access-now\/","og_locale":"fr_FR","og_type":"article","og_title":"La protection des donn\u00e9es individuelles est en retard en Tunisie, d\u00e9clare Wafa Ben-Hassine de Access Now - Kapitalis","og_description":"Le journal fran\u00e7ais \u00ab\u00a0Le Monde\u00a0\u00bb a publi\u00e9, le 14 juin 2019, une interview de Wafa Ben-Hassine, de l\u2019Ong de d\u00e9fense des droits humains \u00abAccess Now\u00bb, sur la situation du pays en mati\u00e8re de protection des libert\u00e9s num\u00e9riques, jug\u00e9e tr\u00e8s en retard.","og_url":"https:\/\/kapitalis.com\/tunisie\/2019\/06\/17\/la-protection-des-donnees-individuelles-est-en-retard-en-tunisie-declare-wafa-ben-hassine-de-access-now\/","og_site_name":"Kapitalis","article_publisher":"https:\/\/www.facebook.com\/KapitalisInfo\/","article_published_time":"2019-06-17T11:25:29+00:00","article_modified_time":"2019-06-17T11:25:32+00:00","og_image":[{"width":1200,"height":630,"url":"https:\/\/kapitalis.com\/tunisie\/wp-content\/uploads\/2022\/05\/kapitalis-logo-fb.png","type":"image\/png"}],"author":"Amina Mkada","twitter_card":"summary_large_image","twitter_creator":"@KapitalisInfo","twitter_site":"@KapitalisInfo","twitter_misc":{"\u00c9crit par":"Amina Mkada","Dur\u00e9e de lecture estim\u00e9e":"3 minutes"},"schema":{"@context":"https:\/\/schema.org","@graph":[{"@type":"Article","@id":"https:\/\/kapitalis.com\/tunisie\/2019\/06\/17\/la-protection-des-donnees-individuelles-est-en-retard-en-tunisie-declare-wafa-ben-hassine-de-access-now\/#article","isPartOf":{"@id":"https:\/\/kapitalis.com\/tunisie\/2019\/06\/17\/la-protection-des-donnees-individuelles-est-en-retard-en-tunisie-declare-wafa-ben-hassine-de-access-now\/"},"author":{"name":"Amina Mkada","@id":"https:\/\/kapitalis.com\/tunisie\/#\/schema\/person\/093913313d3017554cb3ad077fff3fbd"},"headline":"La protection des donn\u00e9es individuelles est en retard en Tunisie, d\u00e9clare Wafa Ben-Hassine de Access Now","datePublished":"2019-06-17T11:25:29+00:00","dateModified":"2019-06-17T11:25:32+00:00","mainEntityOfPage":{"@id":"https:\/\/kapitalis.com\/tunisie\/2019\/06\/17\/la-protection-des-donnees-individuelles-est-en-retard-en-tunisie-declare-wafa-ben-hassine-de-access-now\/"},"wordCount":717,"commentCount":0,"publisher":{"@id":"https:\/\/kapitalis.com\/tunisie\/#organization"},"image":{"@id":"https:\/\/kapitalis.com\/tunisie\/2019\/06\/17\/la-protection-des-donnees-individuelles-est-en-retard-en-tunisie-declare-wafa-ben-hassine-de-access-now\/#primaryimage"},"thumbnailUrl":"","articleSection":["MEDIA","Tunisie"],"inLanguage":"fr-FR","potentialAction":[{"@type":"CommentAction","name":"Comment","target":["https:\/\/kapitalis.com\/tunisie\/2019\/06\/17\/la-protection-des-donnees-individuelles-est-en-retard-en-tunisie-declare-wafa-ben-hassine-de-access-now\/#respond"]}]},{"@type":"WebPage","@id":"https:\/\/kapitalis.com\/tunisie\/2019\/06\/17\/la-protection-des-donnees-individuelles-est-en-retard-en-tunisie-declare-wafa-ben-hassine-de-access-now\/","url":"https:\/\/kapitalis.com\/tunisie\/2019\/06\/17\/la-protection-des-donnees-individuelles-est-en-retard-en-tunisie-declare-wafa-ben-hassine-de-access-now\/","name":"La protection des donn\u00e9es individuelles est en retard en Tunisie, d\u00e9clare Wafa Ben-Hassine de Access Now - Kapitalis","isPartOf":{"@id":"https:\/\/kapitalis.com\/tunisie\/#website"},"primaryImageOfPage":{"@id":"https:\/\/kapitalis.com\/tunisie\/2019\/06\/17\/la-protection-des-donnees-individuelles-est-en-retard-en-tunisie-declare-wafa-ben-hassine-de-access-now\/#primaryimage"},"image":{"@id":"https:\/\/kapitalis.com\/tunisie\/2019\/06\/17\/la-protection-des-donnees-individuelles-est-en-retard-en-tunisie-declare-wafa-ben-hassine-de-access-now\/#primaryimage"},"thumbnailUrl":"","datePublished":"2019-06-17T11:25:29+00:00","dateModified":"2019-06-17T11:25:32+00:00","breadcrumb":{"@id":"https:\/\/kapitalis.com\/tunisie\/2019\/06\/17\/la-protection-des-donnees-individuelles-est-en-retard-en-tunisie-declare-wafa-ben-hassine-de-access-now\/#breadcrumb"},"inLanguage":"fr-FR","potentialAction":[{"@type":"ReadAction","target":["https:\/\/kapitalis.com\/tunisie\/2019\/06\/17\/la-protection-des-donnees-individuelles-est-en-retard-en-tunisie-declare-wafa-ben-hassine-de-access-now\/"]}]},{"@type":"ImageObject","inLanguage":"fr-FR","@id":"https:\/\/kapitalis.com\/tunisie\/2019\/06\/17\/la-protection-des-donnees-individuelles-est-en-retard-en-tunisie-declare-wafa-ben-hassine-de-access-now\/#primaryimage","url":"","contentUrl":""},{"@type":"BreadcrumbList","@id":"https:\/\/kapitalis.com\/tunisie\/2019\/06\/17\/la-protection-des-donnees-individuelles-est-en-retard-en-tunisie-declare-wafa-ben-hassine-de-access-now\/#breadcrumb","itemListElement":[{"@type":"ListItem","position":1,"name":"Accueil","item":"https:\/\/kapitalis.com\/tunisie\/"},{"@type":"ListItem","position":2,"name":"La protection des donn\u00e9es individuelles est en retard en Tunisie, d\u00e9clare Wafa Ben-Hassine de Access Now"}]},{"@type":"WebSite","@id":"https:\/\/kapitalis.com\/tunisie\/#website","url":"https:\/\/kapitalis.com\/tunisie\/","name":"Kapitalis","description":"L&#039;actualit\u00e9 en Tunisie et dans le monde","publisher":{"@id":"https:\/\/kapitalis.com\/tunisie\/#organization"},"potentialAction":[{"@type":"SearchAction","target":{"@type":"EntryPoint","urlTemplate":"https:\/\/kapitalis.com\/tunisie\/?s={search_term_string}"},"query-input":{"@type":"PropertyValueSpecification","valueRequired":true,"valueName":"search_term_string"}}],"inLanguage":"fr-FR"},{"@type":"Organization","@id":"https:\/\/kapitalis.com\/tunisie\/#organization","name":"Kapitalis","url":"https:\/\/kapitalis.com\/tunisie\/","logo":{"@type":"ImageObject","inLanguage":"fr-FR","@id":"https:\/\/kapitalis.com\/tunisie\/#\/schema\/logo\/image\/","url":"https:\/\/kapitalis.com\/tunisie\/wp-content\/uploads\/2022\/05\/Kapitalis-big-size.png","contentUrl":"https:\/\/kapitalis.com\/tunisie\/wp-content\/uploads\/2022\/05\/Kapitalis-big-size.png","width":5000,"height":1500,"caption":"Kapitalis"},"image":{"@id":"https:\/\/kapitalis.com\/tunisie\/#\/schema\/logo\/image\/"},"sameAs":["https:\/\/www.facebook.com\/KapitalisInfo\/","https:\/\/x.com\/KapitalisInfo","https:\/\/www.youtube.com\/channel\/UC-yDYrHyfFBWWZaOw3FPg9Q"]},{"@type":"Person","@id":"https:\/\/kapitalis.com\/tunisie\/#\/schema\/person\/093913313d3017554cb3ad077fff3fbd","name":"Amina Mkada","url":"https:\/\/kapitalis.com\/tunisie\/author\/amina\/"}]}},"_links":{"self":[{"href":"https:\/\/kapitalis.com\/tunisie\/wp-json\/wp\/v2\/posts\/218666","targetHints":{"allow":["GET"]}}],"collection":[{"href":"https:\/\/kapitalis.com\/tunisie\/wp-json\/wp\/v2\/posts"}],"about":[{"href":"https:\/\/kapitalis.com\/tunisie\/wp-json\/wp\/v2\/types\/post"}],"author":[{"embeddable":true,"href":"https:\/\/kapitalis.com\/tunisie\/wp-json\/wp\/v2\/users\/22"}],"replies":[{"embeddable":true,"href":"https:\/\/kapitalis.com\/tunisie\/wp-json\/wp\/v2\/comments?post=218666"}],"version-history":[{"count":0,"href":"https:\/\/kapitalis.com\/tunisie\/wp-json\/wp\/v2\/posts\/218666\/revisions"}],"wp:featuredmedia":[{"embeddable":true,"href":"https:\/\/kapitalis.com\/tunisie\/wp-json\/wp\/v2\/media\/218701"}],"wp:attachment":[{"href":"https:\/\/kapitalis.com\/tunisie\/wp-json\/wp\/v2\/media?parent=218666"}],"wp:term":[{"taxonomy":"category","embeddable":true,"href":"https:\/\/kapitalis.com\/tunisie\/wp-json\/wp\/v2\/categories?post=218666"},{"taxonomy":"post_tag","embeddable":true,"href":"https:\/\/kapitalis.com\/tunisie\/wp-json\/wp\/v2\/tags?post=218666"}],"curies":[{"name":"wp","href":"https:\/\/api.w.org\/{rel}","templated":true}]}}