{"id":218740,"date":"2019-06-17T13:46:34","date_gmt":"2019-06-17T12:46:34","guid":{"rendered":"http:\/\/kapitalis.com\/tunisie\/?p=218740"},"modified":"2019-06-17T16:01:33","modified_gmt":"2019-06-17T15:01:33","slug":"dorra-zarrouk-nouvelle-ambassadrice-de-la-marque-de-lentilles-cosmetiques-adore","status":"publish","type":"post","link":"https:\/\/kapitalis.com\/tunisie\/2019\/06\/17\/dorra-zarrouk-nouvelle-ambassadrice-de-la-marque-de-lentilles-cosmetiques-adore\/","title":{"rendered":"Dorra Zarrouk, nouvelle ambassadrice de la marque de lentilles cosm\u00e9tiques Adore"},"content":{"rendered":"\n<figure class=\"wp-block-image\"><img decoding=\"async\" src=\"http:\/\/kapitalis.com\/tunisie\/wp-content\/uploads\/2019\/06\/Adore-Dorra-Zarrouk.jpg\" alt=\"\" class=\"wp-image-218741\"\/><\/figure>\n\n\n\n<p><strong><em>Le d\u00e9partement de contactologie de la compagnie sp\u00e9cialis\u00e9e dans la commercialisation des produits optiques, Sicom distribution, a organis\u00e9, vendredi, 14 juin 2019, \u00e0 l\u2019h\u00f4tel Radisson Blu de Hammamet, une conf\u00e9rence de presse, dont le but est de promouvoir la marque italienne de lentilles de contact cosm\u00e9tiques, Adore.<\/em><\/strong><\/p>\n\n\n\n<p>Par <strong>Cherif Ben Youn\u00e8s<\/strong><\/p>\n\n\n\n<!--more-->\n\n\n\n<p> La conf\u00e9rence a \u00e9t\u00e9 anim\u00e9e par l\u2019actrice tunisienne Dorra Zarrouk, ambassadrice de la marque dans le monde arabe, et par Faiz Hadj Tayeb, directeur business de Sicom, l\u2019entreprise qui distribue la marque en Tunisie.<br><\/p>\n\n\n\n<h3 class=\"wp-block-heading\"> Une marque recommand\u00e9e par les sp\u00e9cialistes de l\u2019optique<br><\/h3>\n\n\n\n<p> M. Hadj Tayeb a rappel\u00e9 que la marque Adore est pr\u00e9sente en Tunisie depuis pr\u00e8s d\u2019une dizaine d\u2019ann\u00e9es, et qu\u2019elle jouit d\u2019une grande popularit\u00e9:<em> \u00abEn Tunisie, il y a \u00e0 peu pr\u00e8s 1200 magasins, dont 700, selon nos statistiques, qui d\u00e9veloppent la marque Adore\u00bb,<\/em> ajoutant que c\u2019est la premi\u00e8re marque recommand\u00e9e par les professionnels de l\u2019optique.  <br><\/p>\n\n\n\n<p> Ce succ\u00e8s, estime-t-il, est d\u00fb principalement \u00e0 la qualit\u00e9 du produit et au degr\u00e9 tr\u00e8s \u00e9lev\u00e9 d\u2019exigence technique du fournisseur italien de la marque, Eyemed Technologies.<br><\/p>\n\n\n\n<p> D\u2019un autre c\u00f4t\u00e9, le jeune directeur a d\u00e9clar\u00e9 qu\u2019Adore est une marque  compl\u00e8te, qui permet de satisfaire un large panel de clients, en fonction de leurs besoins et de leurs budgets <em>: \u00abNous avons 4 gammes qui r\u00e9pondent \u00e0 4 besoins diff\u00e9rents\u00bb.<\/em><br><\/p>\n\n\n\n<p> M. Hadj Tayeb a \u00e9galement parl\u00e9 des nouvelles ambitions de la marque : <em>\u00abAuparavant, on a beaucoup mis\u00e9 sur la qualit\u00e9 du produit, et aujourd\u2019hui, notre objectif est de travailler davantage sur la notori\u00e9t\u00e9 de la marque en Tunisie\u00bb<\/em>. Pour y arriver, l\u2019id\u00e9e est d\u2019exploiter dans un premier temps le digital, avant de mettre en place un plan de communication vari\u00e9, ayant recours \u00e0 plusieurs supports m\u00e9diatiques. <br><\/p>\n\n\n\n<h3 class=\"wp-block-heading\"> Les pr\u00e9occupations du fournisseur italien et du distributeur tunisien<br><\/h3>\n\n\n\n<p> \u00c0 cet effet, il a indiqu\u00e9 que le d\u00e9veloppement d\u2019Adore est pr\u00e9sentement maintenu avec la nouvelle strat\u00e9gie marketing du fournisseur italien de la marque, dans le monde arabe, et le nouveau partenariat avec la vedette, Dorra Zarrouk. \u00c0 ce propos, il a exprim\u00e9 sa grande joie de collaborer avec cette <em>\u00abstar Tunisienne, tr\u00e8s aim\u00e9e et tr\u00e8s appr\u00e9ci\u00e9e par les Tunisiens\u00bb.<\/em> <\/p>\n\n\n\n<p><em>\u00abAdore est officiellement devenue une priorit\u00e9 strat\u00e9gique, notamment sur le plan marketing, pour le groupe Sicom\u00bb,<\/em> a-t-il ajout\u00e9.<br><\/p>\n\n\n\n<p> M. Hadj Tayeb a \u00e9voqu\u00e9, par ailleurs, un autre objectif de la marque : \u00eatre commercialis\u00e9e en Afrique subsaharienne, notamment dans des pays de l\u2019Afrique de l\u2019ouest, comme le S\u00e9n\u00e9gal : <em>\u00abL\u2019Afrique est un march\u00e9 avec un \u00e9norme potentiel. Si on arrive \u00e0 y mettre les pieds comme il faut, on sera tr\u00e8s satisfaits\u00bb.<\/em><br><\/p>\n\n\n\n<div class=\"wp-block-image\"><figure class=\"aligncenter is-resized\"><img loading=\"lazy\" decoding=\"async\" src=\"http:\/\/kapitalis.com\/tunisie\/wp-content\/uploads\/2019\/06\/Adore-CP.jpg\" alt=\"\" class=\"wp-image-218742\" width=\"500\" height=\"352\"\/><\/figure><\/div>\n\n\n\n<h3 class=\"wp-block-heading\"> Dorra Zarrouk : \u00abC\u2019est la qualit\u00e9 de la marque qui m\u2019a incit\u00e9e \u00e0 accepter l\u2019offre\u00bb<br><\/h3>\n\n\n\n<p> De son c\u00f4t\u00e9, Dorra Zarrouk a dit qu\u2019elle est pr\u00e9sente, dans cette collaboration, en tant qu\u2019\u00e9g\u00e9rie, \u00e0 l\u2019instar de plusieurs stars internationales associ\u00e9es \u00e0 des marques connues, ajoutant qu\u2019elle essayera d\u2019appuyer l\u2019art et l\u2019\u00e9conomie tunisiens, \u00e0 travers notamment les d\u00e9placements qu\u2019elle fera dans quasiment tout le monde arabe, pour la promotion d\u2019Adore.<br><\/p>\n\n\n\n<p> Elle a, par ailleurs, affirm\u00e9 qu\u2019Adore est une marque de grande qualit\u00e9, sans quoi elle n\u2019aurait pas accept\u00e9 de la repr\u00e9senter, car ce sont son image, sa cr\u00e9dibilit\u00e9 et sa r\u00e9putation qui sont en jeu. <br><\/p>\n\n\n\n<p> Pour ce qui est de son exp\u00e9rience personnelle avec le produit, elle a assur\u00e9 qu\u2019elle a test\u00e9 les lentilles Adore et qu\u2019elle les a beaucoup appr\u00e9ci\u00e9es, \u00e0 la fois sur le plan esth\u00e9tique et du confort. <em>\u00ab\u00c0 la base, je ne suis pas fan des lentilles de couleur. Je pr\u00e9f\u00e8re le naturel. Mais apr\u00e8s les avoir essay\u00e9es, je me suis dit pourquoi pas. Pour sortir, on peut changer de look et percevoir, donc, les lentilles comme un accessoire, qui se porte facilement. On doit simplement faire le bon choix de couleur de lentilles, notamment en fonction de celle de notre peau et des v\u00eatements qu\u2019on porte\u00bb.<\/em><br><\/p>\n\n\n\n<p> Interrog\u00e9e sur la possibilit\u00e9 de la voir porter des lentilles de couleur dans son travail en tant qu\u2019actrice, Mme Zarrouk a dit qu\u2019elle pr\u00e9f\u00e8re \u00abfaire la part des choses\u00bb. <em>\u00abJe pourrais publier mes photos avec ces lentilles dans les m\u00e9dias sociaux, mais dans les feuilletons, je ne repr\u00e9sente pas Dorra Zarrouk, mais les personnages que joue. \u00c0 partir de l\u00e0, la seule chose qui compte est ceux-ci correspondent \u00e0 ce qu\u2019ils sont\u00bb.<\/em><\/p>\n","protected":false},"excerpt":{"rendered":"<p>Le d\u00e9partement de contactologie de la compagnie sp\u00e9cialis\u00e9e dans la commercialisation des produits optiques, Sicom distribution, a organis\u00e9, vendredi, 14 juin 2019, \u00e0 l\u2019h\u00f4tel Radisson Blu de Hammamet, une conf\u00e9rence de presse, dont le but est de promouvoir la marque italienne de lentilles de contact cosm\u00e9tiques, Adore. Par Cherif Ben Youn\u00e8s<\/p>\n","protected":false},"author":8,"featured_media":218741,"comment_status":"open","ping_status":"open","sticky":false,"template":"","format":"standard","meta":{"footnotes":""},"categories":[992,993,995,2433],"tags":[26487],"class_list":["post-218740","post","type-post","status-publish","format-standard","has-post-thumbnail","hentry","category-a-la-une","category-conso","category-economie","category-tunisie","tag-dorra-zarrouk"],"yoast_head":"<!-- This site is optimized with the Yoast SEO plugin v26.6 - https:\/\/yoast.com\/wordpress\/plugins\/seo\/ -->\n<title>Dorra Zarrouk, nouvelle ambassadrice de la marque de lentilles cosm\u00e9tiques Adore - Kapitalis<\/title>\n<meta name=\"robots\" content=\"index, follow, max-snippet:-1, max-image-preview:large, max-video-preview:-1\" \/>\n<link rel=\"canonical\" href=\"https:\/\/kapitalis.com\/tunisie\/2019\/06\/17\/dorra-zarrouk-nouvelle-ambassadrice-de-la-marque-de-lentilles-cosmetiques-adore\/\" \/>\n<meta property=\"og:locale\" content=\"fr_FR\" \/>\n<meta property=\"og:type\" content=\"article\" \/>\n<meta property=\"og:title\" content=\"Dorra Zarrouk, nouvelle ambassadrice de la marque de lentilles cosm\u00e9tiques Adore - Kapitalis\" \/>\n<meta property=\"og:description\" content=\"Le d\u00e9partement de contactologie de la compagnie sp\u00e9cialis\u00e9e dans la commercialisation des produits optiques, Sicom distribution, a organis\u00e9, vendredi, 14 juin 2019, \u00e0 l\u2019h\u00f4tel Radisson Blu de Hammamet, une conf\u00e9rence de presse, dont le but est de promouvoir la marque italienne de lentilles de contact cosm\u00e9tiques, Adore. Par Cherif Ben Youn\u00e8s\" \/>\n<meta property=\"og:url\" content=\"https:\/\/kapitalis.com\/tunisie\/2019\/06\/17\/dorra-zarrouk-nouvelle-ambassadrice-de-la-marque-de-lentilles-cosmetiques-adore\/\" \/>\n<meta property=\"og:site_name\" content=\"Kapitalis\" \/>\n<meta property=\"article:publisher\" content=\"https:\/\/www.facebook.com\/KapitalisInfo\/\" \/>\n<meta property=\"article:published_time\" content=\"2019-06-17T12:46:34+00:00\" \/>\n<meta property=\"article:modified_time\" content=\"2019-06-17T15:01:33+00:00\" \/>\n<meta property=\"og:image\" content=\"https:\/\/kapitalis.com\/tunisie\/wp-content\/uploads\/2022\/05\/kapitalis-logo-fb.png\" \/>\n\t<meta property=\"og:image:width\" content=\"1200\" \/>\n\t<meta property=\"og:image:height\" content=\"630\" \/>\n\t<meta property=\"og:image:type\" content=\"image\/png\" \/>\n<meta name=\"author\" content=\"webmaster kapitalis\" \/>\n<meta name=\"twitter:card\" content=\"summary_large_image\" \/>\n<meta name=\"twitter:creator\" content=\"@KapitalisInfo\" \/>\n<meta name=\"twitter:site\" content=\"@KapitalisInfo\" \/>\n<meta name=\"twitter:label1\" content=\"\u00c9crit par\" \/>\n\t<meta name=\"twitter:data1\" content=\"webmaster kapitalis\" \/>\n\t<meta name=\"twitter:label2\" content=\"Dur\u00e9e de lecture estim\u00e9e\" \/>\n\t<meta name=\"twitter:data2\" content=\"4 minutes\" \/>\n<script type=\"application\/ld+json\" class=\"yoast-schema-graph\">{\"@context\":\"https:\/\/schema.org\",\"@graph\":[{\"@type\":\"Article\",\"@id\":\"https:\/\/kapitalis.com\/tunisie\/2019\/06\/17\/dorra-zarrouk-nouvelle-ambassadrice-de-la-marque-de-lentilles-cosmetiques-adore\/#article\",\"isPartOf\":{\"@id\":\"https:\/\/kapitalis.com\/tunisie\/2019\/06\/17\/dorra-zarrouk-nouvelle-ambassadrice-de-la-marque-de-lentilles-cosmetiques-adore\/\"},\"author\":{\"name\":\"webmaster kapitalis\",\"@id\":\"https:\/\/kapitalis.com\/tunisie\/#\/schema\/person\/d71f33a9ca44f7bad4698210b480c8e9\"},\"headline\":\"Dorra Zarrouk, nouvelle ambassadrice de la marque de lentilles cosm\u00e9tiques Adore\",\"datePublished\":\"2019-06-17T12:46:34+00:00\",\"dateModified\":\"2019-06-17T15:01:33+00:00\",\"mainEntityOfPage\":{\"@id\":\"https:\/\/kapitalis.com\/tunisie\/2019\/06\/17\/dorra-zarrouk-nouvelle-ambassadrice-de-la-marque-de-lentilles-cosmetiques-adore\/\"},\"wordCount\":795,\"commentCount\":0,\"publisher\":{\"@id\":\"https:\/\/kapitalis.com\/tunisie\/#organization\"},\"image\":{\"@id\":\"https:\/\/kapitalis.com\/tunisie\/2019\/06\/17\/dorra-zarrouk-nouvelle-ambassadrice-de-la-marque-de-lentilles-cosmetiques-adore\/#primaryimage\"},\"thumbnailUrl\":\"\",\"keywords\":[\"Dorra Zarrouk\"],\"articleSection\":[\"A LA UNE\",\"CONSO\",\"ECONOMIE\",\"Tunisie\"],\"inLanguage\":\"fr-FR\",\"potentialAction\":[{\"@type\":\"CommentAction\",\"name\":\"Comment\",\"target\":[\"https:\/\/kapitalis.com\/tunisie\/2019\/06\/17\/dorra-zarrouk-nouvelle-ambassadrice-de-la-marque-de-lentilles-cosmetiques-adore\/#respond\"]}]},{\"@type\":\"WebPage\",\"@id\":\"https:\/\/kapitalis.com\/tunisie\/2019\/06\/17\/dorra-zarrouk-nouvelle-ambassadrice-de-la-marque-de-lentilles-cosmetiques-adore\/\",\"url\":\"https:\/\/kapitalis.com\/tunisie\/2019\/06\/17\/dorra-zarrouk-nouvelle-ambassadrice-de-la-marque-de-lentilles-cosmetiques-adore\/\",\"name\":\"Dorra Zarrouk, nouvelle ambassadrice de la marque de lentilles cosm\u00e9tiques Adore - Kapitalis\",\"isPartOf\":{\"@id\":\"https:\/\/kapitalis.com\/tunisie\/#website\"},\"primaryImageOfPage\":{\"@id\":\"https:\/\/kapitalis.com\/tunisie\/2019\/06\/17\/dorra-zarrouk-nouvelle-ambassadrice-de-la-marque-de-lentilles-cosmetiques-adore\/#primaryimage\"},\"image\":{\"@id\":\"https:\/\/kapitalis.com\/tunisie\/2019\/06\/17\/dorra-zarrouk-nouvelle-ambassadrice-de-la-marque-de-lentilles-cosmetiques-adore\/#primaryimage\"},\"thumbnailUrl\":\"\",\"datePublished\":\"2019-06-17T12:46:34+00:00\",\"dateModified\":\"2019-06-17T15:01:33+00:00\",\"breadcrumb\":{\"@id\":\"https:\/\/kapitalis.com\/tunisie\/2019\/06\/17\/dorra-zarrouk-nouvelle-ambassadrice-de-la-marque-de-lentilles-cosmetiques-adore\/#breadcrumb\"},\"inLanguage\":\"fr-FR\",\"potentialAction\":[{\"@type\":\"ReadAction\",\"target\":[\"https:\/\/kapitalis.com\/tunisie\/2019\/06\/17\/dorra-zarrouk-nouvelle-ambassadrice-de-la-marque-de-lentilles-cosmetiques-adore\/\"]}]},{\"@type\":\"ImageObject\",\"inLanguage\":\"fr-FR\",\"@id\":\"https:\/\/kapitalis.com\/tunisie\/2019\/06\/17\/dorra-zarrouk-nouvelle-ambassadrice-de-la-marque-de-lentilles-cosmetiques-adore\/#primaryimage\",\"url\":\"\",\"contentUrl\":\"\"},{\"@type\":\"BreadcrumbList\",\"@id\":\"https:\/\/kapitalis.com\/tunisie\/2019\/06\/17\/dorra-zarrouk-nouvelle-ambassadrice-de-la-marque-de-lentilles-cosmetiques-adore\/#breadcrumb\",\"itemListElement\":[{\"@type\":\"ListItem\",\"position\":1,\"name\":\"Accueil\",\"item\":\"https:\/\/kapitalis.com\/tunisie\/\"},{\"@type\":\"ListItem\",\"position\":2,\"name\":\"Dorra Zarrouk, nouvelle ambassadrice de la marque de lentilles cosm\u00e9tiques Adore\"}]},{\"@type\":\"WebSite\",\"@id\":\"https:\/\/kapitalis.com\/tunisie\/#website\",\"url\":\"https:\/\/kapitalis.com\/tunisie\/\",\"name\":\"Kapitalis\",\"description\":\"L&#039;actualit\u00e9 en Tunisie et dans le monde\",\"publisher\":{\"@id\":\"https:\/\/kapitalis.com\/tunisie\/#organization\"},\"potentialAction\":[{\"@type\":\"SearchAction\",\"target\":{\"@type\":\"EntryPoint\",\"urlTemplate\":\"https:\/\/kapitalis.com\/tunisie\/?s={search_term_string}\"},\"query-input\":{\"@type\":\"PropertyValueSpecification\",\"valueRequired\":true,\"valueName\":\"search_term_string\"}}],\"inLanguage\":\"fr-FR\"},{\"@type\":\"Organization\",\"@id\":\"https:\/\/kapitalis.com\/tunisie\/#organization\",\"name\":\"Kapitalis\",\"url\":\"https:\/\/kapitalis.com\/tunisie\/\",\"logo\":{\"@type\":\"ImageObject\",\"inLanguage\":\"fr-FR\",\"@id\":\"https:\/\/kapitalis.com\/tunisie\/#\/schema\/logo\/image\/\",\"url\":\"https:\/\/kapitalis.com\/tunisie\/wp-content\/uploads\/2022\/05\/Kapitalis-big-size.png\",\"contentUrl\":\"https:\/\/kapitalis.com\/tunisie\/wp-content\/uploads\/2022\/05\/Kapitalis-big-size.png\",\"width\":5000,\"height\":1500,\"caption\":\"Kapitalis\"},\"image\":{\"@id\":\"https:\/\/kapitalis.com\/tunisie\/#\/schema\/logo\/image\/\"},\"sameAs\":[\"https:\/\/www.facebook.com\/KapitalisInfo\/\",\"https:\/\/x.com\/KapitalisInfo\",\"https:\/\/www.youtube.com\/channel\/UC-yDYrHyfFBWWZaOw3FPg9Q\"]},{\"@type\":\"Person\",\"@id\":\"https:\/\/kapitalis.com\/tunisie\/#\/schema\/person\/d71f33a9ca44f7bad4698210b480c8e9\",\"name\":\"webmaster kapitalis\",\"url\":\"https:\/\/kapitalis.com\/tunisie\/author\/webmaster-kapitalis\/\"}]}<\/script>\n<!-- \/ Yoast SEO plugin. -->","yoast_head_json":{"title":"Dorra Zarrouk, nouvelle ambassadrice de la marque de lentilles cosm\u00e9tiques Adore - Kapitalis","robots":{"index":"index","follow":"follow","max-snippet":"max-snippet:-1","max-image-preview":"max-image-preview:large","max-video-preview":"max-video-preview:-1"},"canonical":"https:\/\/kapitalis.com\/tunisie\/2019\/06\/17\/dorra-zarrouk-nouvelle-ambassadrice-de-la-marque-de-lentilles-cosmetiques-adore\/","og_locale":"fr_FR","og_type":"article","og_title":"Dorra Zarrouk, nouvelle ambassadrice de la marque de lentilles cosm\u00e9tiques Adore - Kapitalis","og_description":"Le d\u00e9partement de contactologie de la compagnie sp\u00e9cialis\u00e9e dans la commercialisation des produits optiques, Sicom distribution, a organis\u00e9, vendredi, 14 juin 2019, \u00e0 l\u2019h\u00f4tel Radisson Blu de Hammamet, une conf\u00e9rence de presse, dont le but est de promouvoir la marque italienne de lentilles de contact cosm\u00e9tiques, Adore. Par Cherif Ben Youn\u00e8s","og_url":"https:\/\/kapitalis.com\/tunisie\/2019\/06\/17\/dorra-zarrouk-nouvelle-ambassadrice-de-la-marque-de-lentilles-cosmetiques-adore\/","og_site_name":"Kapitalis","article_publisher":"https:\/\/www.facebook.com\/KapitalisInfo\/","article_published_time":"2019-06-17T12:46:34+00:00","article_modified_time":"2019-06-17T15:01:33+00:00","og_image":[{"width":1200,"height":630,"url":"https:\/\/kapitalis.com\/tunisie\/wp-content\/uploads\/2022\/05\/kapitalis-logo-fb.png","type":"image\/png"}],"author":"webmaster kapitalis","twitter_card":"summary_large_image","twitter_creator":"@KapitalisInfo","twitter_site":"@KapitalisInfo","twitter_misc":{"\u00c9crit par":"webmaster kapitalis","Dur\u00e9e de lecture estim\u00e9e":"4 minutes"},"schema":{"@context":"https:\/\/schema.org","@graph":[{"@type":"Article","@id":"https:\/\/kapitalis.com\/tunisie\/2019\/06\/17\/dorra-zarrouk-nouvelle-ambassadrice-de-la-marque-de-lentilles-cosmetiques-adore\/#article","isPartOf":{"@id":"https:\/\/kapitalis.com\/tunisie\/2019\/06\/17\/dorra-zarrouk-nouvelle-ambassadrice-de-la-marque-de-lentilles-cosmetiques-adore\/"},"author":{"name":"webmaster kapitalis","@id":"https:\/\/kapitalis.com\/tunisie\/#\/schema\/person\/d71f33a9ca44f7bad4698210b480c8e9"},"headline":"Dorra Zarrouk, nouvelle ambassadrice de la marque de lentilles cosm\u00e9tiques Adore","datePublished":"2019-06-17T12:46:34+00:00","dateModified":"2019-06-17T15:01:33+00:00","mainEntityOfPage":{"@id":"https:\/\/kapitalis.com\/tunisie\/2019\/06\/17\/dorra-zarrouk-nouvelle-ambassadrice-de-la-marque-de-lentilles-cosmetiques-adore\/"},"wordCount":795,"commentCount":0,"publisher":{"@id":"https:\/\/kapitalis.com\/tunisie\/#organization"},"image":{"@id":"https:\/\/kapitalis.com\/tunisie\/2019\/06\/17\/dorra-zarrouk-nouvelle-ambassadrice-de-la-marque-de-lentilles-cosmetiques-adore\/#primaryimage"},"thumbnailUrl":"","keywords":["Dorra Zarrouk"],"articleSection":["A LA UNE","CONSO","ECONOMIE","Tunisie"],"inLanguage":"fr-FR","potentialAction":[{"@type":"CommentAction","name":"Comment","target":["https:\/\/kapitalis.com\/tunisie\/2019\/06\/17\/dorra-zarrouk-nouvelle-ambassadrice-de-la-marque-de-lentilles-cosmetiques-adore\/#respond"]}]},{"@type":"WebPage","@id":"https:\/\/kapitalis.com\/tunisie\/2019\/06\/17\/dorra-zarrouk-nouvelle-ambassadrice-de-la-marque-de-lentilles-cosmetiques-adore\/","url":"https:\/\/kapitalis.com\/tunisie\/2019\/06\/17\/dorra-zarrouk-nouvelle-ambassadrice-de-la-marque-de-lentilles-cosmetiques-adore\/","name":"Dorra Zarrouk, nouvelle ambassadrice de la marque de lentilles cosm\u00e9tiques Adore - Kapitalis","isPartOf":{"@id":"https:\/\/kapitalis.com\/tunisie\/#website"},"primaryImageOfPage":{"@id":"https:\/\/kapitalis.com\/tunisie\/2019\/06\/17\/dorra-zarrouk-nouvelle-ambassadrice-de-la-marque-de-lentilles-cosmetiques-adore\/#primaryimage"},"image":{"@id":"https:\/\/kapitalis.com\/tunisie\/2019\/06\/17\/dorra-zarrouk-nouvelle-ambassadrice-de-la-marque-de-lentilles-cosmetiques-adore\/#primaryimage"},"thumbnailUrl":"","datePublished":"2019-06-17T12:46:34+00:00","dateModified":"2019-06-17T15:01:33+00:00","breadcrumb":{"@id":"https:\/\/kapitalis.com\/tunisie\/2019\/06\/17\/dorra-zarrouk-nouvelle-ambassadrice-de-la-marque-de-lentilles-cosmetiques-adore\/#breadcrumb"},"inLanguage":"fr-FR","potentialAction":[{"@type":"ReadAction","target":["https:\/\/kapitalis.com\/tunisie\/2019\/06\/17\/dorra-zarrouk-nouvelle-ambassadrice-de-la-marque-de-lentilles-cosmetiques-adore\/"]}]},{"@type":"ImageObject","inLanguage":"fr-FR","@id":"https:\/\/kapitalis.com\/tunisie\/2019\/06\/17\/dorra-zarrouk-nouvelle-ambassadrice-de-la-marque-de-lentilles-cosmetiques-adore\/#primaryimage","url":"","contentUrl":""},{"@type":"BreadcrumbList","@id":"https:\/\/kapitalis.com\/tunisie\/2019\/06\/17\/dorra-zarrouk-nouvelle-ambassadrice-de-la-marque-de-lentilles-cosmetiques-adore\/#breadcrumb","itemListElement":[{"@type":"ListItem","position":1,"name":"Accueil","item":"https:\/\/kapitalis.com\/tunisie\/"},{"@type":"ListItem","position":2,"name":"Dorra Zarrouk, nouvelle ambassadrice de la marque de lentilles cosm\u00e9tiques Adore"}]},{"@type":"WebSite","@id":"https:\/\/kapitalis.com\/tunisie\/#website","url":"https:\/\/kapitalis.com\/tunisie\/","name":"Kapitalis","description":"L&#039;actualit\u00e9 en Tunisie et dans le monde","publisher":{"@id":"https:\/\/kapitalis.com\/tunisie\/#organization"},"potentialAction":[{"@type":"SearchAction","target":{"@type":"EntryPoint","urlTemplate":"https:\/\/kapitalis.com\/tunisie\/?s={search_term_string}"},"query-input":{"@type":"PropertyValueSpecification","valueRequired":true,"valueName":"search_term_string"}}],"inLanguage":"fr-FR"},{"@type":"Organization","@id":"https:\/\/kapitalis.com\/tunisie\/#organization","name":"Kapitalis","url":"https:\/\/kapitalis.com\/tunisie\/","logo":{"@type":"ImageObject","inLanguage":"fr-FR","@id":"https:\/\/kapitalis.com\/tunisie\/#\/schema\/logo\/image\/","url":"https:\/\/kapitalis.com\/tunisie\/wp-content\/uploads\/2022\/05\/Kapitalis-big-size.png","contentUrl":"https:\/\/kapitalis.com\/tunisie\/wp-content\/uploads\/2022\/05\/Kapitalis-big-size.png","width":5000,"height":1500,"caption":"Kapitalis"},"image":{"@id":"https:\/\/kapitalis.com\/tunisie\/#\/schema\/logo\/image\/"},"sameAs":["https:\/\/www.facebook.com\/KapitalisInfo\/","https:\/\/x.com\/KapitalisInfo","https:\/\/www.youtube.com\/channel\/UC-yDYrHyfFBWWZaOw3FPg9Q"]},{"@type":"Person","@id":"https:\/\/kapitalis.com\/tunisie\/#\/schema\/person\/d71f33a9ca44f7bad4698210b480c8e9","name":"webmaster kapitalis","url":"https:\/\/kapitalis.com\/tunisie\/author\/webmaster-kapitalis\/"}]}},"_links":{"self":[{"href":"https:\/\/kapitalis.com\/tunisie\/wp-json\/wp\/v2\/posts\/218740","targetHints":{"allow":["GET"]}}],"collection":[{"href":"https:\/\/kapitalis.com\/tunisie\/wp-json\/wp\/v2\/posts"}],"about":[{"href":"https:\/\/kapitalis.com\/tunisie\/wp-json\/wp\/v2\/types\/post"}],"author":[{"embeddable":true,"href":"https:\/\/kapitalis.com\/tunisie\/wp-json\/wp\/v2\/users\/8"}],"replies":[{"embeddable":true,"href":"https:\/\/kapitalis.com\/tunisie\/wp-json\/wp\/v2\/comments?post=218740"}],"version-history":[{"count":0,"href":"https:\/\/kapitalis.com\/tunisie\/wp-json\/wp\/v2\/posts\/218740\/revisions"}],"wp:featuredmedia":[{"embeddable":true,"href":"https:\/\/kapitalis.com\/tunisie\/wp-json\/wp\/v2\/media\/218741"}],"wp:attachment":[{"href":"https:\/\/kapitalis.com\/tunisie\/wp-json\/wp\/v2\/media?parent=218740"}],"wp:term":[{"taxonomy":"category","embeddable":true,"href":"https:\/\/kapitalis.com\/tunisie\/wp-json\/wp\/v2\/categories?post=218740"},{"taxonomy":"post_tag","embeddable":true,"href":"https:\/\/kapitalis.com\/tunisie\/wp-json\/wp\/v2\/tags?post=218740"}],"curies":[{"name":"wp","href":"https:\/\/api.w.org\/{rel}","templated":true}]}}