{"id":21877,"date":"2015-10-27T19:12:30","date_gmt":"2015-10-27T18:12:30","guid":{"rendered":"http:\/\/kapitalis.com\/tunisie\/?p=21877"},"modified":"2015-10-28T09:24:48","modified_gmt":"2015-10-28T08:24:48","slug":"prolongation-de-la-garde-a-vue-de-ridha-jaouadi","status":"publish","type":"post","link":"https:\/\/kapitalis.com\/tunisie\/2015\/10\/27\/prolongation-de-la-garde-a-vue-de-ridha-jaouadi\/","title":{"rendered":"Prolongation de la garde \u00e0 vue de Ridha Jaouadi"},"content":{"rendered":"<p><em><strong><img loading=\"lazy\" decoding=\"async\" class=\"size-full wp-image-14463 aligncenter\" src=\"http:\/\/kapitalis.com\/tunisie\/wp-content\/uploads\/2015\/09\/Ridha-Jaouadi1.jpg\" alt=\"Ridha Jaouadi\" width=\"626\" height=\"380\" \/><\/strong><\/em><\/p>\n<p><em><strong>La garde \u00e0 vue de Ridha Jaouadi a \u00e9t\u00e9 prolong\u00e9e de trois jours sur ordre du juge d&rsquo;instruction.<\/strong><\/em><\/p>\n<p><!--more--><\/p>\n<p>Le juge d&rsquo;instruction au tribunal de premi\u00e8re instance de Sfax a d\u00e9cid\u00e9 de prolonger la garde \u00e0 vue de Ridha Jaouadi de trois jours renouvelables, rapporte Mosa\u00efque FM.<\/p>\n<p>Le magistrat a, en outre, d\u00e9cid\u00e9 de transf\u00e9rer une nouvelle fois le dossier du d\u00e9tenu \u00e0 la brigade de police judiciaire pour les besoins de l&rsquo;enqu\u00eate.<\/p>\n<p>Rappelons que l\u2019imam limog\u00e9 de la mosqu\u00e9e Sidi Lakhmi fait face \u00e0 des accusations de <a href=\"http:\/\/kapitalis.com\/tunisie\/2015\/10\/26\/affaire-sidi-lakhmi-ridha-jaouadi-se-rend-a-la-police\/\" target=\"_blank\">malversation<\/a> et de corruption dans la gestion de l\u2019Association caritative Lakhmi. Cinq personnes au total, dont le chef d\u2019une agence bancaire, sont <a href=\"http:\/\/kapitalis.com\/tunisie\/2015\/10\/26\/arrestation-de-ridha-jaouadi\/\" target=\"_blank\">entendues<\/a> dans cette affaire.<\/p>\n<p style=\"text-align: right;\"><strong>H. K.<\/strong><\/p>\n<p>&nbsp;<\/p>\n<p>&nbsp;<\/p>\n<p>&nbsp;<\/p>\n","protected":false},"excerpt":{"rendered":"<p>La garde \u00e0 vue de Ridha Jaouadi a \u00e9t\u00e9 prolong\u00e9e de trois jours sur ordre du juge d&rsquo;instruction.<\/p>\n","protected":false},"author":13,"featured_media":0,"comment_status":"open","ping_status":"open","sticky":false,"template":"","format":"standard","meta":{"footnotes":""},"categories":[998,2433],"tags":[2201,8612,5518,8691,3674],"class_list":["post-21877","post","type-post","status-publish","format-standard","hentry","category-societe","category-tunisie","tag-garde-a-vue","tag-malversation","tag-mosquee-lakhmi","tag-prolongation","tag-ridha-jaouadi"],"yoast_head":"<!-- This site is optimized with the Yoast SEO plugin v26.6 - https:\/\/yoast.com\/wordpress\/plugins\/seo\/ -->\n<title>Prolongation de la garde \u00e0 vue de Ridha Jaouadi - Kapitalis<\/title>\n<meta name=\"robots\" content=\"index, follow, max-snippet:-1, max-image-preview:large, max-video-preview:-1\" \/>\n<link rel=\"canonical\" href=\"https:\/\/kapitalis.com\/tunisie\/2015\/10\/27\/prolongation-de-la-garde-a-vue-de-ridha-jaouadi\/\" \/>\n<meta property=\"og:locale\" content=\"fr_FR\" \/>\n<meta property=\"og:type\" content=\"article\" \/>\n<meta property=\"og:title\" content=\"Prolongation de la garde \u00e0 vue de Ridha Jaouadi - Kapitalis\" \/>\n<meta property=\"og:description\" content=\"La garde \u00e0 vue de Ridha Jaouadi a \u00e9t\u00e9 prolong\u00e9e de trois jours sur ordre du juge d&rsquo;instruction.\" \/>\n<meta property=\"og:url\" content=\"https:\/\/kapitalis.com\/tunisie\/2015\/10\/27\/prolongation-de-la-garde-a-vue-de-ridha-jaouadi\/\" \/>\n<meta property=\"og:site_name\" content=\"Kapitalis\" \/>\n<meta property=\"article:publisher\" content=\"https:\/\/www.facebook.com\/KapitalisInfo\/\" \/>\n<meta property=\"article:published_time\" content=\"2015-10-27T18:12:30+00:00\" \/>\n<meta property=\"article:modified_time\" content=\"2015-10-28T08:24:48+00:00\" \/>\n<meta property=\"og:image\" content=\"http:\/\/kapitalis.com\/tunisie\/wp-content\/uploads\/2015\/09\/Ridha-Jaouadi1.jpg\" \/>\n<meta name=\"author\" content=\"webmaster aux\" \/>\n<meta name=\"twitter:card\" content=\"summary_large_image\" \/>\n<meta name=\"twitter:creator\" content=\"@KapitalisInfo\" \/>\n<meta name=\"twitter:site\" content=\"@KapitalisInfo\" \/>\n<meta name=\"twitter:label1\" content=\"\u00c9crit par\" \/>\n\t<meta name=\"twitter:data1\" content=\"webmaster aux\" \/>\n\t<meta name=\"twitter:label2\" content=\"Dur\u00e9e de lecture estim\u00e9e\" \/>\n\t<meta name=\"twitter:data2\" content=\"1 minute\" \/>\n<script type=\"application\/ld+json\" class=\"yoast-schema-graph\">{\"@context\":\"https:\/\/schema.org\",\"@graph\":[{\"@type\":\"Article\",\"@id\":\"https:\/\/kapitalis.com\/tunisie\/2015\/10\/27\/prolongation-de-la-garde-a-vue-de-ridha-jaouadi\/#article\",\"isPartOf\":{\"@id\":\"https:\/\/kapitalis.com\/tunisie\/2015\/10\/27\/prolongation-de-la-garde-a-vue-de-ridha-jaouadi\/\"},\"author\":{\"name\":\"webmaster aux\",\"@id\":\"https:\/\/kapitalis.com\/tunisie\/#\/schema\/person\/aa8b4a429805c4e3f0713a3c3f95212b\"},\"headline\":\"Prolongation de la garde \u00e0 vue de Ridha Jaouadi\",\"datePublished\":\"2015-10-27T18:12:30+00:00\",\"dateModified\":\"2015-10-28T08:24:48+00:00\",\"mainEntityOfPage\":{\"@id\":\"https:\/\/kapitalis.com\/tunisie\/2015\/10\/27\/prolongation-de-la-garde-a-vue-de-ridha-jaouadi\/\"},\"wordCount\":134,\"commentCount\":0,\"publisher\":{\"@id\":\"https:\/\/kapitalis.com\/tunisie\/#organization\"},\"image\":{\"@id\":\"https:\/\/kapitalis.com\/tunisie\/2015\/10\/27\/prolongation-de-la-garde-a-vue-de-ridha-jaouadi\/#primaryimage\"},\"thumbnailUrl\":\"http:\/\/kapitalis.com\/tunisie\/wp-content\/uploads\/2015\/09\/Ridha-Jaouadi1.jpg\",\"keywords\":[\"garde \u00e0 vue\",\"malversation\",\"mosqu\u00e9e Lakhmi\",\"prolongation\",\"Ridha Jaouadi\"],\"articleSection\":[\"SOCIETE\",\"Tunisie\"],\"inLanguage\":\"fr-FR\",\"potentialAction\":[{\"@type\":\"CommentAction\",\"name\":\"Comment\",\"target\":[\"https:\/\/kapitalis.com\/tunisie\/2015\/10\/27\/prolongation-de-la-garde-a-vue-de-ridha-jaouadi\/#respond\"]}]},{\"@type\":\"WebPage\",\"@id\":\"https:\/\/kapitalis.com\/tunisie\/2015\/10\/27\/prolongation-de-la-garde-a-vue-de-ridha-jaouadi\/\",\"url\":\"https:\/\/kapitalis.com\/tunisie\/2015\/10\/27\/prolongation-de-la-garde-a-vue-de-ridha-jaouadi\/\",\"name\":\"Prolongation de la garde \u00e0 vue de Ridha Jaouadi - Kapitalis\",\"isPartOf\":{\"@id\":\"https:\/\/kapitalis.com\/tunisie\/#website\"},\"primaryImageOfPage\":{\"@id\":\"https:\/\/kapitalis.com\/tunisie\/2015\/10\/27\/prolongation-de-la-garde-a-vue-de-ridha-jaouadi\/#primaryimage\"},\"image\":{\"@id\":\"https:\/\/kapitalis.com\/tunisie\/2015\/10\/27\/prolongation-de-la-garde-a-vue-de-ridha-jaouadi\/#primaryimage\"},\"thumbnailUrl\":\"http:\/\/kapitalis.com\/tunisie\/wp-content\/uploads\/2015\/09\/Ridha-Jaouadi1.jpg\",\"datePublished\":\"2015-10-27T18:12:30+00:00\",\"dateModified\":\"2015-10-28T08:24:48+00:00\",\"breadcrumb\":{\"@id\":\"https:\/\/kapitalis.com\/tunisie\/2015\/10\/27\/prolongation-de-la-garde-a-vue-de-ridha-jaouadi\/#breadcrumb\"},\"inLanguage\":\"fr-FR\",\"potentialAction\":[{\"@type\":\"ReadAction\",\"target\":[\"https:\/\/kapitalis.com\/tunisie\/2015\/10\/27\/prolongation-de-la-garde-a-vue-de-ridha-jaouadi\/\"]}]},{\"@type\":\"ImageObject\",\"inLanguage\":\"fr-FR\",\"@id\":\"https:\/\/kapitalis.com\/tunisie\/2015\/10\/27\/prolongation-de-la-garde-a-vue-de-ridha-jaouadi\/#primaryimage\",\"url\":\"http:\/\/kapitalis.com\/tunisie\/wp-content\/uploads\/2015\/09\/Ridha-Jaouadi1.jpg\",\"contentUrl\":\"http:\/\/kapitalis.com\/tunisie\/wp-content\/uploads\/2015\/09\/Ridha-Jaouadi1.jpg\"},{\"@type\":\"BreadcrumbList\",\"@id\":\"https:\/\/kapitalis.com\/tunisie\/2015\/10\/27\/prolongation-de-la-garde-a-vue-de-ridha-jaouadi\/#breadcrumb\",\"itemListElement\":[{\"@type\":\"ListItem\",\"position\":1,\"name\":\"Accueil\",\"item\":\"https:\/\/kapitalis.com\/tunisie\/\"},{\"@type\":\"ListItem\",\"position\":2,\"name\":\"Prolongation de la garde \u00e0 vue de Ridha Jaouadi\"}]},{\"@type\":\"WebSite\",\"@id\":\"https:\/\/kapitalis.com\/tunisie\/#website\",\"url\":\"https:\/\/kapitalis.com\/tunisie\/\",\"name\":\"Kapitalis\",\"description\":\"L&#039;actualit\u00e9 en Tunisie et dans le monde\",\"publisher\":{\"@id\":\"https:\/\/kapitalis.com\/tunisie\/#organization\"},\"potentialAction\":[{\"@type\":\"SearchAction\",\"target\":{\"@type\":\"EntryPoint\",\"urlTemplate\":\"https:\/\/kapitalis.com\/tunisie\/?s={search_term_string}\"},\"query-input\":{\"@type\":\"PropertyValueSpecification\",\"valueRequired\":true,\"valueName\":\"search_term_string\"}}],\"inLanguage\":\"fr-FR\"},{\"@type\":\"Organization\",\"@id\":\"https:\/\/kapitalis.com\/tunisie\/#organization\",\"name\":\"Kapitalis\",\"url\":\"https:\/\/kapitalis.com\/tunisie\/\",\"logo\":{\"@type\":\"ImageObject\",\"inLanguage\":\"fr-FR\",\"@id\":\"https:\/\/kapitalis.com\/tunisie\/#\/schema\/logo\/image\/\",\"url\":\"https:\/\/kapitalis.com\/tunisie\/wp-content\/uploads\/2022\/05\/Kapitalis-big-size.png\",\"contentUrl\":\"https:\/\/kapitalis.com\/tunisie\/wp-content\/uploads\/2022\/05\/Kapitalis-big-size.png\",\"width\":5000,\"height\":1500,\"caption\":\"Kapitalis\"},\"image\":{\"@id\":\"https:\/\/kapitalis.com\/tunisie\/#\/schema\/logo\/image\/\"},\"sameAs\":[\"https:\/\/www.facebook.com\/KapitalisInfo\/\",\"https:\/\/x.com\/KapitalisInfo\",\"https:\/\/www.youtube.com\/channel\/UC-yDYrHyfFBWWZaOw3FPg9Q\"]},{\"@type\":\"Person\",\"@id\":\"https:\/\/kapitalis.com\/tunisie\/#\/schema\/person\/aa8b4a429805c4e3f0713a3c3f95212b\",\"name\":\"webmaster aux\",\"url\":\"https:\/\/kapitalis.com\/tunisie\/author\/webmasteraux\/\"}]}<\/script>\n<!-- \/ Yoast SEO plugin. -->","yoast_head_json":{"title":"Prolongation de la garde \u00e0 vue de Ridha Jaouadi - Kapitalis","robots":{"index":"index","follow":"follow","max-snippet":"max-snippet:-1","max-image-preview":"max-image-preview:large","max-video-preview":"max-video-preview:-1"},"canonical":"https:\/\/kapitalis.com\/tunisie\/2015\/10\/27\/prolongation-de-la-garde-a-vue-de-ridha-jaouadi\/","og_locale":"fr_FR","og_type":"article","og_title":"Prolongation de la garde \u00e0 vue de Ridha Jaouadi - Kapitalis","og_description":"La garde \u00e0 vue de Ridha Jaouadi a \u00e9t\u00e9 prolong\u00e9e de trois jours sur ordre du juge d&rsquo;instruction.","og_url":"https:\/\/kapitalis.com\/tunisie\/2015\/10\/27\/prolongation-de-la-garde-a-vue-de-ridha-jaouadi\/","og_site_name":"Kapitalis","article_publisher":"https:\/\/www.facebook.com\/KapitalisInfo\/","article_published_time":"2015-10-27T18:12:30+00:00","article_modified_time":"2015-10-28T08:24:48+00:00","og_image":[{"url":"http:\/\/kapitalis.com\/tunisie\/wp-content\/uploads\/2015\/09\/Ridha-Jaouadi1.jpg","type":"","width":"","height":""}],"author":"webmaster aux","twitter_card":"summary_large_image","twitter_creator":"@KapitalisInfo","twitter_site":"@KapitalisInfo","twitter_misc":{"\u00c9crit par":"webmaster aux","Dur\u00e9e de lecture estim\u00e9e":"1 minute"},"schema":{"@context":"https:\/\/schema.org","@graph":[{"@type":"Article","@id":"https:\/\/kapitalis.com\/tunisie\/2015\/10\/27\/prolongation-de-la-garde-a-vue-de-ridha-jaouadi\/#article","isPartOf":{"@id":"https:\/\/kapitalis.com\/tunisie\/2015\/10\/27\/prolongation-de-la-garde-a-vue-de-ridha-jaouadi\/"},"author":{"name":"webmaster aux","@id":"https:\/\/kapitalis.com\/tunisie\/#\/schema\/person\/aa8b4a429805c4e3f0713a3c3f95212b"},"headline":"Prolongation de la garde \u00e0 vue de Ridha Jaouadi","datePublished":"2015-10-27T18:12:30+00:00","dateModified":"2015-10-28T08:24:48+00:00","mainEntityOfPage":{"@id":"https:\/\/kapitalis.com\/tunisie\/2015\/10\/27\/prolongation-de-la-garde-a-vue-de-ridha-jaouadi\/"},"wordCount":134,"commentCount":0,"publisher":{"@id":"https:\/\/kapitalis.com\/tunisie\/#organization"},"image":{"@id":"https:\/\/kapitalis.com\/tunisie\/2015\/10\/27\/prolongation-de-la-garde-a-vue-de-ridha-jaouadi\/#primaryimage"},"thumbnailUrl":"http:\/\/kapitalis.com\/tunisie\/wp-content\/uploads\/2015\/09\/Ridha-Jaouadi1.jpg","keywords":["garde \u00e0 vue","malversation","mosqu\u00e9e Lakhmi","prolongation","Ridha Jaouadi"],"articleSection":["SOCIETE","Tunisie"],"inLanguage":"fr-FR","potentialAction":[{"@type":"CommentAction","name":"Comment","target":["https:\/\/kapitalis.com\/tunisie\/2015\/10\/27\/prolongation-de-la-garde-a-vue-de-ridha-jaouadi\/#respond"]}]},{"@type":"WebPage","@id":"https:\/\/kapitalis.com\/tunisie\/2015\/10\/27\/prolongation-de-la-garde-a-vue-de-ridha-jaouadi\/","url":"https:\/\/kapitalis.com\/tunisie\/2015\/10\/27\/prolongation-de-la-garde-a-vue-de-ridha-jaouadi\/","name":"Prolongation de la garde \u00e0 vue de Ridha Jaouadi - Kapitalis","isPartOf":{"@id":"https:\/\/kapitalis.com\/tunisie\/#website"},"primaryImageOfPage":{"@id":"https:\/\/kapitalis.com\/tunisie\/2015\/10\/27\/prolongation-de-la-garde-a-vue-de-ridha-jaouadi\/#primaryimage"},"image":{"@id":"https:\/\/kapitalis.com\/tunisie\/2015\/10\/27\/prolongation-de-la-garde-a-vue-de-ridha-jaouadi\/#primaryimage"},"thumbnailUrl":"http:\/\/kapitalis.com\/tunisie\/wp-content\/uploads\/2015\/09\/Ridha-Jaouadi1.jpg","datePublished":"2015-10-27T18:12:30+00:00","dateModified":"2015-10-28T08:24:48+00:00","breadcrumb":{"@id":"https:\/\/kapitalis.com\/tunisie\/2015\/10\/27\/prolongation-de-la-garde-a-vue-de-ridha-jaouadi\/#breadcrumb"},"inLanguage":"fr-FR","potentialAction":[{"@type":"ReadAction","target":["https:\/\/kapitalis.com\/tunisie\/2015\/10\/27\/prolongation-de-la-garde-a-vue-de-ridha-jaouadi\/"]}]},{"@type":"ImageObject","inLanguage":"fr-FR","@id":"https:\/\/kapitalis.com\/tunisie\/2015\/10\/27\/prolongation-de-la-garde-a-vue-de-ridha-jaouadi\/#primaryimage","url":"http:\/\/kapitalis.com\/tunisie\/wp-content\/uploads\/2015\/09\/Ridha-Jaouadi1.jpg","contentUrl":"http:\/\/kapitalis.com\/tunisie\/wp-content\/uploads\/2015\/09\/Ridha-Jaouadi1.jpg"},{"@type":"BreadcrumbList","@id":"https:\/\/kapitalis.com\/tunisie\/2015\/10\/27\/prolongation-de-la-garde-a-vue-de-ridha-jaouadi\/#breadcrumb","itemListElement":[{"@type":"ListItem","position":1,"name":"Accueil","item":"https:\/\/kapitalis.com\/tunisie\/"},{"@type":"ListItem","position":2,"name":"Prolongation de la garde \u00e0 vue de Ridha Jaouadi"}]},{"@type":"WebSite","@id":"https:\/\/kapitalis.com\/tunisie\/#website","url":"https:\/\/kapitalis.com\/tunisie\/","name":"Kapitalis","description":"L&#039;actualit\u00e9 en Tunisie et dans le monde","publisher":{"@id":"https:\/\/kapitalis.com\/tunisie\/#organization"},"potentialAction":[{"@type":"SearchAction","target":{"@type":"EntryPoint","urlTemplate":"https:\/\/kapitalis.com\/tunisie\/?s={search_term_string}"},"query-input":{"@type":"PropertyValueSpecification","valueRequired":true,"valueName":"search_term_string"}}],"inLanguage":"fr-FR"},{"@type":"Organization","@id":"https:\/\/kapitalis.com\/tunisie\/#organization","name":"Kapitalis","url":"https:\/\/kapitalis.com\/tunisie\/","logo":{"@type":"ImageObject","inLanguage":"fr-FR","@id":"https:\/\/kapitalis.com\/tunisie\/#\/schema\/logo\/image\/","url":"https:\/\/kapitalis.com\/tunisie\/wp-content\/uploads\/2022\/05\/Kapitalis-big-size.png","contentUrl":"https:\/\/kapitalis.com\/tunisie\/wp-content\/uploads\/2022\/05\/Kapitalis-big-size.png","width":5000,"height":1500,"caption":"Kapitalis"},"image":{"@id":"https:\/\/kapitalis.com\/tunisie\/#\/schema\/logo\/image\/"},"sameAs":["https:\/\/www.facebook.com\/KapitalisInfo\/","https:\/\/x.com\/KapitalisInfo","https:\/\/www.youtube.com\/channel\/UC-yDYrHyfFBWWZaOw3FPg9Q"]},{"@type":"Person","@id":"https:\/\/kapitalis.com\/tunisie\/#\/schema\/person\/aa8b4a429805c4e3f0713a3c3f95212b","name":"webmaster aux","url":"https:\/\/kapitalis.com\/tunisie\/author\/webmasteraux\/"}]}},"_links":{"self":[{"href":"https:\/\/kapitalis.com\/tunisie\/wp-json\/wp\/v2\/posts\/21877","targetHints":{"allow":["GET"]}}],"collection":[{"href":"https:\/\/kapitalis.com\/tunisie\/wp-json\/wp\/v2\/posts"}],"about":[{"href":"https:\/\/kapitalis.com\/tunisie\/wp-json\/wp\/v2\/types\/post"}],"author":[{"embeddable":true,"href":"https:\/\/kapitalis.com\/tunisie\/wp-json\/wp\/v2\/users\/13"}],"replies":[{"embeddable":true,"href":"https:\/\/kapitalis.com\/tunisie\/wp-json\/wp\/v2\/comments?post=21877"}],"version-history":[{"count":0,"href":"https:\/\/kapitalis.com\/tunisie\/wp-json\/wp\/v2\/posts\/21877\/revisions"}],"wp:attachment":[{"href":"https:\/\/kapitalis.com\/tunisie\/wp-json\/wp\/v2\/media?parent=21877"}],"wp:term":[{"taxonomy":"category","embeddable":true,"href":"https:\/\/kapitalis.com\/tunisie\/wp-json\/wp\/v2\/categories?post=21877"},{"taxonomy":"post_tag","embeddable":true,"href":"https:\/\/kapitalis.com\/tunisie\/wp-json\/wp\/v2\/tags?post=21877"}],"curies":[{"name":"wp","href":"https:\/\/api.w.org\/{rel}","templated":true}]}}