{"id":218961,"date":"2019-06-18T11:52:00","date_gmt":"2019-06-18T10:52:00","guid":{"rendered":"http:\/\/kapitalis.com\/tunisie\/?p=218961"},"modified":"2019-06-18T11:52:03","modified_gmt":"2019-06-18T10:52:03","slug":"tunisie-une-petition-de-soutien-a-rene-trabelsi-cible-dune-campagne-de-denigrement","status":"publish","type":"post","link":"https:\/\/kapitalis.com\/tunisie\/2019\/06\/18\/tunisie-une-petition-de-soutien-a-rene-trabelsi-cible-dune-campagne-de-denigrement\/","title":{"rendered":"Tunisie : Une p\u00e9tition de soutien \u00e0 Ren\u00e9 Trabelsi, cible d\u2019une campagne de d\u00e9nigrement"},"content":{"rendered":"\n<figure class=\"wp-block-image\"><img decoding=\"async\" src=\"http:\/\/kapitalis.com\/tunisie\/wp-content\/uploads\/2018\/12\/Ren\u00e9-Trabelsi.jpg\" alt=\"\" class=\"wp-image-189234\"\/><\/figure>\n\n\n\n<p><b><i>Un groupe de citoyens tunisiens de diverses religions ont lanc\u00e9 sur le web une p\u00e9tition de soutien \u00e0 <a rel=\"noreferrer noopener\" aria-label=\"Ren\u00e9 Trabelsi (s\u2019ouvre dans un nouvel onglet)\" href=\"https:\/\/www.change.org\/p\/l%C3%A9o-tounsi-soutien-%C3%A0-ren%C3%A9-trabelsi-3300b538-e497-4fda-a355-316686593730?recruiter=88204403&amp;utm_source=share_petition&amp;utm_medium=abi_gmail&amp;utm_campaign=address_book&amp;utm_term=triggered&amp;recruited_by_id=c658b233-da24-4a39-a4b3-c07dddf5d55e\" target=\"_blank\">Ren\u00e9 Trabelsi<\/a>, ministre du Tourisme et de l\u2019Artisanat, de confession juive, faisant l\u2019objet d\u2019une campagne de d\u00e9nigrement sous couvert de la lutte contre la normalisation avec l\u2019Etat d\u2019Isra\u00ebl. En voici le texte\u2026 <\/i><\/b><br><\/p>\n\n\n\n<!--more-->\n\n\n\n<p> Nous, Tunisiens  et Tunisiennes de diff\u00e9rentes confessions et r\u00e9gions, signataires ci-dessous, annon\u00e7ons \u00e0 l\u2019opinion publique nationale et internationale, notre soutien inconditionnel et notre solidarit\u00e9 \u00e0 notre concitoyen Ren\u00e9 Trabelsi, qui depuis sa nomination au poste de ministre du Tourisme et de l\u2019Artisanat, subit une intense campagne de d\u00e9nigrement lanc\u00e9e par des parties r\u00e9trogrades antis\u00e9mites sous couvert de la lutte contre la normalisation avec l\u2019Etat d\u2019Isra\u00ebl. <br><\/p>\n\n\n\n<p> Pr\u00f4nant des discours de haine et discriminatoires, ses d\u00e9tracteurs n\u2019h\u00e9sitent pas, \u00e0 chaque fois o\u00f9 l\u2019occasion se pr\u00e9sente, de mettre les b\u00e2tons dans les roues et de jeter de l\u2019huile sur le feu afin de faire \u00e9chouer, \u00e0 tous prix, les efforts exceptionnels fournis par Ren\u00e9 Trabelsi, en vue de promouvoir la destination Tunisie et d\u2019atteindre les objectifs qu\u2019il s\u2019est fix\u00e9 depuis son arriv\u00e9e au minist\u00e8re, \u00e0 savoir 9 millions de touristes en 2019, un chiffre record, jamais enregistr\u00e9 depuis la r\u00e9volution de 2010.<br> <\/p>\n\n\n\n<p><strong><em><a href=\"https:\/\/www.change.org\/p\/l%C3%A9o-tounsi-soutien-%C3%A0-ren%C3%A9-trabelsi-3300b538-e497-4fda-a355-316686593730?recruiter=88204403&amp;utm_source=share_petition&amp;utm_medium=abi_gmail&amp;utm_campaign=address_book&amp;utm_term=triggered&amp;recruited_by_id=c658b233-da24-4a39-a4b3-c07dddf5d55e\" target=\"_blank\" rel=\"noreferrer noopener\" aria-label=\"Pour signer la p\u00e9tition.  (s\u2019ouvre dans un nouvel onglet)\">Pour signer la p\u00e9tition. <\/a><\/em><\/strong><\/p>\n","protected":false},"excerpt":{"rendered":"<p>Un groupe de citoyens tunisiens de diverses religions ont lanc\u00e9 sur le web une p\u00e9tition de soutien \u00e0 Ren\u00e9 Trabelsi, ministre du Tourisme et de l\u2019Artisanat, de confession juive, faisant l\u2019objet d\u2019une campagne de d\u00e9nigrement sous couvert de la lutte contre la normalisation avec l\u2019Etat d\u2019Isra\u00ebl. En voici le texte\u2026<\/p>\n","protected":false},"author":8,"featured_media":0,"comment_status":"open","ping_status":"open","sticky":false,"template":"","format":"standard","meta":{"footnotes":""},"categories":[997,2433],"tags":[89,4938,908],"class_list":["post-218961","post","type-post","status-publish","format-standard","hentry","category-politique","category-tunisie","tag-artisanat","tag-rene-trabelsi","tag-tourisme"],"yoast_head":"<!-- This site is optimized with the Yoast SEO plugin v26.6 - https:\/\/yoast.com\/wordpress\/plugins\/seo\/ -->\n<title>Tunisie : Une p\u00e9tition de soutien \u00e0 Ren\u00e9 Trabelsi, cible d\u2019une campagne de d\u00e9nigrement - Kapitalis<\/title>\n<meta name=\"robots\" content=\"index, follow, max-snippet:-1, max-image-preview:large, max-video-preview:-1\" \/>\n<link rel=\"canonical\" href=\"https:\/\/kapitalis.com\/tunisie\/2019\/06\/18\/tunisie-une-petition-de-soutien-a-rene-trabelsi-cible-dune-campagne-de-denigrement\/\" \/>\n<meta property=\"og:locale\" content=\"fr_FR\" \/>\n<meta property=\"og:type\" content=\"article\" \/>\n<meta property=\"og:title\" content=\"Tunisie : Une p\u00e9tition de soutien \u00e0 Ren\u00e9 Trabelsi, cible d\u2019une campagne de d\u00e9nigrement - Kapitalis\" \/>\n<meta property=\"og:description\" content=\"Un groupe de citoyens tunisiens de diverses religions ont lanc\u00e9 sur le web une p\u00e9tition de soutien \u00e0 Ren\u00e9 Trabelsi, ministre du Tourisme et de l\u2019Artisanat, de confession juive, faisant l\u2019objet d\u2019une campagne de d\u00e9nigrement sous couvert de la lutte contre la normalisation avec l\u2019Etat d\u2019Isra\u00ebl. En voici le texte\u2026\" \/>\n<meta property=\"og:url\" content=\"https:\/\/kapitalis.com\/tunisie\/2019\/06\/18\/tunisie-une-petition-de-soutien-a-rene-trabelsi-cible-dune-campagne-de-denigrement\/\" \/>\n<meta property=\"og:site_name\" content=\"Kapitalis\" \/>\n<meta property=\"article:publisher\" content=\"https:\/\/www.facebook.com\/KapitalisInfo\/\" \/>\n<meta property=\"article:published_time\" content=\"2019-06-18T10:52:00+00:00\" \/>\n<meta property=\"article:modified_time\" content=\"2019-06-18T10:52:03+00:00\" \/>\n<meta property=\"og:image\" content=\"https:\/\/kapitalis.com\/tunisie\/wp-content\/uploads\/2022\/05\/kapitalis-logo-fb.png\" \/>\n\t<meta property=\"og:image:width\" content=\"1200\" \/>\n\t<meta property=\"og:image:height\" content=\"630\" \/>\n\t<meta property=\"og:image:type\" content=\"image\/png\" \/>\n<meta name=\"author\" content=\"webmaster kapitalis\" \/>\n<meta name=\"twitter:card\" content=\"summary_large_image\" \/>\n<meta name=\"twitter:creator\" content=\"@KapitalisInfo\" \/>\n<meta name=\"twitter:site\" content=\"@KapitalisInfo\" \/>\n<meta name=\"twitter:label1\" content=\"\u00c9crit par\" \/>\n\t<meta name=\"twitter:data1\" content=\"webmaster kapitalis\" \/>\n\t<meta name=\"twitter:label2\" content=\"Dur\u00e9e de lecture estim\u00e9e\" \/>\n\t<meta name=\"twitter:data2\" content=\"1 minute\" \/>\n<script type=\"application\/ld+json\" class=\"yoast-schema-graph\">{\"@context\":\"https:\/\/schema.org\",\"@graph\":[{\"@type\":\"Article\",\"@id\":\"https:\/\/kapitalis.com\/tunisie\/2019\/06\/18\/tunisie-une-petition-de-soutien-a-rene-trabelsi-cible-dune-campagne-de-denigrement\/#article\",\"isPartOf\":{\"@id\":\"https:\/\/kapitalis.com\/tunisie\/2019\/06\/18\/tunisie-une-petition-de-soutien-a-rene-trabelsi-cible-dune-campagne-de-denigrement\/\"},\"author\":{\"name\":\"webmaster kapitalis\",\"@id\":\"https:\/\/kapitalis.com\/tunisie\/#\/schema\/person\/d71f33a9ca44f7bad4698210b480c8e9\"},\"headline\":\"Tunisie : Une p\u00e9tition de soutien \u00e0 Ren\u00e9 Trabelsi, cible d\u2019une campagne de d\u00e9nigrement\",\"datePublished\":\"2019-06-18T10:52:00+00:00\",\"dateModified\":\"2019-06-18T10:52:03+00:00\",\"mainEntityOfPage\":{\"@id\":\"https:\/\/kapitalis.com\/tunisie\/2019\/06\/18\/tunisie-une-petition-de-soutien-a-rene-trabelsi-cible-dune-campagne-de-denigrement\/\"},\"wordCount\":244,\"commentCount\":28,\"publisher\":{\"@id\":\"https:\/\/kapitalis.com\/tunisie\/#organization\"},\"keywords\":[\"artisanat\",\"Ren\u00e9 Trabelsi\",\"tourisme\"],\"articleSection\":[\"POLITIQUE\",\"Tunisie\"],\"inLanguage\":\"fr-FR\",\"potentialAction\":[{\"@type\":\"CommentAction\",\"name\":\"Comment\",\"target\":[\"https:\/\/kapitalis.com\/tunisie\/2019\/06\/18\/tunisie-une-petition-de-soutien-a-rene-trabelsi-cible-dune-campagne-de-denigrement\/#respond\"]}]},{\"@type\":\"WebPage\",\"@id\":\"https:\/\/kapitalis.com\/tunisie\/2019\/06\/18\/tunisie-une-petition-de-soutien-a-rene-trabelsi-cible-dune-campagne-de-denigrement\/\",\"url\":\"https:\/\/kapitalis.com\/tunisie\/2019\/06\/18\/tunisie-une-petition-de-soutien-a-rene-trabelsi-cible-dune-campagne-de-denigrement\/\",\"name\":\"Tunisie : Une p\u00e9tition de soutien \u00e0 Ren\u00e9 Trabelsi, cible d\u2019une campagne de d\u00e9nigrement - Kapitalis\",\"isPartOf\":{\"@id\":\"https:\/\/kapitalis.com\/tunisie\/#website\"},\"datePublished\":\"2019-06-18T10:52:00+00:00\",\"dateModified\":\"2019-06-18T10:52:03+00:00\",\"breadcrumb\":{\"@id\":\"https:\/\/kapitalis.com\/tunisie\/2019\/06\/18\/tunisie-une-petition-de-soutien-a-rene-trabelsi-cible-dune-campagne-de-denigrement\/#breadcrumb\"},\"inLanguage\":\"fr-FR\",\"potentialAction\":[{\"@type\":\"ReadAction\",\"target\":[\"https:\/\/kapitalis.com\/tunisie\/2019\/06\/18\/tunisie-une-petition-de-soutien-a-rene-trabelsi-cible-dune-campagne-de-denigrement\/\"]}]},{\"@type\":\"BreadcrumbList\",\"@id\":\"https:\/\/kapitalis.com\/tunisie\/2019\/06\/18\/tunisie-une-petition-de-soutien-a-rene-trabelsi-cible-dune-campagne-de-denigrement\/#breadcrumb\",\"itemListElement\":[{\"@type\":\"ListItem\",\"position\":1,\"name\":\"Accueil\",\"item\":\"https:\/\/kapitalis.com\/tunisie\/\"},{\"@type\":\"ListItem\",\"position\":2,\"name\":\"Tunisie : Une p\u00e9tition de soutien \u00e0 Ren\u00e9 Trabelsi, cible d\u2019une campagne de d\u00e9nigrement\"}]},{\"@type\":\"WebSite\",\"@id\":\"https:\/\/kapitalis.com\/tunisie\/#website\",\"url\":\"https:\/\/kapitalis.com\/tunisie\/\",\"name\":\"Kapitalis\",\"description\":\"L&#039;actualit\u00e9 en Tunisie et dans le monde\",\"publisher\":{\"@id\":\"https:\/\/kapitalis.com\/tunisie\/#organization\"},\"potentialAction\":[{\"@type\":\"SearchAction\",\"target\":{\"@type\":\"EntryPoint\",\"urlTemplate\":\"https:\/\/kapitalis.com\/tunisie\/?s={search_term_string}\"},\"query-input\":{\"@type\":\"PropertyValueSpecification\",\"valueRequired\":true,\"valueName\":\"search_term_string\"}}],\"inLanguage\":\"fr-FR\"},{\"@type\":\"Organization\",\"@id\":\"https:\/\/kapitalis.com\/tunisie\/#organization\",\"name\":\"Kapitalis\",\"url\":\"https:\/\/kapitalis.com\/tunisie\/\",\"logo\":{\"@type\":\"ImageObject\",\"inLanguage\":\"fr-FR\",\"@id\":\"https:\/\/kapitalis.com\/tunisie\/#\/schema\/logo\/image\/\",\"url\":\"https:\/\/kapitalis.com\/tunisie\/wp-content\/uploads\/2022\/05\/Kapitalis-big-size.png\",\"contentUrl\":\"https:\/\/kapitalis.com\/tunisie\/wp-content\/uploads\/2022\/05\/Kapitalis-big-size.png\",\"width\":5000,\"height\":1500,\"caption\":\"Kapitalis\"},\"image\":{\"@id\":\"https:\/\/kapitalis.com\/tunisie\/#\/schema\/logo\/image\/\"},\"sameAs\":[\"https:\/\/www.facebook.com\/KapitalisInfo\/\",\"https:\/\/x.com\/KapitalisInfo\",\"https:\/\/www.youtube.com\/channel\/UC-yDYrHyfFBWWZaOw3FPg9Q\"]},{\"@type\":\"Person\",\"@id\":\"https:\/\/kapitalis.com\/tunisie\/#\/schema\/person\/d71f33a9ca44f7bad4698210b480c8e9\",\"name\":\"webmaster kapitalis\",\"url\":\"https:\/\/kapitalis.com\/tunisie\/author\/webmaster-kapitalis\/\"}]}<\/script>\n<!-- \/ Yoast SEO plugin. -->","yoast_head_json":{"title":"Tunisie : Une p\u00e9tition de soutien \u00e0 Ren\u00e9 Trabelsi, cible d\u2019une campagne de d\u00e9nigrement - Kapitalis","robots":{"index":"index","follow":"follow","max-snippet":"max-snippet:-1","max-image-preview":"max-image-preview:large","max-video-preview":"max-video-preview:-1"},"canonical":"https:\/\/kapitalis.com\/tunisie\/2019\/06\/18\/tunisie-une-petition-de-soutien-a-rene-trabelsi-cible-dune-campagne-de-denigrement\/","og_locale":"fr_FR","og_type":"article","og_title":"Tunisie : Une p\u00e9tition de soutien \u00e0 Ren\u00e9 Trabelsi, cible d\u2019une campagne de d\u00e9nigrement - Kapitalis","og_description":"Un groupe de citoyens tunisiens de diverses religions ont lanc\u00e9 sur le web une p\u00e9tition de soutien \u00e0 Ren\u00e9 Trabelsi, ministre du Tourisme et de l\u2019Artisanat, de confession juive, faisant l\u2019objet d\u2019une campagne de d\u00e9nigrement sous couvert de la lutte contre la normalisation avec l\u2019Etat d\u2019Isra\u00ebl. En voici le texte\u2026","og_url":"https:\/\/kapitalis.com\/tunisie\/2019\/06\/18\/tunisie-une-petition-de-soutien-a-rene-trabelsi-cible-dune-campagne-de-denigrement\/","og_site_name":"Kapitalis","article_publisher":"https:\/\/www.facebook.com\/KapitalisInfo\/","article_published_time":"2019-06-18T10:52:00+00:00","article_modified_time":"2019-06-18T10:52:03+00:00","og_image":[{"width":1200,"height":630,"url":"https:\/\/kapitalis.com\/tunisie\/wp-content\/uploads\/2022\/05\/kapitalis-logo-fb.png","type":"image\/png"}],"author":"webmaster kapitalis","twitter_card":"summary_large_image","twitter_creator":"@KapitalisInfo","twitter_site":"@KapitalisInfo","twitter_misc":{"\u00c9crit par":"webmaster kapitalis","Dur\u00e9e de lecture estim\u00e9e":"1 minute"},"schema":{"@context":"https:\/\/schema.org","@graph":[{"@type":"Article","@id":"https:\/\/kapitalis.com\/tunisie\/2019\/06\/18\/tunisie-une-petition-de-soutien-a-rene-trabelsi-cible-dune-campagne-de-denigrement\/#article","isPartOf":{"@id":"https:\/\/kapitalis.com\/tunisie\/2019\/06\/18\/tunisie-une-petition-de-soutien-a-rene-trabelsi-cible-dune-campagne-de-denigrement\/"},"author":{"name":"webmaster kapitalis","@id":"https:\/\/kapitalis.com\/tunisie\/#\/schema\/person\/d71f33a9ca44f7bad4698210b480c8e9"},"headline":"Tunisie : Une p\u00e9tition de soutien \u00e0 Ren\u00e9 Trabelsi, cible d\u2019une campagne de d\u00e9nigrement","datePublished":"2019-06-18T10:52:00+00:00","dateModified":"2019-06-18T10:52:03+00:00","mainEntityOfPage":{"@id":"https:\/\/kapitalis.com\/tunisie\/2019\/06\/18\/tunisie-une-petition-de-soutien-a-rene-trabelsi-cible-dune-campagne-de-denigrement\/"},"wordCount":244,"commentCount":28,"publisher":{"@id":"https:\/\/kapitalis.com\/tunisie\/#organization"},"keywords":["artisanat","Ren\u00e9 Trabelsi","tourisme"],"articleSection":["POLITIQUE","Tunisie"],"inLanguage":"fr-FR","potentialAction":[{"@type":"CommentAction","name":"Comment","target":["https:\/\/kapitalis.com\/tunisie\/2019\/06\/18\/tunisie-une-petition-de-soutien-a-rene-trabelsi-cible-dune-campagne-de-denigrement\/#respond"]}]},{"@type":"WebPage","@id":"https:\/\/kapitalis.com\/tunisie\/2019\/06\/18\/tunisie-une-petition-de-soutien-a-rene-trabelsi-cible-dune-campagne-de-denigrement\/","url":"https:\/\/kapitalis.com\/tunisie\/2019\/06\/18\/tunisie-une-petition-de-soutien-a-rene-trabelsi-cible-dune-campagne-de-denigrement\/","name":"Tunisie : Une p\u00e9tition de soutien \u00e0 Ren\u00e9 Trabelsi, cible d\u2019une campagne de d\u00e9nigrement - Kapitalis","isPartOf":{"@id":"https:\/\/kapitalis.com\/tunisie\/#website"},"datePublished":"2019-06-18T10:52:00+00:00","dateModified":"2019-06-18T10:52:03+00:00","breadcrumb":{"@id":"https:\/\/kapitalis.com\/tunisie\/2019\/06\/18\/tunisie-une-petition-de-soutien-a-rene-trabelsi-cible-dune-campagne-de-denigrement\/#breadcrumb"},"inLanguage":"fr-FR","potentialAction":[{"@type":"ReadAction","target":["https:\/\/kapitalis.com\/tunisie\/2019\/06\/18\/tunisie-une-petition-de-soutien-a-rene-trabelsi-cible-dune-campagne-de-denigrement\/"]}]},{"@type":"BreadcrumbList","@id":"https:\/\/kapitalis.com\/tunisie\/2019\/06\/18\/tunisie-une-petition-de-soutien-a-rene-trabelsi-cible-dune-campagne-de-denigrement\/#breadcrumb","itemListElement":[{"@type":"ListItem","position":1,"name":"Accueil","item":"https:\/\/kapitalis.com\/tunisie\/"},{"@type":"ListItem","position":2,"name":"Tunisie : Une p\u00e9tition de soutien \u00e0 Ren\u00e9 Trabelsi, cible d\u2019une campagne de d\u00e9nigrement"}]},{"@type":"WebSite","@id":"https:\/\/kapitalis.com\/tunisie\/#website","url":"https:\/\/kapitalis.com\/tunisie\/","name":"Kapitalis","description":"L&#039;actualit\u00e9 en Tunisie et dans le monde","publisher":{"@id":"https:\/\/kapitalis.com\/tunisie\/#organization"},"potentialAction":[{"@type":"SearchAction","target":{"@type":"EntryPoint","urlTemplate":"https:\/\/kapitalis.com\/tunisie\/?s={search_term_string}"},"query-input":{"@type":"PropertyValueSpecification","valueRequired":true,"valueName":"search_term_string"}}],"inLanguage":"fr-FR"},{"@type":"Organization","@id":"https:\/\/kapitalis.com\/tunisie\/#organization","name":"Kapitalis","url":"https:\/\/kapitalis.com\/tunisie\/","logo":{"@type":"ImageObject","inLanguage":"fr-FR","@id":"https:\/\/kapitalis.com\/tunisie\/#\/schema\/logo\/image\/","url":"https:\/\/kapitalis.com\/tunisie\/wp-content\/uploads\/2022\/05\/Kapitalis-big-size.png","contentUrl":"https:\/\/kapitalis.com\/tunisie\/wp-content\/uploads\/2022\/05\/Kapitalis-big-size.png","width":5000,"height":1500,"caption":"Kapitalis"},"image":{"@id":"https:\/\/kapitalis.com\/tunisie\/#\/schema\/logo\/image\/"},"sameAs":["https:\/\/www.facebook.com\/KapitalisInfo\/","https:\/\/x.com\/KapitalisInfo","https:\/\/www.youtube.com\/channel\/UC-yDYrHyfFBWWZaOw3FPg9Q"]},{"@type":"Person","@id":"https:\/\/kapitalis.com\/tunisie\/#\/schema\/person\/d71f33a9ca44f7bad4698210b480c8e9","name":"webmaster kapitalis","url":"https:\/\/kapitalis.com\/tunisie\/author\/webmaster-kapitalis\/"}]}},"_links":{"self":[{"href":"https:\/\/kapitalis.com\/tunisie\/wp-json\/wp\/v2\/posts\/218961","targetHints":{"allow":["GET"]}}],"collection":[{"href":"https:\/\/kapitalis.com\/tunisie\/wp-json\/wp\/v2\/posts"}],"about":[{"href":"https:\/\/kapitalis.com\/tunisie\/wp-json\/wp\/v2\/types\/post"}],"author":[{"embeddable":true,"href":"https:\/\/kapitalis.com\/tunisie\/wp-json\/wp\/v2\/users\/8"}],"replies":[{"embeddable":true,"href":"https:\/\/kapitalis.com\/tunisie\/wp-json\/wp\/v2\/comments?post=218961"}],"version-history":[{"count":0,"href":"https:\/\/kapitalis.com\/tunisie\/wp-json\/wp\/v2\/posts\/218961\/revisions"}],"wp:attachment":[{"href":"https:\/\/kapitalis.com\/tunisie\/wp-json\/wp\/v2\/media?parent=218961"}],"wp:term":[{"taxonomy":"category","embeddable":true,"href":"https:\/\/kapitalis.com\/tunisie\/wp-json\/wp\/v2\/categories?post=218961"},{"taxonomy":"post_tag","embeddable":true,"href":"https:\/\/kapitalis.com\/tunisie\/wp-json\/wp\/v2\/tags?post=218961"}],"curies":[{"name":"wp","href":"https:\/\/api.w.org\/{rel}","templated":true}]}}