{"id":219409,"date":"2019-06-20T07:59:23","date_gmt":"2019-06-20T06:59:23","guid":{"rendered":"http:\/\/kapitalis.com\/tunisie\/?p=219409"},"modified":"2019-06-20T07:59:25","modified_gmt":"2019-06-20T06:59:25","slug":"theatre-cinema-et-jazz-a-la-1ere-edition-du-bardo-fest","status":"publish","type":"post","link":"https:\/\/kapitalis.com\/tunisie\/2019\/06\/20\/theatre-cinema-et-jazz-a-la-1ere-edition-du-bardo-fest\/","title":{"rendered":"Th\u00e9\u00e2tre, cin\u00e9ma et jazz \u00e0 la 1\u00e8re \u00e9dition du Bardo Fest"},"content":{"rendered":"\n<figure class=\"wp-block-image\"><img decoding=\"async\" src=\"http:\/\/kapitalis.com\/tunisie\/wp-content\/uploads\/2019\/06\/Bardo-Fest.jpg\" alt=\"\" class=\"wp-image-219410\"\/><\/figure>\n\n\n\n<p><strong><em>La premi\u00e8re \u00e9dition du Bardo Fest a d\u00e9marr\u00e9 hier, mercredi 19 juin 2019, et se poursuivra jusqu\u2019au 30 de ce mois, \u00e0 Dar Al Masrahi, au Bardo. De belles rencontres sont \u00e0 l\u2019horizon autour du th\u00e9\u00e2tre, du cin\u00e9ma et de la musique.<\/em><\/strong><br><\/p>\n\n\n\n<!--more-->\n\n\n\n<p> Bardo Fest est une nouvelle manifestation culturelle pluridisciplinaire initi\u00e9e par le minist\u00e8re des Affaires culturelles qui investira le Th\u00e9\u00e2tre de plein air de Dar Al Masrahi o\u00f9 se m\u00ealeront diff\u00e9rentes expressions pour c\u00e9l\u00e9brer les derni\u00e8res productions artistiques tunisiennes.<br><\/p>\n\n\n\n<p> Le festival est d\u00e9clin\u00e9 en trois grands axes : les Journ\u00e9es th\u00e9\u00e2trales du Bardo du 19 au 24 juin, puis Cin\u00e9 Bardo du 24 au 26 juin et enfin Jazz au Bardo du 27 au 30 juin. Au programme, des projections, des performances, des spectacles et une exposition \u00e0 des tarifs tr\u00e8s symboliques (entre 1 et 3 DT) afin de garantir l\u2019accessibilit\u00e9 \u00e0 un plus large public.<br><\/p>\n\n\n\n<p> Les cin\u00e9philes auront rendez-vous avec<em> \u2018\u2018El Ja\u00efda\u2019\u2019<\/em> de Salma Baccar et de <em>\u2018\u2018Dachra\u2019\u2019 <\/em>d\u2019Abdelhamid Bouchnak, le premier film d\u2019horreur dans l\u2019histoire du cin\u00e9ma tunisien, ayant battu les records d\u2019entr\u00e9es depuis sa sortie dans les salles. Les deux projections se feront en pr\u00e9sence des \u00e9quipes des films.<br><\/p>\n\n\n\n<p> Les amoureux du jazz auront rendez-vous avec une s\u00e9rie de concerts d\u2019artistes tunisiens qui font du jazz et de la fusion, comme le pianiste et compositeur Omar El Ouaer, Amal Cherif, Najet Ounis\u2026<br><\/p>\n\n\n\n<p> Tout au long du festival, le public pourra d\u00e9couvrir l\u2019exposition d\u2019arts plastiques<em> \u00abTranches de vie\u00bb <\/em>de Yosra Mzoughi.<br><\/p>\n\n\n\n<h3 class=\"wp-block-heading\" style=\"text-align:center\">Programme :<br><\/h3>\n\n\n\n<p style=\"text-align:center\"><strong> Journ\u00e9es Th\u00e9\u00e2trales du Bardo<\/strong> (19 &#8211; 24 juin) : <\/p>\n\n\n\n<p><strong><em>Mercredi 19 juin <\/em><\/strong>:<em> \u2018\u2018Faut pas payer\u2019\u2019<\/em> de Mohamed Ali Kal\u00eei ;<br><\/p>\n\n\n\n<p><strong><em> Jeudi 20 juin <\/em><\/strong>: Improvisation th\u00e9\u00e2trale par l\u2019Association tunisienne d\u2019improvisation Th\u00e9atrale (ATIT);<br><\/p>\n\n\n\n<p><strong><em> Vendredi 21 juin<\/em><\/strong> : <em>\u2018\u2018Don Quichotte\u2019\u2019<\/em> de Chedli Arfaoui;<br><\/p>\n\n\n\n<p> <strong><em>Samedi 22 juin<\/em><\/strong> : Performance de Lotfi Turki;<br><\/p>\n\n\n\n<p><strong><em>Dimanche 23 juin<\/em><\/strong> : \u2018\u2018Wahch al mamalik\u2019\u2019 de Mohsen Meddeb.<br><\/p>\n\n\n\n<p style=\"text-align:center\"><strong> Cin\u00e9 Bardo <\/strong>(24 &#8211; 26 juin) :<br><\/p>\n\n\n\n<p><strong><em> Lundi 24 juin<\/em><\/strong>:<em> \u2018\u2018Dachra\u2019\u2019 <\/em>d\u2019Abdelhamid Bouchnak; <\/p>\n\n\n\n<p><strong><em>Mardi 25  juin<\/em><\/strong> : Projection de 8 courts-m\u00e9trages tunisiens;<br><\/p>\n\n\n\n<p> <strong><em>Mercredi 26 juin <\/em><\/strong>: <em>\u2018\u2018El Jaida\u2019\u2019<\/em> de Salma Baccar.<br><\/p>\n\n\n\n<p style=\"text-align:center\"><strong>Jazz au Bardo<\/strong> (27 &#8211; 30 juin) :<br><\/p>\n\n\n\n<p><strong><em> Jeudi 27 juin<\/em><\/strong> : Troupe de Najet Ounis<br><\/p>\n\n\n\n<p> <strong><em>Vendredi 28 juin<\/em><\/strong> : Troupe de Omar El Ouaer<br><\/p>\n\n\n\n<p> <strong><em>Samedi 29 juin<\/em><\/strong> : Troupe de Amal Cherif<br><\/p>\n\n\n\n<p><strong><em> Dimanche 30 juin<\/em><\/strong> : Troupe de Ouassim Ben Rhouma.<br><\/p>\n\n\n\n<p style=\"text-align:right\"> <strong>Fawz Ben Ali<\/strong><\/p>\n","protected":false},"excerpt":{"rendered":"<p>La premi\u00e8re \u00e9dition du Bardo Fest a d\u00e9marr\u00e9 hier, mercredi 19 juin 2019, et se poursuivra jusqu\u2019au 30 de ce mois, \u00e0 Dar Al Masrahi, au Bardo. De belles rencontres sont \u00e0 l\u2019horizon autour du th\u00e9\u00e2tre, du cin\u00e9ma et de la musique.<\/p>\n","protected":false},"author":8,"featured_media":219410,"comment_status":"open","ping_status":"open","sticky":false,"template":"","format":"standard","meta":{"footnotes":""},"categories":[994,2433],"tags":[34363,20388,4486],"class_list":["post-219409","post","type-post","status-publish","format-standard","has-post-thumbnail","hentry","category-culture","category-tunisie","tag-abdelhamid-bouchnak","tag-omar-el-ouaer","tag-salma-baccar"],"yoast_head":"<!-- This site is optimized with the Yoast SEO plugin v26.6 - https:\/\/yoast.com\/wordpress\/plugins\/seo\/ -->\n<title>Th\u00e9\u00e2tre, cin\u00e9ma et jazz \u00e0 la 1\u00e8re \u00e9dition du Bardo Fest - Kapitalis<\/title>\n<meta name=\"robots\" content=\"index, follow, max-snippet:-1, max-image-preview:large, max-video-preview:-1\" \/>\n<link rel=\"canonical\" href=\"https:\/\/kapitalis.com\/tunisie\/2019\/06\/20\/theatre-cinema-et-jazz-a-la-1ere-edition-du-bardo-fest\/\" \/>\n<meta property=\"og:locale\" content=\"fr_FR\" \/>\n<meta property=\"og:type\" content=\"article\" \/>\n<meta property=\"og:title\" content=\"Th\u00e9\u00e2tre, cin\u00e9ma et jazz \u00e0 la 1\u00e8re \u00e9dition du Bardo Fest - Kapitalis\" \/>\n<meta property=\"og:description\" content=\"La premi\u00e8re \u00e9dition du Bardo Fest a d\u00e9marr\u00e9 hier, mercredi 19 juin 2019, et se poursuivra jusqu\u2019au 30 de ce mois, \u00e0 Dar Al Masrahi, au Bardo. De belles rencontres sont \u00e0 l\u2019horizon autour du th\u00e9\u00e2tre, du cin\u00e9ma et de la musique.\" \/>\n<meta property=\"og:url\" content=\"https:\/\/kapitalis.com\/tunisie\/2019\/06\/20\/theatre-cinema-et-jazz-a-la-1ere-edition-du-bardo-fest\/\" \/>\n<meta property=\"og:site_name\" content=\"Kapitalis\" \/>\n<meta property=\"article:publisher\" content=\"https:\/\/www.facebook.com\/KapitalisInfo\/\" \/>\n<meta property=\"article:published_time\" content=\"2019-06-20T06:59:23+00:00\" \/>\n<meta property=\"article:modified_time\" content=\"2019-06-20T06:59:25+00:00\" \/>\n<meta property=\"og:image\" content=\"https:\/\/kapitalis.com\/tunisie\/wp-content\/uploads\/2022\/05\/kapitalis-logo-fb.png\" \/>\n\t<meta property=\"og:image:width\" content=\"1200\" \/>\n\t<meta property=\"og:image:height\" content=\"630\" \/>\n\t<meta property=\"og:image:type\" content=\"image\/png\" \/>\n<meta name=\"author\" content=\"webmaster kapitalis\" \/>\n<meta name=\"twitter:card\" content=\"summary_large_image\" \/>\n<meta name=\"twitter:creator\" content=\"@KapitalisInfo\" \/>\n<meta name=\"twitter:site\" content=\"@KapitalisInfo\" \/>\n<meta name=\"twitter:label1\" content=\"\u00c9crit par\" \/>\n\t<meta name=\"twitter:data1\" content=\"webmaster kapitalis\" \/>\n\t<meta name=\"twitter:label2\" content=\"Dur\u00e9e de lecture estim\u00e9e\" \/>\n\t<meta name=\"twitter:data2\" content=\"2 minutes\" \/>\n<script type=\"application\/ld+json\" class=\"yoast-schema-graph\">{\"@context\":\"https:\/\/schema.org\",\"@graph\":[{\"@type\":\"Article\",\"@id\":\"https:\/\/kapitalis.com\/tunisie\/2019\/06\/20\/theatre-cinema-et-jazz-a-la-1ere-edition-du-bardo-fest\/#article\",\"isPartOf\":{\"@id\":\"https:\/\/kapitalis.com\/tunisie\/2019\/06\/20\/theatre-cinema-et-jazz-a-la-1ere-edition-du-bardo-fest\/\"},\"author\":{\"name\":\"webmaster kapitalis\",\"@id\":\"https:\/\/kapitalis.com\/tunisie\/#\/schema\/person\/d71f33a9ca44f7bad4698210b480c8e9\"},\"headline\":\"Th\u00e9\u00e2tre, cin\u00e9ma et jazz \u00e0 la 1\u00e8re \u00e9dition du Bardo Fest\",\"datePublished\":\"2019-06-20T06:59:23+00:00\",\"dateModified\":\"2019-06-20T06:59:25+00:00\",\"mainEntityOfPage\":{\"@id\":\"https:\/\/kapitalis.com\/tunisie\/2019\/06\/20\/theatre-cinema-et-jazz-a-la-1ere-edition-du-bardo-fest\/\"},\"wordCount\":385,\"commentCount\":1,\"publisher\":{\"@id\":\"https:\/\/kapitalis.com\/tunisie\/#organization\"},\"image\":{\"@id\":\"https:\/\/kapitalis.com\/tunisie\/2019\/06\/20\/theatre-cinema-et-jazz-a-la-1ere-edition-du-bardo-fest\/#primaryimage\"},\"thumbnailUrl\":\"\",\"keywords\":[\"Abdelhamid Bouchnak\",\"Omar El-Ouaer\",\"Salma Baccar\"],\"articleSection\":[\"CULTURE\",\"Tunisie\"],\"inLanguage\":\"fr-FR\",\"potentialAction\":[{\"@type\":\"CommentAction\",\"name\":\"Comment\",\"target\":[\"https:\/\/kapitalis.com\/tunisie\/2019\/06\/20\/theatre-cinema-et-jazz-a-la-1ere-edition-du-bardo-fest\/#respond\"]}]},{\"@type\":\"WebPage\",\"@id\":\"https:\/\/kapitalis.com\/tunisie\/2019\/06\/20\/theatre-cinema-et-jazz-a-la-1ere-edition-du-bardo-fest\/\",\"url\":\"https:\/\/kapitalis.com\/tunisie\/2019\/06\/20\/theatre-cinema-et-jazz-a-la-1ere-edition-du-bardo-fest\/\",\"name\":\"Th\u00e9\u00e2tre, cin\u00e9ma et jazz \u00e0 la 1\u00e8re \u00e9dition du Bardo Fest - Kapitalis\",\"isPartOf\":{\"@id\":\"https:\/\/kapitalis.com\/tunisie\/#website\"},\"primaryImageOfPage\":{\"@id\":\"https:\/\/kapitalis.com\/tunisie\/2019\/06\/20\/theatre-cinema-et-jazz-a-la-1ere-edition-du-bardo-fest\/#primaryimage\"},\"image\":{\"@id\":\"https:\/\/kapitalis.com\/tunisie\/2019\/06\/20\/theatre-cinema-et-jazz-a-la-1ere-edition-du-bardo-fest\/#primaryimage\"},\"thumbnailUrl\":\"\",\"datePublished\":\"2019-06-20T06:59:23+00:00\",\"dateModified\":\"2019-06-20T06:59:25+00:00\",\"breadcrumb\":{\"@id\":\"https:\/\/kapitalis.com\/tunisie\/2019\/06\/20\/theatre-cinema-et-jazz-a-la-1ere-edition-du-bardo-fest\/#breadcrumb\"},\"inLanguage\":\"fr-FR\",\"potentialAction\":[{\"@type\":\"ReadAction\",\"target\":[\"https:\/\/kapitalis.com\/tunisie\/2019\/06\/20\/theatre-cinema-et-jazz-a-la-1ere-edition-du-bardo-fest\/\"]}]},{\"@type\":\"ImageObject\",\"inLanguage\":\"fr-FR\",\"@id\":\"https:\/\/kapitalis.com\/tunisie\/2019\/06\/20\/theatre-cinema-et-jazz-a-la-1ere-edition-du-bardo-fest\/#primaryimage\",\"url\":\"\",\"contentUrl\":\"\"},{\"@type\":\"BreadcrumbList\",\"@id\":\"https:\/\/kapitalis.com\/tunisie\/2019\/06\/20\/theatre-cinema-et-jazz-a-la-1ere-edition-du-bardo-fest\/#breadcrumb\",\"itemListElement\":[{\"@type\":\"ListItem\",\"position\":1,\"name\":\"Accueil\",\"item\":\"https:\/\/kapitalis.com\/tunisie\/\"},{\"@type\":\"ListItem\",\"position\":2,\"name\":\"Th\u00e9\u00e2tre, cin\u00e9ma et jazz \u00e0 la 1\u00e8re \u00e9dition du Bardo Fest\"}]},{\"@type\":\"WebSite\",\"@id\":\"https:\/\/kapitalis.com\/tunisie\/#website\",\"url\":\"https:\/\/kapitalis.com\/tunisie\/\",\"name\":\"Kapitalis\",\"description\":\"L&#039;actualit\u00e9 en Tunisie et dans le monde\",\"publisher\":{\"@id\":\"https:\/\/kapitalis.com\/tunisie\/#organization\"},\"potentialAction\":[{\"@type\":\"SearchAction\",\"target\":{\"@type\":\"EntryPoint\",\"urlTemplate\":\"https:\/\/kapitalis.com\/tunisie\/?s={search_term_string}\"},\"query-input\":{\"@type\":\"PropertyValueSpecification\",\"valueRequired\":true,\"valueName\":\"search_term_string\"}}],\"inLanguage\":\"fr-FR\"},{\"@type\":\"Organization\",\"@id\":\"https:\/\/kapitalis.com\/tunisie\/#organization\",\"name\":\"Kapitalis\",\"url\":\"https:\/\/kapitalis.com\/tunisie\/\",\"logo\":{\"@type\":\"ImageObject\",\"inLanguage\":\"fr-FR\",\"@id\":\"https:\/\/kapitalis.com\/tunisie\/#\/schema\/logo\/image\/\",\"url\":\"https:\/\/kapitalis.com\/tunisie\/wp-content\/uploads\/2022\/05\/Kapitalis-big-size.png\",\"contentUrl\":\"https:\/\/kapitalis.com\/tunisie\/wp-content\/uploads\/2022\/05\/Kapitalis-big-size.png\",\"width\":5000,\"height\":1500,\"caption\":\"Kapitalis\"},\"image\":{\"@id\":\"https:\/\/kapitalis.com\/tunisie\/#\/schema\/logo\/image\/\"},\"sameAs\":[\"https:\/\/www.facebook.com\/KapitalisInfo\/\",\"https:\/\/x.com\/KapitalisInfo\",\"https:\/\/www.youtube.com\/channel\/UC-yDYrHyfFBWWZaOw3FPg9Q\"]},{\"@type\":\"Person\",\"@id\":\"https:\/\/kapitalis.com\/tunisie\/#\/schema\/person\/d71f33a9ca44f7bad4698210b480c8e9\",\"name\":\"webmaster kapitalis\",\"url\":\"https:\/\/kapitalis.com\/tunisie\/author\/webmaster-kapitalis\/\"}]}<\/script>\n<!-- \/ Yoast SEO plugin. -->","yoast_head_json":{"title":"Th\u00e9\u00e2tre, cin\u00e9ma et jazz \u00e0 la 1\u00e8re \u00e9dition du Bardo Fest - Kapitalis","robots":{"index":"index","follow":"follow","max-snippet":"max-snippet:-1","max-image-preview":"max-image-preview:large","max-video-preview":"max-video-preview:-1"},"canonical":"https:\/\/kapitalis.com\/tunisie\/2019\/06\/20\/theatre-cinema-et-jazz-a-la-1ere-edition-du-bardo-fest\/","og_locale":"fr_FR","og_type":"article","og_title":"Th\u00e9\u00e2tre, cin\u00e9ma et jazz \u00e0 la 1\u00e8re \u00e9dition du Bardo Fest - Kapitalis","og_description":"La premi\u00e8re \u00e9dition du Bardo Fest a d\u00e9marr\u00e9 hier, mercredi 19 juin 2019, et se poursuivra jusqu\u2019au 30 de ce mois, \u00e0 Dar Al Masrahi, au Bardo. De belles rencontres sont \u00e0 l\u2019horizon autour du th\u00e9\u00e2tre, du cin\u00e9ma et de la musique.","og_url":"https:\/\/kapitalis.com\/tunisie\/2019\/06\/20\/theatre-cinema-et-jazz-a-la-1ere-edition-du-bardo-fest\/","og_site_name":"Kapitalis","article_publisher":"https:\/\/www.facebook.com\/KapitalisInfo\/","article_published_time":"2019-06-20T06:59:23+00:00","article_modified_time":"2019-06-20T06:59:25+00:00","og_image":[{"width":1200,"height":630,"url":"https:\/\/kapitalis.com\/tunisie\/wp-content\/uploads\/2022\/05\/kapitalis-logo-fb.png","type":"image\/png"}],"author":"webmaster kapitalis","twitter_card":"summary_large_image","twitter_creator":"@KapitalisInfo","twitter_site":"@KapitalisInfo","twitter_misc":{"\u00c9crit par":"webmaster kapitalis","Dur\u00e9e de lecture estim\u00e9e":"2 minutes"},"schema":{"@context":"https:\/\/schema.org","@graph":[{"@type":"Article","@id":"https:\/\/kapitalis.com\/tunisie\/2019\/06\/20\/theatre-cinema-et-jazz-a-la-1ere-edition-du-bardo-fest\/#article","isPartOf":{"@id":"https:\/\/kapitalis.com\/tunisie\/2019\/06\/20\/theatre-cinema-et-jazz-a-la-1ere-edition-du-bardo-fest\/"},"author":{"name":"webmaster kapitalis","@id":"https:\/\/kapitalis.com\/tunisie\/#\/schema\/person\/d71f33a9ca44f7bad4698210b480c8e9"},"headline":"Th\u00e9\u00e2tre, cin\u00e9ma et jazz \u00e0 la 1\u00e8re \u00e9dition du Bardo Fest","datePublished":"2019-06-20T06:59:23+00:00","dateModified":"2019-06-20T06:59:25+00:00","mainEntityOfPage":{"@id":"https:\/\/kapitalis.com\/tunisie\/2019\/06\/20\/theatre-cinema-et-jazz-a-la-1ere-edition-du-bardo-fest\/"},"wordCount":385,"commentCount":1,"publisher":{"@id":"https:\/\/kapitalis.com\/tunisie\/#organization"},"image":{"@id":"https:\/\/kapitalis.com\/tunisie\/2019\/06\/20\/theatre-cinema-et-jazz-a-la-1ere-edition-du-bardo-fest\/#primaryimage"},"thumbnailUrl":"","keywords":["Abdelhamid Bouchnak","Omar El-Ouaer","Salma Baccar"],"articleSection":["CULTURE","Tunisie"],"inLanguage":"fr-FR","potentialAction":[{"@type":"CommentAction","name":"Comment","target":["https:\/\/kapitalis.com\/tunisie\/2019\/06\/20\/theatre-cinema-et-jazz-a-la-1ere-edition-du-bardo-fest\/#respond"]}]},{"@type":"WebPage","@id":"https:\/\/kapitalis.com\/tunisie\/2019\/06\/20\/theatre-cinema-et-jazz-a-la-1ere-edition-du-bardo-fest\/","url":"https:\/\/kapitalis.com\/tunisie\/2019\/06\/20\/theatre-cinema-et-jazz-a-la-1ere-edition-du-bardo-fest\/","name":"Th\u00e9\u00e2tre, cin\u00e9ma et jazz \u00e0 la 1\u00e8re \u00e9dition du Bardo Fest - Kapitalis","isPartOf":{"@id":"https:\/\/kapitalis.com\/tunisie\/#website"},"primaryImageOfPage":{"@id":"https:\/\/kapitalis.com\/tunisie\/2019\/06\/20\/theatre-cinema-et-jazz-a-la-1ere-edition-du-bardo-fest\/#primaryimage"},"image":{"@id":"https:\/\/kapitalis.com\/tunisie\/2019\/06\/20\/theatre-cinema-et-jazz-a-la-1ere-edition-du-bardo-fest\/#primaryimage"},"thumbnailUrl":"","datePublished":"2019-06-20T06:59:23+00:00","dateModified":"2019-06-20T06:59:25+00:00","breadcrumb":{"@id":"https:\/\/kapitalis.com\/tunisie\/2019\/06\/20\/theatre-cinema-et-jazz-a-la-1ere-edition-du-bardo-fest\/#breadcrumb"},"inLanguage":"fr-FR","potentialAction":[{"@type":"ReadAction","target":["https:\/\/kapitalis.com\/tunisie\/2019\/06\/20\/theatre-cinema-et-jazz-a-la-1ere-edition-du-bardo-fest\/"]}]},{"@type":"ImageObject","inLanguage":"fr-FR","@id":"https:\/\/kapitalis.com\/tunisie\/2019\/06\/20\/theatre-cinema-et-jazz-a-la-1ere-edition-du-bardo-fest\/#primaryimage","url":"","contentUrl":""},{"@type":"BreadcrumbList","@id":"https:\/\/kapitalis.com\/tunisie\/2019\/06\/20\/theatre-cinema-et-jazz-a-la-1ere-edition-du-bardo-fest\/#breadcrumb","itemListElement":[{"@type":"ListItem","position":1,"name":"Accueil","item":"https:\/\/kapitalis.com\/tunisie\/"},{"@type":"ListItem","position":2,"name":"Th\u00e9\u00e2tre, cin\u00e9ma et jazz \u00e0 la 1\u00e8re \u00e9dition du Bardo Fest"}]},{"@type":"WebSite","@id":"https:\/\/kapitalis.com\/tunisie\/#website","url":"https:\/\/kapitalis.com\/tunisie\/","name":"Kapitalis","description":"L&#039;actualit\u00e9 en Tunisie et dans le monde","publisher":{"@id":"https:\/\/kapitalis.com\/tunisie\/#organization"},"potentialAction":[{"@type":"SearchAction","target":{"@type":"EntryPoint","urlTemplate":"https:\/\/kapitalis.com\/tunisie\/?s={search_term_string}"},"query-input":{"@type":"PropertyValueSpecification","valueRequired":true,"valueName":"search_term_string"}}],"inLanguage":"fr-FR"},{"@type":"Organization","@id":"https:\/\/kapitalis.com\/tunisie\/#organization","name":"Kapitalis","url":"https:\/\/kapitalis.com\/tunisie\/","logo":{"@type":"ImageObject","inLanguage":"fr-FR","@id":"https:\/\/kapitalis.com\/tunisie\/#\/schema\/logo\/image\/","url":"https:\/\/kapitalis.com\/tunisie\/wp-content\/uploads\/2022\/05\/Kapitalis-big-size.png","contentUrl":"https:\/\/kapitalis.com\/tunisie\/wp-content\/uploads\/2022\/05\/Kapitalis-big-size.png","width":5000,"height":1500,"caption":"Kapitalis"},"image":{"@id":"https:\/\/kapitalis.com\/tunisie\/#\/schema\/logo\/image\/"},"sameAs":["https:\/\/www.facebook.com\/KapitalisInfo\/","https:\/\/x.com\/KapitalisInfo","https:\/\/www.youtube.com\/channel\/UC-yDYrHyfFBWWZaOw3FPg9Q"]},{"@type":"Person","@id":"https:\/\/kapitalis.com\/tunisie\/#\/schema\/person\/d71f33a9ca44f7bad4698210b480c8e9","name":"webmaster kapitalis","url":"https:\/\/kapitalis.com\/tunisie\/author\/webmaster-kapitalis\/"}]}},"_links":{"self":[{"href":"https:\/\/kapitalis.com\/tunisie\/wp-json\/wp\/v2\/posts\/219409","targetHints":{"allow":["GET"]}}],"collection":[{"href":"https:\/\/kapitalis.com\/tunisie\/wp-json\/wp\/v2\/posts"}],"about":[{"href":"https:\/\/kapitalis.com\/tunisie\/wp-json\/wp\/v2\/types\/post"}],"author":[{"embeddable":true,"href":"https:\/\/kapitalis.com\/tunisie\/wp-json\/wp\/v2\/users\/8"}],"replies":[{"embeddable":true,"href":"https:\/\/kapitalis.com\/tunisie\/wp-json\/wp\/v2\/comments?post=219409"}],"version-history":[{"count":0,"href":"https:\/\/kapitalis.com\/tunisie\/wp-json\/wp\/v2\/posts\/219409\/revisions"}],"wp:featuredmedia":[{"embeddable":true,"href":"https:\/\/kapitalis.com\/tunisie\/wp-json\/wp\/v2\/media\/219410"}],"wp:attachment":[{"href":"https:\/\/kapitalis.com\/tunisie\/wp-json\/wp\/v2\/media?parent=219409"}],"wp:term":[{"taxonomy":"category","embeddable":true,"href":"https:\/\/kapitalis.com\/tunisie\/wp-json\/wp\/v2\/categories?post=219409"},{"taxonomy":"post_tag","embeddable":true,"href":"https:\/\/kapitalis.com\/tunisie\/wp-json\/wp\/v2\/tags?post=219409"}],"curies":[{"name":"wp","href":"https:\/\/api.w.org\/{rel}","templated":true}]}}