{"id":2195900,"date":"2022-07-12T11:11:25","date_gmt":"2022-07-12T10:11:25","guid":{"rendered":"https:\/\/kapitalis.com\/tunisie\/?p=2195900"},"modified":"2022-07-12T11:11:26","modified_gmt":"2022-07-12T10:11:26","slug":"neila-zoghlami-le-projet-de-constitution-a-sape-les-droits-humains-et-les-acquis-feministes","status":"publish","type":"post","link":"https:\/\/kapitalis.com\/tunisie\/2022\/07\/12\/neila-zoghlami-le-projet-de-constitution-a-sape-les-droits-humains-et-les-acquis-feministes\/","title":{"rendered":"Ne\u00efla Zoghlami : \u00abLe projet de constitution a sap\u00e9 les droits humains et les acquis f\u00e9ministes\u00bb"},"content":{"rendered":"\n<p><em><strong>Dans une d\u00e9claration accord\u00e9e, ce mardi 12 juillet 2022, \u00e0 la radio Shems FM, la pr\u00e9sidente de l&rsquo;Association tunisienne des femmes d\u00e9mocrates (ATFD), Ne\u00efla Zoghlami, a critiqu\u00e9 le projet de constitution du pr\u00e9sident de la r\u00e9publique, Ka\u00efs Sa\u00efed, estimant qu&rsquo;il d\u00e9truit les droits humains et les acquis f\u00e9ministes.<\/strong><\/em><\/p>\n\n\n\n<!--more-->\n\n\n\n<p>Zoghlami a, dans le m\u00eame contexte, assur\u00e9 que la civilit\u00e9 de l&rsquo;Etat y a \u00e9t\u00e9 volontairement abandonn\u00e9e, remettant en question la cr\u00e9dibilit\u00e9 de l&rsquo;Instance sup\u00e9rieure ind\u00e9pendante pour les \u00e9lections (Isie), contre laquelle, a-t-elle poursuivi, une plainte judiciaire sera d\u00e9pos\u00e9e.<\/p>\n\n\n\n<p>Elle a, par ailleurs, affirm\u00e9 que le processus r\u00e9f\u00e9rendaire a connu des d\u00e9passements importants, notamment en ce qui concerne l&rsquo;absence d&rsquo;une approche participative, de dialogue et la prise de d\u00e9cision unilat\u00e9rale.<\/p>\n\n\n\n<p class=\"has-text-align-right\"><strong>C. B. Y.<\/strong><\/p>\n","protected":false},"excerpt":{"rendered":"<p>Dans une d\u00e9claration accord\u00e9e, ce mardi 12 juillet 2022, \u00e0 la radio Shems FM, la pr\u00e9sidente de l&rsquo;Association tunisienne des femmes d\u00e9mocrates (ATFD), Ne\u00efla Zoghlami, a critiqu\u00e9 le projet de constitution du pr\u00e9sident de la r\u00e9publique, Ka\u00efs Sa\u00efed, estimant qu&rsquo;il d\u00e9truit les droits humains et les acquis f\u00e9ministes.<\/p>\n","protected":false},"author":24,"featured_media":2196250,"comment_status":"open","ping_status":"open","sticky":false,"template":"","format":"standard","meta":{"footnotes":""},"categories":[997,2433],"tags":[10967,499,76012,101316],"class_list":["post-2195900","post","type-post","status-publish","format-standard","has-post-thumbnail","hentry","category-politique","category-tunisie","tag-atfd","tag-isie","tag-kais-saied-2","tag-neila-zoghlami"],"yoast_head":"<!-- This site is optimized with the Yoast SEO plugin v26.6 - https:\/\/yoast.com\/wordpress\/plugins\/seo\/ -->\n<title>Ne\u00efla Zoghlami : \u00abLe projet de constitution a sap\u00e9 les droits humains et les acquis f\u00e9ministes\u00bb - Kapitalis<\/title>\n<meta name=\"robots\" content=\"index, follow, max-snippet:-1, max-image-preview:large, max-video-preview:-1\" \/>\n<link rel=\"canonical\" href=\"https:\/\/kapitalis.com\/tunisie\/2022\/07\/12\/neila-zoghlami-le-projet-de-constitution-a-sape-les-droits-humains-et-les-acquis-feministes\/\" \/>\n<meta property=\"og:locale\" content=\"fr_FR\" \/>\n<meta property=\"og:type\" content=\"article\" \/>\n<meta property=\"og:title\" content=\"Ne\u00efla Zoghlami : \u00abLe projet de constitution a sap\u00e9 les droits humains et les acquis f\u00e9ministes\u00bb - Kapitalis\" \/>\n<meta property=\"og:description\" content=\"Dans une d\u00e9claration accord\u00e9e, ce mardi 12 juillet 2022, \u00e0 la radio Shems FM, la pr\u00e9sidente de l&rsquo;Association tunisienne des femmes d\u00e9mocrates (ATFD), Ne\u00efla Zoghlami, a critiqu\u00e9 le projet de constitution du pr\u00e9sident de la r\u00e9publique, Ka\u00efs Sa\u00efed, estimant qu&rsquo;il d\u00e9truit les droits humains et les acquis f\u00e9ministes.\" \/>\n<meta property=\"og:url\" content=\"https:\/\/kapitalis.com\/tunisie\/2022\/07\/12\/neila-zoghlami-le-projet-de-constitution-a-sape-les-droits-humains-et-les-acquis-feministes\/\" \/>\n<meta property=\"og:site_name\" content=\"Kapitalis\" \/>\n<meta property=\"article:publisher\" content=\"https:\/\/www.facebook.com\/KapitalisInfo\/\" \/>\n<meta property=\"article:published_time\" content=\"2022-07-12T10:11:25+00:00\" \/>\n<meta property=\"article:modified_time\" content=\"2022-07-12T10:11:26+00:00\" \/>\n<meta property=\"og:image\" content=\"https:\/\/kapitalis.com\/tunisie\/wp-content\/uploads\/2022\/07\/neila-zoghlami.jpg\" \/>\n\t<meta property=\"og:image:width\" content=\"1200\" \/>\n\t<meta property=\"og:image:height\" content=\"630\" \/>\n\t<meta property=\"og:image:type\" content=\"image\/jpeg\" \/>\n<meta name=\"author\" content=\"Cherif Benyounes\" \/>\n<meta name=\"twitter:card\" content=\"summary_large_image\" \/>\n<meta name=\"twitter:creator\" content=\"@KapitalisInfo\" \/>\n<meta name=\"twitter:site\" content=\"@KapitalisInfo\" \/>\n<meta name=\"twitter:label1\" content=\"\u00c9crit par\" \/>\n\t<meta name=\"twitter:data1\" content=\"Cherif Benyounes\" \/>\n\t<meta name=\"twitter:label2\" content=\"Dur\u00e9e de lecture estim\u00e9e\" \/>\n\t<meta name=\"twitter:data2\" content=\"1 minute\" \/>\n<script type=\"application\/ld+json\" class=\"yoast-schema-graph\">{\"@context\":\"https:\/\/schema.org\",\"@graph\":[{\"@type\":\"Article\",\"@id\":\"https:\/\/kapitalis.com\/tunisie\/2022\/07\/12\/neila-zoghlami-le-projet-de-constitution-a-sape-les-droits-humains-et-les-acquis-feministes\/#article\",\"isPartOf\":{\"@id\":\"https:\/\/kapitalis.com\/tunisie\/2022\/07\/12\/neila-zoghlami-le-projet-de-constitution-a-sape-les-droits-humains-et-les-acquis-feministes\/\"},\"author\":{\"name\":\"Cherif Benyounes\",\"@id\":\"https:\/\/kapitalis.com\/tunisie\/#\/schema\/person\/b35b8d631961131107263178aeb8019e\"},\"headline\":\"Ne\u00efla Zoghlami : \u00abLe projet de constitution a sap\u00e9 les droits humains et les acquis f\u00e9ministes\u00bb\",\"datePublished\":\"2022-07-12T10:11:25+00:00\",\"dateModified\":\"2022-07-12T10:11:26+00:00\",\"mainEntityOfPage\":{\"@id\":\"https:\/\/kapitalis.com\/tunisie\/2022\/07\/12\/neila-zoghlami-le-projet-de-constitution-a-sape-les-droits-humains-et-les-acquis-feministes\/\"},\"wordCount\":158,\"commentCount\":1,\"publisher\":{\"@id\":\"https:\/\/kapitalis.com\/tunisie\/#organization\"},\"image\":{\"@id\":\"https:\/\/kapitalis.com\/tunisie\/2022\/07\/12\/neila-zoghlami-le-projet-de-constitution-a-sape-les-droits-humains-et-les-acquis-feministes\/#primaryimage\"},\"thumbnailUrl\":\"https:\/\/kapitalis.com\/tunisie\/wp-content\/uploads\/2022\/07\/neila-zoghlami.jpg\",\"keywords\":[\"ATFD\",\"Isie\",\"Ka\u00efs Sa\u00efed\",\"Ne\u00efla Zoghlami\"],\"articleSection\":[\"POLITIQUE\",\"Tunisie\"],\"inLanguage\":\"fr-FR\",\"potentialAction\":[{\"@type\":\"CommentAction\",\"name\":\"Comment\",\"target\":[\"https:\/\/kapitalis.com\/tunisie\/2022\/07\/12\/neila-zoghlami-le-projet-de-constitution-a-sape-les-droits-humains-et-les-acquis-feministes\/#respond\"]}]},{\"@type\":\"WebPage\",\"@id\":\"https:\/\/kapitalis.com\/tunisie\/2022\/07\/12\/neila-zoghlami-le-projet-de-constitution-a-sape-les-droits-humains-et-les-acquis-feministes\/\",\"url\":\"https:\/\/kapitalis.com\/tunisie\/2022\/07\/12\/neila-zoghlami-le-projet-de-constitution-a-sape-les-droits-humains-et-les-acquis-feministes\/\",\"name\":\"Ne\u00efla Zoghlami : \u00abLe projet de constitution a sap\u00e9 les droits humains et les acquis f\u00e9ministes\u00bb - Kapitalis\",\"isPartOf\":{\"@id\":\"https:\/\/kapitalis.com\/tunisie\/#website\"},\"primaryImageOfPage\":{\"@id\":\"https:\/\/kapitalis.com\/tunisie\/2022\/07\/12\/neila-zoghlami-le-projet-de-constitution-a-sape-les-droits-humains-et-les-acquis-feministes\/#primaryimage\"},\"image\":{\"@id\":\"https:\/\/kapitalis.com\/tunisie\/2022\/07\/12\/neila-zoghlami-le-projet-de-constitution-a-sape-les-droits-humains-et-les-acquis-feministes\/#primaryimage\"},\"thumbnailUrl\":\"https:\/\/kapitalis.com\/tunisie\/wp-content\/uploads\/2022\/07\/neila-zoghlami.jpg\",\"datePublished\":\"2022-07-12T10:11:25+00:00\",\"dateModified\":\"2022-07-12T10:11:26+00:00\",\"breadcrumb\":{\"@id\":\"https:\/\/kapitalis.com\/tunisie\/2022\/07\/12\/neila-zoghlami-le-projet-de-constitution-a-sape-les-droits-humains-et-les-acquis-feministes\/#breadcrumb\"},\"inLanguage\":\"fr-FR\",\"potentialAction\":[{\"@type\":\"ReadAction\",\"target\":[\"https:\/\/kapitalis.com\/tunisie\/2022\/07\/12\/neila-zoghlami-le-projet-de-constitution-a-sape-les-droits-humains-et-les-acquis-feministes\/\"]}]},{\"@type\":\"ImageObject\",\"inLanguage\":\"fr-FR\",\"@id\":\"https:\/\/kapitalis.com\/tunisie\/2022\/07\/12\/neila-zoghlami-le-projet-de-constitution-a-sape-les-droits-humains-et-les-acquis-feministes\/#primaryimage\",\"url\":\"https:\/\/kapitalis.com\/tunisie\/wp-content\/uploads\/2022\/07\/neila-zoghlami.jpg\",\"contentUrl\":\"https:\/\/kapitalis.com\/tunisie\/wp-content\/uploads\/2022\/07\/neila-zoghlami.jpg\",\"width\":1200,\"height\":630},{\"@type\":\"BreadcrumbList\",\"@id\":\"https:\/\/kapitalis.com\/tunisie\/2022\/07\/12\/neila-zoghlami-le-projet-de-constitution-a-sape-les-droits-humains-et-les-acquis-feministes\/#breadcrumb\",\"itemListElement\":[{\"@type\":\"ListItem\",\"position\":1,\"name\":\"Accueil\",\"item\":\"https:\/\/kapitalis.com\/tunisie\/\"},{\"@type\":\"ListItem\",\"position\":2,\"name\":\"Ne\u00efla Zoghlami : \u00abLe projet de constitution a sap\u00e9 les droits humains et les acquis f\u00e9ministes\u00bb\"}]},{\"@type\":\"WebSite\",\"@id\":\"https:\/\/kapitalis.com\/tunisie\/#website\",\"url\":\"https:\/\/kapitalis.com\/tunisie\/\",\"name\":\"Kapitalis\",\"description\":\"L&#039;actualit\u00e9 en Tunisie et dans le monde\",\"publisher\":{\"@id\":\"https:\/\/kapitalis.com\/tunisie\/#organization\"},\"potentialAction\":[{\"@type\":\"SearchAction\",\"target\":{\"@type\":\"EntryPoint\",\"urlTemplate\":\"https:\/\/kapitalis.com\/tunisie\/?s={search_term_string}\"},\"query-input\":{\"@type\":\"PropertyValueSpecification\",\"valueRequired\":true,\"valueName\":\"search_term_string\"}}],\"inLanguage\":\"fr-FR\"},{\"@type\":\"Organization\",\"@id\":\"https:\/\/kapitalis.com\/tunisie\/#organization\",\"name\":\"Kapitalis\",\"url\":\"https:\/\/kapitalis.com\/tunisie\/\",\"logo\":{\"@type\":\"ImageObject\",\"inLanguage\":\"fr-FR\",\"@id\":\"https:\/\/kapitalis.com\/tunisie\/#\/schema\/logo\/image\/\",\"url\":\"https:\/\/kapitalis.com\/tunisie\/wp-content\/uploads\/2022\/05\/Kapitalis-big-size.png\",\"contentUrl\":\"https:\/\/kapitalis.com\/tunisie\/wp-content\/uploads\/2022\/05\/Kapitalis-big-size.png\",\"width\":5000,\"height\":1500,\"caption\":\"Kapitalis\"},\"image\":{\"@id\":\"https:\/\/kapitalis.com\/tunisie\/#\/schema\/logo\/image\/\"},\"sameAs\":[\"https:\/\/www.facebook.com\/KapitalisInfo\/\",\"https:\/\/x.com\/KapitalisInfo\",\"https:\/\/www.youtube.com\/channel\/UC-yDYrHyfFBWWZaOw3FPg9Q\"]},{\"@type\":\"Person\",\"@id\":\"https:\/\/kapitalis.com\/tunisie\/#\/schema\/person\/b35b8d631961131107263178aeb8019e\",\"name\":\"Cherif Benyounes\",\"url\":\"https:\/\/kapitalis.com\/tunisie\/author\/cherif\/\"}]}<\/script>\n<!-- \/ Yoast SEO plugin. -->","yoast_head_json":{"title":"Ne\u00efla Zoghlami : \u00abLe projet de constitution a sap\u00e9 les droits humains et les acquis f\u00e9ministes\u00bb - Kapitalis","robots":{"index":"index","follow":"follow","max-snippet":"max-snippet:-1","max-image-preview":"max-image-preview:large","max-video-preview":"max-video-preview:-1"},"canonical":"https:\/\/kapitalis.com\/tunisie\/2022\/07\/12\/neila-zoghlami-le-projet-de-constitution-a-sape-les-droits-humains-et-les-acquis-feministes\/","og_locale":"fr_FR","og_type":"article","og_title":"Ne\u00efla Zoghlami : \u00abLe projet de constitution a sap\u00e9 les droits humains et les acquis f\u00e9ministes\u00bb - Kapitalis","og_description":"Dans une d\u00e9claration accord\u00e9e, ce mardi 12 juillet 2022, \u00e0 la radio Shems FM, la pr\u00e9sidente de l&rsquo;Association tunisienne des femmes d\u00e9mocrates (ATFD), Ne\u00efla Zoghlami, a critiqu\u00e9 le projet de constitution du pr\u00e9sident de la r\u00e9publique, Ka\u00efs Sa\u00efed, estimant qu&rsquo;il d\u00e9truit les droits humains et les acquis f\u00e9ministes.","og_url":"https:\/\/kapitalis.com\/tunisie\/2022\/07\/12\/neila-zoghlami-le-projet-de-constitution-a-sape-les-droits-humains-et-les-acquis-feministes\/","og_site_name":"Kapitalis","article_publisher":"https:\/\/www.facebook.com\/KapitalisInfo\/","article_published_time":"2022-07-12T10:11:25+00:00","article_modified_time":"2022-07-12T10:11:26+00:00","og_image":[{"width":1200,"height":630,"url":"https:\/\/kapitalis.com\/tunisie\/wp-content\/uploads\/2022\/07\/neila-zoghlami.jpg","type":"image\/jpeg"}],"author":"Cherif Benyounes","twitter_card":"summary_large_image","twitter_creator":"@KapitalisInfo","twitter_site":"@KapitalisInfo","twitter_misc":{"\u00c9crit par":"Cherif Benyounes","Dur\u00e9e de lecture estim\u00e9e":"1 minute"},"schema":{"@context":"https:\/\/schema.org","@graph":[{"@type":"Article","@id":"https:\/\/kapitalis.com\/tunisie\/2022\/07\/12\/neila-zoghlami-le-projet-de-constitution-a-sape-les-droits-humains-et-les-acquis-feministes\/#article","isPartOf":{"@id":"https:\/\/kapitalis.com\/tunisie\/2022\/07\/12\/neila-zoghlami-le-projet-de-constitution-a-sape-les-droits-humains-et-les-acquis-feministes\/"},"author":{"name":"Cherif Benyounes","@id":"https:\/\/kapitalis.com\/tunisie\/#\/schema\/person\/b35b8d631961131107263178aeb8019e"},"headline":"Ne\u00efla Zoghlami : \u00abLe projet de constitution a sap\u00e9 les droits humains et les acquis f\u00e9ministes\u00bb","datePublished":"2022-07-12T10:11:25+00:00","dateModified":"2022-07-12T10:11:26+00:00","mainEntityOfPage":{"@id":"https:\/\/kapitalis.com\/tunisie\/2022\/07\/12\/neila-zoghlami-le-projet-de-constitution-a-sape-les-droits-humains-et-les-acquis-feministes\/"},"wordCount":158,"commentCount":1,"publisher":{"@id":"https:\/\/kapitalis.com\/tunisie\/#organization"},"image":{"@id":"https:\/\/kapitalis.com\/tunisie\/2022\/07\/12\/neila-zoghlami-le-projet-de-constitution-a-sape-les-droits-humains-et-les-acquis-feministes\/#primaryimage"},"thumbnailUrl":"https:\/\/kapitalis.com\/tunisie\/wp-content\/uploads\/2022\/07\/neila-zoghlami.jpg","keywords":["ATFD","Isie","Ka\u00efs Sa\u00efed","Ne\u00efla Zoghlami"],"articleSection":["POLITIQUE","Tunisie"],"inLanguage":"fr-FR","potentialAction":[{"@type":"CommentAction","name":"Comment","target":["https:\/\/kapitalis.com\/tunisie\/2022\/07\/12\/neila-zoghlami-le-projet-de-constitution-a-sape-les-droits-humains-et-les-acquis-feministes\/#respond"]}]},{"@type":"WebPage","@id":"https:\/\/kapitalis.com\/tunisie\/2022\/07\/12\/neila-zoghlami-le-projet-de-constitution-a-sape-les-droits-humains-et-les-acquis-feministes\/","url":"https:\/\/kapitalis.com\/tunisie\/2022\/07\/12\/neila-zoghlami-le-projet-de-constitution-a-sape-les-droits-humains-et-les-acquis-feministes\/","name":"Ne\u00efla Zoghlami : \u00abLe projet de constitution a sap\u00e9 les droits humains et les acquis f\u00e9ministes\u00bb - Kapitalis","isPartOf":{"@id":"https:\/\/kapitalis.com\/tunisie\/#website"},"primaryImageOfPage":{"@id":"https:\/\/kapitalis.com\/tunisie\/2022\/07\/12\/neila-zoghlami-le-projet-de-constitution-a-sape-les-droits-humains-et-les-acquis-feministes\/#primaryimage"},"image":{"@id":"https:\/\/kapitalis.com\/tunisie\/2022\/07\/12\/neila-zoghlami-le-projet-de-constitution-a-sape-les-droits-humains-et-les-acquis-feministes\/#primaryimage"},"thumbnailUrl":"https:\/\/kapitalis.com\/tunisie\/wp-content\/uploads\/2022\/07\/neila-zoghlami.jpg","datePublished":"2022-07-12T10:11:25+00:00","dateModified":"2022-07-12T10:11:26+00:00","breadcrumb":{"@id":"https:\/\/kapitalis.com\/tunisie\/2022\/07\/12\/neila-zoghlami-le-projet-de-constitution-a-sape-les-droits-humains-et-les-acquis-feministes\/#breadcrumb"},"inLanguage":"fr-FR","potentialAction":[{"@type":"ReadAction","target":["https:\/\/kapitalis.com\/tunisie\/2022\/07\/12\/neila-zoghlami-le-projet-de-constitution-a-sape-les-droits-humains-et-les-acquis-feministes\/"]}]},{"@type":"ImageObject","inLanguage":"fr-FR","@id":"https:\/\/kapitalis.com\/tunisie\/2022\/07\/12\/neila-zoghlami-le-projet-de-constitution-a-sape-les-droits-humains-et-les-acquis-feministes\/#primaryimage","url":"https:\/\/kapitalis.com\/tunisie\/wp-content\/uploads\/2022\/07\/neila-zoghlami.jpg","contentUrl":"https:\/\/kapitalis.com\/tunisie\/wp-content\/uploads\/2022\/07\/neila-zoghlami.jpg","width":1200,"height":630},{"@type":"BreadcrumbList","@id":"https:\/\/kapitalis.com\/tunisie\/2022\/07\/12\/neila-zoghlami-le-projet-de-constitution-a-sape-les-droits-humains-et-les-acquis-feministes\/#breadcrumb","itemListElement":[{"@type":"ListItem","position":1,"name":"Accueil","item":"https:\/\/kapitalis.com\/tunisie\/"},{"@type":"ListItem","position":2,"name":"Ne\u00efla Zoghlami : \u00abLe projet de constitution a sap\u00e9 les droits humains et les acquis f\u00e9ministes\u00bb"}]},{"@type":"WebSite","@id":"https:\/\/kapitalis.com\/tunisie\/#website","url":"https:\/\/kapitalis.com\/tunisie\/","name":"Kapitalis","description":"L&#039;actualit\u00e9 en Tunisie et dans le monde","publisher":{"@id":"https:\/\/kapitalis.com\/tunisie\/#organization"},"potentialAction":[{"@type":"SearchAction","target":{"@type":"EntryPoint","urlTemplate":"https:\/\/kapitalis.com\/tunisie\/?s={search_term_string}"},"query-input":{"@type":"PropertyValueSpecification","valueRequired":true,"valueName":"search_term_string"}}],"inLanguage":"fr-FR"},{"@type":"Organization","@id":"https:\/\/kapitalis.com\/tunisie\/#organization","name":"Kapitalis","url":"https:\/\/kapitalis.com\/tunisie\/","logo":{"@type":"ImageObject","inLanguage":"fr-FR","@id":"https:\/\/kapitalis.com\/tunisie\/#\/schema\/logo\/image\/","url":"https:\/\/kapitalis.com\/tunisie\/wp-content\/uploads\/2022\/05\/Kapitalis-big-size.png","contentUrl":"https:\/\/kapitalis.com\/tunisie\/wp-content\/uploads\/2022\/05\/Kapitalis-big-size.png","width":5000,"height":1500,"caption":"Kapitalis"},"image":{"@id":"https:\/\/kapitalis.com\/tunisie\/#\/schema\/logo\/image\/"},"sameAs":["https:\/\/www.facebook.com\/KapitalisInfo\/","https:\/\/x.com\/KapitalisInfo","https:\/\/www.youtube.com\/channel\/UC-yDYrHyfFBWWZaOw3FPg9Q"]},{"@type":"Person","@id":"https:\/\/kapitalis.com\/tunisie\/#\/schema\/person\/b35b8d631961131107263178aeb8019e","name":"Cherif Benyounes","url":"https:\/\/kapitalis.com\/tunisie\/author\/cherif\/"}]}},"_links":{"self":[{"href":"https:\/\/kapitalis.com\/tunisie\/wp-json\/wp\/v2\/posts\/2195900","targetHints":{"allow":["GET"]}}],"collection":[{"href":"https:\/\/kapitalis.com\/tunisie\/wp-json\/wp\/v2\/posts"}],"about":[{"href":"https:\/\/kapitalis.com\/tunisie\/wp-json\/wp\/v2\/types\/post"}],"author":[{"embeddable":true,"href":"https:\/\/kapitalis.com\/tunisie\/wp-json\/wp\/v2\/users\/24"}],"replies":[{"embeddable":true,"href":"https:\/\/kapitalis.com\/tunisie\/wp-json\/wp\/v2\/comments?post=2195900"}],"version-history":[{"count":0,"href":"https:\/\/kapitalis.com\/tunisie\/wp-json\/wp\/v2\/posts\/2195900\/revisions"}],"wp:featuredmedia":[{"embeddable":true,"href":"https:\/\/kapitalis.com\/tunisie\/wp-json\/wp\/v2\/media\/2196250"}],"wp:attachment":[{"href":"https:\/\/kapitalis.com\/tunisie\/wp-json\/wp\/v2\/media?parent=2195900"}],"wp:term":[{"taxonomy":"category","embeddable":true,"href":"https:\/\/kapitalis.com\/tunisie\/wp-json\/wp\/v2\/categories?post=2195900"},{"taxonomy":"post_tag","embeddable":true,"href":"https:\/\/kapitalis.com\/tunisie\/wp-json\/wp\/v2\/tags?post=2195900"}],"curies":[{"name":"wp","href":"https:\/\/api.w.org\/{rel}","templated":true}]}}