{"id":219655,"date":"2019-06-24T13:14:32","date_gmt":"2019-06-24T12:14:32","guid":{"rendered":"http:\/\/kapitalis.com\/tunisie\/?p=219655"},"modified":"2019-06-24T13:14:34","modified_gmt":"2019-06-24T12:14:34","slug":"le-6e-symposium-international-sur-la-surveillance-des-processus-statistiques-tunis-8-12-juillet-2019","status":"publish","type":"post","link":"https:\/\/kapitalis.com\/tunisie\/2019\/06\/24\/le-6e-symposium-international-sur-la-surveillance-des-processus-statistiques-tunis-8-12-juillet-2019\/","title":{"rendered":"Le 6e symposium international sur la surveillance des processus statistiques (Tunis, 8-12 juillet 2019)"},"content":{"rendered":"\n<figure class=\"wp-block-image\"><img decoding=\"async\" src=\"http:\/\/kapitalis.com\/tunisie\/wp-content\/uploads\/2019\/06\/universit\u00e9-de-Carthage.jpg\" alt=\"\" class=\"wp-image-219670\"\/><figcaption><em>Universit\u00e9 de Carthage.<\/em><\/figcaption><\/figure>\n\n\n\n<p><strong><em>Le 6e symposium international sur la surveillance des processus statistiques (ISSPM 2019), <\/em><\/strong><strong><em>organis\u00e9 par trois institutions universitaires tunisiennes,<\/em><\/strong><strong><em> aura lieu \u00e0 l&rsquo;Universit\u00e9 de Carthage, \u00e0 Tunis, du 8 au 12 juillet 2019. <\/em><\/strong><\/p>\n\n\n\n<!--more-->\n\n\n\n<p><a href=\"http:\/\/www.isspm2019.tn\/index.html\" target=\"_blank\" rel=\"noreferrer noopener\" aria-label=\"ISSPM 2019 (s\u2019ouvre dans un nouvel onglet)\">ISSPM 2019<\/a> est organis\u00e9 par la Soci\u00e9t\u00e9 tunisienne de gestion et de contr\u00f4le de la qualit\u00e9 (ATMAQ), l&rsquo;Institut sup\u00e9rieur de gestion de Bizerte, et la Facult\u00e9 des sciences \u00e9conomiques et de gestion de Nabeul. <\/p>\n\n\n\n<p>Parmi les nombreuses approches utilis\u00e9es pour am\u00e9liorer la qualit\u00e9, le suivi statistique du processus (SSP) joue un r\u00f4le particuli\u00e8rement important. <\/p>\n\n\n\n<p>De nos jours, l\u2019utilisation des m\u00e9thodes SSP n\u2019est pas limit\u00e9e aux domaines industriels et commerciaux. Elles peuvent \u00e9galement \u00eatre utilis\u00e9es dans de nombreux autres domaines (sant\u00e9, environnement, etc.), offrant ainsi de nouvelles possibilit\u00e9s de recherche.<\/p>\n\n\n\n<p>Partout dans le monde, de nombreux chercheurs d\u00e9veloppent de nouvelles m\u00e9thodes de SSP, tentent de les mettre en \u0153uvre dans des situations r\u00e9elles, et en publient les r\u00e9sultats dans des revues internationales, \u00e0 comit\u00e9 de lecture.<\/p>\n\n\n\n<p>Les sujets d&rsquo;int\u00e9r\u00eat li\u00e9s \u00e0 SSP sont des domaines de recherche indicatifs tels que les cartes de contr\u00f4le univari\u00e9es et multivari\u00e9es, MPS param\u00e9triques et non param\u00e9triques, proc\u00e9dures Bayesiennes, techniques de contr\u00f4le adaptatif, conception et optimisation de proc\u00e9dures de contr\u00f4le, MPS pour des types sp\u00e9ciaux d\u2019applications (surveillance de profil, processus \u00e0 plusieurs \u00e9tapes, donn\u00e9es haute dimension, services, sant\u00e9, etc.).<\/p>\n\n\n\n<p>Un comit\u00e9 scientifique dirigera les s\u00e9ances d&rsquo;experts provenant des Etats-Unis, Gr\u00e8ce, France, Br\u00e9sil, Hong Kong, Cor\u00e9e du Sud, et de Tunisie.<\/p>\n\n\n\n<p>Les proc\u00e9dures et co\u00fbts de de participation, sont indiqu\u00e9s dans la source.<\/p>\n\n\n\n<p style=\"text-align:right\"><strong>A. M. <\/strong><em>(avec <\/em><a rel=\"noreferrer noopener\" aria-label=\"ISSPM 2019 (s\u2019ouvre dans un nouvel onglet)\" href=\"http:\/\/www.isspm2019.tn\/index.html\" target=\"_blank\"><em>ISSPM 2019<\/em><\/a><em>).<\/em><\/p>\n","protected":false},"excerpt":{"rendered":"<p>Le 6e symposium international sur la surveillance des processus statistiques (ISSPM 2019), organis\u00e9 par trois institutions universitaires tunisiennes, aura lieu \u00e0 l&rsquo;Universit\u00e9 de Carthage, \u00e0 Tunis, du 8 au 12 juillet 2019.<\/p>\n","protected":false},"author":22,"featured_media":219670,"comment_status":"open","ping_status":"open","sticky":false,"template":"","format":"standard","meta":{"footnotes":""},"categories":[994,2433],"tags":[],"class_list":["post-219655","post","type-post","status-publish","format-standard","has-post-thumbnail","hentry","category-culture","category-tunisie"],"yoast_head":"<!-- This site is optimized with the Yoast SEO plugin v26.6 - https:\/\/yoast.com\/wordpress\/plugins\/seo\/ -->\n<title>Le 6e symposium international sur la surveillance des processus statistiques (Tunis, 8-12 juillet 2019) - Kapitalis<\/title>\n<meta name=\"robots\" content=\"index, follow, max-snippet:-1, max-image-preview:large, max-video-preview:-1\" \/>\n<link rel=\"canonical\" href=\"https:\/\/kapitalis.com\/tunisie\/2019\/06\/24\/le-6e-symposium-international-sur-la-surveillance-des-processus-statistiques-tunis-8-12-juillet-2019\/\" \/>\n<meta property=\"og:locale\" content=\"fr_FR\" \/>\n<meta property=\"og:type\" content=\"article\" \/>\n<meta property=\"og:title\" content=\"Le 6e symposium international sur la surveillance des processus statistiques (Tunis, 8-12 juillet 2019) - Kapitalis\" \/>\n<meta property=\"og:description\" content=\"Le 6e symposium international sur la surveillance des processus statistiques (ISSPM 2019), organis\u00e9 par trois institutions universitaires tunisiennes, aura lieu \u00e0 l&rsquo;Universit\u00e9 de Carthage, \u00e0 Tunis, du 8 au 12 juillet 2019.\" \/>\n<meta property=\"og:url\" content=\"https:\/\/kapitalis.com\/tunisie\/2019\/06\/24\/le-6e-symposium-international-sur-la-surveillance-des-processus-statistiques-tunis-8-12-juillet-2019\/\" \/>\n<meta property=\"og:site_name\" content=\"Kapitalis\" \/>\n<meta property=\"article:publisher\" content=\"https:\/\/www.facebook.com\/KapitalisInfo\/\" \/>\n<meta property=\"article:published_time\" content=\"2019-06-24T12:14:32+00:00\" \/>\n<meta property=\"article:modified_time\" content=\"2019-06-24T12:14:34+00:00\" \/>\n<meta property=\"og:image\" content=\"https:\/\/kapitalis.com\/tunisie\/wp-content\/uploads\/2022\/05\/kapitalis-logo-fb.png\" \/>\n\t<meta property=\"og:image:width\" content=\"1200\" \/>\n\t<meta property=\"og:image:height\" content=\"630\" \/>\n\t<meta property=\"og:image:type\" content=\"image\/png\" \/>\n<meta name=\"author\" content=\"Amina Mkada\" \/>\n<meta name=\"twitter:card\" content=\"summary_large_image\" \/>\n<meta name=\"twitter:creator\" content=\"@KapitalisInfo\" \/>\n<meta name=\"twitter:site\" content=\"@KapitalisInfo\" \/>\n<meta name=\"twitter:label1\" content=\"\u00c9crit par\" \/>\n\t<meta name=\"twitter:data1\" content=\"Amina Mkada\" \/>\n\t<meta name=\"twitter:label2\" content=\"Dur\u00e9e de lecture estim\u00e9e\" \/>\n\t<meta name=\"twitter:data2\" content=\"1 minute\" \/>\n<script type=\"application\/ld+json\" class=\"yoast-schema-graph\">{\"@context\":\"https:\/\/schema.org\",\"@graph\":[{\"@type\":\"Article\",\"@id\":\"https:\/\/kapitalis.com\/tunisie\/2019\/06\/24\/le-6e-symposium-international-sur-la-surveillance-des-processus-statistiques-tunis-8-12-juillet-2019\/#article\",\"isPartOf\":{\"@id\":\"https:\/\/kapitalis.com\/tunisie\/2019\/06\/24\/le-6e-symposium-international-sur-la-surveillance-des-processus-statistiques-tunis-8-12-juillet-2019\/\"},\"author\":{\"name\":\"Amina Mkada\",\"@id\":\"https:\/\/kapitalis.com\/tunisie\/#\/schema\/person\/093913313d3017554cb3ad077fff3fbd\"},\"headline\":\"Le 6e symposium international sur la surveillance des processus statistiques (Tunis, 8-12 juillet 2019)\",\"datePublished\":\"2019-06-24T12:14:32+00:00\",\"dateModified\":\"2019-06-24T12:14:34+00:00\",\"mainEntityOfPage\":{\"@id\":\"https:\/\/kapitalis.com\/tunisie\/2019\/06\/24\/le-6e-symposium-international-sur-la-surveillance-des-processus-statistiques-tunis-8-12-juillet-2019\/\"},\"wordCount\":297,\"commentCount\":0,\"publisher\":{\"@id\":\"https:\/\/kapitalis.com\/tunisie\/#organization\"},\"image\":{\"@id\":\"https:\/\/kapitalis.com\/tunisie\/2019\/06\/24\/le-6e-symposium-international-sur-la-surveillance-des-processus-statistiques-tunis-8-12-juillet-2019\/#primaryimage\"},\"thumbnailUrl\":\"\",\"articleSection\":[\"CULTURE\",\"Tunisie\"],\"inLanguage\":\"fr-FR\",\"potentialAction\":[{\"@type\":\"CommentAction\",\"name\":\"Comment\",\"target\":[\"https:\/\/kapitalis.com\/tunisie\/2019\/06\/24\/le-6e-symposium-international-sur-la-surveillance-des-processus-statistiques-tunis-8-12-juillet-2019\/#respond\"]}]},{\"@type\":\"WebPage\",\"@id\":\"https:\/\/kapitalis.com\/tunisie\/2019\/06\/24\/le-6e-symposium-international-sur-la-surveillance-des-processus-statistiques-tunis-8-12-juillet-2019\/\",\"url\":\"https:\/\/kapitalis.com\/tunisie\/2019\/06\/24\/le-6e-symposium-international-sur-la-surveillance-des-processus-statistiques-tunis-8-12-juillet-2019\/\",\"name\":\"Le 6e symposium international sur la surveillance des processus statistiques (Tunis, 8-12 juillet 2019) - Kapitalis\",\"isPartOf\":{\"@id\":\"https:\/\/kapitalis.com\/tunisie\/#website\"},\"primaryImageOfPage\":{\"@id\":\"https:\/\/kapitalis.com\/tunisie\/2019\/06\/24\/le-6e-symposium-international-sur-la-surveillance-des-processus-statistiques-tunis-8-12-juillet-2019\/#primaryimage\"},\"image\":{\"@id\":\"https:\/\/kapitalis.com\/tunisie\/2019\/06\/24\/le-6e-symposium-international-sur-la-surveillance-des-processus-statistiques-tunis-8-12-juillet-2019\/#primaryimage\"},\"thumbnailUrl\":\"\",\"datePublished\":\"2019-06-24T12:14:32+00:00\",\"dateModified\":\"2019-06-24T12:14:34+00:00\",\"breadcrumb\":{\"@id\":\"https:\/\/kapitalis.com\/tunisie\/2019\/06\/24\/le-6e-symposium-international-sur-la-surveillance-des-processus-statistiques-tunis-8-12-juillet-2019\/#breadcrumb\"},\"inLanguage\":\"fr-FR\",\"potentialAction\":[{\"@type\":\"ReadAction\",\"target\":[\"https:\/\/kapitalis.com\/tunisie\/2019\/06\/24\/le-6e-symposium-international-sur-la-surveillance-des-processus-statistiques-tunis-8-12-juillet-2019\/\"]}]},{\"@type\":\"ImageObject\",\"inLanguage\":\"fr-FR\",\"@id\":\"https:\/\/kapitalis.com\/tunisie\/2019\/06\/24\/le-6e-symposium-international-sur-la-surveillance-des-processus-statistiques-tunis-8-12-juillet-2019\/#primaryimage\",\"url\":\"\",\"contentUrl\":\"\"},{\"@type\":\"BreadcrumbList\",\"@id\":\"https:\/\/kapitalis.com\/tunisie\/2019\/06\/24\/le-6e-symposium-international-sur-la-surveillance-des-processus-statistiques-tunis-8-12-juillet-2019\/#breadcrumb\",\"itemListElement\":[{\"@type\":\"ListItem\",\"position\":1,\"name\":\"Accueil\",\"item\":\"https:\/\/kapitalis.com\/tunisie\/\"},{\"@type\":\"ListItem\",\"position\":2,\"name\":\"Le 6e symposium international sur la surveillance des processus statistiques (Tunis, 8-12 juillet 2019)\"}]},{\"@type\":\"WebSite\",\"@id\":\"https:\/\/kapitalis.com\/tunisie\/#website\",\"url\":\"https:\/\/kapitalis.com\/tunisie\/\",\"name\":\"Kapitalis\",\"description\":\"L&#039;actualit\u00e9 en Tunisie et dans le monde\",\"publisher\":{\"@id\":\"https:\/\/kapitalis.com\/tunisie\/#organization\"},\"potentialAction\":[{\"@type\":\"SearchAction\",\"target\":{\"@type\":\"EntryPoint\",\"urlTemplate\":\"https:\/\/kapitalis.com\/tunisie\/?s={search_term_string}\"},\"query-input\":{\"@type\":\"PropertyValueSpecification\",\"valueRequired\":true,\"valueName\":\"search_term_string\"}}],\"inLanguage\":\"fr-FR\"},{\"@type\":\"Organization\",\"@id\":\"https:\/\/kapitalis.com\/tunisie\/#organization\",\"name\":\"Kapitalis\",\"url\":\"https:\/\/kapitalis.com\/tunisie\/\",\"logo\":{\"@type\":\"ImageObject\",\"inLanguage\":\"fr-FR\",\"@id\":\"https:\/\/kapitalis.com\/tunisie\/#\/schema\/logo\/image\/\",\"url\":\"https:\/\/kapitalis.com\/tunisie\/wp-content\/uploads\/2022\/05\/Kapitalis-big-size.png\",\"contentUrl\":\"https:\/\/kapitalis.com\/tunisie\/wp-content\/uploads\/2022\/05\/Kapitalis-big-size.png\",\"width\":5000,\"height\":1500,\"caption\":\"Kapitalis\"},\"image\":{\"@id\":\"https:\/\/kapitalis.com\/tunisie\/#\/schema\/logo\/image\/\"},\"sameAs\":[\"https:\/\/www.facebook.com\/KapitalisInfo\/\",\"https:\/\/x.com\/KapitalisInfo\",\"https:\/\/www.youtube.com\/channel\/UC-yDYrHyfFBWWZaOw3FPg9Q\"]},{\"@type\":\"Person\",\"@id\":\"https:\/\/kapitalis.com\/tunisie\/#\/schema\/person\/093913313d3017554cb3ad077fff3fbd\",\"name\":\"Amina Mkada\",\"url\":\"https:\/\/kapitalis.com\/tunisie\/author\/amina\/\"}]}<\/script>\n<!-- \/ Yoast SEO plugin. -->","yoast_head_json":{"title":"Le 6e symposium international sur la surveillance des processus statistiques (Tunis, 8-12 juillet 2019) - Kapitalis","robots":{"index":"index","follow":"follow","max-snippet":"max-snippet:-1","max-image-preview":"max-image-preview:large","max-video-preview":"max-video-preview:-1"},"canonical":"https:\/\/kapitalis.com\/tunisie\/2019\/06\/24\/le-6e-symposium-international-sur-la-surveillance-des-processus-statistiques-tunis-8-12-juillet-2019\/","og_locale":"fr_FR","og_type":"article","og_title":"Le 6e symposium international sur la surveillance des processus statistiques (Tunis, 8-12 juillet 2019) - Kapitalis","og_description":"Le 6e symposium international sur la surveillance des processus statistiques (ISSPM 2019), organis\u00e9 par trois institutions universitaires tunisiennes, aura lieu \u00e0 l&rsquo;Universit\u00e9 de Carthage, \u00e0 Tunis, du 8 au 12 juillet 2019.","og_url":"https:\/\/kapitalis.com\/tunisie\/2019\/06\/24\/le-6e-symposium-international-sur-la-surveillance-des-processus-statistiques-tunis-8-12-juillet-2019\/","og_site_name":"Kapitalis","article_publisher":"https:\/\/www.facebook.com\/KapitalisInfo\/","article_published_time":"2019-06-24T12:14:32+00:00","article_modified_time":"2019-06-24T12:14:34+00:00","og_image":[{"width":1200,"height":630,"url":"https:\/\/kapitalis.com\/tunisie\/wp-content\/uploads\/2022\/05\/kapitalis-logo-fb.png","type":"image\/png"}],"author":"Amina Mkada","twitter_card":"summary_large_image","twitter_creator":"@KapitalisInfo","twitter_site":"@KapitalisInfo","twitter_misc":{"\u00c9crit par":"Amina Mkada","Dur\u00e9e de lecture estim\u00e9e":"1 minute"},"schema":{"@context":"https:\/\/schema.org","@graph":[{"@type":"Article","@id":"https:\/\/kapitalis.com\/tunisie\/2019\/06\/24\/le-6e-symposium-international-sur-la-surveillance-des-processus-statistiques-tunis-8-12-juillet-2019\/#article","isPartOf":{"@id":"https:\/\/kapitalis.com\/tunisie\/2019\/06\/24\/le-6e-symposium-international-sur-la-surveillance-des-processus-statistiques-tunis-8-12-juillet-2019\/"},"author":{"name":"Amina Mkada","@id":"https:\/\/kapitalis.com\/tunisie\/#\/schema\/person\/093913313d3017554cb3ad077fff3fbd"},"headline":"Le 6e symposium international sur la surveillance des processus statistiques (Tunis, 8-12 juillet 2019)","datePublished":"2019-06-24T12:14:32+00:00","dateModified":"2019-06-24T12:14:34+00:00","mainEntityOfPage":{"@id":"https:\/\/kapitalis.com\/tunisie\/2019\/06\/24\/le-6e-symposium-international-sur-la-surveillance-des-processus-statistiques-tunis-8-12-juillet-2019\/"},"wordCount":297,"commentCount":0,"publisher":{"@id":"https:\/\/kapitalis.com\/tunisie\/#organization"},"image":{"@id":"https:\/\/kapitalis.com\/tunisie\/2019\/06\/24\/le-6e-symposium-international-sur-la-surveillance-des-processus-statistiques-tunis-8-12-juillet-2019\/#primaryimage"},"thumbnailUrl":"","articleSection":["CULTURE","Tunisie"],"inLanguage":"fr-FR","potentialAction":[{"@type":"CommentAction","name":"Comment","target":["https:\/\/kapitalis.com\/tunisie\/2019\/06\/24\/le-6e-symposium-international-sur-la-surveillance-des-processus-statistiques-tunis-8-12-juillet-2019\/#respond"]}]},{"@type":"WebPage","@id":"https:\/\/kapitalis.com\/tunisie\/2019\/06\/24\/le-6e-symposium-international-sur-la-surveillance-des-processus-statistiques-tunis-8-12-juillet-2019\/","url":"https:\/\/kapitalis.com\/tunisie\/2019\/06\/24\/le-6e-symposium-international-sur-la-surveillance-des-processus-statistiques-tunis-8-12-juillet-2019\/","name":"Le 6e symposium international sur la surveillance des processus statistiques (Tunis, 8-12 juillet 2019) - Kapitalis","isPartOf":{"@id":"https:\/\/kapitalis.com\/tunisie\/#website"},"primaryImageOfPage":{"@id":"https:\/\/kapitalis.com\/tunisie\/2019\/06\/24\/le-6e-symposium-international-sur-la-surveillance-des-processus-statistiques-tunis-8-12-juillet-2019\/#primaryimage"},"image":{"@id":"https:\/\/kapitalis.com\/tunisie\/2019\/06\/24\/le-6e-symposium-international-sur-la-surveillance-des-processus-statistiques-tunis-8-12-juillet-2019\/#primaryimage"},"thumbnailUrl":"","datePublished":"2019-06-24T12:14:32+00:00","dateModified":"2019-06-24T12:14:34+00:00","breadcrumb":{"@id":"https:\/\/kapitalis.com\/tunisie\/2019\/06\/24\/le-6e-symposium-international-sur-la-surveillance-des-processus-statistiques-tunis-8-12-juillet-2019\/#breadcrumb"},"inLanguage":"fr-FR","potentialAction":[{"@type":"ReadAction","target":["https:\/\/kapitalis.com\/tunisie\/2019\/06\/24\/le-6e-symposium-international-sur-la-surveillance-des-processus-statistiques-tunis-8-12-juillet-2019\/"]}]},{"@type":"ImageObject","inLanguage":"fr-FR","@id":"https:\/\/kapitalis.com\/tunisie\/2019\/06\/24\/le-6e-symposium-international-sur-la-surveillance-des-processus-statistiques-tunis-8-12-juillet-2019\/#primaryimage","url":"","contentUrl":""},{"@type":"BreadcrumbList","@id":"https:\/\/kapitalis.com\/tunisie\/2019\/06\/24\/le-6e-symposium-international-sur-la-surveillance-des-processus-statistiques-tunis-8-12-juillet-2019\/#breadcrumb","itemListElement":[{"@type":"ListItem","position":1,"name":"Accueil","item":"https:\/\/kapitalis.com\/tunisie\/"},{"@type":"ListItem","position":2,"name":"Le 6e symposium international sur la surveillance des processus statistiques (Tunis, 8-12 juillet 2019)"}]},{"@type":"WebSite","@id":"https:\/\/kapitalis.com\/tunisie\/#website","url":"https:\/\/kapitalis.com\/tunisie\/","name":"Kapitalis","description":"L&#039;actualit\u00e9 en Tunisie et dans le monde","publisher":{"@id":"https:\/\/kapitalis.com\/tunisie\/#organization"},"potentialAction":[{"@type":"SearchAction","target":{"@type":"EntryPoint","urlTemplate":"https:\/\/kapitalis.com\/tunisie\/?s={search_term_string}"},"query-input":{"@type":"PropertyValueSpecification","valueRequired":true,"valueName":"search_term_string"}}],"inLanguage":"fr-FR"},{"@type":"Organization","@id":"https:\/\/kapitalis.com\/tunisie\/#organization","name":"Kapitalis","url":"https:\/\/kapitalis.com\/tunisie\/","logo":{"@type":"ImageObject","inLanguage":"fr-FR","@id":"https:\/\/kapitalis.com\/tunisie\/#\/schema\/logo\/image\/","url":"https:\/\/kapitalis.com\/tunisie\/wp-content\/uploads\/2022\/05\/Kapitalis-big-size.png","contentUrl":"https:\/\/kapitalis.com\/tunisie\/wp-content\/uploads\/2022\/05\/Kapitalis-big-size.png","width":5000,"height":1500,"caption":"Kapitalis"},"image":{"@id":"https:\/\/kapitalis.com\/tunisie\/#\/schema\/logo\/image\/"},"sameAs":["https:\/\/www.facebook.com\/KapitalisInfo\/","https:\/\/x.com\/KapitalisInfo","https:\/\/www.youtube.com\/channel\/UC-yDYrHyfFBWWZaOw3FPg9Q"]},{"@type":"Person","@id":"https:\/\/kapitalis.com\/tunisie\/#\/schema\/person\/093913313d3017554cb3ad077fff3fbd","name":"Amina Mkada","url":"https:\/\/kapitalis.com\/tunisie\/author\/amina\/"}]}},"_links":{"self":[{"href":"https:\/\/kapitalis.com\/tunisie\/wp-json\/wp\/v2\/posts\/219655","targetHints":{"allow":["GET"]}}],"collection":[{"href":"https:\/\/kapitalis.com\/tunisie\/wp-json\/wp\/v2\/posts"}],"about":[{"href":"https:\/\/kapitalis.com\/tunisie\/wp-json\/wp\/v2\/types\/post"}],"author":[{"embeddable":true,"href":"https:\/\/kapitalis.com\/tunisie\/wp-json\/wp\/v2\/users\/22"}],"replies":[{"embeddable":true,"href":"https:\/\/kapitalis.com\/tunisie\/wp-json\/wp\/v2\/comments?post=219655"}],"version-history":[{"count":0,"href":"https:\/\/kapitalis.com\/tunisie\/wp-json\/wp\/v2\/posts\/219655\/revisions"}],"wp:featuredmedia":[{"embeddable":true,"href":"https:\/\/kapitalis.com\/tunisie\/wp-json\/wp\/v2\/media\/219670"}],"wp:attachment":[{"href":"https:\/\/kapitalis.com\/tunisie\/wp-json\/wp\/v2\/media?parent=219655"}],"wp:term":[{"taxonomy":"category","embeddable":true,"href":"https:\/\/kapitalis.com\/tunisie\/wp-json\/wp\/v2\/categories?post=219655"},{"taxonomy":"post_tag","embeddable":true,"href":"https:\/\/kapitalis.com\/tunisie\/wp-json\/wp\/v2\/tags?post=219655"}],"curies":[{"name":"wp","href":"https:\/\/api.w.org\/{rel}","templated":true}]}}