{"id":220157,"date":"2019-06-22T15:36:44","date_gmt":"2019-06-22T14:36:44","guid":{"rendered":"http:\/\/kapitalis.com\/tunisie\/?p=220157"},"modified":"2019-06-22T15:36:51","modified_gmt":"2019-06-22T14:36:51","slug":"be-tounsi-exporte-les-creations-artisanales-tunisiennes-au-liban","status":"publish","type":"post","link":"https:\/\/kapitalis.com\/tunisie\/2019\/06\/22\/be-tounsi-exporte-les-creations-artisanales-tunisiennes-au-liban\/","title":{"rendered":"Be Tounsi exporte les cr\u00e9ations artisanales tunisiennes au Liban"},"content":{"rendered":"\n<figure class=\"wp-block-image\"><img decoding=\"async\" src=\"http:\/\/kapitalis.com\/tunisie\/wp-content\/uploads\/2019\/06\/Be-Tounsi.jpg\" alt=\"\" class=\"wp-image-220158\"\/><\/figure>\n\n\n\n<p><strong><em>L\u2019association tunisienne pour la promotion de l\u2019artisanat et du patrimoine national, \u00e9galement connue sous le nom de Be Tounsi, organise une exposition \u00e0 Dunes Verdun, \u00e0 Beyrouth, du 24 au 26 juin 2019.<\/em><\/strong><br><\/p>\n\n\n\n<!--more-->\n\n\n\n<p> Un groupe de 20 artistes et cr\u00e9ateurs pr\u00e9senteront des produits d\u2019artisanat <em>\u00abMade in Tunisia\u00bb, <\/em>en partenariat avec l\u2019Office national de l\u2019artisanat tunisien et l\u2019ambassade de Tunisie au Liban.<br><\/p>\n\n\n\n<p> Le collectif Be Tounsi organise des actions tout au long de l\u2019ann\u00e9e, en Tunisie et \u00e0 l\u2019\u00e9tranger, pour promouvoir les m\u00e9tiers d\u2019art de haut niveau et am\u00e9liorer leur utilisation et leur consommation par le grand public.<br><\/p>\n\n\n\n<p> L\u2019id\u00e9e a \u00e9t\u00e9 lanc\u00e9e par la pr\u00e9sidente de l\u2019association, Faten Abdelkefi, qui a initi\u00e9 le mouvement en proposant des produits traditionnels tunisiens faits mains sur les r\u00e9seaux sociaux afin de mettre en valeur le style particulier de ces produits et leur adaptation aux tendances de la mode actuelle, m\u00eame dans un usage quotidien plus soutenu. <br><\/p>\n\n\n\n<p> Les adeptes se sont multipli\u00e9s exprimant un enthousiasme croissant alli\u00e9 \u00e0 une sorte de fiert\u00e9 de la haute qualit\u00e9 des produits fabriqu\u00e9s en Tunisie.<br><\/p>\n\n\n\n<p> Qu\u2019il s\u2019agisse de v\u00eatements, de d\u00e9coration de la maison, de bijoux, de meubles, de compositions florales, de tapis, de tableaux, d\u2019articles de table\u2026 une tendance nationale s\u2019est solidement \u00e9tablie en quelques ann\u00e9es seulement. Encourageant le dynamisme tant recherch\u00e9 par les artisans et cr\u00e9ateurs traditionnels et modernes, le secteur a rapidement connu une augmentation significative de la production et de la demande sur les march\u00e9s nationaux et parmi la diaspora tunisienne \u00e0 l\u2019\u00e9tranger, et m\u00eame parmi les \u00e9trangers en visite en Tunisie.<br><\/p>\n\n\n\n<p> Adoss\u00e9 \u00e0 sa communaut\u00e9 qui ne cesse de cro\u00eetre, Be Tounsi passe maintenant \u00e0 la vitesse sup\u00e9rieure en organisant, au Liban, terre des ph\u00e9niciens, anc\u00eatres des puniques tunisiens, une action de promotion des cr\u00e9ateurs et cr\u00e9ations tunisiens soigneusement s\u00e9lectionn\u00e9s. <br><\/p>\n\n\n\n<p> L\u2019\u00e9v\u00e9nement sera inaugur\u00e9 lundi prochain, 24 juin 2019 aux Dunes de Verdun, par l\u2019ambassadeur de Tunisie au Liban et d\u2019autres hauts responsables et invit\u00e9s locaux.<br><\/p>\n\n\n\n<p> <strong><em>Source <\/em><\/strong>: communiqu\u00e9.  <\/p>\n","protected":false},"excerpt":{"rendered":"<p>L\u2019association tunisienne pour la promotion de l\u2019artisanat et du patrimoine national, \u00e9galement connue sous le nom de Be Tounsi, organise une exposition \u00e0 Dunes Verdun, \u00e0 Beyrouth, du 24 au 26 juin 2019.<\/p>\n","protected":false},"author":8,"featured_media":220158,"comment_status":"open","ping_status":"open","sticky":false,"template":"","format":"standard","meta":{"footnotes":""},"categories":[994,2433],"tags":[89,20624,8600,8563],"class_list":["post-220157","post","type-post","status-publish","format-standard","has-post-thumbnail","hentry","category-culture","category-tunisie","tag-artisanat","tag-be-tounsi","tag-beyrouth","tag-liban"],"yoast_head":"<!-- This site is optimized with the Yoast SEO plugin v26.6 - https:\/\/yoast.com\/wordpress\/plugins\/seo\/ -->\n<title>Be Tounsi exporte les cr\u00e9ations artisanales tunisiennes au Liban - Kapitalis<\/title>\n<meta name=\"robots\" content=\"index, follow, max-snippet:-1, max-image-preview:large, max-video-preview:-1\" \/>\n<link rel=\"canonical\" href=\"https:\/\/kapitalis.com\/tunisie\/2019\/06\/22\/be-tounsi-exporte-les-creations-artisanales-tunisiennes-au-liban\/\" \/>\n<meta property=\"og:locale\" content=\"fr_FR\" \/>\n<meta property=\"og:type\" content=\"article\" \/>\n<meta property=\"og:title\" content=\"Be Tounsi exporte les cr\u00e9ations artisanales tunisiennes au Liban - Kapitalis\" \/>\n<meta property=\"og:description\" content=\"L\u2019association tunisienne pour la promotion de l\u2019artisanat et du patrimoine national, \u00e9galement connue sous le nom de Be Tounsi, organise une exposition \u00e0 Dunes Verdun, \u00e0 Beyrouth, du 24 au 26 juin 2019.\" \/>\n<meta property=\"og:url\" content=\"https:\/\/kapitalis.com\/tunisie\/2019\/06\/22\/be-tounsi-exporte-les-creations-artisanales-tunisiennes-au-liban\/\" \/>\n<meta property=\"og:site_name\" content=\"Kapitalis\" \/>\n<meta property=\"article:publisher\" content=\"https:\/\/www.facebook.com\/KapitalisInfo\/\" \/>\n<meta property=\"article:published_time\" content=\"2019-06-22T14:36:44+00:00\" \/>\n<meta property=\"article:modified_time\" content=\"2019-06-22T14:36:51+00:00\" \/>\n<meta property=\"og:image\" content=\"https:\/\/kapitalis.com\/tunisie\/wp-content\/uploads\/2022\/05\/kapitalis-logo-fb.png\" \/>\n\t<meta property=\"og:image:width\" content=\"1200\" \/>\n\t<meta property=\"og:image:height\" content=\"630\" \/>\n\t<meta property=\"og:image:type\" content=\"image\/png\" \/>\n<meta name=\"author\" content=\"webmaster kapitalis\" \/>\n<meta name=\"twitter:card\" content=\"summary_large_image\" \/>\n<meta name=\"twitter:creator\" content=\"@KapitalisInfo\" \/>\n<meta name=\"twitter:site\" content=\"@KapitalisInfo\" \/>\n<meta name=\"twitter:label1\" content=\"\u00c9crit par\" \/>\n\t<meta name=\"twitter:data1\" content=\"webmaster kapitalis\" \/>\n\t<meta name=\"twitter:label2\" content=\"Dur\u00e9e de lecture estim\u00e9e\" \/>\n\t<meta name=\"twitter:data2\" content=\"2 minutes\" \/>\n<script type=\"application\/ld+json\" class=\"yoast-schema-graph\">{\"@context\":\"https:\/\/schema.org\",\"@graph\":[{\"@type\":\"Article\",\"@id\":\"https:\/\/kapitalis.com\/tunisie\/2019\/06\/22\/be-tounsi-exporte-les-creations-artisanales-tunisiennes-au-liban\/#article\",\"isPartOf\":{\"@id\":\"https:\/\/kapitalis.com\/tunisie\/2019\/06\/22\/be-tounsi-exporte-les-creations-artisanales-tunisiennes-au-liban\/\"},\"author\":{\"name\":\"webmaster kapitalis\",\"@id\":\"https:\/\/kapitalis.com\/tunisie\/#\/schema\/person\/d71f33a9ca44f7bad4698210b480c8e9\"},\"headline\":\"Be Tounsi exporte les cr\u00e9ations artisanales tunisiennes au Liban\",\"datePublished\":\"2019-06-22T14:36:44+00:00\",\"dateModified\":\"2019-06-22T14:36:51+00:00\",\"mainEntityOfPage\":{\"@id\":\"https:\/\/kapitalis.com\/tunisie\/2019\/06\/22\/be-tounsi-exporte-les-creations-artisanales-tunisiennes-au-liban\/\"},\"wordCount\":367,\"commentCount\":0,\"publisher\":{\"@id\":\"https:\/\/kapitalis.com\/tunisie\/#organization\"},\"image\":{\"@id\":\"https:\/\/kapitalis.com\/tunisie\/2019\/06\/22\/be-tounsi-exporte-les-creations-artisanales-tunisiennes-au-liban\/#primaryimage\"},\"thumbnailUrl\":\"\",\"keywords\":[\"artisanat\",\"BE TOUNSI\",\"Beyrouth\",\"Liban\"],\"articleSection\":[\"CULTURE\",\"Tunisie\"],\"inLanguage\":\"fr-FR\",\"potentialAction\":[{\"@type\":\"CommentAction\",\"name\":\"Comment\",\"target\":[\"https:\/\/kapitalis.com\/tunisie\/2019\/06\/22\/be-tounsi-exporte-les-creations-artisanales-tunisiennes-au-liban\/#respond\"]}]},{\"@type\":\"WebPage\",\"@id\":\"https:\/\/kapitalis.com\/tunisie\/2019\/06\/22\/be-tounsi-exporte-les-creations-artisanales-tunisiennes-au-liban\/\",\"url\":\"https:\/\/kapitalis.com\/tunisie\/2019\/06\/22\/be-tounsi-exporte-les-creations-artisanales-tunisiennes-au-liban\/\",\"name\":\"Be Tounsi exporte les cr\u00e9ations artisanales tunisiennes au Liban - Kapitalis\",\"isPartOf\":{\"@id\":\"https:\/\/kapitalis.com\/tunisie\/#website\"},\"primaryImageOfPage\":{\"@id\":\"https:\/\/kapitalis.com\/tunisie\/2019\/06\/22\/be-tounsi-exporte-les-creations-artisanales-tunisiennes-au-liban\/#primaryimage\"},\"image\":{\"@id\":\"https:\/\/kapitalis.com\/tunisie\/2019\/06\/22\/be-tounsi-exporte-les-creations-artisanales-tunisiennes-au-liban\/#primaryimage\"},\"thumbnailUrl\":\"\",\"datePublished\":\"2019-06-22T14:36:44+00:00\",\"dateModified\":\"2019-06-22T14:36:51+00:00\",\"breadcrumb\":{\"@id\":\"https:\/\/kapitalis.com\/tunisie\/2019\/06\/22\/be-tounsi-exporte-les-creations-artisanales-tunisiennes-au-liban\/#breadcrumb\"},\"inLanguage\":\"fr-FR\",\"potentialAction\":[{\"@type\":\"ReadAction\",\"target\":[\"https:\/\/kapitalis.com\/tunisie\/2019\/06\/22\/be-tounsi-exporte-les-creations-artisanales-tunisiennes-au-liban\/\"]}]},{\"@type\":\"ImageObject\",\"inLanguage\":\"fr-FR\",\"@id\":\"https:\/\/kapitalis.com\/tunisie\/2019\/06\/22\/be-tounsi-exporte-les-creations-artisanales-tunisiennes-au-liban\/#primaryimage\",\"url\":\"\",\"contentUrl\":\"\"},{\"@type\":\"BreadcrumbList\",\"@id\":\"https:\/\/kapitalis.com\/tunisie\/2019\/06\/22\/be-tounsi-exporte-les-creations-artisanales-tunisiennes-au-liban\/#breadcrumb\",\"itemListElement\":[{\"@type\":\"ListItem\",\"position\":1,\"name\":\"Accueil\",\"item\":\"https:\/\/kapitalis.com\/tunisie\/\"},{\"@type\":\"ListItem\",\"position\":2,\"name\":\"Be Tounsi exporte les cr\u00e9ations artisanales tunisiennes au Liban\"}]},{\"@type\":\"WebSite\",\"@id\":\"https:\/\/kapitalis.com\/tunisie\/#website\",\"url\":\"https:\/\/kapitalis.com\/tunisie\/\",\"name\":\"Kapitalis\",\"description\":\"L&#039;actualit\u00e9 en Tunisie et dans le monde\",\"publisher\":{\"@id\":\"https:\/\/kapitalis.com\/tunisie\/#organization\"},\"potentialAction\":[{\"@type\":\"SearchAction\",\"target\":{\"@type\":\"EntryPoint\",\"urlTemplate\":\"https:\/\/kapitalis.com\/tunisie\/?s={search_term_string}\"},\"query-input\":{\"@type\":\"PropertyValueSpecification\",\"valueRequired\":true,\"valueName\":\"search_term_string\"}}],\"inLanguage\":\"fr-FR\"},{\"@type\":\"Organization\",\"@id\":\"https:\/\/kapitalis.com\/tunisie\/#organization\",\"name\":\"Kapitalis\",\"url\":\"https:\/\/kapitalis.com\/tunisie\/\",\"logo\":{\"@type\":\"ImageObject\",\"inLanguage\":\"fr-FR\",\"@id\":\"https:\/\/kapitalis.com\/tunisie\/#\/schema\/logo\/image\/\",\"url\":\"https:\/\/kapitalis.com\/tunisie\/wp-content\/uploads\/2022\/05\/Kapitalis-big-size.png\",\"contentUrl\":\"https:\/\/kapitalis.com\/tunisie\/wp-content\/uploads\/2022\/05\/Kapitalis-big-size.png\",\"width\":5000,\"height\":1500,\"caption\":\"Kapitalis\"},\"image\":{\"@id\":\"https:\/\/kapitalis.com\/tunisie\/#\/schema\/logo\/image\/\"},\"sameAs\":[\"https:\/\/www.facebook.com\/KapitalisInfo\/\",\"https:\/\/x.com\/KapitalisInfo\",\"https:\/\/www.youtube.com\/channel\/UC-yDYrHyfFBWWZaOw3FPg9Q\"]},{\"@type\":\"Person\",\"@id\":\"https:\/\/kapitalis.com\/tunisie\/#\/schema\/person\/d71f33a9ca44f7bad4698210b480c8e9\",\"name\":\"webmaster kapitalis\",\"url\":\"https:\/\/kapitalis.com\/tunisie\/author\/webmaster-kapitalis\/\"}]}<\/script>\n<!-- \/ Yoast SEO plugin. -->","yoast_head_json":{"title":"Be Tounsi exporte les cr\u00e9ations artisanales tunisiennes au Liban - Kapitalis","robots":{"index":"index","follow":"follow","max-snippet":"max-snippet:-1","max-image-preview":"max-image-preview:large","max-video-preview":"max-video-preview:-1"},"canonical":"https:\/\/kapitalis.com\/tunisie\/2019\/06\/22\/be-tounsi-exporte-les-creations-artisanales-tunisiennes-au-liban\/","og_locale":"fr_FR","og_type":"article","og_title":"Be Tounsi exporte les cr\u00e9ations artisanales tunisiennes au Liban - Kapitalis","og_description":"L\u2019association tunisienne pour la promotion de l\u2019artisanat et du patrimoine national, \u00e9galement connue sous le nom de Be Tounsi, organise une exposition \u00e0 Dunes Verdun, \u00e0 Beyrouth, du 24 au 26 juin 2019.","og_url":"https:\/\/kapitalis.com\/tunisie\/2019\/06\/22\/be-tounsi-exporte-les-creations-artisanales-tunisiennes-au-liban\/","og_site_name":"Kapitalis","article_publisher":"https:\/\/www.facebook.com\/KapitalisInfo\/","article_published_time":"2019-06-22T14:36:44+00:00","article_modified_time":"2019-06-22T14:36:51+00:00","og_image":[{"width":1200,"height":630,"url":"https:\/\/kapitalis.com\/tunisie\/wp-content\/uploads\/2022\/05\/kapitalis-logo-fb.png","type":"image\/png"}],"author":"webmaster kapitalis","twitter_card":"summary_large_image","twitter_creator":"@KapitalisInfo","twitter_site":"@KapitalisInfo","twitter_misc":{"\u00c9crit par":"webmaster kapitalis","Dur\u00e9e de lecture estim\u00e9e":"2 minutes"},"schema":{"@context":"https:\/\/schema.org","@graph":[{"@type":"Article","@id":"https:\/\/kapitalis.com\/tunisie\/2019\/06\/22\/be-tounsi-exporte-les-creations-artisanales-tunisiennes-au-liban\/#article","isPartOf":{"@id":"https:\/\/kapitalis.com\/tunisie\/2019\/06\/22\/be-tounsi-exporte-les-creations-artisanales-tunisiennes-au-liban\/"},"author":{"name":"webmaster kapitalis","@id":"https:\/\/kapitalis.com\/tunisie\/#\/schema\/person\/d71f33a9ca44f7bad4698210b480c8e9"},"headline":"Be Tounsi exporte les cr\u00e9ations artisanales tunisiennes au Liban","datePublished":"2019-06-22T14:36:44+00:00","dateModified":"2019-06-22T14:36:51+00:00","mainEntityOfPage":{"@id":"https:\/\/kapitalis.com\/tunisie\/2019\/06\/22\/be-tounsi-exporte-les-creations-artisanales-tunisiennes-au-liban\/"},"wordCount":367,"commentCount":0,"publisher":{"@id":"https:\/\/kapitalis.com\/tunisie\/#organization"},"image":{"@id":"https:\/\/kapitalis.com\/tunisie\/2019\/06\/22\/be-tounsi-exporte-les-creations-artisanales-tunisiennes-au-liban\/#primaryimage"},"thumbnailUrl":"","keywords":["artisanat","BE TOUNSI","Beyrouth","Liban"],"articleSection":["CULTURE","Tunisie"],"inLanguage":"fr-FR","potentialAction":[{"@type":"CommentAction","name":"Comment","target":["https:\/\/kapitalis.com\/tunisie\/2019\/06\/22\/be-tounsi-exporte-les-creations-artisanales-tunisiennes-au-liban\/#respond"]}]},{"@type":"WebPage","@id":"https:\/\/kapitalis.com\/tunisie\/2019\/06\/22\/be-tounsi-exporte-les-creations-artisanales-tunisiennes-au-liban\/","url":"https:\/\/kapitalis.com\/tunisie\/2019\/06\/22\/be-tounsi-exporte-les-creations-artisanales-tunisiennes-au-liban\/","name":"Be Tounsi exporte les cr\u00e9ations artisanales tunisiennes au Liban - Kapitalis","isPartOf":{"@id":"https:\/\/kapitalis.com\/tunisie\/#website"},"primaryImageOfPage":{"@id":"https:\/\/kapitalis.com\/tunisie\/2019\/06\/22\/be-tounsi-exporte-les-creations-artisanales-tunisiennes-au-liban\/#primaryimage"},"image":{"@id":"https:\/\/kapitalis.com\/tunisie\/2019\/06\/22\/be-tounsi-exporte-les-creations-artisanales-tunisiennes-au-liban\/#primaryimage"},"thumbnailUrl":"","datePublished":"2019-06-22T14:36:44+00:00","dateModified":"2019-06-22T14:36:51+00:00","breadcrumb":{"@id":"https:\/\/kapitalis.com\/tunisie\/2019\/06\/22\/be-tounsi-exporte-les-creations-artisanales-tunisiennes-au-liban\/#breadcrumb"},"inLanguage":"fr-FR","potentialAction":[{"@type":"ReadAction","target":["https:\/\/kapitalis.com\/tunisie\/2019\/06\/22\/be-tounsi-exporte-les-creations-artisanales-tunisiennes-au-liban\/"]}]},{"@type":"ImageObject","inLanguage":"fr-FR","@id":"https:\/\/kapitalis.com\/tunisie\/2019\/06\/22\/be-tounsi-exporte-les-creations-artisanales-tunisiennes-au-liban\/#primaryimage","url":"","contentUrl":""},{"@type":"BreadcrumbList","@id":"https:\/\/kapitalis.com\/tunisie\/2019\/06\/22\/be-tounsi-exporte-les-creations-artisanales-tunisiennes-au-liban\/#breadcrumb","itemListElement":[{"@type":"ListItem","position":1,"name":"Accueil","item":"https:\/\/kapitalis.com\/tunisie\/"},{"@type":"ListItem","position":2,"name":"Be Tounsi exporte les cr\u00e9ations artisanales tunisiennes au Liban"}]},{"@type":"WebSite","@id":"https:\/\/kapitalis.com\/tunisie\/#website","url":"https:\/\/kapitalis.com\/tunisie\/","name":"Kapitalis","description":"L&#039;actualit\u00e9 en Tunisie et dans le monde","publisher":{"@id":"https:\/\/kapitalis.com\/tunisie\/#organization"},"potentialAction":[{"@type":"SearchAction","target":{"@type":"EntryPoint","urlTemplate":"https:\/\/kapitalis.com\/tunisie\/?s={search_term_string}"},"query-input":{"@type":"PropertyValueSpecification","valueRequired":true,"valueName":"search_term_string"}}],"inLanguage":"fr-FR"},{"@type":"Organization","@id":"https:\/\/kapitalis.com\/tunisie\/#organization","name":"Kapitalis","url":"https:\/\/kapitalis.com\/tunisie\/","logo":{"@type":"ImageObject","inLanguage":"fr-FR","@id":"https:\/\/kapitalis.com\/tunisie\/#\/schema\/logo\/image\/","url":"https:\/\/kapitalis.com\/tunisie\/wp-content\/uploads\/2022\/05\/Kapitalis-big-size.png","contentUrl":"https:\/\/kapitalis.com\/tunisie\/wp-content\/uploads\/2022\/05\/Kapitalis-big-size.png","width":5000,"height":1500,"caption":"Kapitalis"},"image":{"@id":"https:\/\/kapitalis.com\/tunisie\/#\/schema\/logo\/image\/"},"sameAs":["https:\/\/www.facebook.com\/KapitalisInfo\/","https:\/\/x.com\/KapitalisInfo","https:\/\/www.youtube.com\/channel\/UC-yDYrHyfFBWWZaOw3FPg9Q"]},{"@type":"Person","@id":"https:\/\/kapitalis.com\/tunisie\/#\/schema\/person\/d71f33a9ca44f7bad4698210b480c8e9","name":"webmaster kapitalis","url":"https:\/\/kapitalis.com\/tunisie\/author\/webmaster-kapitalis\/"}]}},"_links":{"self":[{"href":"https:\/\/kapitalis.com\/tunisie\/wp-json\/wp\/v2\/posts\/220157","targetHints":{"allow":["GET"]}}],"collection":[{"href":"https:\/\/kapitalis.com\/tunisie\/wp-json\/wp\/v2\/posts"}],"about":[{"href":"https:\/\/kapitalis.com\/tunisie\/wp-json\/wp\/v2\/types\/post"}],"author":[{"embeddable":true,"href":"https:\/\/kapitalis.com\/tunisie\/wp-json\/wp\/v2\/users\/8"}],"replies":[{"embeddable":true,"href":"https:\/\/kapitalis.com\/tunisie\/wp-json\/wp\/v2\/comments?post=220157"}],"version-history":[{"count":0,"href":"https:\/\/kapitalis.com\/tunisie\/wp-json\/wp\/v2\/posts\/220157\/revisions"}],"wp:featuredmedia":[{"embeddable":true,"href":"https:\/\/kapitalis.com\/tunisie\/wp-json\/wp\/v2\/media\/220158"}],"wp:attachment":[{"href":"https:\/\/kapitalis.com\/tunisie\/wp-json\/wp\/v2\/media?parent=220157"}],"wp:term":[{"taxonomy":"category","embeddable":true,"href":"https:\/\/kapitalis.com\/tunisie\/wp-json\/wp\/v2\/categories?post=220157"},{"taxonomy":"post_tag","embeddable":true,"href":"https:\/\/kapitalis.com\/tunisie\/wp-json\/wp\/v2\/tags?post=220157"}],"curies":[{"name":"wp","href":"https:\/\/api.w.org\/{rel}","templated":true}]}}