{"id":22018,"date":"2015-10-28T15:31:09","date_gmt":"2015-10-28T14:31:09","guid":{"rendered":"http:\/\/kapitalis.com\/tunisie\/?p=22018"},"modified":"2015-10-28T16:22:29","modified_gmt":"2015-10-28T15:22:29","slug":"sfax-ennahdha-prend-fait-et-cause-pour-jaouadi","status":"publish","type":"post","link":"https:\/\/kapitalis.com\/tunisie\/2015\/10\/28\/sfax-ennahdha-prend-fait-et-cause-pour-jaouadi\/","title":{"rendered":"Sfax : Ennahdha prend fait et cause pour Jaouadi"},"content":{"rendered":"<p><img loading=\"lazy\" decoding=\"async\" class=\"alignnone size-full wp-image-8981 aligncenter\" src=\"http:\/\/kapitalis.com\/tunisie\/wp-content\/uploads\/2015\/08\/Sfax.jpg\" alt=\"Sfax\" width=\"626\" height=\"380\" \/><\/p>\n<p><em><strong>Le bureau r\u00e9gional du mouvement Ennahdha \u00e0 Sfax vient de publier un communiqu\u00e9 concernant l\u2019arrestation de l&rsquo;imam Ridha Jaouadi et de ses complices.<\/strong> <\/em><br \/>\n<!--more--><\/p>\n<p>Le communiqu\u00e9 souligne d\u2019abord que ces arrestations surviennent au m\u00eame moment que la campagne \u00ab<em>d\u00e9clench\u00e9e par le minist\u00e8re des Affaires religieuses contre les imams connus par leur mod\u00e9ration et qui sont appr\u00e9ci\u00e9s par les habitants de Sfax pour leur action contre l\u2019extr\u00e9misme et le terrorisme<\/em>\u00bb.<\/p>\n<p>Le bureau r\u00e9gional d\u2019Ennahdha de Sfax exprime ensuite une s\u00e9rie de craintes. La premi\u00e8re concerne \u00ab<em>le lien entre les\u00a0 arrestations et le limogeage de Ridha Jaouadi <\/em>(de l&rsquo;imamat de la mosqu\u00e9e Lakhmi, NDLR) <em>et le recours \u00e0 la justice l\u00e0 o\u00f9 elle ne doit pas intervenir<\/em>\u00bb. La seconde concerne \u00ab<em>la paix sociale \u00e0 Sfax\u00bb <\/em>(pas moins?)\u00a0 qui risque d&rsquo;\u00eatre affect\u00e9e par\u00a0<em>\u00abla campagne de stigmatisation de ces\u00a0 imams mod\u00e9r\u00e9s qui luttent efficacement contre le terrorisme<\/em>\u00bb. Ce qui est loin d&rsquo;\u00eatre v\u00e9rifi\u00e9. D&rsquo;ailleurs, beaucoup de Sfaxiens soutiennent le limogeage de l&rsquo;imam extr\u00e9miste, qui a, en diverses occasions, appel\u00e9 \u00e0 la haine et la violence contre les la\u00efcs, les gauchistes, les intellectuels, les artistes et autres journalistes.<\/p>\n<p>Le communiqu\u00e9 d&rsquo;Ennahdha attire, par ailleurs, l\u2019attention sur le fait que Sfax pourrait \u00eatre le th\u00e9\u00e2tre \u00ab<em>d\u2019une gu\u00e9guerre mont\u00e9e pour \u00e9parpiller les efforts de l\u2019\u00e9lite de la r\u00e9gion dans de\u00a0vaines affaires au lieu de les concentrer sur les projets programm\u00e9s et la situation \u00e9cologique catastrophique qui \u00e9loigne les investisseurs et perp\u00e9tue le ch\u00f4mage<\/em>\u00bb.<\/p>\n<p>Enfin, le communiqu\u00e9 met en garde contre \u00ab<em>le fait que cette affaire peut \u00eatre mont\u00e9e par des aventuriers qui cherchent \u00e0 saper la stabilit\u00e9 dans le pays en attisant la discorde<\/em>\u00bb, avant de conclure en lan\u00e7ant un appel au dialogue.<\/p>\n<p>A aucun moment le bureau r\u00e9gional d&rsquo;Ennahdha ne revient sur le fond de l\u2019affaire elle-m\u00eame. Il ne parle pas de la gestion de l\u2019Association de la Mosqu\u00e9e Lakhmi, pr\u00e9sid\u00e9e par l&rsquo;imam Jaouadi, ni des l&rsquo;argent collect\u00e9 au nom de ce lieu de culte et d\u00e9pens\u00e9 dans d&rsquo;autres affaires occultes, ni encore des chefs d&rsquo;inculpation retenus par le tribunal contre le sulfureux imam et ses acolytes&#8230;<\/p>\n<p>Il faut \u00eatre islamiste, et Nahdhaoui de surcro\u00eet, pour pers\u00e9v\u00e9rer dans cette politique du grand \u00e9cart, avec un pied dans le gouvernement et&#8230; une main tendu aux hors-la-loi. <strong><br \/>\n<\/strong><\/p>\n<p style=\"text-align: right;\"><strong>A. B. M.<\/strong><\/p>\n","protected":false},"excerpt":{"rendered":"<p>Le bureau r\u00e9gional du mouvement Ennahdha \u00e0 Sfax vient de publier un communiqu\u00e9 concernant l\u2019arrestation de l&rsquo;imam Ridha Jaouadi et de ses complices.<\/p>\n","protected":false},"author":11,"featured_media":0,"comment_status":"open","ping_status":"open","sticky":false,"template":"","format":"standard","meta":{"footnotes":""},"categories":[997,2433],"tags":[3674],"class_list":["post-22018","post","type-post","status-publish","format-standard","hentry","category-politique","category-tunisie","tag-ridha-jaouadi"],"yoast_head":"<!-- This site is optimized with the Yoast SEO plugin v26.6 - https:\/\/yoast.com\/wordpress\/plugins\/seo\/ -->\n<title>Sfax : Ennahdha prend fait et cause pour Jaouadi - Kapitalis<\/title>\n<meta name=\"robots\" content=\"index, follow, max-snippet:-1, max-image-preview:large, max-video-preview:-1\" \/>\n<link rel=\"canonical\" href=\"https:\/\/kapitalis.com\/tunisie\/2015\/10\/28\/sfax-ennahdha-prend-fait-et-cause-pour-jaouadi\/\" \/>\n<meta property=\"og:locale\" content=\"fr_FR\" \/>\n<meta property=\"og:type\" content=\"article\" \/>\n<meta property=\"og:title\" content=\"Sfax : Ennahdha prend fait et cause pour Jaouadi - Kapitalis\" \/>\n<meta property=\"og:description\" content=\"Le bureau r\u00e9gional du mouvement Ennahdha \u00e0 Sfax vient de publier un communiqu\u00e9 concernant l\u2019arrestation de l&rsquo;imam Ridha Jaouadi et de ses complices.\" \/>\n<meta property=\"og:url\" content=\"https:\/\/kapitalis.com\/tunisie\/2015\/10\/28\/sfax-ennahdha-prend-fait-et-cause-pour-jaouadi\/\" \/>\n<meta property=\"og:site_name\" content=\"Kapitalis\" \/>\n<meta property=\"article:publisher\" content=\"https:\/\/www.facebook.com\/KapitalisInfo\/\" \/>\n<meta property=\"article:published_time\" content=\"2015-10-28T14:31:09+00:00\" \/>\n<meta property=\"article:modified_time\" content=\"2015-10-28T15:22:29+00:00\" \/>\n<meta property=\"og:image\" content=\"http:\/\/kapitalis.com\/tunisie\/wp-content\/uploads\/2015\/08\/Sfax.jpg\" \/>\n<meta name=\"author\" content=\"benmansour3 benmansour\" \/>\n<meta name=\"twitter:card\" content=\"summary_large_image\" \/>\n<meta name=\"twitter:creator\" content=\"@KapitalisInfo\" \/>\n<meta name=\"twitter:site\" content=\"@KapitalisInfo\" \/>\n<meta name=\"twitter:label1\" content=\"\u00c9crit par\" \/>\n\t<meta name=\"twitter:data1\" content=\"benmansour3 benmansour\" \/>\n\t<meta name=\"twitter:label2\" content=\"Dur\u00e9e de lecture estim\u00e9e\" \/>\n\t<meta name=\"twitter:data2\" content=\"2 minutes\" \/>\n<script type=\"application\/ld+json\" class=\"yoast-schema-graph\">{\"@context\":\"https:\/\/schema.org\",\"@graph\":[{\"@type\":\"Article\",\"@id\":\"https:\/\/kapitalis.com\/tunisie\/2015\/10\/28\/sfax-ennahdha-prend-fait-et-cause-pour-jaouadi\/#article\",\"isPartOf\":{\"@id\":\"https:\/\/kapitalis.com\/tunisie\/2015\/10\/28\/sfax-ennahdha-prend-fait-et-cause-pour-jaouadi\/\"},\"author\":{\"name\":\"benmansour3 benmansour\",\"@id\":\"https:\/\/kapitalis.com\/tunisie\/#\/schema\/person\/035372e645ad321edc01006468cd4c8b\"},\"headline\":\"Sfax : Ennahdha prend fait et cause pour Jaouadi\",\"datePublished\":\"2015-10-28T14:31:09+00:00\",\"dateModified\":\"2015-10-28T15:22:29+00:00\",\"mainEntityOfPage\":{\"@id\":\"https:\/\/kapitalis.com\/tunisie\/2015\/10\/28\/sfax-ennahdha-prend-fait-et-cause-pour-jaouadi\/\"},\"wordCount\":424,\"commentCount\":7,\"publisher\":{\"@id\":\"https:\/\/kapitalis.com\/tunisie\/#organization\"},\"image\":{\"@id\":\"https:\/\/kapitalis.com\/tunisie\/2015\/10\/28\/sfax-ennahdha-prend-fait-et-cause-pour-jaouadi\/#primaryimage\"},\"thumbnailUrl\":\"http:\/\/kapitalis.com\/tunisie\/wp-content\/uploads\/2015\/08\/Sfax.jpg\",\"keywords\":[\"Ridha Jaouadi\"],\"articleSection\":[\"POLITIQUE\",\"Tunisie\"],\"inLanguage\":\"fr-FR\",\"potentialAction\":[{\"@type\":\"CommentAction\",\"name\":\"Comment\",\"target\":[\"https:\/\/kapitalis.com\/tunisie\/2015\/10\/28\/sfax-ennahdha-prend-fait-et-cause-pour-jaouadi\/#respond\"]}]},{\"@type\":\"WebPage\",\"@id\":\"https:\/\/kapitalis.com\/tunisie\/2015\/10\/28\/sfax-ennahdha-prend-fait-et-cause-pour-jaouadi\/\",\"url\":\"https:\/\/kapitalis.com\/tunisie\/2015\/10\/28\/sfax-ennahdha-prend-fait-et-cause-pour-jaouadi\/\",\"name\":\"Sfax : Ennahdha prend fait et cause pour Jaouadi - Kapitalis\",\"isPartOf\":{\"@id\":\"https:\/\/kapitalis.com\/tunisie\/#website\"},\"primaryImageOfPage\":{\"@id\":\"https:\/\/kapitalis.com\/tunisie\/2015\/10\/28\/sfax-ennahdha-prend-fait-et-cause-pour-jaouadi\/#primaryimage\"},\"image\":{\"@id\":\"https:\/\/kapitalis.com\/tunisie\/2015\/10\/28\/sfax-ennahdha-prend-fait-et-cause-pour-jaouadi\/#primaryimage\"},\"thumbnailUrl\":\"http:\/\/kapitalis.com\/tunisie\/wp-content\/uploads\/2015\/08\/Sfax.jpg\",\"datePublished\":\"2015-10-28T14:31:09+00:00\",\"dateModified\":\"2015-10-28T15:22:29+00:00\",\"breadcrumb\":{\"@id\":\"https:\/\/kapitalis.com\/tunisie\/2015\/10\/28\/sfax-ennahdha-prend-fait-et-cause-pour-jaouadi\/#breadcrumb\"},\"inLanguage\":\"fr-FR\",\"potentialAction\":[{\"@type\":\"ReadAction\",\"target\":[\"https:\/\/kapitalis.com\/tunisie\/2015\/10\/28\/sfax-ennahdha-prend-fait-et-cause-pour-jaouadi\/\"]}]},{\"@type\":\"ImageObject\",\"inLanguage\":\"fr-FR\",\"@id\":\"https:\/\/kapitalis.com\/tunisie\/2015\/10\/28\/sfax-ennahdha-prend-fait-et-cause-pour-jaouadi\/#primaryimage\",\"url\":\"http:\/\/kapitalis.com\/tunisie\/wp-content\/uploads\/2015\/08\/Sfax.jpg\",\"contentUrl\":\"http:\/\/kapitalis.com\/tunisie\/wp-content\/uploads\/2015\/08\/Sfax.jpg\"},{\"@type\":\"BreadcrumbList\",\"@id\":\"https:\/\/kapitalis.com\/tunisie\/2015\/10\/28\/sfax-ennahdha-prend-fait-et-cause-pour-jaouadi\/#breadcrumb\",\"itemListElement\":[{\"@type\":\"ListItem\",\"position\":1,\"name\":\"Accueil\",\"item\":\"https:\/\/kapitalis.com\/tunisie\/\"},{\"@type\":\"ListItem\",\"position\":2,\"name\":\"Sfax : Ennahdha prend fait et cause pour Jaouadi\"}]},{\"@type\":\"WebSite\",\"@id\":\"https:\/\/kapitalis.com\/tunisie\/#website\",\"url\":\"https:\/\/kapitalis.com\/tunisie\/\",\"name\":\"Kapitalis\",\"description\":\"L&#039;actualit\u00e9 en Tunisie et dans le monde\",\"publisher\":{\"@id\":\"https:\/\/kapitalis.com\/tunisie\/#organization\"},\"potentialAction\":[{\"@type\":\"SearchAction\",\"target\":{\"@type\":\"EntryPoint\",\"urlTemplate\":\"https:\/\/kapitalis.com\/tunisie\/?s={search_term_string}\"},\"query-input\":{\"@type\":\"PropertyValueSpecification\",\"valueRequired\":true,\"valueName\":\"search_term_string\"}}],\"inLanguage\":\"fr-FR\"},{\"@type\":\"Organization\",\"@id\":\"https:\/\/kapitalis.com\/tunisie\/#organization\",\"name\":\"Kapitalis\",\"url\":\"https:\/\/kapitalis.com\/tunisie\/\",\"logo\":{\"@type\":\"ImageObject\",\"inLanguage\":\"fr-FR\",\"@id\":\"https:\/\/kapitalis.com\/tunisie\/#\/schema\/logo\/image\/\",\"url\":\"https:\/\/kapitalis.com\/tunisie\/wp-content\/uploads\/2022\/05\/Kapitalis-big-size.png\",\"contentUrl\":\"https:\/\/kapitalis.com\/tunisie\/wp-content\/uploads\/2022\/05\/Kapitalis-big-size.png\",\"width\":5000,\"height\":1500,\"caption\":\"Kapitalis\"},\"image\":{\"@id\":\"https:\/\/kapitalis.com\/tunisie\/#\/schema\/logo\/image\/\"},\"sameAs\":[\"https:\/\/www.facebook.com\/KapitalisInfo\/\",\"https:\/\/x.com\/KapitalisInfo\",\"https:\/\/www.youtube.com\/channel\/UC-yDYrHyfFBWWZaOw3FPg9Q\"]},{\"@type\":\"Person\",\"@id\":\"https:\/\/kapitalis.com\/tunisie\/#\/schema\/person\/035372e645ad321edc01006468cd4c8b\",\"name\":\"benmansour3 benmansour\",\"url\":\"https:\/\/kapitalis.com\/tunisie\/author\/benmansour3\/\"}]}<\/script>\n<!-- \/ Yoast SEO plugin. -->","yoast_head_json":{"title":"Sfax : Ennahdha prend fait et cause pour Jaouadi - Kapitalis","robots":{"index":"index","follow":"follow","max-snippet":"max-snippet:-1","max-image-preview":"max-image-preview:large","max-video-preview":"max-video-preview:-1"},"canonical":"https:\/\/kapitalis.com\/tunisie\/2015\/10\/28\/sfax-ennahdha-prend-fait-et-cause-pour-jaouadi\/","og_locale":"fr_FR","og_type":"article","og_title":"Sfax : Ennahdha prend fait et cause pour Jaouadi - Kapitalis","og_description":"Le bureau r\u00e9gional du mouvement Ennahdha \u00e0 Sfax vient de publier un communiqu\u00e9 concernant l\u2019arrestation de l&rsquo;imam Ridha Jaouadi et de ses complices.","og_url":"https:\/\/kapitalis.com\/tunisie\/2015\/10\/28\/sfax-ennahdha-prend-fait-et-cause-pour-jaouadi\/","og_site_name":"Kapitalis","article_publisher":"https:\/\/www.facebook.com\/KapitalisInfo\/","article_published_time":"2015-10-28T14:31:09+00:00","article_modified_time":"2015-10-28T15:22:29+00:00","og_image":[{"url":"http:\/\/kapitalis.com\/tunisie\/wp-content\/uploads\/2015\/08\/Sfax.jpg","type":"","width":"","height":""}],"author":"benmansour3 benmansour","twitter_card":"summary_large_image","twitter_creator":"@KapitalisInfo","twitter_site":"@KapitalisInfo","twitter_misc":{"\u00c9crit par":"benmansour3 benmansour","Dur\u00e9e de lecture estim\u00e9e":"2 minutes"},"schema":{"@context":"https:\/\/schema.org","@graph":[{"@type":"Article","@id":"https:\/\/kapitalis.com\/tunisie\/2015\/10\/28\/sfax-ennahdha-prend-fait-et-cause-pour-jaouadi\/#article","isPartOf":{"@id":"https:\/\/kapitalis.com\/tunisie\/2015\/10\/28\/sfax-ennahdha-prend-fait-et-cause-pour-jaouadi\/"},"author":{"name":"benmansour3 benmansour","@id":"https:\/\/kapitalis.com\/tunisie\/#\/schema\/person\/035372e645ad321edc01006468cd4c8b"},"headline":"Sfax : Ennahdha prend fait et cause pour Jaouadi","datePublished":"2015-10-28T14:31:09+00:00","dateModified":"2015-10-28T15:22:29+00:00","mainEntityOfPage":{"@id":"https:\/\/kapitalis.com\/tunisie\/2015\/10\/28\/sfax-ennahdha-prend-fait-et-cause-pour-jaouadi\/"},"wordCount":424,"commentCount":7,"publisher":{"@id":"https:\/\/kapitalis.com\/tunisie\/#organization"},"image":{"@id":"https:\/\/kapitalis.com\/tunisie\/2015\/10\/28\/sfax-ennahdha-prend-fait-et-cause-pour-jaouadi\/#primaryimage"},"thumbnailUrl":"http:\/\/kapitalis.com\/tunisie\/wp-content\/uploads\/2015\/08\/Sfax.jpg","keywords":["Ridha Jaouadi"],"articleSection":["POLITIQUE","Tunisie"],"inLanguage":"fr-FR","potentialAction":[{"@type":"CommentAction","name":"Comment","target":["https:\/\/kapitalis.com\/tunisie\/2015\/10\/28\/sfax-ennahdha-prend-fait-et-cause-pour-jaouadi\/#respond"]}]},{"@type":"WebPage","@id":"https:\/\/kapitalis.com\/tunisie\/2015\/10\/28\/sfax-ennahdha-prend-fait-et-cause-pour-jaouadi\/","url":"https:\/\/kapitalis.com\/tunisie\/2015\/10\/28\/sfax-ennahdha-prend-fait-et-cause-pour-jaouadi\/","name":"Sfax : Ennahdha prend fait et cause pour Jaouadi - Kapitalis","isPartOf":{"@id":"https:\/\/kapitalis.com\/tunisie\/#website"},"primaryImageOfPage":{"@id":"https:\/\/kapitalis.com\/tunisie\/2015\/10\/28\/sfax-ennahdha-prend-fait-et-cause-pour-jaouadi\/#primaryimage"},"image":{"@id":"https:\/\/kapitalis.com\/tunisie\/2015\/10\/28\/sfax-ennahdha-prend-fait-et-cause-pour-jaouadi\/#primaryimage"},"thumbnailUrl":"http:\/\/kapitalis.com\/tunisie\/wp-content\/uploads\/2015\/08\/Sfax.jpg","datePublished":"2015-10-28T14:31:09+00:00","dateModified":"2015-10-28T15:22:29+00:00","breadcrumb":{"@id":"https:\/\/kapitalis.com\/tunisie\/2015\/10\/28\/sfax-ennahdha-prend-fait-et-cause-pour-jaouadi\/#breadcrumb"},"inLanguage":"fr-FR","potentialAction":[{"@type":"ReadAction","target":["https:\/\/kapitalis.com\/tunisie\/2015\/10\/28\/sfax-ennahdha-prend-fait-et-cause-pour-jaouadi\/"]}]},{"@type":"ImageObject","inLanguage":"fr-FR","@id":"https:\/\/kapitalis.com\/tunisie\/2015\/10\/28\/sfax-ennahdha-prend-fait-et-cause-pour-jaouadi\/#primaryimage","url":"http:\/\/kapitalis.com\/tunisie\/wp-content\/uploads\/2015\/08\/Sfax.jpg","contentUrl":"http:\/\/kapitalis.com\/tunisie\/wp-content\/uploads\/2015\/08\/Sfax.jpg"},{"@type":"BreadcrumbList","@id":"https:\/\/kapitalis.com\/tunisie\/2015\/10\/28\/sfax-ennahdha-prend-fait-et-cause-pour-jaouadi\/#breadcrumb","itemListElement":[{"@type":"ListItem","position":1,"name":"Accueil","item":"https:\/\/kapitalis.com\/tunisie\/"},{"@type":"ListItem","position":2,"name":"Sfax : Ennahdha prend fait et cause pour Jaouadi"}]},{"@type":"WebSite","@id":"https:\/\/kapitalis.com\/tunisie\/#website","url":"https:\/\/kapitalis.com\/tunisie\/","name":"Kapitalis","description":"L&#039;actualit\u00e9 en Tunisie et dans le monde","publisher":{"@id":"https:\/\/kapitalis.com\/tunisie\/#organization"},"potentialAction":[{"@type":"SearchAction","target":{"@type":"EntryPoint","urlTemplate":"https:\/\/kapitalis.com\/tunisie\/?s={search_term_string}"},"query-input":{"@type":"PropertyValueSpecification","valueRequired":true,"valueName":"search_term_string"}}],"inLanguage":"fr-FR"},{"@type":"Organization","@id":"https:\/\/kapitalis.com\/tunisie\/#organization","name":"Kapitalis","url":"https:\/\/kapitalis.com\/tunisie\/","logo":{"@type":"ImageObject","inLanguage":"fr-FR","@id":"https:\/\/kapitalis.com\/tunisie\/#\/schema\/logo\/image\/","url":"https:\/\/kapitalis.com\/tunisie\/wp-content\/uploads\/2022\/05\/Kapitalis-big-size.png","contentUrl":"https:\/\/kapitalis.com\/tunisie\/wp-content\/uploads\/2022\/05\/Kapitalis-big-size.png","width":5000,"height":1500,"caption":"Kapitalis"},"image":{"@id":"https:\/\/kapitalis.com\/tunisie\/#\/schema\/logo\/image\/"},"sameAs":["https:\/\/www.facebook.com\/KapitalisInfo\/","https:\/\/x.com\/KapitalisInfo","https:\/\/www.youtube.com\/channel\/UC-yDYrHyfFBWWZaOw3FPg9Q"]},{"@type":"Person","@id":"https:\/\/kapitalis.com\/tunisie\/#\/schema\/person\/035372e645ad321edc01006468cd4c8b","name":"benmansour3 benmansour","url":"https:\/\/kapitalis.com\/tunisie\/author\/benmansour3\/"}]}},"_links":{"self":[{"href":"https:\/\/kapitalis.com\/tunisie\/wp-json\/wp\/v2\/posts\/22018","targetHints":{"allow":["GET"]}}],"collection":[{"href":"https:\/\/kapitalis.com\/tunisie\/wp-json\/wp\/v2\/posts"}],"about":[{"href":"https:\/\/kapitalis.com\/tunisie\/wp-json\/wp\/v2\/types\/post"}],"author":[{"embeddable":true,"href":"https:\/\/kapitalis.com\/tunisie\/wp-json\/wp\/v2\/users\/11"}],"replies":[{"embeddable":true,"href":"https:\/\/kapitalis.com\/tunisie\/wp-json\/wp\/v2\/comments?post=22018"}],"version-history":[{"count":0,"href":"https:\/\/kapitalis.com\/tunisie\/wp-json\/wp\/v2\/posts\/22018\/revisions"}],"wp:attachment":[{"href":"https:\/\/kapitalis.com\/tunisie\/wp-json\/wp\/v2\/media?parent=22018"}],"wp:term":[{"taxonomy":"category","embeddable":true,"href":"https:\/\/kapitalis.com\/tunisie\/wp-json\/wp\/v2\/categories?post=22018"},{"taxonomy":"post_tag","embeddable":true,"href":"https:\/\/kapitalis.com\/tunisie\/wp-json\/wp\/v2\/tags?post=22018"}],"curies":[{"name":"wp","href":"https:\/\/api.w.org\/{rel}","templated":true}]}}