{"id":2202303,"date":"2022-07-12T16:00:17","date_gmt":"2022-07-12T15:00:17","guid":{"rendered":"https:\/\/kapitalis.com\/tunisie\/?p=2202303"},"modified":"2022-07-12T16:01:45","modified_gmt":"2022-07-12T15:01:45","slug":"tunisie-telecom-sponsorise-la-comedie-musicale-ocheg-eddenya","status":"publish","type":"post","link":"https:\/\/kapitalis.com\/tunisie\/2022\/07\/12\/tunisie-telecom-sponsorise-la-comedie-musicale-ocheg-eddenya\/","title":{"rendered":"Tunisie T\u00e9l\u00e9com sponsorise la com\u00e9die musicale \u00abOcheg Eddenya\u00bb\u00a0"},"content":{"rendered":"\n<p><strong><em>Tunisie t\u00e9l\u00e9com sponsorise la com\u00e9die musicale \u00abOcheg Eddenya\u00bb, qui retrace les moments forts de la s\u00e9rie \u00e0 succ\u00e8s Nouba et de la soci\u00e9t\u00e9 tunisienne dansant et chantant l\u2019art populaire durant les ann\u00e9es 90.<\/em><\/strong><\/p>\n\n\n\n<!--more-->\n\n\n\n<p>Le tout dans un concept qui regroupe plus de 150 artistes de renomm\u00e9s et qui rompt les codes avec un m\u00e9lange harmonieux d\u2019art th\u00e9\u00e2tral, de danse et de chant.<\/p>\n\n\n\n<p>Le rendez-vous aura lieu lundi prochain, 18 juillet 2022, \u00e0 Gammarth.<\/p>\n\n\n\n<p>\u00ab<em>Tunisie T\u00e9l\u00e9com, qui a v\u00e9cu cette \u00e9poque avec sa client\u00e8le puisqu\u2019il a \u00e9t\u00e9 seul et\u00a0 premier op\u00e9rateur \u00e0 connecter les Tunisiens,\u00a0 \u00e0 r\u00e9ussir \u00e0 introduire des changements\u00a0 de leurs habitudes et\u00a0 \u00e0 cr\u00e9er\u00a0 de\u00a0 nouveaux moyens de communication \u00e0\u00a0 travers\u00a0 la\u00a0 t\u00e9l\u00e9phonie\u00a0 mobile lanc\u00e9e en grande pompe\u2026<\/em> <em>D\u2019o\u00f9 le partenariat naturel pour l\u2019op\u00e9rateur de soutenir ce spectacle in\u00e9dit et de le parrainer d\u00e8s sa premi\u00e8re \u00e9dition\u00a0!<\/em>\u00bb, lit-on dans le communiqu\u00e9 de l&rsquo;op\u00e9rateur national.<\/p>\n\n\n\n<p class=\"has-text-align-right\"><strong>C. B. Y.<\/strong><\/p>\n","protected":false},"excerpt":{"rendered":"<p>Tunisie t\u00e9l\u00e9com sponsorise la com\u00e9die musicale \u00abOcheg Eddenya\u00bb, qui retrace les moments forts de la s\u00e9rie \u00e0 succ\u00e8s Nouba et de la soci\u00e9t\u00e9 tunisienne dansant et chantant l\u2019art populaire durant les ann\u00e9es 90.<\/p>\n","protected":false},"author":24,"featured_media":2202709,"comment_status":"open","ping_status":"open","sticky":false,"template":"","format":"standard","meta":{"footnotes":""},"categories":[994,2433],"tags":[101325,78120,101324,84528],"class_list":["post-2202303","post","type-post","status-publish","format-standard","has-post-thumbnail","hentry","category-culture","category-tunisie","tag-annees-90","tag-nouba","tag-ocheg-eddenya","tag-tunisie-telecom-2"],"yoast_head":"<!-- This site is optimized with the Yoast SEO plugin v26.6 - https:\/\/yoast.com\/wordpress\/plugins\/seo\/ -->\n<title>Tunisie T\u00e9l\u00e9com sponsorise la com\u00e9die musicale \u00abOcheg Eddenya\u00bb\u00a0 - Kapitalis<\/title>\n<meta name=\"robots\" content=\"index, follow, max-snippet:-1, max-image-preview:large, max-video-preview:-1\" \/>\n<link rel=\"canonical\" href=\"https:\/\/kapitalis.com\/tunisie\/2022\/07\/12\/tunisie-telecom-sponsorise-la-comedie-musicale-ocheg-eddenya\/\" \/>\n<meta property=\"og:locale\" content=\"fr_FR\" \/>\n<meta property=\"og:type\" content=\"article\" \/>\n<meta property=\"og:title\" content=\"Tunisie T\u00e9l\u00e9com sponsorise la com\u00e9die musicale \u00abOcheg Eddenya\u00bb\u00a0 - Kapitalis\" \/>\n<meta property=\"og:description\" content=\"Tunisie t\u00e9l\u00e9com sponsorise la com\u00e9die musicale \u00abOcheg Eddenya\u00bb, qui retrace les moments forts de la s\u00e9rie \u00e0 succ\u00e8s Nouba et de la soci\u00e9t\u00e9 tunisienne dansant et chantant l\u2019art populaire durant les ann\u00e9es 90.\" \/>\n<meta property=\"og:url\" content=\"https:\/\/kapitalis.com\/tunisie\/2022\/07\/12\/tunisie-telecom-sponsorise-la-comedie-musicale-ocheg-eddenya\/\" \/>\n<meta property=\"og:site_name\" content=\"Kapitalis\" \/>\n<meta property=\"article:publisher\" content=\"https:\/\/www.facebook.com\/KapitalisInfo\/\" \/>\n<meta property=\"article:published_time\" content=\"2022-07-12T15:00:17+00:00\" \/>\n<meta property=\"article:modified_time\" content=\"2022-07-12T15:01:45+00:00\" \/>\n<meta property=\"og:image\" content=\"https:\/\/kapitalis.com\/tunisie\/wp-content\/uploads\/2022\/07\/ocheg-eddenya.jpg\" \/>\n\t<meta property=\"og:image:width\" content=\"1200\" \/>\n\t<meta property=\"og:image:height\" content=\"630\" \/>\n\t<meta property=\"og:image:type\" content=\"image\/jpeg\" \/>\n<meta name=\"author\" content=\"Cherif Benyounes\" \/>\n<meta name=\"twitter:card\" content=\"summary_large_image\" \/>\n<meta name=\"twitter:creator\" content=\"@KapitalisInfo\" \/>\n<meta name=\"twitter:site\" content=\"@KapitalisInfo\" \/>\n<meta name=\"twitter:label1\" content=\"\u00c9crit par\" \/>\n\t<meta name=\"twitter:data1\" content=\"Cherif Benyounes\" \/>\n\t<meta name=\"twitter:label2\" content=\"Dur\u00e9e de lecture estim\u00e9e\" \/>\n\t<meta name=\"twitter:data2\" content=\"1 minute\" \/>\n<script type=\"application\/ld+json\" class=\"yoast-schema-graph\">{\"@context\":\"https:\/\/schema.org\",\"@graph\":[{\"@type\":\"Article\",\"@id\":\"https:\/\/kapitalis.com\/tunisie\/2022\/07\/12\/tunisie-telecom-sponsorise-la-comedie-musicale-ocheg-eddenya\/#article\",\"isPartOf\":{\"@id\":\"https:\/\/kapitalis.com\/tunisie\/2022\/07\/12\/tunisie-telecom-sponsorise-la-comedie-musicale-ocheg-eddenya\/\"},\"author\":{\"name\":\"Cherif Benyounes\",\"@id\":\"https:\/\/kapitalis.com\/tunisie\/#\/schema\/person\/b35b8d631961131107263178aeb8019e\"},\"headline\":\"Tunisie T\u00e9l\u00e9com sponsorise la com\u00e9die musicale \u00abOcheg Eddenya\u00bb\u00a0\",\"datePublished\":\"2022-07-12T15:00:17+00:00\",\"dateModified\":\"2022-07-12T15:01:45+00:00\",\"mainEntityOfPage\":{\"@id\":\"https:\/\/kapitalis.com\/tunisie\/2022\/07\/12\/tunisie-telecom-sponsorise-la-comedie-musicale-ocheg-eddenya\/\"},\"wordCount\":179,\"commentCount\":0,\"publisher\":{\"@id\":\"https:\/\/kapitalis.com\/tunisie\/#organization\"},\"image\":{\"@id\":\"https:\/\/kapitalis.com\/tunisie\/2022\/07\/12\/tunisie-telecom-sponsorise-la-comedie-musicale-ocheg-eddenya\/#primaryimage\"},\"thumbnailUrl\":\"https:\/\/kapitalis.com\/tunisie\/wp-content\/uploads\/2022\/07\/ocheg-eddenya.jpg\",\"keywords\":[\"ann\u00e9es 90\",\"nouba\",\"Ocheg Eddenya\",\"Tunisie t\u00e9l\u00e9com\"],\"articleSection\":[\"CULTURE\",\"Tunisie\"],\"inLanguage\":\"fr-FR\",\"potentialAction\":[{\"@type\":\"CommentAction\",\"name\":\"Comment\",\"target\":[\"https:\/\/kapitalis.com\/tunisie\/2022\/07\/12\/tunisie-telecom-sponsorise-la-comedie-musicale-ocheg-eddenya\/#respond\"]}]},{\"@type\":\"WebPage\",\"@id\":\"https:\/\/kapitalis.com\/tunisie\/2022\/07\/12\/tunisie-telecom-sponsorise-la-comedie-musicale-ocheg-eddenya\/\",\"url\":\"https:\/\/kapitalis.com\/tunisie\/2022\/07\/12\/tunisie-telecom-sponsorise-la-comedie-musicale-ocheg-eddenya\/\",\"name\":\"Tunisie T\u00e9l\u00e9com sponsorise la com\u00e9die musicale \u00abOcheg Eddenya\u00bb\u00a0 - Kapitalis\",\"isPartOf\":{\"@id\":\"https:\/\/kapitalis.com\/tunisie\/#website\"},\"primaryImageOfPage\":{\"@id\":\"https:\/\/kapitalis.com\/tunisie\/2022\/07\/12\/tunisie-telecom-sponsorise-la-comedie-musicale-ocheg-eddenya\/#primaryimage\"},\"image\":{\"@id\":\"https:\/\/kapitalis.com\/tunisie\/2022\/07\/12\/tunisie-telecom-sponsorise-la-comedie-musicale-ocheg-eddenya\/#primaryimage\"},\"thumbnailUrl\":\"https:\/\/kapitalis.com\/tunisie\/wp-content\/uploads\/2022\/07\/ocheg-eddenya.jpg\",\"datePublished\":\"2022-07-12T15:00:17+00:00\",\"dateModified\":\"2022-07-12T15:01:45+00:00\",\"breadcrumb\":{\"@id\":\"https:\/\/kapitalis.com\/tunisie\/2022\/07\/12\/tunisie-telecom-sponsorise-la-comedie-musicale-ocheg-eddenya\/#breadcrumb\"},\"inLanguage\":\"fr-FR\",\"potentialAction\":[{\"@type\":\"ReadAction\",\"target\":[\"https:\/\/kapitalis.com\/tunisie\/2022\/07\/12\/tunisie-telecom-sponsorise-la-comedie-musicale-ocheg-eddenya\/\"]}]},{\"@type\":\"ImageObject\",\"inLanguage\":\"fr-FR\",\"@id\":\"https:\/\/kapitalis.com\/tunisie\/2022\/07\/12\/tunisie-telecom-sponsorise-la-comedie-musicale-ocheg-eddenya\/#primaryimage\",\"url\":\"https:\/\/kapitalis.com\/tunisie\/wp-content\/uploads\/2022\/07\/ocheg-eddenya.jpg\",\"contentUrl\":\"https:\/\/kapitalis.com\/tunisie\/wp-content\/uploads\/2022\/07\/ocheg-eddenya.jpg\",\"width\":1200,\"height\":630},{\"@type\":\"BreadcrumbList\",\"@id\":\"https:\/\/kapitalis.com\/tunisie\/2022\/07\/12\/tunisie-telecom-sponsorise-la-comedie-musicale-ocheg-eddenya\/#breadcrumb\",\"itemListElement\":[{\"@type\":\"ListItem\",\"position\":1,\"name\":\"Accueil\",\"item\":\"https:\/\/kapitalis.com\/tunisie\/\"},{\"@type\":\"ListItem\",\"position\":2,\"name\":\"Tunisie T\u00e9l\u00e9com sponsorise la com\u00e9die musicale \u00abOcheg Eddenya\u00bb\u00a0\"}]},{\"@type\":\"WebSite\",\"@id\":\"https:\/\/kapitalis.com\/tunisie\/#website\",\"url\":\"https:\/\/kapitalis.com\/tunisie\/\",\"name\":\"Kapitalis\",\"description\":\"L&#039;actualit\u00e9 en Tunisie et dans le monde\",\"publisher\":{\"@id\":\"https:\/\/kapitalis.com\/tunisie\/#organization\"},\"potentialAction\":[{\"@type\":\"SearchAction\",\"target\":{\"@type\":\"EntryPoint\",\"urlTemplate\":\"https:\/\/kapitalis.com\/tunisie\/?s={search_term_string}\"},\"query-input\":{\"@type\":\"PropertyValueSpecification\",\"valueRequired\":true,\"valueName\":\"search_term_string\"}}],\"inLanguage\":\"fr-FR\"},{\"@type\":\"Organization\",\"@id\":\"https:\/\/kapitalis.com\/tunisie\/#organization\",\"name\":\"Kapitalis\",\"url\":\"https:\/\/kapitalis.com\/tunisie\/\",\"logo\":{\"@type\":\"ImageObject\",\"inLanguage\":\"fr-FR\",\"@id\":\"https:\/\/kapitalis.com\/tunisie\/#\/schema\/logo\/image\/\",\"url\":\"https:\/\/kapitalis.com\/tunisie\/wp-content\/uploads\/2022\/05\/Kapitalis-big-size.png\",\"contentUrl\":\"https:\/\/kapitalis.com\/tunisie\/wp-content\/uploads\/2022\/05\/Kapitalis-big-size.png\",\"width\":5000,\"height\":1500,\"caption\":\"Kapitalis\"},\"image\":{\"@id\":\"https:\/\/kapitalis.com\/tunisie\/#\/schema\/logo\/image\/\"},\"sameAs\":[\"https:\/\/www.facebook.com\/KapitalisInfo\/\",\"https:\/\/x.com\/KapitalisInfo\",\"https:\/\/www.youtube.com\/channel\/UC-yDYrHyfFBWWZaOw3FPg9Q\"]},{\"@type\":\"Person\",\"@id\":\"https:\/\/kapitalis.com\/tunisie\/#\/schema\/person\/b35b8d631961131107263178aeb8019e\",\"name\":\"Cherif Benyounes\",\"url\":\"https:\/\/kapitalis.com\/tunisie\/author\/cherif\/\"}]}<\/script>\n<!-- \/ Yoast SEO plugin. -->","yoast_head_json":{"title":"Tunisie T\u00e9l\u00e9com sponsorise la com\u00e9die musicale \u00abOcheg Eddenya\u00bb\u00a0 - Kapitalis","robots":{"index":"index","follow":"follow","max-snippet":"max-snippet:-1","max-image-preview":"max-image-preview:large","max-video-preview":"max-video-preview:-1"},"canonical":"https:\/\/kapitalis.com\/tunisie\/2022\/07\/12\/tunisie-telecom-sponsorise-la-comedie-musicale-ocheg-eddenya\/","og_locale":"fr_FR","og_type":"article","og_title":"Tunisie T\u00e9l\u00e9com sponsorise la com\u00e9die musicale \u00abOcheg Eddenya\u00bb\u00a0 - Kapitalis","og_description":"Tunisie t\u00e9l\u00e9com sponsorise la com\u00e9die musicale \u00abOcheg Eddenya\u00bb, qui retrace les moments forts de la s\u00e9rie \u00e0 succ\u00e8s Nouba et de la soci\u00e9t\u00e9 tunisienne dansant et chantant l\u2019art populaire durant les ann\u00e9es 90.","og_url":"https:\/\/kapitalis.com\/tunisie\/2022\/07\/12\/tunisie-telecom-sponsorise-la-comedie-musicale-ocheg-eddenya\/","og_site_name":"Kapitalis","article_publisher":"https:\/\/www.facebook.com\/KapitalisInfo\/","article_published_time":"2022-07-12T15:00:17+00:00","article_modified_time":"2022-07-12T15:01:45+00:00","og_image":[{"width":1200,"height":630,"url":"https:\/\/kapitalis.com\/tunisie\/wp-content\/uploads\/2022\/07\/ocheg-eddenya.jpg","type":"image\/jpeg"}],"author":"Cherif Benyounes","twitter_card":"summary_large_image","twitter_creator":"@KapitalisInfo","twitter_site":"@KapitalisInfo","twitter_misc":{"\u00c9crit par":"Cherif Benyounes","Dur\u00e9e de lecture estim\u00e9e":"1 minute"},"schema":{"@context":"https:\/\/schema.org","@graph":[{"@type":"Article","@id":"https:\/\/kapitalis.com\/tunisie\/2022\/07\/12\/tunisie-telecom-sponsorise-la-comedie-musicale-ocheg-eddenya\/#article","isPartOf":{"@id":"https:\/\/kapitalis.com\/tunisie\/2022\/07\/12\/tunisie-telecom-sponsorise-la-comedie-musicale-ocheg-eddenya\/"},"author":{"name":"Cherif Benyounes","@id":"https:\/\/kapitalis.com\/tunisie\/#\/schema\/person\/b35b8d631961131107263178aeb8019e"},"headline":"Tunisie T\u00e9l\u00e9com sponsorise la com\u00e9die musicale \u00abOcheg Eddenya\u00bb\u00a0","datePublished":"2022-07-12T15:00:17+00:00","dateModified":"2022-07-12T15:01:45+00:00","mainEntityOfPage":{"@id":"https:\/\/kapitalis.com\/tunisie\/2022\/07\/12\/tunisie-telecom-sponsorise-la-comedie-musicale-ocheg-eddenya\/"},"wordCount":179,"commentCount":0,"publisher":{"@id":"https:\/\/kapitalis.com\/tunisie\/#organization"},"image":{"@id":"https:\/\/kapitalis.com\/tunisie\/2022\/07\/12\/tunisie-telecom-sponsorise-la-comedie-musicale-ocheg-eddenya\/#primaryimage"},"thumbnailUrl":"https:\/\/kapitalis.com\/tunisie\/wp-content\/uploads\/2022\/07\/ocheg-eddenya.jpg","keywords":["ann\u00e9es 90","nouba","Ocheg Eddenya","Tunisie t\u00e9l\u00e9com"],"articleSection":["CULTURE","Tunisie"],"inLanguage":"fr-FR","potentialAction":[{"@type":"CommentAction","name":"Comment","target":["https:\/\/kapitalis.com\/tunisie\/2022\/07\/12\/tunisie-telecom-sponsorise-la-comedie-musicale-ocheg-eddenya\/#respond"]}]},{"@type":"WebPage","@id":"https:\/\/kapitalis.com\/tunisie\/2022\/07\/12\/tunisie-telecom-sponsorise-la-comedie-musicale-ocheg-eddenya\/","url":"https:\/\/kapitalis.com\/tunisie\/2022\/07\/12\/tunisie-telecom-sponsorise-la-comedie-musicale-ocheg-eddenya\/","name":"Tunisie T\u00e9l\u00e9com sponsorise la com\u00e9die musicale \u00abOcheg Eddenya\u00bb\u00a0 - Kapitalis","isPartOf":{"@id":"https:\/\/kapitalis.com\/tunisie\/#website"},"primaryImageOfPage":{"@id":"https:\/\/kapitalis.com\/tunisie\/2022\/07\/12\/tunisie-telecom-sponsorise-la-comedie-musicale-ocheg-eddenya\/#primaryimage"},"image":{"@id":"https:\/\/kapitalis.com\/tunisie\/2022\/07\/12\/tunisie-telecom-sponsorise-la-comedie-musicale-ocheg-eddenya\/#primaryimage"},"thumbnailUrl":"https:\/\/kapitalis.com\/tunisie\/wp-content\/uploads\/2022\/07\/ocheg-eddenya.jpg","datePublished":"2022-07-12T15:00:17+00:00","dateModified":"2022-07-12T15:01:45+00:00","breadcrumb":{"@id":"https:\/\/kapitalis.com\/tunisie\/2022\/07\/12\/tunisie-telecom-sponsorise-la-comedie-musicale-ocheg-eddenya\/#breadcrumb"},"inLanguage":"fr-FR","potentialAction":[{"@type":"ReadAction","target":["https:\/\/kapitalis.com\/tunisie\/2022\/07\/12\/tunisie-telecom-sponsorise-la-comedie-musicale-ocheg-eddenya\/"]}]},{"@type":"ImageObject","inLanguage":"fr-FR","@id":"https:\/\/kapitalis.com\/tunisie\/2022\/07\/12\/tunisie-telecom-sponsorise-la-comedie-musicale-ocheg-eddenya\/#primaryimage","url":"https:\/\/kapitalis.com\/tunisie\/wp-content\/uploads\/2022\/07\/ocheg-eddenya.jpg","contentUrl":"https:\/\/kapitalis.com\/tunisie\/wp-content\/uploads\/2022\/07\/ocheg-eddenya.jpg","width":1200,"height":630},{"@type":"BreadcrumbList","@id":"https:\/\/kapitalis.com\/tunisie\/2022\/07\/12\/tunisie-telecom-sponsorise-la-comedie-musicale-ocheg-eddenya\/#breadcrumb","itemListElement":[{"@type":"ListItem","position":1,"name":"Accueil","item":"https:\/\/kapitalis.com\/tunisie\/"},{"@type":"ListItem","position":2,"name":"Tunisie T\u00e9l\u00e9com sponsorise la com\u00e9die musicale \u00abOcheg Eddenya\u00bb\u00a0"}]},{"@type":"WebSite","@id":"https:\/\/kapitalis.com\/tunisie\/#website","url":"https:\/\/kapitalis.com\/tunisie\/","name":"Kapitalis","description":"L&#039;actualit\u00e9 en Tunisie et dans le monde","publisher":{"@id":"https:\/\/kapitalis.com\/tunisie\/#organization"},"potentialAction":[{"@type":"SearchAction","target":{"@type":"EntryPoint","urlTemplate":"https:\/\/kapitalis.com\/tunisie\/?s={search_term_string}"},"query-input":{"@type":"PropertyValueSpecification","valueRequired":true,"valueName":"search_term_string"}}],"inLanguage":"fr-FR"},{"@type":"Organization","@id":"https:\/\/kapitalis.com\/tunisie\/#organization","name":"Kapitalis","url":"https:\/\/kapitalis.com\/tunisie\/","logo":{"@type":"ImageObject","inLanguage":"fr-FR","@id":"https:\/\/kapitalis.com\/tunisie\/#\/schema\/logo\/image\/","url":"https:\/\/kapitalis.com\/tunisie\/wp-content\/uploads\/2022\/05\/Kapitalis-big-size.png","contentUrl":"https:\/\/kapitalis.com\/tunisie\/wp-content\/uploads\/2022\/05\/Kapitalis-big-size.png","width":5000,"height":1500,"caption":"Kapitalis"},"image":{"@id":"https:\/\/kapitalis.com\/tunisie\/#\/schema\/logo\/image\/"},"sameAs":["https:\/\/www.facebook.com\/KapitalisInfo\/","https:\/\/x.com\/KapitalisInfo","https:\/\/www.youtube.com\/channel\/UC-yDYrHyfFBWWZaOw3FPg9Q"]},{"@type":"Person","@id":"https:\/\/kapitalis.com\/tunisie\/#\/schema\/person\/b35b8d631961131107263178aeb8019e","name":"Cherif Benyounes","url":"https:\/\/kapitalis.com\/tunisie\/author\/cherif\/"}]}},"_links":{"self":[{"href":"https:\/\/kapitalis.com\/tunisie\/wp-json\/wp\/v2\/posts\/2202303","targetHints":{"allow":["GET"]}}],"collection":[{"href":"https:\/\/kapitalis.com\/tunisie\/wp-json\/wp\/v2\/posts"}],"about":[{"href":"https:\/\/kapitalis.com\/tunisie\/wp-json\/wp\/v2\/types\/post"}],"author":[{"embeddable":true,"href":"https:\/\/kapitalis.com\/tunisie\/wp-json\/wp\/v2\/users\/24"}],"replies":[{"embeddable":true,"href":"https:\/\/kapitalis.com\/tunisie\/wp-json\/wp\/v2\/comments?post=2202303"}],"version-history":[{"count":0,"href":"https:\/\/kapitalis.com\/tunisie\/wp-json\/wp\/v2\/posts\/2202303\/revisions"}],"wp:featuredmedia":[{"embeddable":true,"href":"https:\/\/kapitalis.com\/tunisie\/wp-json\/wp\/v2\/media\/2202709"}],"wp:attachment":[{"href":"https:\/\/kapitalis.com\/tunisie\/wp-json\/wp\/v2\/media?parent=2202303"}],"wp:term":[{"taxonomy":"category","embeddable":true,"href":"https:\/\/kapitalis.com\/tunisie\/wp-json\/wp\/v2\/categories?post=2202303"},{"taxonomy":"post_tag","embeddable":true,"href":"https:\/\/kapitalis.com\/tunisie\/wp-json\/wp\/v2\/tags?post=2202303"}],"curies":[{"name":"wp","href":"https:\/\/api.w.org\/{rel}","templated":true}]}}