{"id":220270,"date":"2019-06-24T09:38:39","date_gmt":"2019-06-24T08:38:39","guid":{"rendered":"http:\/\/kapitalis.com\/tunisie\/?p=220270"},"modified":"2019-06-24T09:38:41","modified_gmt":"2019-06-24T08:38:41","slug":"1001-mains-en-tunisie-une-ceramique-murale-communautaire","status":"publish","type":"post","link":"https:\/\/kapitalis.com\/tunisie\/2019\/06\/24\/1001-mains-en-tunisie-une-ceramique-murale-communautaire\/","title":{"rendered":"\u2018\u20181001 Mains en Tunisie\u2019\u2019 : Une c\u00e9ramique murale communautaire"},"content":{"rendered":"\n<figure class=\"wp-block-image\"><img decoding=\"async\" src=\"http:\/\/kapitalis.com\/tunisie\/wp-content\/uploads\/2019\/06\/Mille-et-une-mains.jpg\" alt=\"\" class=\"wp-image-220272\"\/><\/figure>\n\n\n\n<p><strong><em>Une fresque c\u00e9ramique communautaire de 42 m\u00e8tres carr\u00e9s sera inaugur\u00e9e demain, mardi 25 juin 2019, \u00e0 18 heures, sur le pignon lat\u00e9ral de la Maison de la culture Ibn Rachiq \u00e0 Tunis, \u00e0 l\u2019angle des rues de Paris et Mokhtar Attia. Elle est joliment intitul\u00e9e \u2018\u20181001 Mains en Tunisie\u2019\u2019.  <\/em><\/strong><br><\/p>\n\n\n\n<!--more-->\n\n\n\n<p> Le  projet, r\u00e9alis\u00e9e en 6 mois, a \u00e9t\u00e9 con\u00e7u et dirig\u00e9 par Anne Francey, artiste suisse-am\u00e9ricaine actuellement en r\u00e9sidence en Tunisie, et r\u00e9alis\u00e9 en partenariat avec le Centre national de c\u00e9ramique  d\u2019art de Sidi Kacem Jelizi sous le patronage du minist\u00e8re des Affaires culturelles, avec le support des ambassades des Etats-Unis et de Suisse en Tunisie.<br><\/p>\n\n\n\n<p> Durant une vingtaine d\u2019ateliers, pr\u00e8s de  600 participants de diverses r\u00e9gions de Tunisie ont \u00e9t\u00e9 invit\u00e9s \u00e0 orner individuellement 1024 carreaux avec des engobes vitreuses, sur des th\u00e8mes diff\u00e9rents pour chaque \u00e9tablissement. Les carreaux ont \u00e9t\u00e9 ensuite assembl\u00e9s en une grande fresque c\u00e9ramique de 6.50 m x 6.50 m par l\u2019artiste Anne Francey, qui dit: <em>\u00abMa responsabilit\u00e9 en tant qu\u2019artiste est de  cr\u00e9er l\u2019\u00e9quivalent visuel d\u2019une communaut\u00e9 o\u00f9 la diversit\u00e9 contribuerait \u00e0 l\u2019harmonie du tout . Vus de pr\u00e8s, les carreaux expriment la vision et le geste unique de chaque participant. Vu de loin, c\u2019est l\u2019ensemble qu\u2019on remarque\u00bb. <\/em><br><\/p>\n\n\n\n<p> Les th\u00e8mes explor\u00e9s incluent le patrimoine architectural et d\u00e9coratif, la ville et la nature, faune et flore, l\u2019\u00e9criture et l\u2019\u00e9l\u00e9ment humain. <\/p>\n\n\n\n<p>Visuellement, ils s\u2019apparentent aux trois grands axes de l\u2019art traditionnel musulman, g\u00e9om\u00e9trie, formes organiques relatives \u00e0 la nature et calligraphie, tout en les interpr\u00e9tant d\u2019une mani\u00e8re r\u00e9solument contemporaine.<br><\/p>\n\n\n\n<p> Enfants, \u00e9tudiants et adultes, de 12 \u00e9tablissements diff\u00e9rents, \u00e9coles primaires, secondaires, universit\u00e9s, maisons de la culture, associations, institut pour handicap\u00e9s mentaux, venant de de Tunis, du grand Tunis, de  la r\u00e9gion de Bizerte et de Sfax ont particip\u00e9 \u00e0  une vingtaine d\u2019ateliers qui ont eu lieu au sein des \u00e9tablissements ou  au Centre national de c\u00e9ramique d\u2019art Sidi Kacem Jellizi. <br><\/p>\n\n\n\n<p> Ont pris part \u00e0 cette aventure artistique l\u2019Ecole d\u2019architecture et d\u2019urbanisme (Sidi Bou Said), l\u2019Universit\u00e9  Ibn Khaldoun, le Lyc\u00e9e pilote des arts (El Omrane), le Centre national de c\u00e9ramique d\u2019art  Sidi Kacem Jelizi (Tunis), l\u2019\u00c9cole primaire de Dhari (Soliman), l\u2019Atelier c\u00e9ramique de  l\u2019Association tunisienne des arts et des m\u00e9diations (ATAM, Soliman), <br> Isbat\/\u00c9cole des Beaux-Arts de Tunis, l\u2019\u00c9cole des  d\u2019Arts et m\u00e9tiers de Sfax (Isams), l\u2019\u00c9cole primaire de Guengla (Bizerte), \u00c9cole primaire Jebel d\u2019Ichkeul (Menzel Bourguiba), l\u2019Union tunisienne d\u2019aide aux insuffisants mentaux (UTAIM,  Menzel Bourguiba), Maison de la culture Ibn Zaydoun (Tunis), Art Rue, enfants de la Medina de Tunis. <br><\/p>\n\n\n\n<p> <strong><em>Source<\/em><\/strong> : communiqu\u00e9. <\/p>\n","protected":false},"excerpt":{"rendered":"<p>Une fresque c\u00e9ramique communautaire de 42 m\u00e8tres carr\u00e9s sera inaugur\u00e9e demain, mardi 25 juin 2019, \u00e0 18 heures, sur le pignon lat\u00e9ral de la Maison de la culture Ibn Rachiq \u00e0 Tunis, \u00e0 l\u2019angle des rues de Paris et Mokhtar Attia. Elle est joliment intitul\u00e9e \u2018\u20181001 Mains en Tunisie\u2019\u2019.<\/p>\n","protected":false},"author":8,"featured_media":220272,"comment_status":"open","ping_status":"open","sticky":false,"template":"","format":"standard","meta":{"footnotes":""},"categories":[994,2433],"tags":[],"class_list":["post-220270","post","type-post","status-publish","format-standard","has-post-thumbnail","hentry","category-culture","category-tunisie"],"yoast_head":"<!-- This site is optimized with the Yoast SEO plugin v26.6 - https:\/\/yoast.com\/wordpress\/plugins\/seo\/ -->\n<title>\u2018\u20181001 Mains en Tunisie\u2019\u2019 : Une c\u00e9ramique murale communautaire - Kapitalis<\/title>\n<meta name=\"robots\" content=\"index, follow, max-snippet:-1, max-image-preview:large, max-video-preview:-1\" \/>\n<link rel=\"canonical\" href=\"https:\/\/kapitalis.com\/tunisie\/2019\/06\/24\/1001-mains-en-tunisie-une-ceramique-murale-communautaire\/\" \/>\n<meta property=\"og:locale\" content=\"fr_FR\" \/>\n<meta property=\"og:type\" content=\"article\" \/>\n<meta property=\"og:title\" content=\"\u2018\u20181001 Mains en Tunisie\u2019\u2019 : Une c\u00e9ramique murale communautaire - Kapitalis\" \/>\n<meta property=\"og:description\" content=\"Une fresque c\u00e9ramique communautaire de 42 m\u00e8tres carr\u00e9s sera inaugur\u00e9e demain, mardi 25 juin 2019, \u00e0 18 heures, sur le pignon lat\u00e9ral de la Maison de la culture Ibn Rachiq \u00e0 Tunis, \u00e0 l\u2019angle des rues de Paris et Mokhtar Attia. Elle est joliment intitul\u00e9e \u2018\u20181001 Mains en Tunisie\u2019\u2019.\" \/>\n<meta property=\"og:url\" content=\"https:\/\/kapitalis.com\/tunisie\/2019\/06\/24\/1001-mains-en-tunisie-une-ceramique-murale-communautaire\/\" \/>\n<meta property=\"og:site_name\" content=\"Kapitalis\" \/>\n<meta property=\"article:publisher\" content=\"https:\/\/www.facebook.com\/KapitalisInfo\/\" \/>\n<meta property=\"article:published_time\" content=\"2019-06-24T08:38:39+00:00\" \/>\n<meta property=\"article:modified_time\" content=\"2019-06-24T08:38:41+00:00\" \/>\n<meta property=\"og:image\" content=\"https:\/\/kapitalis.com\/tunisie\/wp-content\/uploads\/2022\/05\/kapitalis-logo-fb.png\" \/>\n\t<meta property=\"og:image:width\" content=\"1200\" \/>\n\t<meta property=\"og:image:height\" content=\"630\" \/>\n\t<meta property=\"og:image:type\" content=\"image\/png\" \/>\n<meta name=\"author\" content=\"webmaster kapitalis\" \/>\n<meta name=\"twitter:card\" content=\"summary_large_image\" \/>\n<meta name=\"twitter:creator\" content=\"@KapitalisInfo\" \/>\n<meta name=\"twitter:site\" content=\"@KapitalisInfo\" \/>\n<meta name=\"twitter:label1\" content=\"\u00c9crit par\" \/>\n\t<meta name=\"twitter:data1\" content=\"webmaster kapitalis\" \/>\n\t<meta name=\"twitter:label2\" content=\"Dur\u00e9e de lecture estim\u00e9e\" \/>\n\t<meta name=\"twitter:data2\" content=\"2 minutes\" \/>\n<script type=\"application\/ld+json\" class=\"yoast-schema-graph\">{\"@context\":\"https:\/\/schema.org\",\"@graph\":[{\"@type\":\"Article\",\"@id\":\"https:\/\/kapitalis.com\/tunisie\/2019\/06\/24\/1001-mains-en-tunisie-une-ceramique-murale-communautaire\/#article\",\"isPartOf\":{\"@id\":\"https:\/\/kapitalis.com\/tunisie\/2019\/06\/24\/1001-mains-en-tunisie-une-ceramique-murale-communautaire\/\"},\"author\":{\"name\":\"webmaster kapitalis\",\"@id\":\"https:\/\/kapitalis.com\/tunisie\/#\/schema\/person\/d71f33a9ca44f7bad4698210b480c8e9\"},\"headline\":\"\u2018\u20181001 Mains en Tunisie\u2019\u2019 : Une c\u00e9ramique murale communautaire\",\"datePublished\":\"2019-06-24T08:38:39+00:00\",\"dateModified\":\"2019-06-24T08:38:41+00:00\",\"mainEntityOfPage\":{\"@id\":\"https:\/\/kapitalis.com\/tunisie\/2019\/06\/24\/1001-mains-en-tunisie-une-ceramique-murale-communautaire\/\"},\"wordCount\":476,\"commentCount\":2,\"publisher\":{\"@id\":\"https:\/\/kapitalis.com\/tunisie\/#organization\"},\"image\":{\"@id\":\"https:\/\/kapitalis.com\/tunisie\/2019\/06\/24\/1001-mains-en-tunisie-une-ceramique-murale-communautaire\/#primaryimage\"},\"thumbnailUrl\":\"\",\"articleSection\":[\"CULTURE\",\"Tunisie\"],\"inLanguage\":\"fr-FR\",\"potentialAction\":[{\"@type\":\"CommentAction\",\"name\":\"Comment\",\"target\":[\"https:\/\/kapitalis.com\/tunisie\/2019\/06\/24\/1001-mains-en-tunisie-une-ceramique-murale-communautaire\/#respond\"]}]},{\"@type\":\"WebPage\",\"@id\":\"https:\/\/kapitalis.com\/tunisie\/2019\/06\/24\/1001-mains-en-tunisie-une-ceramique-murale-communautaire\/\",\"url\":\"https:\/\/kapitalis.com\/tunisie\/2019\/06\/24\/1001-mains-en-tunisie-une-ceramique-murale-communautaire\/\",\"name\":\"\u2018\u20181001 Mains en Tunisie\u2019\u2019 : Une c\u00e9ramique murale communautaire - Kapitalis\",\"isPartOf\":{\"@id\":\"https:\/\/kapitalis.com\/tunisie\/#website\"},\"primaryImageOfPage\":{\"@id\":\"https:\/\/kapitalis.com\/tunisie\/2019\/06\/24\/1001-mains-en-tunisie-une-ceramique-murale-communautaire\/#primaryimage\"},\"image\":{\"@id\":\"https:\/\/kapitalis.com\/tunisie\/2019\/06\/24\/1001-mains-en-tunisie-une-ceramique-murale-communautaire\/#primaryimage\"},\"thumbnailUrl\":\"\",\"datePublished\":\"2019-06-24T08:38:39+00:00\",\"dateModified\":\"2019-06-24T08:38:41+00:00\",\"breadcrumb\":{\"@id\":\"https:\/\/kapitalis.com\/tunisie\/2019\/06\/24\/1001-mains-en-tunisie-une-ceramique-murale-communautaire\/#breadcrumb\"},\"inLanguage\":\"fr-FR\",\"potentialAction\":[{\"@type\":\"ReadAction\",\"target\":[\"https:\/\/kapitalis.com\/tunisie\/2019\/06\/24\/1001-mains-en-tunisie-une-ceramique-murale-communautaire\/\"]}]},{\"@type\":\"ImageObject\",\"inLanguage\":\"fr-FR\",\"@id\":\"https:\/\/kapitalis.com\/tunisie\/2019\/06\/24\/1001-mains-en-tunisie-une-ceramique-murale-communautaire\/#primaryimage\",\"url\":\"\",\"contentUrl\":\"\"},{\"@type\":\"BreadcrumbList\",\"@id\":\"https:\/\/kapitalis.com\/tunisie\/2019\/06\/24\/1001-mains-en-tunisie-une-ceramique-murale-communautaire\/#breadcrumb\",\"itemListElement\":[{\"@type\":\"ListItem\",\"position\":1,\"name\":\"Accueil\",\"item\":\"https:\/\/kapitalis.com\/tunisie\/\"},{\"@type\":\"ListItem\",\"position\":2,\"name\":\"\u2018\u20181001 Mains en Tunisie\u2019\u2019 : Une c\u00e9ramique murale communautaire\"}]},{\"@type\":\"WebSite\",\"@id\":\"https:\/\/kapitalis.com\/tunisie\/#website\",\"url\":\"https:\/\/kapitalis.com\/tunisie\/\",\"name\":\"Kapitalis\",\"description\":\"L&#039;actualit\u00e9 en Tunisie et dans le monde\",\"publisher\":{\"@id\":\"https:\/\/kapitalis.com\/tunisie\/#organization\"},\"potentialAction\":[{\"@type\":\"SearchAction\",\"target\":{\"@type\":\"EntryPoint\",\"urlTemplate\":\"https:\/\/kapitalis.com\/tunisie\/?s={search_term_string}\"},\"query-input\":{\"@type\":\"PropertyValueSpecification\",\"valueRequired\":true,\"valueName\":\"search_term_string\"}}],\"inLanguage\":\"fr-FR\"},{\"@type\":\"Organization\",\"@id\":\"https:\/\/kapitalis.com\/tunisie\/#organization\",\"name\":\"Kapitalis\",\"url\":\"https:\/\/kapitalis.com\/tunisie\/\",\"logo\":{\"@type\":\"ImageObject\",\"inLanguage\":\"fr-FR\",\"@id\":\"https:\/\/kapitalis.com\/tunisie\/#\/schema\/logo\/image\/\",\"url\":\"https:\/\/kapitalis.com\/tunisie\/wp-content\/uploads\/2022\/05\/Kapitalis-big-size.png\",\"contentUrl\":\"https:\/\/kapitalis.com\/tunisie\/wp-content\/uploads\/2022\/05\/Kapitalis-big-size.png\",\"width\":5000,\"height\":1500,\"caption\":\"Kapitalis\"},\"image\":{\"@id\":\"https:\/\/kapitalis.com\/tunisie\/#\/schema\/logo\/image\/\"},\"sameAs\":[\"https:\/\/www.facebook.com\/KapitalisInfo\/\",\"https:\/\/x.com\/KapitalisInfo\",\"https:\/\/www.youtube.com\/channel\/UC-yDYrHyfFBWWZaOw3FPg9Q\"]},{\"@type\":\"Person\",\"@id\":\"https:\/\/kapitalis.com\/tunisie\/#\/schema\/person\/d71f33a9ca44f7bad4698210b480c8e9\",\"name\":\"webmaster kapitalis\",\"url\":\"https:\/\/kapitalis.com\/tunisie\/author\/webmaster-kapitalis\/\"}]}<\/script>\n<!-- \/ Yoast SEO plugin. -->","yoast_head_json":{"title":"\u2018\u20181001 Mains en Tunisie\u2019\u2019 : Une c\u00e9ramique murale communautaire - Kapitalis","robots":{"index":"index","follow":"follow","max-snippet":"max-snippet:-1","max-image-preview":"max-image-preview:large","max-video-preview":"max-video-preview:-1"},"canonical":"https:\/\/kapitalis.com\/tunisie\/2019\/06\/24\/1001-mains-en-tunisie-une-ceramique-murale-communautaire\/","og_locale":"fr_FR","og_type":"article","og_title":"\u2018\u20181001 Mains en Tunisie\u2019\u2019 : Une c\u00e9ramique murale communautaire - Kapitalis","og_description":"Une fresque c\u00e9ramique communautaire de 42 m\u00e8tres carr\u00e9s sera inaugur\u00e9e demain, mardi 25 juin 2019, \u00e0 18 heures, sur le pignon lat\u00e9ral de la Maison de la culture Ibn Rachiq \u00e0 Tunis, \u00e0 l\u2019angle des rues de Paris et Mokhtar Attia. Elle est joliment intitul\u00e9e \u2018\u20181001 Mains en Tunisie\u2019\u2019.","og_url":"https:\/\/kapitalis.com\/tunisie\/2019\/06\/24\/1001-mains-en-tunisie-une-ceramique-murale-communautaire\/","og_site_name":"Kapitalis","article_publisher":"https:\/\/www.facebook.com\/KapitalisInfo\/","article_published_time":"2019-06-24T08:38:39+00:00","article_modified_time":"2019-06-24T08:38:41+00:00","og_image":[{"width":1200,"height":630,"url":"https:\/\/kapitalis.com\/tunisie\/wp-content\/uploads\/2022\/05\/kapitalis-logo-fb.png","type":"image\/png"}],"author":"webmaster kapitalis","twitter_card":"summary_large_image","twitter_creator":"@KapitalisInfo","twitter_site":"@KapitalisInfo","twitter_misc":{"\u00c9crit par":"webmaster kapitalis","Dur\u00e9e de lecture estim\u00e9e":"2 minutes"},"schema":{"@context":"https:\/\/schema.org","@graph":[{"@type":"Article","@id":"https:\/\/kapitalis.com\/tunisie\/2019\/06\/24\/1001-mains-en-tunisie-une-ceramique-murale-communautaire\/#article","isPartOf":{"@id":"https:\/\/kapitalis.com\/tunisie\/2019\/06\/24\/1001-mains-en-tunisie-une-ceramique-murale-communautaire\/"},"author":{"name":"webmaster kapitalis","@id":"https:\/\/kapitalis.com\/tunisie\/#\/schema\/person\/d71f33a9ca44f7bad4698210b480c8e9"},"headline":"\u2018\u20181001 Mains en Tunisie\u2019\u2019 : Une c\u00e9ramique murale communautaire","datePublished":"2019-06-24T08:38:39+00:00","dateModified":"2019-06-24T08:38:41+00:00","mainEntityOfPage":{"@id":"https:\/\/kapitalis.com\/tunisie\/2019\/06\/24\/1001-mains-en-tunisie-une-ceramique-murale-communautaire\/"},"wordCount":476,"commentCount":2,"publisher":{"@id":"https:\/\/kapitalis.com\/tunisie\/#organization"},"image":{"@id":"https:\/\/kapitalis.com\/tunisie\/2019\/06\/24\/1001-mains-en-tunisie-une-ceramique-murale-communautaire\/#primaryimage"},"thumbnailUrl":"","articleSection":["CULTURE","Tunisie"],"inLanguage":"fr-FR","potentialAction":[{"@type":"CommentAction","name":"Comment","target":["https:\/\/kapitalis.com\/tunisie\/2019\/06\/24\/1001-mains-en-tunisie-une-ceramique-murale-communautaire\/#respond"]}]},{"@type":"WebPage","@id":"https:\/\/kapitalis.com\/tunisie\/2019\/06\/24\/1001-mains-en-tunisie-une-ceramique-murale-communautaire\/","url":"https:\/\/kapitalis.com\/tunisie\/2019\/06\/24\/1001-mains-en-tunisie-une-ceramique-murale-communautaire\/","name":"\u2018\u20181001 Mains en Tunisie\u2019\u2019 : Une c\u00e9ramique murale communautaire - Kapitalis","isPartOf":{"@id":"https:\/\/kapitalis.com\/tunisie\/#website"},"primaryImageOfPage":{"@id":"https:\/\/kapitalis.com\/tunisie\/2019\/06\/24\/1001-mains-en-tunisie-une-ceramique-murale-communautaire\/#primaryimage"},"image":{"@id":"https:\/\/kapitalis.com\/tunisie\/2019\/06\/24\/1001-mains-en-tunisie-une-ceramique-murale-communautaire\/#primaryimage"},"thumbnailUrl":"","datePublished":"2019-06-24T08:38:39+00:00","dateModified":"2019-06-24T08:38:41+00:00","breadcrumb":{"@id":"https:\/\/kapitalis.com\/tunisie\/2019\/06\/24\/1001-mains-en-tunisie-une-ceramique-murale-communautaire\/#breadcrumb"},"inLanguage":"fr-FR","potentialAction":[{"@type":"ReadAction","target":["https:\/\/kapitalis.com\/tunisie\/2019\/06\/24\/1001-mains-en-tunisie-une-ceramique-murale-communautaire\/"]}]},{"@type":"ImageObject","inLanguage":"fr-FR","@id":"https:\/\/kapitalis.com\/tunisie\/2019\/06\/24\/1001-mains-en-tunisie-une-ceramique-murale-communautaire\/#primaryimage","url":"","contentUrl":""},{"@type":"BreadcrumbList","@id":"https:\/\/kapitalis.com\/tunisie\/2019\/06\/24\/1001-mains-en-tunisie-une-ceramique-murale-communautaire\/#breadcrumb","itemListElement":[{"@type":"ListItem","position":1,"name":"Accueil","item":"https:\/\/kapitalis.com\/tunisie\/"},{"@type":"ListItem","position":2,"name":"\u2018\u20181001 Mains en Tunisie\u2019\u2019 : Une c\u00e9ramique murale communautaire"}]},{"@type":"WebSite","@id":"https:\/\/kapitalis.com\/tunisie\/#website","url":"https:\/\/kapitalis.com\/tunisie\/","name":"Kapitalis","description":"L&#039;actualit\u00e9 en Tunisie et dans le monde","publisher":{"@id":"https:\/\/kapitalis.com\/tunisie\/#organization"},"potentialAction":[{"@type":"SearchAction","target":{"@type":"EntryPoint","urlTemplate":"https:\/\/kapitalis.com\/tunisie\/?s={search_term_string}"},"query-input":{"@type":"PropertyValueSpecification","valueRequired":true,"valueName":"search_term_string"}}],"inLanguage":"fr-FR"},{"@type":"Organization","@id":"https:\/\/kapitalis.com\/tunisie\/#organization","name":"Kapitalis","url":"https:\/\/kapitalis.com\/tunisie\/","logo":{"@type":"ImageObject","inLanguage":"fr-FR","@id":"https:\/\/kapitalis.com\/tunisie\/#\/schema\/logo\/image\/","url":"https:\/\/kapitalis.com\/tunisie\/wp-content\/uploads\/2022\/05\/Kapitalis-big-size.png","contentUrl":"https:\/\/kapitalis.com\/tunisie\/wp-content\/uploads\/2022\/05\/Kapitalis-big-size.png","width":5000,"height":1500,"caption":"Kapitalis"},"image":{"@id":"https:\/\/kapitalis.com\/tunisie\/#\/schema\/logo\/image\/"},"sameAs":["https:\/\/www.facebook.com\/KapitalisInfo\/","https:\/\/x.com\/KapitalisInfo","https:\/\/www.youtube.com\/channel\/UC-yDYrHyfFBWWZaOw3FPg9Q"]},{"@type":"Person","@id":"https:\/\/kapitalis.com\/tunisie\/#\/schema\/person\/d71f33a9ca44f7bad4698210b480c8e9","name":"webmaster kapitalis","url":"https:\/\/kapitalis.com\/tunisie\/author\/webmaster-kapitalis\/"}]}},"_links":{"self":[{"href":"https:\/\/kapitalis.com\/tunisie\/wp-json\/wp\/v2\/posts\/220270","targetHints":{"allow":["GET"]}}],"collection":[{"href":"https:\/\/kapitalis.com\/tunisie\/wp-json\/wp\/v2\/posts"}],"about":[{"href":"https:\/\/kapitalis.com\/tunisie\/wp-json\/wp\/v2\/types\/post"}],"author":[{"embeddable":true,"href":"https:\/\/kapitalis.com\/tunisie\/wp-json\/wp\/v2\/users\/8"}],"replies":[{"embeddable":true,"href":"https:\/\/kapitalis.com\/tunisie\/wp-json\/wp\/v2\/comments?post=220270"}],"version-history":[{"count":0,"href":"https:\/\/kapitalis.com\/tunisie\/wp-json\/wp\/v2\/posts\/220270\/revisions"}],"wp:featuredmedia":[{"embeddable":true,"href":"https:\/\/kapitalis.com\/tunisie\/wp-json\/wp\/v2\/media\/220272"}],"wp:attachment":[{"href":"https:\/\/kapitalis.com\/tunisie\/wp-json\/wp\/v2\/media?parent=220270"}],"wp:term":[{"taxonomy":"category","embeddable":true,"href":"https:\/\/kapitalis.com\/tunisie\/wp-json\/wp\/v2\/categories?post=220270"},{"taxonomy":"post_tag","embeddable":true,"href":"https:\/\/kapitalis.com\/tunisie\/wp-json\/wp\/v2\/tags?post=220270"}],"curies":[{"name":"wp","href":"https:\/\/api.w.org\/{rel}","templated":true}]}}