{"id":220482,"date":"2019-06-25T10:14:48","date_gmt":"2019-06-25T09:14:48","guid":{"rendered":"http:\/\/kapitalis.com\/tunisie\/?p=220482"},"modified":"2019-06-25T10:14:51","modified_gmt":"2019-06-25T09:14:51","slug":"cinematheque-tunisienne-une-semaine-en-hommage-aux-victimes-de-la-torture","status":"publish","type":"post","link":"https:\/\/kapitalis.com\/tunisie\/2019\/06\/25\/cinematheque-tunisienne-une-semaine-en-hommage-aux-victimes-de-la-torture\/","title":{"rendered":"Cin\u00e9math\u00e8que Tunisienne : Une semaine en hommage aux victimes de la torture"},"content":{"rendered":"\n<figure class=\"wp-block-image\"><img decoding=\"async\" src=\"http:\/\/kapitalis.com\/tunisie\/wp-content\/uploads\/2019\/06\/Torture.jpg\" alt=\"\" class=\"wp-image-220483\"\/><\/figure>\n\n\n\n<p><strong><em>\u00c0 l\u2019occasion de la Journ\u00e9e internationale pour le soutien aux victimes de la torture, la Cin\u00e9math\u00e8que Tunisienne organise un cycle de projections, qui se tient du mardi 25 au dimanche 30 juin 2019.<\/em><\/strong><br><\/p>\n\n\n\n<!--more-->\n\n\n\n<p> La Journ\u00e9e internationale pour le soutien aux victimes de la torture est c\u00e9l\u00e9br\u00e9e le 26 juin de chaque ann\u00e9e depuis 1987, jour de l\u2019entr\u00e9e en vigueur de la Convention contre la torture et autres peines ou traitements cruels, inhumains ou d\u00e9gradants.<br><\/p>\n\n\n\n<p> \u00c0 cette occasion, la salle Tahar Cheriaa, \u00e0 la Cin\u00e9math\u00e8que tunisienne, Cit\u00e9 de la Culture de Tunis, accueillera durant toute une semaine un riche programme de films, de d\u00e9bats et d\u2019expositions plac\u00e9 sous le th\u00e8me <em>\u00abLe Cin\u00e9ma d\u00e9nonce la torture\u00bb<\/em>. Une dizaine de films (courts et longs m\u00e9trages) r\u00e9cents et moins r\u00e9cents seront projet\u00e9s quotidiennement en guise de solidarit\u00e9 aux victimes de la torture de l\u2019Argentine au Guantanamo, en passant par la Roumanie ou la Pologne.<br><\/p>\n\n\n\n<p> Le cycle d\u00e9marre aujourd\u2019hui, mardi 25 juin, avec la participation de l\u2019Institut tunisien de r\u00e9habilitation des survivants de la torture (Nebras), en partenariat avec l\u2019Institut danois contre la torture et la D\u00e9l\u00e9gation de la Wallonie Bruxelles.<br><\/p>\n\n\n\n<p> Au programme de la journ\u00e9e inaugurale, le vernissage de l\u2019exposition de bandes-dessin\u00e9es sur les droits de l\u2019Homme de Wallonie-Bruxelles, un concert de jazz avec le compositeur et pianiste Omar El Ouaer et la projection du film palestinien<em> \u2018\u2018Ghost Hunting\u2019\u2019<\/em> (2017) de Raed Andoni.<br><\/p>\n\n\n\n<h3 class=\"wp-block-heading\" style=\"text-align:center\"> Le programme complet :<br><\/h3>\n\n\n\n<p> <strong><em>Mardi 25 juin : <\/em><\/strong><br><\/p>\n\n\n\n<p> 19h : Vernissage de l&rsquo;exposition de bandes dessin\u00e9es sur les droits de l&rsquo;homme de Wallonie-Bruxelles.<br><\/p>\n\n\n\n<p> 19h30 : Concert de jazz d\u2019Omar El Ouaer. <br><\/p>\n\n\n\n<p> 20h : <em>\u2018\u2018Ghost Hunting\u2019\u2019<\/em> de Raed Andoni (2017, Palestine) &#8211; Discussion apr\u00e8s la projection du film avec les experts de l\u2019Institut Nebras.<br><\/p>\n\n\n\n<p><strong><em>Mercredi 26 juin:<\/em><\/strong><br><\/p>\n\n\n\n<p> 19h :<em> \u2018\u2018L&rsquo;homme, la ville et la prison\u2019\u2019 <\/em>de Abdelmajid Jallouli (2019, Tunisie).<\/p>\n\n\n\n<p><em>\u2018\u2018La M\u00e9moire Noire\u2019\u2019<\/em> de Hichem Ben Ammar (2011, Tunisie). <\/p>\n\n\n\n<p><em>\u2018\u2018Tunisia : Justice In Transition\u2019\u2019 <\/em>de Richard Gonzalez et Marc Almodovar (2017, Espagne).<br><\/p>\n\n\n\n<p><strong><em> Jeudi 27 juin : <\/em><\/strong><br><\/p>\n\n\n\n<p> 18h : Vernissage de l\u2019exposition <em>\u2018\u2018Les Jasmins 2\u2019\u2019 <\/em>de l\u2019OMCT. <br><\/p>\n\n\n\n<p> 19h : <em>\u2018\u2018L&rsquo;Interrogatoire\u2019\u2019 <\/em>de Ryszard Bugajski (1989, Pologne).<br><\/p>\n\n\n\n<p> <strong><em>Vendredi 28 juin:<\/em><\/strong><br><\/p>\n\n\n\n<p> 19h : <em>\u2018\u2018Yol\u2019\u2019<\/em> de Y\u0131lmaz G\u00fcney (1983, Turquie).<br><\/p>\n\n\n\n<p><strong><em> Samedi 29 juin:<\/em><\/strong><br><\/p>\n\n\n\n<p> 19h :<em> \u2018\u2018L&rsquo;Apr\u00e8s Midi d&rsquo;un Tortionnaire\u2019\u2019<\/em> de Lucien Pintilie (2001, Roumanie).<br><\/p>\n\n\n\n<p> 21h : <em>\u2018\u2018The Road To Guantanamo\u2019\u2019<\/em> de Michael Winterbottom et Mat Whitecross (2006, Royaume-Uni).<br><\/p>\n\n\n\n<p> <strong><em>Dimanche 30 juin:<\/em><\/strong><br><\/p>\n\n\n\n<p> 19h : <em>\u2018\u2018Buenos Aires 1977\u2019\u2019 <\/em>de Adri\u00e1n Caetano (2006, Argentine).<br><\/p>\n\n\n\n<p style=\"text-align:right\"> <strong>Fawz Ben Ali<\/strong><\/p>\n","protected":false},"excerpt":{"rendered":"<p>\u00c0 l\u2019occasion de la Journ\u00e9e internationale pour le soutien aux victimes de la torture, la Cin\u00e9math\u00e8que Tunisienne organise un cycle de projections, qui se tient du mardi 25 au dimanche 30 juin 2019.<\/p>\n","protected":false},"author":8,"featured_media":220483,"comment_status":"open","ping_status":"open","sticky":false,"template":"","format":"standard","meta":{"footnotes":""},"categories":[994,2433],"tags":[34406,15268,20388,906],"class_list":["post-220482","post","type-post","status-publish","format-standard","has-post-thumbnail","hentry","category-culture","category-tunisie","tag-cinematheque-tunisienne","tag-hichem-ben-ammar","tag-omar-el-ouaer","tag-torture"],"yoast_head":"<!-- This site is optimized with the Yoast SEO plugin v26.6 - https:\/\/yoast.com\/wordpress\/plugins\/seo\/ -->\n<title>Cin\u00e9math\u00e8que Tunisienne : Une semaine en hommage aux victimes de la torture - Kapitalis<\/title>\n<meta name=\"robots\" content=\"index, follow, max-snippet:-1, max-image-preview:large, max-video-preview:-1\" \/>\n<link rel=\"canonical\" href=\"https:\/\/kapitalis.com\/tunisie\/2019\/06\/25\/cinematheque-tunisienne-une-semaine-en-hommage-aux-victimes-de-la-torture\/\" \/>\n<meta property=\"og:locale\" content=\"fr_FR\" \/>\n<meta property=\"og:type\" content=\"article\" \/>\n<meta property=\"og:title\" content=\"Cin\u00e9math\u00e8que Tunisienne : Une semaine en hommage aux victimes de la torture - Kapitalis\" \/>\n<meta property=\"og:description\" content=\"\u00c0 l\u2019occasion de la Journ\u00e9e internationale pour le soutien aux victimes de la torture, la Cin\u00e9math\u00e8que Tunisienne organise un cycle de projections, qui se tient du mardi 25 au dimanche 30 juin 2019.\" \/>\n<meta property=\"og:url\" content=\"https:\/\/kapitalis.com\/tunisie\/2019\/06\/25\/cinematheque-tunisienne-une-semaine-en-hommage-aux-victimes-de-la-torture\/\" \/>\n<meta property=\"og:site_name\" content=\"Kapitalis\" \/>\n<meta property=\"article:publisher\" content=\"https:\/\/www.facebook.com\/KapitalisInfo\/\" \/>\n<meta property=\"article:published_time\" content=\"2019-06-25T09:14:48+00:00\" \/>\n<meta property=\"article:modified_time\" content=\"2019-06-25T09:14:51+00:00\" \/>\n<meta property=\"og:image\" content=\"https:\/\/kapitalis.com\/tunisie\/wp-content\/uploads\/2022\/05\/kapitalis-logo-fb.png\" \/>\n\t<meta property=\"og:image:width\" content=\"1200\" \/>\n\t<meta property=\"og:image:height\" content=\"630\" \/>\n\t<meta property=\"og:image:type\" content=\"image\/png\" \/>\n<meta name=\"author\" content=\"webmaster kapitalis\" \/>\n<meta name=\"twitter:card\" content=\"summary_large_image\" \/>\n<meta name=\"twitter:creator\" content=\"@KapitalisInfo\" \/>\n<meta name=\"twitter:site\" content=\"@KapitalisInfo\" \/>\n<meta name=\"twitter:label1\" content=\"\u00c9crit par\" \/>\n\t<meta name=\"twitter:data1\" content=\"webmaster kapitalis\" \/>\n\t<meta name=\"twitter:label2\" content=\"Dur\u00e9e de lecture estim\u00e9e\" \/>\n\t<meta name=\"twitter:data2\" content=\"2 minutes\" \/>\n<script type=\"application\/ld+json\" class=\"yoast-schema-graph\">{\"@context\":\"https:\/\/schema.org\",\"@graph\":[{\"@type\":\"Article\",\"@id\":\"https:\/\/kapitalis.com\/tunisie\/2019\/06\/25\/cinematheque-tunisienne-une-semaine-en-hommage-aux-victimes-de-la-torture\/#article\",\"isPartOf\":{\"@id\":\"https:\/\/kapitalis.com\/tunisie\/2019\/06\/25\/cinematheque-tunisienne-une-semaine-en-hommage-aux-victimes-de-la-torture\/\"},\"author\":{\"name\":\"webmaster kapitalis\",\"@id\":\"https:\/\/kapitalis.com\/tunisie\/#\/schema\/person\/d71f33a9ca44f7bad4698210b480c8e9\"},\"headline\":\"Cin\u00e9math\u00e8que Tunisienne : Une semaine en hommage aux victimes de la torture\",\"datePublished\":\"2019-06-25T09:14:48+00:00\",\"dateModified\":\"2019-06-25T09:14:51+00:00\",\"mainEntityOfPage\":{\"@id\":\"https:\/\/kapitalis.com\/tunisie\/2019\/06\/25\/cinematheque-tunisienne-une-semaine-en-hommage-aux-victimes-de-la-torture\/\"},\"wordCount\":415,\"commentCount\":0,\"publisher\":{\"@id\":\"https:\/\/kapitalis.com\/tunisie\/#organization\"},\"image\":{\"@id\":\"https:\/\/kapitalis.com\/tunisie\/2019\/06\/25\/cinematheque-tunisienne-une-semaine-en-hommage-aux-victimes-de-la-torture\/#primaryimage\"},\"thumbnailUrl\":\"\",\"keywords\":[\"Cin\u00e9math\u00e8que tunisienne\",\"Hichem Ben Ammar\",\"Omar El-Ouaer\",\"torture\"],\"articleSection\":[\"CULTURE\",\"Tunisie\"],\"inLanguage\":\"fr-FR\",\"potentialAction\":[{\"@type\":\"CommentAction\",\"name\":\"Comment\",\"target\":[\"https:\/\/kapitalis.com\/tunisie\/2019\/06\/25\/cinematheque-tunisienne-une-semaine-en-hommage-aux-victimes-de-la-torture\/#respond\"]}]},{\"@type\":\"WebPage\",\"@id\":\"https:\/\/kapitalis.com\/tunisie\/2019\/06\/25\/cinematheque-tunisienne-une-semaine-en-hommage-aux-victimes-de-la-torture\/\",\"url\":\"https:\/\/kapitalis.com\/tunisie\/2019\/06\/25\/cinematheque-tunisienne-une-semaine-en-hommage-aux-victimes-de-la-torture\/\",\"name\":\"Cin\u00e9math\u00e8que Tunisienne : Une semaine en hommage aux victimes de la torture - Kapitalis\",\"isPartOf\":{\"@id\":\"https:\/\/kapitalis.com\/tunisie\/#website\"},\"primaryImageOfPage\":{\"@id\":\"https:\/\/kapitalis.com\/tunisie\/2019\/06\/25\/cinematheque-tunisienne-une-semaine-en-hommage-aux-victimes-de-la-torture\/#primaryimage\"},\"image\":{\"@id\":\"https:\/\/kapitalis.com\/tunisie\/2019\/06\/25\/cinematheque-tunisienne-une-semaine-en-hommage-aux-victimes-de-la-torture\/#primaryimage\"},\"thumbnailUrl\":\"\",\"datePublished\":\"2019-06-25T09:14:48+00:00\",\"dateModified\":\"2019-06-25T09:14:51+00:00\",\"breadcrumb\":{\"@id\":\"https:\/\/kapitalis.com\/tunisie\/2019\/06\/25\/cinematheque-tunisienne-une-semaine-en-hommage-aux-victimes-de-la-torture\/#breadcrumb\"},\"inLanguage\":\"fr-FR\",\"potentialAction\":[{\"@type\":\"ReadAction\",\"target\":[\"https:\/\/kapitalis.com\/tunisie\/2019\/06\/25\/cinematheque-tunisienne-une-semaine-en-hommage-aux-victimes-de-la-torture\/\"]}]},{\"@type\":\"ImageObject\",\"inLanguage\":\"fr-FR\",\"@id\":\"https:\/\/kapitalis.com\/tunisie\/2019\/06\/25\/cinematheque-tunisienne-une-semaine-en-hommage-aux-victimes-de-la-torture\/#primaryimage\",\"url\":\"\",\"contentUrl\":\"\"},{\"@type\":\"BreadcrumbList\",\"@id\":\"https:\/\/kapitalis.com\/tunisie\/2019\/06\/25\/cinematheque-tunisienne-une-semaine-en-hommage-aux-victimes-de-la-torture\/#breadcrumb\",\"itemListElement\":[{\"@type\":\"ListItem\",\"position\":1,\"name\":\"Accueil\",\"item\":\"https:\/\/kapitalis.com\/tunisie\/\"},{\"@type\":\"ListItem\",\"position\":2,\"name\":\"Cin\u00e9math\u00e8que Tunisienne : Une semaine en hommage aux victimes de la torture\"}]},{\"@type\":\"WebSite\",\"@id\":\"https:\/\/kapitalis.com\/tunisie\/#website\",\"url\":\"https:\/\/kapitalis.com\/tunisie\/\",\"name\":\"Kapitalis\",\"description\":\"L&#039;actualit\u00e9 en Tunisie et dans le monde\",\"publisher\":{\"@id\":\"https:\/\/kapitalis.com\/tunisie\/#organization\"},\"potentialAction\":[{\"@type\":\"SearchAction\",\"target\":{\"@type\":\"EntryPoint\",\"urlTemplate\":\"https:\/\/kapitalis.com\/tunisie\/?s={search_term_string}\"},\"query-input\":{\"@type\":\"PropertyValueSpecification\",\"valueRequired\":true,\"valueName\":\"search_term_string\"}}],\"inLanguage\":\"fr-FR\"},{\"@type\":\"Organization\",\"@id\":\"https:\/\/kapitalis.com\/tunisie\/#organization\",\"name\":\"Kapitalis\",\"url\":\"https:\/\/kapitalis.com\/tunisie\/\",\"logo\":{\"@type\":\"ImageObject\",\"inLanguage\":\"fr-FR\",\"@id\":\"https:\/\/kapitalis.com\/tunisie\/#\/schema\/logo\/image\/\",\"url\":\"https:\/\/kapitalis.com\/tunisie\/wp-content\/uploads\/2022\/05\/Kapitalis-big-size.png\",\"contentUrl\":\"https:\/\/kapitalis.com\/tunisie\/wp-content\/uploads\/2022\/05\/Kapitalis-big-size.png\",\"width\":5000,\"height\":1500,\"caption\":\"Kapitalis\"},\"image\":{\"@id\":\"https:\/\/kapitalis.com\/tunisie\/#\/schema\/logo\/image\/\"},\"sameAs\":[\"https:\/\/www.facebook.com\/KapitalisInfo\/\",\"https:\/\/x.com\/KapitalisInfo\",\"https:\/\/www.youtube.com\/channel\/UC-yDYrHyfFBWWZaOw3FPg9Q\"]},{\"@type\":\"Person\",\"@id\":\"https:\/\/kapitalis.com\/tunisie\/#\/schema\/person\/d71f33a9ca44f7bad4698210b480c8e9\",\"name\":\"webmaster kapitalis\",\"url\":\"https:\/\/kapitalis.com\/tunisie\/author\/webmaster-kapitalis\/\"}]}<\/script>\n<!-- \/ Yoast SEO plugin. -->","yoast_head_json":{"title":"Cin\u00e9math\u00e8que Tunisienne : Une semaine en hommage aux victimes de la torture - Kapitalis","robots":{"index":"index","follow":"follow","max-snippet":"max-snippet:-1","max-image-preview":"max-image-preview:large","max-video-preview":"max-video-preview:-1"},"canonical":"https:\/\/kapitalis.com\/tunisie\/2019\/06\/25\/cinematheque-tunisienne-une-semaine-en-hommage-aux-victimes-de-la-torture\/","og_locale":"fr_FR","og_type":"article","og_title":"Cin\u00e9math\u00e8que Tunisienne : Une semaine en hommage aux victimes de la torture - Kapitalis","og_description":"\u00c0 l\u2019occasion de la Journ\u00e9e internationale pour le soutien aux victimes de la torture, la Cin\u00e9math\u00e8que Tunisienne organise un cycle de projections, qui se tient du mardi 25 au dimanche 30 juin 2019.","og_url":"https:\/\/kapitalis.com\/tunisie\/2019\/06\/25\/cinematheque-tunisienne-une-semaine-en-hommage-aux-victimes-de-la-torture\/","og_site_name":"Kapitalis","article_publisher":"https:\/\/www.facebook.com\/KapitalisInfo\/","article_published_time":"2019-06-25T09:14:48+00:00","article_modified_time":"2019-06-25T09:14:51+00:00","og_image":[{"width":1200,"height":630,"url":"https:\/\/kapitalis.com\/tunisie\/wp-content\/uploads\/2022\/05\/kapitalis-logo-fb.png","type":"image\/png"}],"author":"webmaster kapitalis","twitter_card":"summary_large_image","twitter_creator":"@KapitalisInfo","twitter_site":"@KapitalisInfo","twitter_misc":{"\u00c9crit par":"webmaster kapitalis","Dur\u00e9e de lecture estim\u00e9e":"2 minutes"},"schema":{"@context":"https:\/\/schema.org","@graph":[{"@type":"Article","@id":"https:\/\/kapitalis.com\/tunisie\/2019\/06\/25\/cinematheque-tunisienne-une-semaine-en-hommage-aux-victimes-de-la-torture\/#article","isPartOf":{"@id":"https:\/\/kapitalis.com\/tunisie\/2019\/06\/25\/cinematheque-tunisienne-une-semaine-en-hommage-aux-victimes-de-la-torture\/"},"author":{"name":"webmaster kapitalis","@id":"https:\/\/kapitalis.com\/tunisie\/#\/schema\/person\/d71f33a9ca44f7bad4698210b480c8e9"},"headline":"Cin\u00e9math\u00e8que Tunisienne : Une semaine en hommage aux victimes de la torture","datePublished":"2019-06-25T09:14:48+00:00","dateModified":"2019-06-25T09:14:51+00:00","mainEntityOfPage":{"@id":"https:\/\/kapitalis.com\/tunisie\/2019\/06\/25\/cinematheque-tunisienne-une-semaine-en-hommage-aux-victimes-de-la-torture\/"},"wordCount":415,"commentCount":0,"publisher":{"@id":"https:\/\/kapitalis.com\/tunisie\/#organization"},"image":{"@id":"https:\/\/kapitalis.com\/tunisie\/2019\/06\/25\/cinematheque-tunisienne-une-semaine-en-hommage-aux-victimes-de-la-torture\/#primaryimage"},"thumbnailUrl":"","keywords":["Cin\u00e9math\u00e8que tunisienne","Hichem Ben Ammar","Omar El-Ouaer","torture"],"articleSection":["CULTURE","Tunisie"],"inLanguage":"fr-FR","potentialAction":[{"@type":"CommentAction","name":"Comment","target":["https:\/\/kapitalis.com\/tunisie\/2019\/06\/25\/cinematheque-tunisienne-une-semaine-en-hommage-aux-victimes-de-la-torture\/#respond"]}]},{"@type":"WebPage","@id":"https:\/\/kapitalis.com\/tunisie\/2019\/06\/25\/cinematheque-tunisienne-une-semaine-en-hommage-aux-victimes-de-la-torture\/","url":"https:\/\/kapitalis.com\/tunisie\/2019\/06\/25\/cinematheque-tunisienne-une-semaine-en-hommage-aux-victimes-de-la-torture\/","name":"Cin\u00e9math\u00e8que Tunisienne : Une semaine en hommage aux victimes de la torture - Kapitalis","isPartOf":{"@id":"https:\/\/kapitalis.com\/tunisie\/#website"},"primaryImageOfPage":{"@id":"https:\/\/kapitalis.com\/tunisie\/2019\/06\/25\/cinematheque-tunisienne-une-semaine-en-hommage-aux-victimes-de-la-torture\/#primaryimage"},"image":{"@id":"https:\/\/kapitalis.com\/tunisie\/2019\/06\/25\/cinematheque-tunisienne-une-semaine-en-hommage-aux-victimes-de-la-torture\/#primaryimage"},"thumbnailUrl":"","datePublished":"2019-06-25T09:14:48+00:00","dateModified":"2019-06-25T09:14:51+00:00","breadcrumb":{"@id":"https:\/\/kapitalis.com\/tunisie\/2019\/06\/25\/cinematheque-tunisienne-une-semaine-en-hommage-aux-victimes-de-la-torture\/#breadcrumb"},"inLanguage":"fr-FR","potentialAction":[{"@type":"ReadAction","target":["https:\/\/kapitalis.com\/tunisie\/2019\/06\/25\/cinematheque-tunisienne-une-semaine-en-hommage-aux-victimes-de-la-torture\/"]}]},{"@type":"ImageObject","inLanguage":"fr-FR","@id":"https:\/\/kapitalis.com\/tunisie\/2019\/06\/25\/cinematheque-tunisienne-une-semaine-en-hommage-aux-victimes-de-la-torture\/#primaryimage","url":"","contentUrl":""},{"@type":"BreadcrumbList","@id":"https:\/\/kapitalis.com\/tunisie\/2019\/06\/25\/cinematheque-tunisienne-une-semaine-en-hommage-aux-victimes-de-la-torture\/#breadcrumb","itemListElement":[{"@type":"ListItem","position":1,"name":"Accueil","item":"https:\/\/kapitalis.com\/tunisie\/"},{"@type":"ListItem","position":2,"name":"Cin\u00e9math\u00e8que Tunisienne : Une semaine en hommage aux victimes de la torture"}]},{"@type":"WebSite","@id":"https:\/\/kapitalis.com\/tunisie\/#website","url":"https:\/\/kapitalis.com\/tunisie\/","name":"Kapitalis","description":"L&#039;actualit\u00e9 en Tunisie et dans le monde","publisher":{"@id":"https:\/\/kapitalis.com\/tunisie\/#organization"},"potentialAction":[{"@type":"SearchAction","target":{"@type":"EntryPoint","urlTemplate":"https:\/\/kapitalis.com\/tunisie\/?s={search_term_string}"},"query-input":{"@type":"PropertyValueSpecification","valueRequired":true,"valueName":"search_term_string"}}],"inLanguage":"fr-FR"},{"@type":"Organization","@id":"https:\/\/kapitalis.com\/tunisie\/#organization","name":"Kapitalis","url":"https:\/\/kapitalis.com\/tunisie\/","logo":{"@type":"ImageObject","inLanguage":"fr-FR","@id":"https:\/\/kapitalis.com\/tunisie\/#\/schema\/logo\/image\/","url":"https:\/\/kapitalis.com\/tunisie\/wp-content\/uploads\/2022\/05\/Kapitalis-big-size.png","contentUrl":"https:\/\/kapitalis.com\/tunisie\/wp-content\/uploads\/2022\/05\/Kapitalis-big-size.png","width":5000,"height":1500,"caption":"Kapitalis"},"image":{"@id":"https:\/\/kapitalis.com\/tunisie\/#\/schema\/logo\/image\/"},"sameAs":["https:\/\/www.facebook.com\/KapitalisInfo\/","https:\/\/x.com\/KapitalisInfo","https:\/\/www.youtube.com\/channel\/UC-yDYrHyfFBWWZaOw3FPg9Q"]},{"@type":"Person","@id":"https:\/\/kapitalis.com\/tunisie\/#\/schema\/person\/d71f33a9ca44f7bad4698210b480c8e9","name":"webmaster kapitalis","url":"https:\/\/kapitalis.com\/tunisie\/author\/webmaster-kapitalis\/"}]}},"_links":{"self":[{"href":"https:\/\/kapitalis.com\/tunisie\/wp-json\/wp\/v2\/posts\/220482","targetHints":{"allow":["GET"]}}],"collection":[{"href":"https:\/\/kapitalis.com\/tunisie\/wp-json\/wp\/v2\/posts"}],"about":[{"href":"https:\/\/kapitalis.com\/tunisie\/wp-json\/wp\/v2\/types\/post"}],"author":[{"embeddable":true,"href":"https:\/\/kapitalis.com\/tunisie\/wp-json\/wp\/v2\/users\/8"}],"replies":[{"embeddable":true,"href":"https:\/\/kapitalis.com\/tunisie\/wp-json\/wp\/v2\/comments?post=220482"}],"version-history":[{"count":0,"href":"https:\/\/kapitalis.com\/tunisie\/wp-json\/wp\/v2\/posts\/220482\/revisions"}],"wp:featuredmedia":[{"embeddable":true,"href":"https:\/\/kapitalis.com\/tunisie\/wp-json\/wp\/v2\/media\/220483"}],"wp:attachment":[{"href":"https:\/\/kapitalis.com\/tunisie\/wp-json\/wp\/v2\/media?parent=220482"}],"wp:term":[{"taxonomy":"category","embeddable":true,"href":"https:\/\/kapitalis.com\/tunisie\/wp-json\/wp\/v2\/categories?post=220482"},{"taxonomy":"post_tag","embeddable":true,"href":"https:\/\/kapitalis.com\/tunisie\/wp-json\/wp\/v2\/tags?post=220482"}],"curies":[{"name":"wp","href":"https:\/\/api.w.org\/{rel}","templated":true}]}}