{"id":220510,"date":"2019-06-25T14:05:29","date_gmt":"2019-06-25T13:05:29","guid":{"rendered":"http:\/\/kapitalis.com\/tunisie\/?p=220510"},"modified":"2019-06-25T14:23:49","modified_gmt":"2019-06-25T13:23:49","slug":"cause-animale-le-jeune-ahmed-fabrique-des-chariots-pour-chats-handicapes","status":"publish","type":"post","link":"https:\/\/kapitalis.com\/tunisie\/2019\/06\/25\/cause-animale-le-jeune-ahmed-fabrique-des-chariots-pour-chats-handicapes\/","title":{"rendered":"Cause animale : Le jeune Ahmed fabrique des chariots pour chats handicap\u00e9s"},"content":{"rendered":"\n<figure class=\"wp-block-image\"><img decoding=\"async\" src=\"http:\/\/kapitalis.com\/tunisie\/wp-content\/uploads\/2019\/06\/Chats-hanidcap\u00e9s-chariots-Ahmed-Manai.jpg\" alt=\"\" class=\"wp-image-220513\"\/><\/figure>\n\n\n\n<p><strong><em>Ahmed Manai (23 ans) a fabriqu\u00e9 un chariot pour un chat n\u00e9 handicap\u00e9, priv\u00e9 de ses membres post\u00e9rieurs, afin de lui faciliter ses mouvements et d\u00e9placements. Cette action pour la cause animale fait le buzz sur les r\u00e9seaux sociaux depuis hier, lundi 24 juin 2019.<\/em><\/strong><\/p>\n\n\n\n<!--more-->\n\n\n\n<p>Le jeune homme autodidacte, habitant \u00e0 la cit\u00e9 Ibn Sina (Tunis), a suivi une formation en \u00e9lectricit\u00e9 apr\u00e8s avoir quitt\u00e9 l\u2019\u00e9cole. Il travaille actuellement dans l\u2019audiovisuel, la r\u00e9alisation de clips de rap et la composition musicale. Il est \u00e9galement artiste \u00e0 ses heures : on fait appel \u00e0 lui pour les graffitis et des affiches publicitaires. Ahmed est surtout passionn\u00e9 par le dessin et la fabrication de robots.<\/p>\n\n\n\n<p>Ce n\u2019est pas la premi\u00e8re fois qu\u2019Ahmed fabrique un chariot pour chat, explique-t-il, dans une d\u00e9claration, aujourd\u2019hui, \u00e0 Kapitalis, mais cette fois-ci, Salma Wertani, la propri\u00e9taire de cette petite boule de poils, habitant au Bardo, a d\u00e9cid\u00e9 de publier les photos sur Facebook pour remercier le jeune homme.<\/p>\n\n\n\n<div class=\"wp-block-image\"><figure class=\"aligncenter is-resized\"><img loading=\"lazy\" decoding=\"async\" src=\"http:\/\/kapitalis.com\/tunisie\/wp-content\/uploads\/2019\/06\/chat-handicap\u00e9-chariot.jpg\" alt=\"\" class=\"wp-image-220514\" width=\"500\" height=\"352\"\/><\/figure><\/div>\n\n\n\n<p>Les clich\u00e9s ont fait le buzz et ont \u00e9t\u00e9 largement partag\u00e9s sur la toile. Les concitoyens d\u2019Ahmed l\u2019ont remerci\u00e9 pour cette initiative, d\u2019autant que l\u2019on ne trouve pas, en Tunisie, de pareilles proth\u00e8ses et que la cause animale n\u2019est pas encore ancr\u00e9e dans les habitudes des Tunisiens.<\/p>\n\n\n\n<p><em>\u00abRedonner l&rsquo;espoir, c&rsquo;est redonner une nouvelle vie\u00bb<\/em>, commente Ahmed, qui dit aimer se rendre utile dans la mesure du possible et avec ses moyens du bord.<\/p>\n\n\n\n<p>Quant au chat, qui \u00e9tait condamn\u00e9 \u00e0 rester clo\u00eetr\u00e9, il commence \u00e0 s&rsquo;habituer \u00e0 son chariot et pourra bient\u00f4t faire ses premiers pas pour une nouvelle vie.<\/p>\n\n\n\n<p style=\"text-align:right\"><strong>Y. N.<\/strong><\/p>\n","protected":false},"excerpt":{"rendered":"<p>Ahmed Manai (23 ans) a fabriqu\u00e9 un chariot pour un chat n\u00e9 handicap\u00e9, priv\u00e9 de ses membres post\u00e9rieurs, afin de lui faciliter ses mouvements et d\u00e9placements. Cette action pour la cause animale fait le buzz sur les r\u00e9seaux sociaux depuis hier, lundi 24 juin 2019.<\/p>\n","protected":false},"author":6,"featured_media":220513,"comment_status":"open","ping_status":"open","sticky":false,"template":"","format":"standard","meta":{"footnotes":""},"categories":[998,2433],"tags":[8437,132,20612],"class_list":["post-220510","post","type-post","status-publish","format-standard","has-post-thumbnail","hentry","category-societe","category-tunisie","tag-animaux","tag-bardo","tag-cause-animale"],"yoast_head":"<!-- This site is optimized with the Yoast SEO plugin v26.6 - https:\/\/yoast.com\/wordpress\/plugins\/seo\/ -->\n<title>Cause animale : Le jeune Ahmed fabrique des chariots pour chats handicap\u00e9s - Kapitalis<\/title>\n<meta name=\"robots\" content=\"index, follow, max-snippet:-1, max-image-preview:large, max-video-preview:-1\" \/>\n<link rel=\"canonical\" href=\"https:\/\/kapitalis.com\/tunisie\/2019\/06\/25\/cause-animale-le-jeune-ahmed-fabrique-des-chariots-pour-chats-handicapes\/\" \/>\n<meta property=\"og:locale\" content=\"fr_FR\" \/>\n<meta property=\"og:type\" content=\"article\" \/>\n<meta property=\"og:title\" content=\"Cause animale : Le jeune Ahmed fabrique des chariots pour chats handicap\u00e9s - Kapitalis\" \/>\n<meta property=\"og:description\" content=\"Ahmed Manai (23 ans) a fabriqu\u00e9 un chariot pour un chat n\u00e9 handicap\u00e9, priv\u00e9 de ses membres post\u00e9rieurs, afin de lui faciliter ses mouvements et d\u00e9placements. Cette action pour la cause animale fait le buzz sur les r\u00e9seaux sociaux depuis hier, lundi 24 juin 2019.\" \/>\n<meta property=\"og:url\" content=\"https:\/\/kapitalis.com\/tunisie\/2019\/06\/25\/cause-animale-le-jeune-ahmed-fabrique-des-chariots-pour-chats-handicapes\/\" \/>\n<meta property=\"og:site_name\" content=\"Kapitalis\" \/>\n<meta property=\"article:publisher\" content=\"https:\/\/www.facebook.com\/KapitalisInfo\/\" \/>\n<meta property=\"article:published_time\" content=\"2019-06-25T13:05:29+00:00\" \/>\n<meta property=\"article:modified_time\" content=\"2019-06-25T13:23:49+00:00\" \/>\n<meta property=\"og:image\" content=\"https:\/\/kapitalis.com\/tunisie\/wp-content\/uploads\/2022\/05\/kapitalis-logo-fb.png\" \/>\n\t<meta property=\"og:image:width\" content=\"1200\" \/>\n\t<meta property=\"og:image:height\" content=\"630\" \/>\n\t<meta property=\"og:image:type\" content=\"image\/png\" \/>\n<meta name=\"author\" content=\"Yusra NY\" \/>\n<meta name=\"twitter:card\" content=\"summary_large_image\" \/>\n<meta name=\"twitter:creator\" content=\"@KapitalisInfo\" \/>\n<meta name=\"twitter:site\" content=\"@KapitalisInfo\" \/>\n<meta name=\"twitter:label1\" content=\"\u00c9crit par\" \/>\n\t<meta name=\"twitter:data1\" content=\"Yusra NY\" \/>\n\t<meta name=\"twitter:label2\" content=\"Dur\u00e9e de lecture estim\u00e9e\" \/>\n\t<meta name=\"twitter:data2\" content=\"1 minute\" \/>\n<script type=\"application\/ld+json\" class=\"yoast-schema-graph\">{\"@context\":\"https:\/\/schema.org\",\"@graph\":[{\"@type\":\"Article\",\"@id\":\"https:\/\/kapitalis.com\/tunisie\/2019\/06\/25\/cause-animale-le-jeune-ahmed-fabrique-des-chariots-pour-chats-handicapes\/#article\",\"isPartOf\":{\"@id\":\"https:\/\/kapitalis.com\/tunisie\/2019\/06\/25\/cause-animale-le-jeune-ahmed-fabrique-des-chariots-pour-chats-handicapes\/\"},\"author\":{\"name\":\"Yusra NY\",\"@id\":\"https:\/\/kapitalis.com\/tunisie\/#\/schema\/person\/74bbde0154d49d790a92aaeac5bc01d5\"},\"headline\":\"Cause animale : Le jeune Ahmed fabrique des chariots pour chats handicap\u00e9s\",\"datePublished\":\"2019-06-25T13:05:29+00:00\",\"dateModified\":\"2019-06-25T13:23:49+00:00\",\"mainEntityOfPage\":{\"@id\":\"https:\/\/kapitalis.com\/tunisie\/2019\/06\/25\/cause-animale-le-jeune-ahmed-fabrique-des-chariots-pour-chats-handicapes\/\"},\"wordCount\":289,\"commentCount\":1,\"publisher\":{\"@id\":\"https:\/\/kapitalis.com\/tunisie\/#organization\"},\"image\":{\"@id\":\"https:\/\/kapitalis.com\/tunisie\/2019\/06\/25\/cause-animale-le-jeune-ahmed-fabrique-des-chariots-pour-chats-handicapes\/#primaryimage\"},\"thumbnailUrl\":\"\",\"keywords\":[\"Animaux\",\"Bardo\",\"cause animale\"],\"articleSection\":[\"SOCIETE\",\"Tunisie\"],\"inLanguage\":\"fr-FR\",\"potentialAction\":[{\"@type\":\"CommentAction\",\"name\":\"Comment\",\"target\":[\"https:\/\/kapitalis.com\/tunisie\/2019\/06\/25\/cause-animale-le-jeune-ahmed-fabrique-des-chariots-pour-chats-handicapes\/#respond\"]}]},{\"@type\":\"WebPage\",\"@id\":\"https:\/\/kapitalis.com\/tunisie\/2019\/06\/25\/cause-animale-le-jeune-ahmed-fabrique-des-chariots-pour-chats-handicapes\/\",\"url\":\"https:\/\/kapitalis.com\/tunisie\/2019\/06\/25\/cause-animale-le-jeune-ahmed-fabrique-des-chariots-pour-chats-handicapes\/\",\"name\":\"Cause animale : Le jeune Ahmed fabrique des chariots pour chats handicap\u00e9s - Kapitalis\",\"isPartOf\":{\"@id\":\"https:\/\/kapitalis.com\/tunisie\/#website\"},\"primaryImageOfPage\":{\"@id\":\"https:\/\/kapitalis.com\/tunisie\/2019\/06\/25\/cause-animale-le-jeune-ahmed-fabrique-des-chariots-pour-chats-handicapes\/#primaryimage\"},\"image\":{\"@id\":\"https:\/\/kapitalis.com\/tunisie\/2019\/06\/25\/cause-animale-le-jeune-ahmed-fabrique-des-chariots-pour-chats-handicapes\/#primaryimage\"},\"thumbnailUrl\":\"\",\"datePublished\":\"2019-06-25T13:05:29+00:00\",\"dateModified\":\"2019-06-25T13:23:49+00:00\",\"breadcrumb\":{\"@id\":\"https:\/\/kapitalis.com\/tunisie\/2019\/06\/25\/cause-animale-le-jeune-ahmed-fabrique-des-chariots-pour-chats-handicapes\/#breadcrumb\"},\"inLanguage\":\"fr-FR\",\"potentialAction\":[{\"@type\":\"ReadAction\",\"target\":[\"https:\/\/kapitalis.com\/tunisie\/2019\/06\/25\/cause-animale-le-jeune-ahmed-fabrique-des-chariots-pour-chats-handicapes\/\"]}]},{\"@type\":\"ImageObject\",\"inLanguage\":\"fr-FR\",\"@id\":\"https:\/\/kapitalis.com\/tunisie\/2019\/06\/25\/cause-animale-le-jeune-ahmed-fabrique-des-chariots-pour-chats-handicapes\/#primaryimage\",\"url\":\"\",\"contentUrl\":\"\"},{\"@type\":\"BreadcrumbList\",\"@id\":\"https:\/\/kapitalis.com\/tunisie\/2019\/06\/25\/cause-animale-le-jeune-ahmed-fabrique-des-chariots-pour-chats-handicapes\/#breadcrumb\",\"itemListElement\":[{\"@type\":\"ListItem\",\"position\":1,\"name\":\"Accueil\",\"item\":\"https:\/\/kapitalis.com\/tunisie\/\"},{\"@type\":\"ListItem\",\"position\":2,\"name\":\"Cause animale : Le jeune Ahmed fabrique des chariots pour chats handicap\u00e9s\"}]},{\"@type\":\"WebSite\",\"@id\":\"https:\/\/kapitalis.com\/tunisie\/#website\",\"url\":\"https:\/\/kapitalis.com\/tunisie\/\",\"name\":\"Kapitalis\",\"description\":\"L&#039;actualit\u00e9 en Tunisie et dans le monde\",\"publisher\":{\"@id\":\"https:\/\/kapitalis.com\/tunisie\/#organization\"},\"potentialAction\":[{\"@type\":\"SearchAction\",\"target\":{\"@type\":\"EntryPoint\",\"urlTemplate\":\"https:\/\/kapitalis.com\/tunisie\/?s={search_term_string}\"},\"query-input\":{\"@type\":\"PropertyValueSpecification\",\"valueRequired\":true,\"valueName\":\"search_term_string\"}}],\"inLanguage\":\"fr-FR\"},{\"@type\":\"Organization\",\"@id\":\"https:\/\/kapitalis.com\/tunisie\/#organization\",\"name\":\"Kapitalis\",\"url\":\"https:\/\/kapitalis.com\/tunisie\/\",\"logo\":{\"@type\":\"ImageObject\",\"inLanguage\":\"fr-FR\",\"@id\":\"https:\/\/kapitalis.com\/tunisie\/#\/schema\/logo\/image\/\",\"url\":\"https:\/\/kapitalis.com\/tunisie\/wp-content\/uploads\/2022\/05\/Kapitalis-big-size.png\",\"contentUrl\":\"https:\/\/kapitalis.com\/tunisie\/wp-content\/uploads\/2022\/05\/Kapitalis-big-size.png\",\"width\":5000,\"height\":1500,\"caption\":\"Kapitalis\"},\"image\":{\"@id\":\"https:\/\/kapitalis.com\/tunisie\/#\/schema\/logo\/image\/\"},\"sameAs\":[\"https:\/\/www.facebook.com\/KapitalisInfo\/\",\"https:\/\/x.com\/KapitalisInfo\",\"https:\/\/www.youtube.com\/channel\/UC-yDYrHyfFBWWZaOw3FPg9Q\"]},{\"@type\":\"Person\",\"@id\":\"https:\/\/kapitalis.com\/tunisie\/#\/schema\/person\/74bbde0154d49d790a92aaeac5bc01d5\",\"name\":\"Yusra NY\",\"url\":\"https:\/\/kapitalis.com\/tunisie\/author\/yuza_adam\/\"}]}<\/script>\n<!-- \/ Yoast SEO plugin. -->","yoast_head_json":{"title":"Cause animale : Le jeune Ahmed fabrique des chariots pour chats handicap\u00e9s - Kapitalis","robots":{"index":"index","follow":"follow","max-snippet":"max-snippet:-1","max-image-preview":"max-image-preview:large","max-video-preview":"max-video-preview:-1"},"canonical":"https:\/\/kapitalis.com\/tunisie\/2019\/06\/25\/cause-animale-le-jeune-ahmed-fabrique-des-chariots-pour-chats-handicapes\/","og_locale":"fr_FR","og_type":"article","og_title":"Cause animale : Le jeune Ahmed fabrique des chariots pour chats handicap\u00e9s - Kapitalis","og_description":"Ahmed Manai (23 ans) a fabriqu\u00e9 un chariot pour un chat n\u00e9 handicap\u00e9, priv\u00e9 de ses membres post\u00e9rieurs, afin de lui faciliter ses mouvements et d\u00e9placements. Cette action pour la cause animale fait le buzz sur les r\u00e9seaux sociaux depuis hier, lundi 24 juin 2019.","og_url":"https:\/\/kapitalis.com\/tunisie\/2019\/06\/25\/cause-animale-le-jeune-ahmed-fabrique-des-chariots-pour-chats-handicapes\/","og_site_name":"Kapitalis","article_publisher":"https:\/\/www.facebook.com\/KapitalisInfo\/","article_published_time":"2019-06-25T13:05:29+00:00","article_modified_time":"2019-06-25T13:23:49+00:00","og_image":[{"width":1200,"height":630,"url":"https:\/\/kapitalis.com\/tunisie\/wp-content\/uploads\/2022\/05\/kapitalis-logo-fb.png","type":"image\/png"}],"author":"Yusra NY","twitter_card":"summary_large_image","twitter_creator":"@KapitalisInfo","twitter_site":"@KapitalisInfo","twitter_misc":{"\u00c9crit par":"Yusra NY","Dur\u00e9e de lecture estim\u00e9e":"1 minute"},"schema":{"@context":"https:\/\/schema.org","@graph":[{"@type":"Article","@id":"https:\/\/kapitalis.com\/tunisie\/2019\/06\/25\/cause-animale-le-jeune-ahmed-fabrique-des-chariots-pour-chats-handicapes\/#article","isPartOf":{"@id":"https:\/\/kapitalis.com\/tunisie\/2019\/06\/25\/cause-animale-le-jeune-ahmed-fabrique-des-chariots-pour-chats-handicapes\/"},"author":{"name":"Yusra NY","@id":"https:\/\/kapitalis.com\/tunisie\/#\/schema\/person\/74bbde0154d49d790a92aaeac5bc01d5"},"headline":"Cause animale : Le jeune Ahmed fabrique des chariots pour chats handicap\u00e9s","datePublished":"2019-06-25T13:05:29+00:00","dateModified":"2019-06-25T13:23:49+00:00","mainEntityOfPage":{"@id":"https:\/\/kapitalis.com\/tunisie\/2019\/06\/25\/cause-animale-le-jeune-ahmed-fabrique-des-chariots-pour-chats-handicapes\/"},"wordCount":289,"commentCount":1,"publisher":{"@id":"https:\/\/kapitalis.com\/tunisie\/#organization"},"image":{"@id":"https:\/\/kapitalis.com\/tunisie\/2019\/06\/25\/cause-animale-le-jeune-ahmed-fabrique-des-chariots-pour-chats-handicapes\/#primaryimage"},"thumbnailUrl":"","keywords":["Animaux","Bardo","cause animale"],"articleSection":["SOCIETE","Tunisie"],"inLanguage":"fr-FR","potentialAction":[{"@type":"CommentAction","name":"Comment","target":["https:\/\/kapitalis.com\/tunisie\/2019\/06\/25\/cause-animale-le-jeune-ahmed-fabrique-des-chariots-pour-chats-handicapes\/#respond"]}]},{"@type":"WebPage","@id":"https:\/\/kapitalis.com\/tunisie\/2019\/06\/25\/cause-animale-le-jeune-ahmed-fabrique-des-chariots-pour-chats-handicapes\/","url":"https:\/\/kapitalis.com\/tunisie\/2019\/06\/25\/cause-animale-le-jeune-ahmed-fabrique-des-chariots-pour-chats-handicapes\/","name":"Cause animale : Le jeune Ahmed fabrique des chariots pour chats handicap\u00e9s - Kapitalis","isPartOf":{"@id":"https:\/\/kapitalis.com\/tunisie\/#website"},"primaryImageOfPage":{"@id":"https:\/\/kapitalis.com\/tunisie\/2019\/06\/25\/cause-animale-le-jeune-ahmed-fabrique-des-chariots-pour-chats-handicapes\/#primaryimage"},"image":{"@id":"https:\/\/kapitalis.com\/tunisie\/2019\/06\/25\/cause-animale-le-jeune-ahmed-fabrique-des-chariots-pour-chats-handicapes\/#primaryimage"},"thumbnailUrl":"","datePublished":"2019-06-25T13:05:29+00:00","dateModified":"2019-06-25T13:23:49+00:00","breadcrumb":{"@id":"https:\/\/kapitalis.com\/tunisie\/2019\/06\/25\/cause-animale-le-jeune-ahmed-fabrique-des-chariots-pour-chats-handicapes\/#breadcrumb"},"inLanguage":"fr-FR","potentialAction":[{"@type":"ReadAction","target":["https:\/\/kapitalis.com\/tunisie\/2019\/06\/25\/cause-animale-le-jeune-ahmed-fabrique-des-chariots-pour-chats-handicapes\/"]}]},{"@type":"ImageObject","inLanguage":"fr-FR","@id":"https:\/\/kapitalis.com\/tunisie\/2019\/06\/25\/cause-animale-le-jeune-ahmed-fabrique-des-chariots-pour-chats-handicapes\/#primaryimage","url":"","contentUrl":""},{"@type":"BreadcrumbList","@id":"https:\/\/kapitalis.com\/tunisie\/2019\/06\/25\/cause-animale-le-jeune-ahmed-fabrique-des-chariots-pour-chats-handicapes\/#breadcrumb","itemListElement":[{"@type":"ListItem","position":1,"name":"Accueil","item":"https:\/\/kapitalis.com\/tunisie\/"},{"@type":"ListItem","position":2,"name":"Cause animale : Le jeune Ahmed fabrique des chariots pour chats handicap\u00e9s"}]},{"@type":"WebSite","@id":"https:\/\/kapitalis.com\/tunisie\/#website","url":"https:\/\/kapitalis.com\/tunisie\/","name":"Kapitalis","description":"L&#039;actualit\u00e9 en Tunisie et dans le monde","publisher":{"@id":"https:\/\/kapitalis.com\/tunisie\/#organization"},"potentialAction":[{"@type":"SearchAction","target":{"@type":"EntryPoint","urlTemplate":"https:\/\/kapitalis.com\/tunisie\/?s={search_term_string}"},"query-input":{"@type":"PropertyValueSpecification","valueRequired":true,"valueName":"search_term_string"}}],"inLanguage":"fr-FR"},{"@type":"Organization","@id":"https:\/\/kapitalis.com\/tunisie\/#organization","name":"Kapitalis","url":"https:\/\/kapitalis.com\/tunisie\/","logo":{"@type":"ImageObject","inLanguage":"fr-FR","@id":"https:\/\/kapitalis.com\/tunisie\/#\/schema\/logo\/image\/","url":"https:\/\/kapitalis.com\/tunisie\/wp-content\/uploads\/2022\/05\/Kapitalis-big-size.png","contentUrl":"https:\/\/kapitalis.com\/tunisie\/wp-content\/uploads\/2022\/05\/Kapitalis-big-size.png","width":5000,"height":1500,"caption":"Kapitalis"},"image":{"@id":"https:\/\/kapitalis.com\/tunisie\/#\/schema\/logo\/image\/"},"sameAs":["https:\/\/www.facebook.com\/KapitalisInfo\/","https:\/\/x.com\/KapitalisInfo","https:\/\/www.youtube.com\/channel\/UC-yDYrHyfFBWWZaOw3FPg9Q"]},{"@type":"Person","@id":"https:\/\/kapitalis.com\/tunisie\/#\/schema\/person\/74bbde0154d49d790a92aaeac5bc01d5","name":"Yusra NY","url":"https:\/\/kapitalis.com\/tunisie\/author\/yuza_adam\/"}]}},"_links":{"self":[{"href":"https:\/\/kapitalis.com\/tunisie\/wp-json\/wp\/v2\/posts\/220510","targetHints":{"allow":["GET"]}}],"collection":[{"href":"https:\/\/kapitalis.com\/tunisie\/wp-json\/wp\/v2\/posts"}],"about":[{"href":"https:\/\/kapitalis.com\/tunisie\/wp-json\/wp\/v2\/types\/post"}],"author":[{"embeddable":true,"href":"https:\/\/kapitalis.com\/tunisie\/wp-json\/wp\/v2\/users\/6"}],"replies":[{"embeddable":true,"href":"https:\/\/kapitalis.com\/tunisie\/wp-json\/wp\/v2\/comments?post=220510"}],"version-history":[{"count":0,"href":"https:\/\/kapitalis.com\/tunisie\/wp-json\/wp\/v2\/posts\/220510\/revisions"}],"wp:featuredmedia":[{"embeddable":true,"href":"https:\/\/kapitalis.com\/tunisie\/wp-json\/wp\/v2\/media\/220513"}],"wp:attachment":[{"href":"https:\/\/kapitalis.com\/tunisie\/wp-json\/wp\/v2\/media?parent=220510"}],"wp:term":[{"taxonomy":"category","embeddable":true,"href":"https:\/\/kapitalis.com\/tunisie\/wp-json\/wp\/v2\/categories?post=220510"},{"taxonomy":"post_tag","embeddable":true,"href":"https:\/\/kapitalis.com\/tunisie\/wp-json\/wp\/v2\/tags?post=220510"}],"curies":[{"name":"wp","href":"https:\/\/api.w.org\/{rel}","templated":true}]}}