{"id":221202,"date":"2019-06-30T11:00:19","date_gmt":"2019-06-30T10:00:19","guid":{"rendered":"http:\/\/kapitalis.com\/tunisie\/?p=221202"},"modified":"2019-06-30T11:07:21","modified_gmt":"2019-06-30T10:07:21","slug":"el-alia-un-extremiste-glorifiant-les-attentats-terroristes-et-appelant-au-jihad-place-en-detention","status":"publish","type":"post","link":"https:\/\/kapitalis.com\/tunisie\/2019\/06\/30\/el-alia-un-extremiste-glorifiant-les-attentats-terroristes-et-appelant-au-jihad-place-en-detention\/","title":{"rendered":"El-Alia : Un extr\u00e9miste glorifiant les attentats terroristes et appelant au jihad, plac\u00e9 en d\u00e9tention"},"content":{"rendered":"\n<figure class=\"wp-block-image\"><img decoding=\"async\" src=\"http:\/\/kapitalis.com\/tunisie\/wp-content\/uploads\/2017\/06\/M\u00e9denine-arrestation-terroriste.jpg\" alt=\"\" class=\"wp-image-102324\"\/><\/figure>\n\n\n\n<p><strong><em>Arr\u00eat\u00e9 jeudi dernier, par la police d\u2019El-Alia (Bizerte), un terroriste pr\u00e9sum\u00e9 a \u00e9t\u00e9 plac\u00e9 en d\u00e9tention avant-hier,  vendredi 28 juin 2019. Le suspect faisait l\u2019\u00e9loge d&rsquo;<\/em><\/strong><em><strong>Abou Bakr Al-Baghdadi, le<\/strong><\/em><strong><em> leader de l\u2019organisation terroriste de l\u2019Etat islamique (Daech)<\/em><\/strong><em><strong>.<\/strong><\/em><\/p>\n\n\n\n<!--more-->\n\n\n\n<p>La perquisition men\u00e9e chez le pr\u00e9venu a permis la saisie de tracts appelant au jihad. La police a aussi d\u00e9couvert des statuts Facebook, o\u00f9 cet extr\u00e9miste religieux glorifie les attaques terroristes \u00e0 travers le monde, et des vid\u00e9os d\u2019entra\u00eenement dans les camps terroristes bas\u00e9s dans les zones de conflits.<\/p>\n\n\n\n<p>Le pr\u00e9venu, qui appelait \u00e9galement les Tunisiens \u00e0 s\u2019engager aux c\u00f4t\u00e9s des groupes jihadistes, \u00e9tait en possession de lettres d&rsquo;all\u00e9geance \u00e0 Abou Bakr Al-Baghdadi, pr\u00e9cise une source polici\u00e8re.<\/p>\n\n\n\n<p style=\"text-align:right\"><strong>Y. N.<\/strong><\/p>\n","protected":false},"excerpt":{"rendered":"<p>Arr\u00eat\u00e9 jeudi dernier, par la police d\u2019El-Alia (Bizerte), un terroriste pr\u00e9sum\u00e9 a \u00e9t\u00e9 plac\u00e9 en d\u00e9tention avant-hier, vendredi 28 juin 2019. Le suspect faisait l\u2019\u00e9loge d&rsquo;Abou Bakr Al-Baghdadi, le leader de l\u2019organisation terroriste de l\u2019Etat islamique (Daech).<\/p>\n","protected":false},"author":6,"featured_media":0,"comment_status":"open","ping_status":"open","sticky":false,"template":"","format":"standard","meta":{"footnotes":""},"categories":[998,2433],"tags":[4629,105,148,258,23693,1753,898],"class_list":["post-221202","post","type-post","status-publish","format-standard","hentry","category-societe","category-tunisie","tag-abou-bakr-al-baghdadi","tag-attentat","tag-bizerte","tag-daech","tag-el-alia","tag-jihad","tag-terroriste"],"yoast_head":"<!-- This site is optimized with the Yoast SEO plugin v26.6 - https:\/\/yoast.com\/wordpress\/plugins\/seo\/ -->\n<title>El-Alia : Un extr\u00e9miste glorifiant les attentats terroristes et appelant au jihad, plac\u00e9 en d\u00e9tention - Kapitalis<\/title>\n<meta name=\"robots\" content=\"index, follow, max-snippet:-1, max-image-preview:large, max-video-preview:-1\" \/>\n<link rel=\"canonical\" href=\"https:\/\/kapitalis.com\/tunisie\/2019\/06\/30\/el-alia-un-extremiste-glorifiant-les-attentats-terroristes-et-appelant-au-jihad-place-en-detention\/\" \/>\n<meta property=\"og:locale\" content=\"fr_FR\" \/>\n<meta property=\"og:type\" content=\"article\" \/>\n<meta property=\"og:title\" content=\"El-Alia : Un extr\u00e9miste glorifiant les attentats terroristes et appelant au jihad, plac\u00e9 en d\u00e9tention - Kapitalis\" \/>\n<meta property=\"og:description\" content=\"Arr\u00eat\u00e9 jeudi dernier, par la police d\u2019El-Alia (Bizerte), un terroriste pr\u00e9sum\u00e9 a \u00e9t\u00e9 plac\u00e9 en d\u00e9tention avant-hier, vendredi 28 juin 2019. Le suspect faisait l\u2019\u00e9loge d&rsquo;Abou Bakr Al-Baghdadi, le leader de l\u2019organisation terroriste de l\u2019Etat islamique (Daech).\" \/>\n<meta property=\"og:url\" content=\"https:\/\/kapitalis.com\/tunisie\/2019\/06\/30\/el-alia-un-extremiste-glorifiant-les-attentats-terroristes-et-appelant-au-jihad-place-en-detention\/\" \/>\n<meta property=\"og:site_name\" content=\"Kapitalis\" \/>\n<meta property=\"article:publisher\" content=\"https:\/\/www.facebook.com\/KapitalisInfo\/\" \/>\n<meta property=\"article:published_time\" content=\"2019-06-30T10:00:19+00:00\" \/>\n<meta property=\"article:modified_time\" content=\"2019-06-30T10:07:21+00:00\" \/>\n<meta property=\"og:image\" content=\"https:\/\/kapitalis.com\/tunisie\/wp-content\/uploads\/2022\/05\/kapitalis-logo-fb.png\" \/>\n\t<meta property=\"og:image:width\" content=\"1200\" \/>\n\t<meta property=\"og:image:height\" content=\"630\" \/>\n\t<meta property=\"og:image:type\" content=\"image\/png\" \/>\n<meta name=\"author\" content=\"Yusra NY\" \/>\n<meta name=\"twitter:card\" content=\"summary_large_image\" \/>\n<meta name=\"twitter:creator\" content=\"@KapitalisInfo\" \/>\n<meta name=\"twitter:site\" content=\"@KapitalisInfo\" \/>\n<meta name=\"twitter:label1\" content=\"\u00c9crit par\" \/>\n\t<meta name=\"twitter:data1\" content=\"Yusra NY\" \/>\n\t<meta name=\"twitter:label2\" content=\"Dur\u00e9e de lecture estim\u00e9e\" \/>\n\t<meta name=\"twitter:data2\" content=\"1 minute\" \/>\n<script type=\"application\/ld+json\" class=\"yoast-schema-graph\">{\"@context\":\"https:\/\/schema.org\",\"@graph\":[{\"@type\":\"Article\",\"@id\":\"https:\/\/kapitalis.com\/tunisie\/2019\/06\/30\/el-alia-un-extremiste-glorifiant-les-attentats-terroristes-et-appelant-au-jihad-place-en-detention\/#article\",\"isPartOf\":{\"@id\":\"https:\/\/kapitalis.com\/tunisie\/2019\/06\/30\/el-alia-un-extremiste-glorifiant-les-attentats-terroristes-et-appelant-au-jihad-place-en-detention\/\"},\"author\":{\"name\":\"Yusra NY\",\"@id\":\"https:\/\/kapitalis.com\/tunisie\/#\/schema\/person\/74bbde0154d49d790a92aaeac5bc01d5\"},\"headline\":\"El-Alia : Un extr\u00e9miste glorifiant les attentats terroristes et appelant au jihad, plac\u00e9 en d\u00e9tention\",\"datePublished\":\"2019-06-30T10:00:19+00:00\",\"dateModified\":\"2019-06-30T10:07:21+00:00\",\"mainEntityOfPage\":{\"@id\":\"https:\/\/kapitalis.com\/tunisie\/2019\/06\/30\/el-alia-un-extremiste-glorifiant-les-attentats-terroristes-et-appelant-au-jihad-place-en-detention\/\"},\"wordCount\":150,\"commentCount\":2,\"publisher\":{\"@id\":\"https:\/\/kapitalis.com\/tunisie\/#organization\"},\"keywords\":[\"Abou Bakr Al-Baghdadi\",\"attentat\",\"Bizerte\",\"Daech\",\"El-Alia\",\"jihad\",\"terroriste\"],\"articleSection\":[\"SOCIETE\",\"Tunisie\"],\"inLanguage\":\"fr-FR\",\"potentialAction\":[{\"@type\":\"CommentAction\",\"name\":\"Comment\",\"target\":[\"https:\/\/kapitalis.com\/tunisie\/2019\/06\/30\/el-alia-un-extremiste-glorifiant-les-attentats-terroristes-et-appelant-au-jihad-place-en-detention\/#respond\"]}]},{\"@type\":\"WebPage\",\"@id\":\"https:\/\/kapitalis.com\/tunisie\/2019\/06\/30\/el-alia-un-extremiste-glorifiant-les-attentats-terroristes-et-appelant-au-jihad-place-en-detention\/\",\"url\":\"https:\/\/kapitalis.com\/tunisie\/2019\/06\/30\/el-alia-un-extremiste-glorifiant-les-attentats-terroristes-et-appelant-au-jihad-place-en-detention\/\",\"name\":\"El-Alia : Un extr\u00e9miste glorifiant les attentats terroristes et appelant au jihad, plac\u00e9 en d\u00e9tention - Kapitalis\",\"isPartOf\":{\"@id\":\"https:\/\/kapitalis.com\/tunisie\/#website\"},\"datePublished\":\"2019-06-30T10:00:19+00:00\",\"dateModified\":\"2019-06-30T10:07:21+00:00\",\"breadcrumb\":{\"@id\":\"https:\/\/kapitalis.com\/tunisie\/2019\/06\/30\/el-alia-un-extremiste-glorifiant-les-attentats-terroristes-et-appelant-au-jihad-place-en-detention\/#breadcrumb\"},\"inLanguage\":\"fr-FR\",\"potentialAction\":[{\"@type\":\"ReadAction\",\"target\":[\"https:\/\/kapitalis.com\/tunisie\/2019\/06\/30\/el-alia-un-extremiste-glorifiant-les-attentats-terroristes-et-appelant-au-jihad-place-en-detention\/\"]}]},{\"@type\":\"BreadcrumbList\",\"@id\":\"https:\/\/kapitalis.com\/tunisie\/2019\/06\/30\/el-alia-un-extremiste-glorifiant-les-attentats-terroristes-et-appelant-au-jihad-place-en-detention\/#breadcrumb\",\"itemListElement\":[{\"@type\":\"ListItem\",\"position\":1,\"name\":\"Accueil\",\"item\":\"https:\/\/kapitalis.com\/tunisie\/\"},{\"@type\":\"ListItem\",\"position\":2,\"name\":\"El-Alia : Un extr\u00e9miste glorifiant les attentats terroristes et appelant au jihad, plac\u00e9 en d\u00e9tention\"}]},{\"@type\":\"WebSite\",\"@id\":\"https:\/\/kapitalis.com\/tunisie\/#website\",\"url\":\"https:\/\/kapitalis.com\/tunisie\/\",\"name\":\"Kapitalis\",\"description\":\"L&#039;actualit\u00e9 en Tunisie et dans le monde\",\"publisher\":{\"@id\":\"https:\/\/kapitalis.com\/tunisie\/#organization\"},\"potentialAction\":[{\"@type\":\"SearchAction\",\"target\":{\"@type\":\"EntryPoint\",\"urlTemplate\":\"https:\/\/kapitalis.com\/tunisie\/?s={search_term_string}\"},\"query-input\":{\"@type\":\"PropertyValueSpecification\",\"valueRequired\":true,\"valueName\":\"search_term_string\"}}],\"inLanguage\":\"fr-FR\"},{\"@type\":\"Organization\",\"@id\":\"https:\/\/kapitalis.com\/tunisie\/#organization\",\"name\":\"Kapitalis\",\"url\":\"https:\/\/kapitalis.com\/tunisie\/\",\"logo\":{\"@type\":\"ImageObject\",\"inLanguage\":\"fr-FR\",\"@id\":\"https:\/\/kapitalis.com\/tunisie\/#\/schema\/logo\/image\/\",\"url\":\"https:\/\/kapitalis.com\/tunisie\/wp-content\/uploads\/2022\/05\/Kapitalis-big-size.png\",\"contentUrl\":\"https:\/\/kapitalis.com\/tunisie\/wp-content\/uploads\/2022\/05\/Kapitalis-big-size.png\",\"width\":5000,\"height\":1500,\"caption\":\"Kapitalis\"},\"image\":{\"@id\":\"https:\/\/kapitalis.com\/tunisie\/#\/schema\/logo\/image\/\"},\"sameAs\":[\"https:\/\/www.facebook.com\/KapitalisInfo\/\",\"https:\/\/x.com\/KapitalisInfo\",\"https:\/\/www.youtube.com\/channel\/UC-yDYrHyfFBWWZaOw3FPg9Q\"]},{\"@type\":\"Person\",\"@id\":\"https:\/\/kapitalis.com\/tunisie\/#\/schema\/person\/74bbde0154d49d790a92aaeac5bc01d5\",\"name\":\"Yusra NY\",\"url\":\"https:\/\/kapitalis.com\/tunisie\/author\/yuza_adam\/\"}]}<\/script>\n<!-- \/ Yoast SEO plugin. -->","yoast_head_json":{"title":"El-Alia : Un extr\u00e9miste glorifiant les attentats terroristes et appelant au jihad, plac\u00e9 en d\u00e9tention - Kapitalis","robots":{"index":"index","follow":"follow","max-snippet":"max-snippet:-1","max-image-preview":"max-image-preview:large","max-video-preview":"max-video-preview:-1"},"canonical":"https:\/\/kapitalis.com\/tunisie\/2019\/06\/30\/el-alia-un-extremiste-glorifiant-les-attentats-terroristes-et-appelant-au-jihad-place-en-detention\/","og_locale":"fr_FR","og_type":"article","og_title":"El-Alia : Un extr\u00e9miste glorifiant les attentats terroristes et appelant au jihad, plac\u00e9 en d\u00e9tention - Kapitalis","og_description":"Arr\u00eat\u00e9 jeudi dernier, par la police d\u2019El-Alia (Bizerte), un terroriste pr\u00e9sum\u00e9 a \u00e9t\u00e9 plac\u00e9 en d\u00e9tention avant-hier, vendredi 28 juin 2019. Le suspect faisait l\u2019\u00e9loge d&rsquo;Abou Bakr Al-Baghdadi, le leader de l\u2019organisation terroriste de l\u2019Etat islamique (Daech).","og_url":"https:\/\/kapitalis.com\/tunisie\/2019\/06\/30\/el-alia-un-extremiste-glorifiant-les-attentats-terroristes-et-appelant-au-jihad-place-en-detention\/","og_site_name":"Kapitalis","article_publisher":"https:\/\/www.facebook.com\/KapitalisInfo\/","article_published_time":"2019-06-30T10:00:19+00:00","article_modified_time":"2019-06-30T10:07:21+00:00","og_image":[{"width":1200,"height":630,"url":"https:\/\/kapitalis.com\/tunisie\/wp-content\/uploads\/2022\/05\/kapitalis-logo-fb.png","type":"image\/png"}],"author":"Yusra NY","twitter_card":"summary_large_image","twitter_creator":"@KapitalisInfo","twitter_site":"@KapitalisInfo","twitter_misc":{"\u00c9crit par":"Yusra NY","Dur\u00e9e de lecture estim\u00e9e":"1 minute"},"schema":{"@context":"https:\/\/schema.org","@graph":[{"@type":"Article","@id":"https:\/\/kapitalis.com\/tunisie\/2019\/06\/30\/el-alia-un-extremiste-glorifiant-les-attentats-terroristes-et-appelant-au-jihad-place-en-detention\/#article","isPartOf":{"@id":"https:\/\/kapitalis.com\/tunisie\/2019\/06\/30\/el-alia-un-extremiste-glorifiant-les-attentats-terroristes-et-appelant-au-jihad-place-en-detention\/"},"author":{"name":"Yusra NY","@id":"https:\/\/kapitalis.com\/tunisie\/#\/schema\/person\/74bbde0154d49d790a92aaeac5bc01d5"},"headline":"El-Alia : Un extr\u00e9miste glorifiant les attentats terroristes et appelant au jihad, plac\u00e9 en d\u00e9tention","datePublished":"2019-06-30T10:00:19+00:00","dateModified":"2019-06-30T10:07:21+00:00","mainEntityOfPage":{"@id":"https:\/\/kapitalis.com\/tunisie\/2019\/06\/30\/el-alia-un-extremiste-glorifiant-les-attentats-terroristes-et-appelant-au-jihad-place-en-detention\/"},"wordCount":150,"commentCount":2,"publisher":{"@id":"https:\/\/kapitalis.com\/tunisie\/#organization"},"keywords":["Abou Bakr Al-Baghdadi","attentat","Bizerte","Daech","El-Alia","jihad","terroriste"],"articleSection":["SOCIETE","Tunisie"],"inLanguage":"fr-FR","potentialAction":[{"@type":"CommentAction","name":"Comment","target":["https:\/\/kapitalis.com\/tunisie\/2019\/06\/30\/el-alia-un-extremiste-glorifiant-les-attentats-terroristes-et-appelant-au-jihad-place-en-detention\/#respond"]}]},{"@type":"WebPage","@id":"https:\/\/kapitalis.com\/tunisie\/2019\/06\/30\/el-alia-un-extremiste-glorifiant-les-attentats-terroristes-et-appelant-au-jihad-place-en-detention\/","url":"https:\/\/kapitalis.com\/tunisie\/2019\/06\/30\/el-alia-un-extremiste-glorifiant-les-attentats-terroristes-et-appelant-au-jihad-place-en-detention\/","name":"El-Alia : Un extr\u00e9miste glorifiant les attentats terroristes et appelant au jihad, plac\u00e9 en d\u00e9tention - Kapitalis","isPartOf":{"@id":"https:\/\/kapitalis.com\/tunisie\/#website"},"datePublished":"2019-06-30T10:00:19+00:00","dateModified":"2019-06-30T10:07:21+00:00","breadcrumb":{"@id":"https:\/\/kapitalis.com\/tunisie\/2019\/06\/30\/el-alia-un-extremiste-glorifiant-les-attentats-terroristes-et-appelant-au-jihad-place-en-detention\/#breadcrumb"},"inLanguage":"fr-FR","potentialAction":[{"@type":"ReadAction","target":["https:\/\/kapitalis.com\/tunisie\/2019\/06\/30\/el-alia-un-extremiste-glorifiant-les-attentats-terroristes-et-appelant-au-jihad-place-en-detention\/"]}]},{"@type":"BreadcrumbList","@id":"https:\/\/kapitalis.com\/tunisie\/2019\/06\/30\/el-alia-un-extremiste-glorifiant-les-attentats-terroristes-et-appelant-au-jihad-place-en-detention\/#breadcrumb","itemListElement":[{"@type":"ListItem","position":1,"name":"Accueil","item":"https:\/\/kapitalis.com\/tunisie\/"},{"@type":"ListItem","position":2,"name":"El-Alia : Un extr\u00e9miste glorifiant les attentats terroristes et appelant au jihad, plac\u00e9 en d\u00e9tention"}]},{"@type":"WebSite","@id":"https:\/\/kapitalis.com\/tunisie\/#website","url":"https:\/\/kapitalis.com\/tunisie\/","name":"Kapitalis","description":"L&#039;actualit\u00e9 en Tunisie et dans le monde","publisher":{"@id":"https:\/\/kapitalis.com\/tunisie\/#organization"},"potentialAction":[{"@type":"SearchAction","target":{"@type":"EntryPoint","urlTemplate":"https:\/\/kapitalis.com\/tunisie\/?s={search_term_string}"},"query-input":{"@type":"PropertyValueSpecification","valueRequired":true,"valueName":"search_term_string"}}],"inLanguage":"fr-FR"},{"@type":"Organization","@id":"https:\/\/kapitalis.com\/tunisie\/#organization","name":"Kapitalis","url":"https:\/\/kapitalis.com\/tunisie\/","logo":{"@type":"ImageObject","inLanguage":"fr-FR","@id":"https:\/\/kapitalis.com\/tunisie\/#\/schema\/logo\/image\/","url":"https:\/\/kapitalis.com\/tunisie\/wp-content\/uploads\/2022\/05\/Kapitalis-big-size.png","contentUrl":"https:\/\/kapitalis.com\/tunisie\/wp-content\/uploads\/2022\/05\/Kapitalis-big-size.png","width":5000,"height":1500,"caption":"Kapitalis"},"image":{"@id":"https:\/\/kapitalis.com\/tunisie\/#\/schema\/logo\/image\/"},"sameAs":["https:\/\/www.facebook.com\/KapitalisInfo\/","https:\/\/x.com\/KapitalisInfo","https:\/\/www.youtube.com\/channel\/UC-yDYrHyfFBWWZaOw3FPg9Q"]},{"@type":"Person","@id":"https:\/\/kapitalis.com\/tunisie\/#\/schema\/person\/74bbde0154d49d790a92aaeac5bc01d5","name":"Yusra NY","url":"https:\/\/kapitalis.com\/tunisie\/author\/yuza_adam\/"}]}},"_links":{"self":[{"href":"https:\/\/kapitalis.com\/tunisie\/wp-json\/wp\/v2\/posts\/221202","targetHints":{"allow":["GET"]}}],"collection":[{"href":"https:\/\/kapitalis.com\/tunisie\/wp-json\/wp\/v2\/posts"}],"about":[{"href":"https:\/\/kapitalis.com\/tunisie\/wp-json\/wp\/v2\/types\/post"}],"author":[{"embeddable":true,"href":"https:\/\/kapitalis.com\/tunisie\/wp-json\/wp\/v2\/users\/6"}],"replies":[{"embeddable":true,"href":"https:\/\/kapitalis.com\/tunisie\/wp-json\/wp\/v2\/comments?post=221202"}],"version-history":[{"count":0,"href":"https:\/\/kapitalis.com\/tunisie\/wp-json\/wp\/v2\/posts\/221202\/revisions"}],"wp:attachment":[{"href":"https:\/\/kapitalis.com\/tunisie\/wp-json\/wp\/v2\/media?parent=221202"}],"wp:term":[{"taxonomy":"category","embeddable":true,"href":"https:\/\/kapitalis.com\/tunisie\/wp-json\/wp\/v2\/categories?post=221202"},{"taxonomy":"post_tag","embeddable":true,"href":"https:\/\/kapitalis.com\/tunisie\/wp-json\/wp\/v2\/tags?post=221202"}],"curies":[{"name":"wp","href":"https:\/\/api.w.org\/{rel}","templated":true}]}}