{"id":2212299,"date":"2022-07-12T21:57:42","date_gmt":"2022-07-12T20:57:42","guid":{"rendered":"https:\/\/kapitalis.com\/tunisie\/?p=2212299"},"modified":"2022-07-12T21:57:44","modified_gmt":"2022-07-12T20:57:44","slug":"covid-tunisie-pas-de-restrictions-particulieres-et-appel-au-respect-des-mesures-preventives","status":"publish","type":"post","link":"https:\/\/kapitalis.com\/tunisie\/2022\/07\/12\/covid-tunisie-pas-de-restrictions-particulieres-et-appel-au-respect-des-mesures-preventives\/","title":{"rendered":"Covid-Tunisie : Pas de restrictions particuli\u00e8res et appel au respect des mesures pr\u00e9ventives"},"content":{"rendered":"\n<p><em><strong>Aucune restriction particuli\u00e8re n&rsquo;a \u00e9t\u00e9 d\u00e9cid\u00e9e par le Comit\u00e9 scientifique charg\u00e9 de la lutte contre le coronavirus, qui estime que la malgr\u00e9 la propagation rapide du virus, la situation n&rsquo;est pas dangereuse en Tunisie, citant notamment un faible de taux d\u2019occupation dans les h\u00f4pitaux.<\/strong><\/em><\/p>\n\n\n\n<!--more-->\n\n\n\n<p>C&rsquo;est ce qu&rsquo;a indiqu\u00e9 Hechmi Louzir \u00e0 l&rsquo;issue de la r\u00e9union du Comit\u00e9 scientifique, dont il est membre, dans une d\u00e9claration, ce mardi 12 juillet 2022 \u00e0 l&rsquo;agence Tap, soulignant la faible dangerosit\u00e9 du variant actuellement actif en Tunisie et en affirmant que<\/p>\n\n\n\n<p>Le Comit\u00e9 recommande le respect des mesures pr\u00e9ventives dont le port du masque, la distanciation sociale et l\u2019a\u00e9ration et la d\u00e9sinfection des espaces ferm\u00e9s ainsi que le renforcement de l&rsquo;immunit\u00e9 par la vaccination.<\/p>\n\n\n\n<p>Hechmi Louzir a de ce fait, appel\u00e9 les personnes \u00e2g\u00e9es et souffrant de maladies chroniques \u00e0 recevoir une dose de rappel si la derni\u00e8re injection remonte \u00e0 6 mois ou plus :<em> \u00abLa plupart des cas grave et des d\u00e9c\u00e8s enregistr\u00e9s concerne des personnes souffrant de maladies chroniques\u00bb<\/em>, a-t-il insist\u00e9 en rappelant que la vaccination et l\u2019acquisition de l&rsquo;immunit\u00e9 naturelle ont affaibli le variant actuel.<\/p>\n\n\n\n<p>Quant aux mesures relatives aux voyageurs, le Comit\u00e9 indique que les mesures en cours seront maintenues, citant notamment l&rsquo;obligation de pr\u00e9senter un test PCR n\u00e9gatif, les tests al\u00e9atoires \u00e0 l&rsquo;entr\u00e9e en Tunisie et le confinement obligatoire pour les personnes test\u00e9es positives.<\/p>\n\n\n\n<p>Rappelons que 56 d\u00e9c\u00e8s et 21.872 cas positifs ont \u00e9t\u00e9 enregistr\u00e9s durant la S27 allant du 4 au 10 juillet,avec un taux de positivit\u00e9 ayant atteint 52,24%<\/p>\n\n\n\n<p class=\"has-text-align-right\"><strong>Y. N.<\/strong><\/p>\n\n\n\n<figure class=\"wp-block-embed is-type-wp-embed is-provider-kapitalis wp-block-embed-kapitalis\"><div class=\"wp-block-embed__wrapper\">\n<blockquote class=\"wp-embedded-content\" data-secret=\"bMIkfiss0w\"><a href=\"https:\/\/kapitalis.com\/tunisie\/2022\/06\/10\/voyages-covid-conditions-dentree-en-tunisie-maj-du-10-juin-2022\/\">Voyages-Covid : Conditions d\u2019entr\u00e9e en Tunisie (MAJ du 10 juin 2022)<\/a><\/blockquote><iframe loading=\"lazy\" class=\"wp-embedded-content\" sandbox=\"allow-scripts\" security=\"restricted\" style=\"position: absolute; clip: rect(1px, 1px, 1px, 1px);\" title=\"\u00ab\u00a0Voyages-Covid : Conditions d\u2019entr\u00e9e en Tunisie (MAJ du 10 juin 2022)\u00a0\u00bb &#8212; Kapitalis\" src=\"https:\/\/kapitalis.com\/tunisie\/2022\/06\/10\/voyages-covid-conditions-dentree-en-tunisie-maj-du-10-juin-2022\/embed\/#?secret=hn39uo1tKb#?secret=bMIkfiss0w\" data-secret=\"bMIkfiss0w\" width=\"600\" height=\"338\" frameborder=\"0\" marginwidth=\"0\" marginheight=\"0\" scrolling=\"no\"><\/iframe>\n<\/div><\/figure>\n","protected":false},"excerpt":{"rendered":"<p>Covid-Tunisie : Pas de restrictions particuli\u00e8res et appel au respect des mesures pr\u00e9ventives<\/p>\n","protected":false},"author":6,"featured_media":2212471,"comment_status":"open","ping_status":"open","sticky":false,"template":"","format":"standard","meta":{"footnotes":""},"categories":[998,2433],"tags":[77783,73060,75291,810,62643,8168,10035],"class_list":["post-2212299","post","type-post","status-publish","format-standard","has-post-thumbnail","hentry","category-societe","category-tunisie","tag-comite-scientifique","tag-coronavirus","tag-covid-19","tag-sante","tag-tunisie","tag-vaccin","tag-vaccination"],"yoast_head":"<!-- This site is optimized with the Yoast SEO plugin v26.6 - https:\/\/yoast.com\/wordpress\/plugins\/seo\/ -->\n<title>Covid-Tunisie : Pas de restrictions particuli\u00e8res et appel au respect des mesures pr\u00e9ventives - Kapitalis<\/title>\n<meta name=\"description\" content=\"Aucune restriction particuli\u00e8re n&#039;a \u00e9t\u00e9 d\u00e9cid\u00e9e par le Comit\u00e9 scientifique charg\u00e9 de la lutte contre le coronavirus, qui estime que la malgr\u00e9 la propagation rapide du virus, la situation n&#039;est pas dangereuse en Tunisie, citant notamment un faible de taux d\u2019occupation dans les h\u00f4pitaux.\" \/>\n<meta name=\"robots\" content=\"index, follow, max-snippet:-1, max-image-preview:large, max-video-preview:-1\" \/>\n<link rel=\"canonical\" href=\"https:\/\/kapitalis.com\/tunisie\/2022\/07\/12\/covid-tunisie-pas-de-restrictions-particulieres-et-appel-au-respect-des-mesures-preventives\/\" \/>\n<meta property=\"og:locale\" content=\"fr_FR\" \/>\n<meta property=\"og:type\" content=\"article\" \/>\n<meta property=\"og:title\" content=\"Covid-Tunisie : Pas de restrictions particuli\u00e8res et appel au respect des mesures pr\u00e9ventives - Kapitalis\" \/>\n<meta property=\"og:description\" content=\"Aucune restriction particuli\u00e8re n&#039;a \u00e9t\u00e9 d\u00e9cid\u00e9e par le Comit\u00e9 scientifique charg\u00e9 de la lutte contre le coronavirus, qui estime que la malgr\u00e9 la propagation rapide du virus, la situation n&#039;est pas dangereuse en Tunisie, citant notamment un faible de taux d\u2019occupation dans les h\u00f4pitaux.\" \/>\n<meta property=\"og:url\" content=\"https:\/\/kapitalis.com\/tunisie\/2022\/07\/12\/covid-tunisie-pas-de-restrictions-particulieres-et-appel-au-respect-des-mesures-preventives\/\" \/>\n<meta property=\"og:site_name\" content=\"Kapitalis\" \/>\n<meta property=\"article:publisher\" content=\"https:\/\/www.facebook.com\/KapitalisInfo\/\" \/>\n<meta property=\"article:published_time\" content=\"2022-07-12T20:57:42+00:00\" \/>\n<meta property=\"article:modified_time\" content=\"2022-07-12T20:57:44+00:00\" \/>\n<meta property=\"og:image\" content=\"https:\/\/kapitalis.com\/tunisie\/wp-content\/uploads\/2022\/07\/Covid-Tunisie.jpg\" \/>\n\t<meta property=\"og:image:width\" content=\"1200\" \/>\n\t<meta property=\"og:image:height\" content=\"630\" \/>\n\t<meta property=\"og:image:type\" content=\"image\/jpeg\" \/>\n<meta name=\"author\" content=\"Yusra NY\" \/>\n<meta name=\"twitter:card\" content=\"summary_large_image\" \/>\n<meta name=\"twitter:creator\" content=\"@KapitalisInfo\" \/>\n<meta name=\"twitter:site\" content=\"@KapitalisInfo\" \/>\n<meta name=\"twitter:label1\" content=\"\u00c9crit par\" \/>\n\t<meta name=\"twitter:data1\" content=\"Yusra NY\" \/>\n\t<meta name=\"twitter:label2\" content=\"Dur\u00e9e de lecture estim\u00e9e\" \/>\n\t<meta name=\"twitter:data2\" content=\"2 minutes\" \/>\n<script type=\"application\/ld+json\" class=\"yoast-schema-graph\">{\"@context\":\"https:\/\/schema.org\",\"@graph\":[{\"@type\":\"Article\",\"@id\":\"https:\/\/kapitalis.com\/tunisie\/2022\/07\/12\/covid-tunisie-pas-de-restrictions-particulieres-et-appel-au-respect-des-mesures-preventives\/#article\",\"isPartOf\":{\"@id\":\"https:\/\/kapitalis.com\/tunisie\/2022\/07\/12\/covid-tunisie-pas-de-restrictions-particulieres-et-appel-au-respect-des-mesures-preventives\/\"},\"author\":{\"name\":\"Yusra NY\",\"@id\":\"https:\/\/kapitalis.com\/tunisie\/#\/schema\/person\/74bbde0154d49d790a92aaeac5bc01d5\"},\"headline\":\"Covid-Tunisie : Pas de restrictions particuli\u00e8res et appel au respect des mesures pr\u00e9ventives\",\"datePublished\":\"2022-07-12T20:57:42+00:00\",\"dateModified\":\"2022-07-12T20:57:44+00:00\",\"mainEntityOfPage\":{\"@id\":\"https:\/\/kapitalis.com\/tunisie\/2022\/07\/12\/covid-tunisie-pas-de-restrictions-particulieres-et-appel-au-respect-des-mesures-preventives\/\"},\"wordCount\":288,\"commentCount\":1,\"publisher\":{\"@id\":\"https:\/\/kapitalis.com\/tunisie\/#organization\"},\"image\":{\"@id\":\"https:\/\/kapitalis.com\/tunisie\/2022\/07\/12\/covid-tunisie-pas-de-restrictions-particulieres-et-appel-au-respect-des-mesures-preventives\/#primaryimage\"},\"thumbnailUrl\":\"https:\/\/kapitalis.com\/tunisie\/wp-content\/uploads\/2022\/07\/Covid-Tunisie.jpg\",\"keywords\":[\"comit\u00e9 scientifique\",\"Coronavirus\",\"Covid-19\",\"Sant\u00e9\",\"Tunisie\",\"vaccin\",\"vaccination\"],\"articleSection\":[\"SOCIETE\",\"Tunisie\"],\"inLanguage\":\"fr-FR\",\"potentialAction\":[{\"@type\":\"CommentAction\",\"name\":\"Comment\",\"target\":[\"https:\/\/kapitalis.com\/tunisie\/2022\/07\/12\/covid-tunisie-pas-de-restrictions-particulieres-et-appel-au-respect-des-mesures-preventives\/#respond\"]}]},{\"@type\":\"WebPage\",\"@id\":\"https:\/\/kapitalis.com\/tunisie\/2022\/07\/12\/covid-tunisie-pas-de-restrictions-particulieres-et-appel-au-respect-des-mesures-preventives\/\",\"url\":\"https:\/\/kapitalis.com\/tunisie\/2022\/07\/12\/covid-tunisie-pas-de-restrictions-particulieres-et-appel-au-respect-des-mesures-preventives\/\",\"name\":\"Covid-Tunisie : Pas de restrictions particuli\u00e8res et appel au respect des mesures pr\u00e9ventives - Kapitalis\",\"isPartOf\":{\"@id\":\"https:\/\/kapitalis.com\/tunisie\/#website\"},\"primaryImageOfPage\":{\"@id\":\"https:\/\/kapitalis.com\/tunisie\/2022\/07\/12\/covid-tunisie-pas-de-restrictions-particulieres-et-appel-au-respect-des-mesures-preventives\/#primaryimage\"},\"image\":{\"@id\":\"https:\/\/kapitalis.com\/tunisie\/2022\/07\/12\/covid-tunisie-pas-de-restrictions-particulieres-et-appel-au-respect-des-mesures-preventives\/#primaryimage\"},\"thumbnailUrl\":\"https:\/\/kapitalis.com\/tunisie\/wp-content\/uploads\/2022\/07\/Covid-Tunisie.jpg\",\"datePublished\":\"2022-07-12T20:57:42+00:00\",\"dateModified\":\"2022-07-12T20:57:44+00:00\",\"description\":\"Aucune restriction particuli\u00e8re n'a \u00e9t\u00e9 d\u00e9cid\u00e9e par le Comit\u00e9 scientifique charg\u00e9 de la lutte contre le coronavirus, qui estime que la malgr\u00e9 la propagation rapide du virus, la situation n'est pas dangereuse en Tunisie, citant notamment un faible de taux d\u2019occupation dans les h\u00f4pitaux.\",\"breadcrumb\":{\"@id\":\"https:\/\/kapitalis.com\/tunisie\/2022\/07\/12\/covid-tunisie-pas-de-restrictions-particulieres-et-appel-au-respect-des-mesures-preventives\/#breadcrumb\"},\"inLanguage\":\"fr-FR\",\"potentialAction\":[{\"@type\":\"ReadAction\",\"target\":[\"https:\/\/kapitalis.com\/tunisie\/2022\/07\/12\/covid-tunisie-pas-de-restrictions-particulieres-et-appel-au-respect-des-mesures-preventives\/\"]}]},{\"@type\":\"ImageObject\",\"inLanguage\":\"fr-FR\",\"@id\":\"https:\/\/kapitalis.com\/tunisie\/2022\/07\/12\/covid-tunisie-pas-de-restrictions-particulieres-et-appel-au-respect-des-mesures-preventives\/#primaryimage\",\"url\":\"https:\/\/kapitalis.com\/tunisie\/wp-content\/uploads\/2022\/07\/Covid-Tunisie.jpg\",\"contentUrl\":\"https:\/\/kapitalis.com\/tunisie\/wp-content\/uploads\/2022\/07\/Covid-Tunisie.jpg\",\"width\":1200,\"height\":630},{\"@type\":\"BreadcrumbList\",\"@id\":\"https:\/\/kapitalis.com\/tunisie\/2022\/07\/12\/covid-tunisie-pas-de-restrictions-particulieres-et-appel-au-respect-des-mesures-preventives\/#breadcrumb\",\"itemListElement\":[{\"@type\":\"ListItem\",\"position\":1,\"name\":\"Accueil\",\"item\":\"https:\/\/kapitalis.com\/tunisie\/\"},{\"@type\":\"ListItem\",\"position\":2,\"name\":\"Covid-Tunisie : Pas de restrictions particuli\u00e8res et appel au respect des mesures pr\u00e9ventives\"}]},{\"@type\":\"WebSite\",\"@id\":\"https:\/\/kapitalis.com\/tunisie\/#website\",\"url\":\"https:\/\/kapitalis.com\/tunisie\/\",\"name\":\"Kapitalis\",\"description\":\"L&#039;actualit\u00e9 en Tunisie et dans le monde\",\"publisher\":{\"@id\":\"https:\/\/kapitalis.com\/tunisie\/#organization\"},\"potentialAction\":[{\"@type\":\"SearchAction\",\"target\":{\"@type\":\"EntryPoint\",\"urlTemplate\":\"https:\/\/kapitalis.com\/tunisie\/?s={search_term_string}\"},\"query-input\":{\"@type\":\"PropertyValueSpecification\",\"valueRequired\":true,\"valueName\":\"search_term_string\"}}],\"inLanguage\":\"fr-FR\"},{\"@type\":\"Organization\",\"@id\":\"https:\/\/kapitalis.com\/tunisie\/#organization\",\"name\":\"Kapitalis\",\"url\":\"https:\/\/kapitalis.com\/tunisie\/\",\"logo\":{\"@type\":\"ImageObject\",\"inLanguage\":\"fr-FR\",\"@id\":\"https:\/\/kapitalis.com\/tunisie\/#\/schema\/logo\/image\/\",\"url\":\"https:\/\/kapitalis.com\/tunisie\/wp-content\/uploads\/2022\/05\/Kapitalis-big-size.png\",\"contentUrl\":\"https:\/\/kapitalis.com\/tunisie\/wp-content\/uploads\/2022\/05\/Kapitalis-big-size.png\",\"width\":5000,\"height\":1500,\"caption\":\"Kapitalis\"},\"image\":{\"@id\":\"https:\/\/kapitalis.com\/tunisie\/#\/schema\/logo\/image\/\"},\"sameAs\":[\"https:\/\/www.facebook.com\/KapitalisInfo\/\",\"https:\/\/x.com\/KapitalisInfo\",\"https:\/\/www.youtube.com\/channel\/UC-yDYrHyfFBWWZaOw3FPg9Q\"]},{\"@type\":\"Person\",\"@id\":\"https:\/\/kapitalis.com\/tunisie\/#\/schema\/person\/74bbde0154d49d790a92aaeac5bc01d5\",\"name\":\"Yusra NY\",\"url\":\"https:\/\/kapitalis.com\/tunisie\/author\/yuza_adam\/\"}]}<\/script>\n<!-- \/ Yoast SEO plugin. -->","yoast_head_json":{"title":"Covid-Tunisie : Pas de restrictions particuli\u00e8res et appel au respect des mesures pr\u00e9ventives - Kapitalis","description":"Aucune restriction particuli\u00e8re n'a \u00e9t\u00e9 d\u00e9cid\u00e9e par le Comit\u00e9 scientifique charg\u00e9 de la lutte contre le coronavirus, qui estime que la malgr\u00e9 la propagation rapide du virus, la situation n'est pas dangereuse en Tunisie, citant notamment un faible de taux d\u2019occupation dans les h\u00f4pitaux.","robots":{"index":"index","follow":"follow","max-snippet":"max-snippet:-1","max-image-preview":"max-image-preview:large","max-video-preview":"max-video-preview:-1"},"canonical":"https:\/\/kapitalis.com\/tunisie\/2022\/07\/12\/covid-tunisie-pas-de-restrictions-particulieres-et-appel-au-respect-des-mesures-preventives\/","og_locale":"fr_FR","og_type":"article","og_title":"Covid-Tunisie : Pas de restrictions particuli\u00e8res et appel au respect des mesures pr\u00e9ventives - Kapitalis","og_description":"Aucune restriction particuli\u00e8re n'a \u00e9t\u00e9 d\u00e9cid\u00e9e par le Comit\u00e9 scientifique charg\u00e9 de la lutte contre le coronavirus, qui estime que la malgr\u00e9 la propagation rapide du virus, la situation n'est pas dangereuse en Tunisie, citant notamment un faible de taux d\u2019occupation dans les h\u00f4pitaux.","og_url":"https:\/\/kapitalis.com\/tunisie\/2022\/07\/12\/covid-tunisie-pas-de-restrictions-particulieres-et-appel-au-respect-des-mesures-preventives\/","og_site_name":"Kapitalis","article_publisher":"https:\/\/www.facebook.com\/KapitalisInfo\/","article_published_time":"2022-07-12T20:57:42+00:00","article_modified_time":"2022-07-12T20:57:44+00:00","og_image":[{"width":1200,"height":630,"url":"https:\/\/kapitalis.com\/tunisie\/wp-content\/uploads\/2022\/07\/Covid-Tunisie.jpg","type":"image\/jpeg"}],"author":"Yusra NY","twitter_card":"summary_large_image","twitter_creator":"@KapitalisInfo","twitter_site":"@KapitalisInfo","twitter_misc":{"\u00c9crit par":"Yusra NY","Dur\u00e9e de lecture estim\u00e9e":"2 minutes"},"schema":{"@context":"https:\/\/schema.org","@graph":[{"@type":"Article","@id":"https:\/\/kapitalis.com\/tunisie\/2022\/07\/12\/covid-tunisie-pas-de-restrictions-particulieres-et-appel-au-respect-des-mesures-preventives\/#article","isPartOf":{"@id":"https:\/\/kapitalis.com\/tunisie\/2022\/07\/12\/covid-tunisie-pas-de-restrictions-particulieres-et-appel-au-respect-des-mesures-preventives\/"},"author":{"name":"Yusra NY","@id":"https:\/\/kapitalis.com\/tunisie\/#\/schema\/person\/74bbde0154d49d790a92aaeac5bc01d5"},"headline":"Covid-Tunisie : Pas de restrictions particuli\u00e8res et appel au respect des mesures pr\u00e9ventives","datePublished":"2022-07-12T20:57:42+00:00","dateModified":"2022-07-12T20:57:44+00:00","mainEntityOfPage":{"@id":"https:\/\/kapitalis.com\/tunisie\/2022\/07\/12\/covid-tunisie-pas-de-restrictions-particulieres-et-appel-au-respect-des-mesures-preventives\/"},"wordCount":288,"commentCount":1,"publisher":{"@id":"https:\/\/kapitalis.com\/tunisie\/#organization"},"image":{"@id":"https:\/\/kapitalis.com\/tunisie\/2022\/07\/12\/covid-tunisie-pas-de-restrictions-particulieres-et-appel-au-respect-des-mesures-preventives\/#primaryimage"},"thumbnailUrl":"https:\/\/kapitalis.com\/tunisie\/wp-content\/uploads\/2022\/07\/Covid-Tunisie.jpg","keywords":["comit\u00e9 scientifique","Coronavirus","Covid-19","Sant\u00e9","Tunisie","vaccin","vaccination"],"articleSection":["SOCIETE","Tunisie"],"inLanguage":"fr-FR","potentialAction":[{"@type":"CommentAction","name":"Comment","target":["https:\/\/kapitalis.com\/tunisie\/2022\/07\/12\/covid-tunisie-pas-de-restrictions-particulieres-et-appel-au-respect-des-mesures-preventives\/#respond"]}]},{"@type":"WebPage","@id":"https:\/\/kapitalis.com\/tunisie\/2022\/07\/12\/covid-tunisie-pas-de-restrictions-particulieres-et-appel-au-respect-des-mesures-preventives\/","url":"https:\/\/kapitalis.com\/tunisie\/2022\/07\/12\/covid-tunisie-pas-de-restrictions-particulieres-et-appel-au-respect-des-mesures-preventives\/","name":"Covid-Tunisie : Pas de restrictions particuli\u00e8res et appel au respect des mesures pr\u00e9ventives - Kapitalis","isPartOf":{"@id":"https:\/\/kapitalis.com\/tunisie\/#website"},"primaryImageOfPage":{"@id":"https:\/\/kapitalis.com\/tunisie\/2022\/07\/12\/covid-tunisie-pas-de-restrictions-particulieres-et-appel-au-respect-des-mesures-preventives\/#primaryimage"},"image":{"@id":"https:\/\/kapitalis.com\/tunisie\/2022\/07\/12\/covid-tunisie-pas-de-restrictions-particulieres-et-appel-au-respect-des-mesures-preventives\/#primaryimage"},"thumbnailUrl":"https:\/\/kapitalis.com\/tunisie\/wp-content\/uploads\/2022\/07\/Covid-Tunisie.jpg","datePublished":"2022-07-12T20:57:42+00:00","dateModified":"2022-07-12T20:57:44+00:00","description":"Aucune restriction particuli\u00e8re n'a \u00e9t\u00e9 d\u00e9cid\u00e9e par le Comit\u00e9 scientifique charg\u00e9 de la lutte contre le coronavirus, qui estime que la malgr\u00e9 la propagation rapide du virus, la situation n'est pas dangereuse en Tunisie, citant notamment un faible de taux d\u2019occupation dans les h\u00f4pitaux.","breadcrumb":{"@id":"https:\/\/kapitalis.com\/tunisie\/2022\/07\/12\/covid-tunisie-pas-de-restrictions-particulieres-et-appel-au-respect-des-mesures-preventives\/#breadcrumb"},"inLanguage":"fr-FR","potentialAction":[{"@type":"ReadAction","target":["https:\/\/kapitalis.com\/tunisie\/2022\/07\/12\/covid-tunisie-pas-de-restrictions-particulieres-et-appel-au-respect-des-mesures-preventives\/"]}]},{"@type":"ImageObject","inLanguage":"fr-FR","@id":"https:\/\/kapitalis.com\/tunisie\/2022\/07\/12\/covid-tunisie-pas-de-restrictions-particulieres-et-appel-au-respect-des-mesures-preventives\/#primaryimage","url":"https:\/\/kapitalis.com\/tunisie\/wp-content\/uploads\/2022\/07\/Covid-Tunisie.jpg","contentUrl":"https:\/\/kapitalis.com\/tunisie\/wp-content\/uploads\/2022\/07\/Covid-Tunisie.jpg","width":1200,"height":630},{"@type":"BreadcrumbList","@id":"https:\/\/kapitalis.com\/tunisie\/2022\/07\/12\/covid-tunisie-pas-de-restrictions-particulieres-et-appel-au-respect-des-mesures-preventives\/#breadcrumb","itemListElement":[{"@type":"ListItem","position":1,"name":"Accueil","item":"https:\/\/kapitalis.com\/tunisie\/"},{"@type":"ListItem","position":2,"name":"Covid-Tunisie : Pas de restrictions particuli\u00e8res et appel au respect des mesures pr\u00e9ventives"}]},{"@type":"WebSite","@id":"https:\/\/kapitalis.com\/tunisie\/#website","url":"https:\/\/kapitalis.com\/tunisie\/","name":"Kapitalis","description":"L&#039;actualit\u00e9 en Tunisie et dans le monde","publisher":{"@id":"https:\/\/kapitalis.com\/tunisie\/#organization"},"potentialAction":[{"@type":"SearchAction","target":{"@type":"EntryPoint","urlTemplate":"https:\/\/kapitalis.com\/tunisie\/?s={search_term_string}"},"query-input":{"@type":"PropertyValueSpecification","valueRequired":true,"valueName":"search_term_string"}}],"inLanguage":"fr-FR"},{"@type":"Organization","@id":"https:\/\/kapitalis.com\/tunisie\/#organization","name":"Kapitalis","url":"https:\/\/kapitalis.com\/tunisie\/","logo":{"@type":"ImageObject","inLanguage":"fr-FR","@id":"https:\/\/kapitalis.com\/tunisie\/#\/schema\/logo\/image\/","url":"https:\/\/kapitalis.com\/tunisie\/wp-content\/uploads\/2022\/05\/Kapitalis-big-size.png","contentUrl":"https:\/\/kapitalis.com\/tunisie\/wp-content\/uploads\/2022\/05\/Kapitalis-big-size.png","width":5000,"height":1500,"caption":"Kapitalis"},"image":{"@id":"https:\/\/kapitalis.com\/tunisie\/#\/schema\/logo\/image\/"},"sameAs":["https:\/\/www.facebook.com\/KapitalisInfo\/","https:\/\/x.com\/KapitalisInfo","https:\/\/www.youtube.com\/channel\/UC-yDYrHyfFBWWZaOw3FPg9Q"]},{"@type":"Person","@id":"https:\/\/kapitalis.com\/tunisie\/#\/schema\/person\/74bbde0154d49d790a92aaeac5bc01d5","name":"Yusra NY","url":"https:\/\/kapitalis.com\/tunisie\/author\/yuza_adam\/"}]}},"_links":{"self":[{"href":"https:\/\/kapitalis.com\/tunisie\/wp-json\/wp\/v2\/posts\/2212299","targetHints":{"allow":["GET"]}}],"collection":[{"href":"https:\/\/kapitalis.com\/tunisie\/wp-json\/wp\/v2\/posts"}],"about":[{"href":"https:\/\/kapitalis.com\/tunisie\/wp-json\/wp\/v2\/types\/post"}],"author":[{"embeddable":true,"href":"https:\/\/kapitalis.com\/tunisie\/wp-json\/wp\/v2\/users\/6"}],"replies":[{"embeddable":true,"href":"https:\/\/kapitalis.com\/tunisie\/wp-json\/wp\/v2\/comments?post=2212299"}],"version-history":[{"count":0,"href":"https:\/\/kapitalis.com\/tunisie\/wp-json\/wp\/v2\/posts\/2212299\/revisions"}],"wp:featuredmedia":[{"embeddable":true,"href":"https:\/\/kapitalis.com\/tunisie\/wp-json\/wp\/v2\/media\/2212471"}],"wp:attachment":[{"href":"https:\/\/kapitalis.com\/tunisie\/wp-json\/wp\/v2\/media?parent=2212299"}],"wp:term":[{"taxonomy":"category","embeddable":true,"href":"https:\/\/kapitalis.com\/tunisie\/wp-json\/wp\/v2\/categories?post=2212299"},{"taxonomy":"post_tag","embeddable":true,"href":"https:\/\/kapitalis.com\/tunisie\/wp-json\/wp\/v2\/tags?post=2212299"}],"curies":[{"name":"wp","href":"https:\/\/api.w.org\/{rel}","templated":true}]}}