{"id":22172,"date":"2015-10-29T11:17:21","date_gmt":"2015-10-29T10:17:21","guid":{"rendered":"http:\/\/kapitalis.com\/tunisie\/?p=22172"},"modified":"2015-10-29T13:33:31","modified_gmt":"2015-10-29T12:33:31","slug":"agression-dun-journaliste-de-kasserine-fm","status":"publish","type":"post","link":"https:\/\/kapitalis.com\/tunisie\/2015\/10\/29\/agression-dun-journaliste-de-kasserine-fm\/","title":{"rendered":"Agression d\u2019un journaliste de Kasserine FM"},"content":{"rendered":"<p><img loading=\"lazy\" decoding=\"async\" class=\"alignnone size-full wp-image-22175 aligncenter\" src=\"http:\/\/kapitalis.com\/tunisie\/wp-content\/uploads\/2015\/10\/kasserine1.jpg\" alt=\"kasserine\" width=\"626\" height=\"380\" \/><\/p>\n<p style=\"text-align: center;\"><em>Photos Kasserine FM<\/em><\/p>\n<p><em><strong>Un journaliste animateur de la radio Kasserine FM a \u00e9t\u00e9 victime d\u2019une agression, hier apr\u00e8s-midi, \u00e0 quelques pas de son lieu de travail.<\/strong> <\/em><br \/>\n<!--more--><\/p>\n<p>Talel Mhamdi, animateur du programme \u00ab\u00a0<em>K-Dialogue<\/em>\u00a0\u00bb et pr\u00e9sentateur des informations sur Radio K-FM, a \u00e9t\u00e9 agress\u00e9 par un inconnu, en quittant son travail.<\/p>\n<p>Transport\u00e9 aux urgences, il s\u2019en est sorti avec quelques contusions et a pu rentrer chez lui dans la soir\u00e9e apr\u00e8s que le m\u00e9decin lui ait prescrit un arr\u00eat de travail de 15 jours.<\/p>\n<p>L\u2019administration de la radio a port\u00e9 plainte contre X et une enqu\u00eate a \u00e9t\u00e9 ouverte.<\/p>\n<p>\u00ab<em>La police, qui a ouvert une enqu\u00eate, visualisera les enregistrements vid\u00e9o de la cam\u00e9ra de surveillance de la banque pr\u00e8s de laquelle Talel a \u00e9t\u00e9 agress\u00e9<\/em>\u00bb, a indiqu\u00e9 la radio, ajoutant que Talel Mhamdi devra \u00e9galement \u00eatre auscult\u00e9 par un ophtalmologue priv\u00e9, puisqu\u2019\u00e0 l\u2019h\u00f4pital r\u00e9gional de Kasserine, il n\u2019y en avait pas un et qu\u2019il souffre de douleur \u00e0 l\u2019\u0153il gauche sur lequel il a re\u00e7u plusieurs coups.<\/p>\n<p style=\"text-align: right;\"><strong>Y. N<\/strong>.<\/p>\n","protected":false},"excerpt":{"rendered":"<p>Photos Kasserine FM Un journaliste animateur de la radio Kasserine FM a \u00e9t\u00e9 victime d\u2019une agression, hier apr\u00e8s-midi, \u00e0 quelques pas de son lieu de travail.<\/p>\n","protected":false},"author":11,"featured_media":22175,"comment_status":"open","ping_status":"open","sticky":false,"template":"","format":"standard","meta":{"footnotes":""},"categories":[996,2433],"tags":[5308,451,1380,721,5702],"class_list":["post-22172","post","type-post","status-publish","format-standard","has-post-thumbnail","hentry","category-media","category-tunisie","tag-animateur","tag-hopital","tag-journaliste","tag-plainte","tag-radio"],"yoast_head":"<!-- This site is optimized with the Yoast SEO plugin v26.6 - https:\/\/yoast.com\/wordpress\/plugins\/seo\/ -->\n<title>Agression d\u2019un journaliste de Kasserine FM - Kapitalis<\/title>\n<meta name=\"robots\" content=\"index, follow, max-snippet:-1, max-image-preview:large, max-video-preview:-1\" \/>\n<link rel=\"canonical\" href=\"https:\/\/kapitalis.com\/tunisie\/2015\/10\/29\/agression-dun-journaliste-de-kasserine-fm\/\" \/>\n<meta property=\"og:locale\" content=\"fr_FR\" \/>\n<meta property=\"og:type\" content=\"article\" \/>\n<meta property=\"og:title\" content=\"Agression d\u2019un journaliste de Kasserine FM - Kapitalis\" \/>\n<meta property=\"og:description\" content=\"Photos Kasserine FM Un journaliste animateur de la radio Kasserine FM a \u00e9t\u00e9 victime d\u2019une agression, hier apr\u00e8s-midi, \u00e0 quelques pas de son lieu de travail.\" \/>\n<meta property=\"og:url\" content=\"https:\/\/kapitalis.com\/tunisie\/2015\/10\/29\/agression-dun-journaliste-de-kasserine-fm\/\" \/>\n<meta property=\"og:site_name\" content=\"Kapitalis\" \/>\n<meta property=\"article:publisher\" content=\"https:\/\/www.facebook.com\/KapitalisInfo\/\" \/>\n<meta property=\"article:published_time\" content=\"2015-10-29T10:17:21+00:00\" \/>\n<meta property=\"article:modified_time\" content=\"2015-10-29T12:33:31+00:00\" \/>\n<meta property=\"og:image\" content=\"https:\/\/kapitalis.com\/tunisie\/wp-content\/uploads\/2022\/05\/kapitalis-logo-fb.png\" \/>\n\t<meta property=\"og:image:width\" content=\"1200\" \/>\n\t<meta property=\"og:image:height\" content=\"630\" \/>\n\t<meta property=\"og:image:type\" content=\"image\/png\" \/>\n<meta name=\"author\" content=\"benmansour3 benmansour\" \/>\n<meta name=\"twitter:card\" content=\"summary_large_image\" \/>\n<meta name=\"twitter:creator\" content=\"@KapitalisInfo\" \/>\n<meta name=\"twitter:site\" content=\"@KapitalisInfo\" \/>\n<meta name=\"twitter:label1\" content=\"\u00c9crit par\" \/>\n\t<meta name=\"twitter:data1\" content=\"benmansour3 benmansour\" \/>\n\t<meta name=\"twitter:label2\" content=\"Dur\u00e9e de lecture estim\u00e9e\" \/>\n\t<meta name=\"twitter:data2\" content=\"1 minute\" \/>\n<script type=\"application\/ld+json\" class=\"yoast-schema-graph\">{\"@context\":\"https:\/\/schema.org\",\"@graph\":[{\"@type\":\"Article\",\"@id\":\"https:\/\/kapitalis.com\/tunisie\/2015\/10\/29\/agression-dun-journaliste-de-kasserine-fm\/#article\",\"isPartOf\":{\"@id\":\"https:\/\/kapitalis.com\/tunisie\/2015\/10\/29\/agression-dun-journaliste-de-kasserine-fm\/\"},\"author\":{\"name\":\"benmansour3 benmansour\",\"@id\":\"https:\/\/kapitalis.com\/tunisie\/#\/schema\/person\/035372e645ad321edc01006468cd4c8b\"},\"headline\":\"Agression d\u2019un journaliste de Kasserine FM\",\"datePublished\":\"2015-10-29T10:17:21+00:00\",\"dateModified\":\"2015-10-29T12:33:31+00:00\",\"mainEntityOfPage\":{\"@id\":\"https:\/\/kapitalis.com\/tunisie\/2015\/10\/29\/agression-dun-journaliste-de-kasserine-fm\/\"},\"wordCount\":192,\"commentCount\":0,\"publisher\":{\"@id\":\"https:\/\/kapitalis.com\/tunisie\/#organization\"},\"image\":{\"@id\":\"https:\/\/kapitalis.com\/tunisie\/2015\/10\/29\/agression-dun-journaliste-de-kasserine-fm\/#primaryimage\"},\"thumbnailUrl\":\"\",\"keywords\":[\"animateur\",\"h\u00f4pital\",\"journaliste\",\"plainte\",\"Radio\"],\"articleSection\":[\"MEDIA\",\"Tunisie\"],\"inLanguage\":\"fr-FR\",\"potentialAction\":[{\"@type\":\"CommentAction\",\"name\":\"Comment\",\"target\":[\"https:\/\/kapitalis.com\/tunisie\/2015\/10\/29\/agression-dun-journaliste-de-kasserine-fm\/#respond\"]}]},{\"@type\":\"WebPage\",\"@id\":\"https:\/\/kapitalis.com\/tunisie\/2015\/10\/29\/agression-dun-journaliste-de-kasserine-fm\/\",\"url\":\"https:\/\/kapitalis.com\/tunisie\/2015\/10\/29\/agression-dun-journaliste-de-kasserine-fm\/\",\"name\":\"Agression d\u2019un journaliste de Kasserine FM - Kapitalis\",\"isPartOf\":{\"@id\":\"https:\/\/kapitalis.com\/tunisie\/#website\"},\"primaryImageOfPage\":{\"@id\":\"https:\/\/kapitalis.com\/tunisie\/2015\/10\/29\/agression-dun-journaliste-de-kasserine-fm\/#primaryimage\"},\"image\":{\"@id\":\"https:\/\/kapitalis.com\/tunisie\/2015\/10\/29\/agression-dun-journaliste-de-kasserine-fm\/#primaryimage\"},\"thumbnailUrl\":\"\",\"datePublished\":\"2015-10-29T10:17:21+00:00\",\"dateModified\":\"2015-10-29T12:33:31+00:00\",\"breadcrumb\":{\"@id\":\"https:\/\/kapitalis.com\/tunisie\/2015\/10\/29\/agression-dun-journaliste-de-kasserine-fm\/#breadcrumb\"},\"inLanguage\":\"fr-FR\",\"potentialAction\":[{\"@type\":\"ReadAction\",\"target\":[\"https:\/\/kapitalis.com\/tunisie\/2015\/10\/29\/agression-dun-journaliste-de-kasserine-fm\/\"]}]},{\"@type\":\"ImageObject\",\"inLanguage\":\"fr-FR\",\"@id\":\"https:\/\/kapitalis.com\/tunisie\/2015\/10\/29\/agression-dun-journaliste-de-kasserine-fm\/#primaryimage\",\"url\":\"\",\"contentUrl\":\"\"},{\"@type\":\"BreadcrumbList\",\"@id\":\"https:\/\/kapitalis.com\/tunisie\/2015\/10\/29\/agression-dun-journaliste-de-kasserine-fm\/#breadcrumb\",\"itemListElement\":[{\"@type\":\"ListItem\",\"position\":1,\"name\":\"Accueil\",\"item\":\"https:\/\/kapitalis.com\/tunisie\/\"},{\"@type\":\"ListItem\",\"position\":2,\"name\":\"Agression d\u2019un journaliste de Kasserine FM\"}]},{\"@type\":\"WebSite\",\"@id\":\"https:\/\/kapitalis.com\/tunisie\/#website\",\"url\":\"https:\/\/kapitalis.com\/tunisie\/\",\"name\":\"Kapitalis\",\"description\":\"L&#039;actualit\u00e9 en Tunisie et dans le monde\",\"publisher\":{\"@id\":\"https:\/\/kapitalis.com\/tunisie\/#organization\"},\"potentialAction\":[{\"@type\":\"SearchAction\",\"target\":{\"@type\":\"EntryPoint\",\"urlTemplate\":\"https:\/\/kapitalis.com\/tunisie\/?s={search_term_string}\"},\"query-input\":{\"@type\":\"PropertyValueSpecification\",\"valueRequired\":true,\"valueName\":\"search_term_string\"}}],\"inLanguage\":\"fr-FR\"},{\"@type\":\"Organization\",\"@id\":\"https:\/\/kapitalis.com\/tunisie\/#organization\",\"name\":\"Kapitalis\",\"url\":\"https:\/\/kapitalis.com\/tunisie\/\",\"logo\":{\"@type\":\"ImageObject\",\"inLanguage\":\"fr-FR\",\"@id\":\"https:\/\/kapitalis.com\/tunisie\/#\/schema\/logo\/image\/\",\"url\":\"https:\/\/kapitalis.com\/tunisie\/wp-content\/uploads\/2022\/05\/Kapitalis-big-size.png\",\"contentUrl\":\"https:\/\/kapitalis.com\/tunisie\/wp-content\/uploads\/2022\/05\/Kapitalis-big-size.png\",\"width\":5000,\"height\":1500,\"caption\":\"Kapitalis\"},\"image\":{\"@id\":\"https:\/\/kapitalis.com\/tunisie\/#\/schema\/logo\/image\/\"},\"sameAs\":[\"https:\/\/www.facebook.com\/KapitalisInfo\/\",\"https:\/\/x.com\/KapitalisInfo\",\"https:\/\/www.youtube.com\/channel\/UC-yDYrHyfFBWWZaOw3FPg9Q\"]},{\"@type\":\"Person\",\"@id\":\"https:\/\/kapitalis.com\/tunisie\/#\/schema\/person\/035372e645ad321edc01006468cd4c8b\",\"name\":\"benmansour3 benmansour\",\"url\":\"https:\/\/kapitalis.com\/tunisie\/author\/benmansour3\/\"}]}<\/script>\n<!-- \/ Yoast SEO plugin. -->","yoast_head_json":{"title":"Agression d\u2019un journaliste de Kasserine FM - Kapitalis","robots":{"index":"index","follow":"follow","max-snippet":"max-snippet:-1","max-image-preview":"max-image-preview:large","max-video-preview":"max-video-preview:-1"},"canonical":"https:\/\/kapitalis.com\/tunisie\/2015\/10\/29\/agression-dun-journaliste-de-kasserine-fm\/","og_locale":"fr_FR","og_type":"article","og_title":"Agression d\u2019un journaliste de Kasserine FM - Kapitalis","og_description":"Photos Kasserine FM Un journaliste animateur de la radio Kasserine FM a \u00e9t\u00e9 victime d\u2019une agression, hier apr\u00e8s-midi, \u00e0 quelques pas de son lieu de travail.","og_url":"https:\/\/kapitalis.com\/tunisie\/2015\/10\/29\/agression-dun-journaliste-de-kasserine-fm\/","og_site_name":"Kapitalis","article_publisher":"https:\/\/www.facebook.com\/KapitalisInfo\/","article_published_time":"2015-10-29T10:17:21+00:00","article_modified_time":"2015-10-29T12:33:31+00:00","og_image":[{"width":1200,"height":630,"url":"https:\/\/kapitalis.com\/tunisie\/wp-content\/uploads\/2022\/05\/kapitalis-logo-fb.png","type":"image\/png"}],"author":"benmansour3 benmansour","twitter_card":"summary_large_image","twitter_creator":"@KapitalisInfo","twitter_site":"@KapitalisInfo","twitter_misc":{"\u00c9crit par":"benmansour3 benmansour","Dur\u00e9e de lecture estim\u00e9e":"1 minute"},"schema":{"@context":"https:\/\/schema.org","@graph":[{"@type":"Article","@id":"https:\/\/kapitalis.com\/tunisie\/2015\/10\/29\/agression-dun-journaliste-de-kasserine-fm\/#article","isPartOf":{"@id":"https:\/\/kapitalis.com\/tunisie\/2015\/10\/29\/agression-dun-journaliste-de-kasserine-fm\/"},"author":{"name":"benmansour3 benmansour","@id":"https:\/\/kapitalis.com\/tunisie\/#\/schema\/person\/035372e645ad321edc01006468cd4c8b"},"headline":"Agression d\u2019un journaliste de Kasserine FM","datePublished":"2015-10-29T10:17:21+00:00","dateModified":"2015-10-29T12:33:31+00:00","mainEntityOfPage":{"@id":"https:\/\/kapitalis.com\/tunisie\/2015\/10\/29\/agression-dun-journaliste-de-kasserine-fm\/"},"wordCount":192,"commentCount":0,"publisher":{"@id":"https:\/\/kapitalis.com\/tunisie\/#organization"},"image":{"@id":"https:\/\/kapitalis.com\/tunisie\/2015\/10\/29\/agression-dun-journaliste-de-kasserine-fm\/#primaryimage"},"thumbnailUrl":"","keywords":["animateur","h\u00f4pital","journaliste","plainte","Radio"],"articleSection":["MEDIA","Tunisie"],"inLanguage":"fr-FR","potentialAction":[{"@type":"CommentAction","name":"Comment","target":["https:\/\/kapitalis.com\/tunisie\/2015\/10\/29\/agression-dun-journaliste-de-kasserine-fm\/#respond"]}]},{"@type":"WebPage","@id":"https:\/\/kapitalis.com\/tunisie\/2015\/10\/29\/agression-dun-journaliste-de-kasserine-fm\/","url":"https:\/\/kapitalis.com\/tunisie\/2015\/10\/29\/agression-dun-journaliste-de-kasserine-fm\/","name":"Agression d\u2019un journaliste de Kasserine FM - Kapitalis","isPartOf":{"@id":"https:\/\/kapitalis.com\/tunisie\/#website"},"primaryImageOfPage":{"@id":"https:\/\/kapitalis.com\/tunisie\/2015\/10\/29\/agression-dun-journaliste-de-kasserine-fm\/#primaryimage"},"image":{"@id":"https:\/\/kapitalis.com\/tunisie\/2015\/10\/29\/agression-dun-journaliste-de-kasserine-fm\/#primaryimage"},"thumbnailUrl":"","datePublished":"2015-10-29T10:17:21+00:00","dateModified":"2015-10-29T12:33:31+00:00","breadcrumb":{"@id":"https:\/\/kapitalis.com\/tunisie\/2015\/10\/29\/agression-dun-journaliste-de-kasserine-fm\/#breadcrumb"},"inLanguage":"fr-FR","potentialAction":[{"@type":"ReadAction","target":["https:\/\/kapitalis.com\/tunisie\/2015\/10\/29\/agression-dun-journaliste-de-kasserine-fm\/"]}]},{"@type":"ImageObject","inLanguage":"fr-FR","@id":"https:\/\/kapitalis.com\/tunisie\/2015\/10\/29\/agression-dun-journaliste-de-kasserine-fm\/#primaryimage","url":"","contentUrl":""},{"@type":"BreadcrumbList","@id":"https:\/\/kapitalis.com\/tunisie\/2015\/10\/29\/agression-dun-journaliste-de-kasserine-fm\/#breadcrumb","itemListElement":[{"@type":"ListItem","position":1,"name":"Accueil","item":"https:\/\/kapitalis.com\/tunisie\/"},{"@type":"ListItem","position":2,"name":"Agression d\u2019un journaliste de Kasserine FM"}]},{"@type":"WebSite","@id":"https:\/\/kapitalis.com\/tunisie\/#website","url":"https:\/\/kapitalis.com\/tunisie\/","name":"Kapitalis","description":"L&#039;actualit\u00e9 en Tunisie et dans le monde","publisher":{"@id":"https:\/\/kapitalis.com\/tunisie\/#organization"},"potentialAction":[{"@type":"SearchAction","target":{"@type":"EntryPoint","urlTemplate":"https:\/\/kapitalis.com\/tunisie\/?s={search_term_string}"},"query-input":{"@type":"PropertyValueSpecification","valueRequired":true,"valueName":"search_term_string"}}],"inLanguage":"fr-FR"},{"@type":"Organization","@id":"https:\/\/kapitalis.com\/tunisie\/#organization","name":"Kapitalis","url":"https:\/\/kapitalis.com\/tunisie\/","logo":{"@type":"ImageObject","inLanguage":"fr-FR","@id":"https:\/\/kapitalis.com\/tunisie\/#\/schema\/logo\/image\/","url":"https:\/\/kapitalis.com\/tunisie\/wp-content\/uploads\/2022\/05\/Kapitalis-big-size.png","contentUrl":"https:\/\/kapitalis.com\/tunisie\/wp-content\/uploads\/2022\/05\/Kapitalis-big-size.png","width":5000,"height":1500,"caption":"Kapitalis"},"image":{"@id":"https:\/\/kapitalis.com\/tunisie\/#\/schema\/logo\/image\/"},"sameAs":["https:\/\/www.facebook.com\/KapitalisInfo\/","https:\/\/x.com\/KapitalisInfo","https:\/\/www.youtube.com\/channel\/UC-yDYrHyfFBWWZaOw3FPg9Q"]},{"@type":"Person","@id":"https:\/\/kapitalis.com\/tunisie\/#\/schema\/person\/035372e645ad321edc01006468cd4c8b","name":"benmansour3 benmansour","url":"https:\/\/kapitalis.com\/tunisie\/author\/benmansour3\/"}]}},"_links":{"self":[{"href":"https:\/\/kapitalis.com\/tunisie\/wp-json\/wp\/v2\/posts\/22172","targetHints":{"allow":["GET"]}}],"collection":[{"href":"https:\/\/kapitalis.com\/tunisie\/wp-json\/wp\/v2\/posts"}],"about":[{"href":"https:\/\/kapitalis.com\/tunisie\/wp-json\/wp\/v2\/types\/post"}],"author":[{"embeddable":true,"href":"https:\/\/kapitalis.com\/tunisie\/wp-json\/wp\/v2\/users\/11"}],"replies":[{"embeddable":true,"href":"https:\/\/kapitalis.com\/tunisie\/wp-json\/wp\/v2\/comments?post=22172"}],"version-history":[{"count":0,"href":"https:\/\/kapitalis.com\/tunisie\/wp-json\/wp\/v2\/posts\/22172\/revisions"}],"wp:featuredmedia":[{"embeddable":true,"href":"https:\/\/kapitalis.com\/tunisie\/wp-json\/wp\/v2\/media\/22175"}],"wp:attachment":[{"href":"https:\/\/kapitalis.com\/tunisie\/wp-json\/wp\/v2\/media?parent=22172"}],"wp:term":[{"taxonomy":"category","embeddable":true,"href":"https:\/\/kapitalis.com\/tunisie\/wp-json\/wp\/v2\/categories?post=22172"},{"taxonomy":"post_tag","embeddable":true,"href":"https:\/\/kapitalis.com\/tunisie\/wp-json\/wp\/v2\/tags?post=22172"}],"curies":[{"name":"wp","href":"https:\/\/api.w.org\/{rel}","templated":true}]}}