{"id":221811,"date":"2019-07-02T14:40:19","date_gmt":"2019-07-02T13:40:19","guid":{"rendered":"http:\/\/kapitalis.com\/tunisie\/?p=221811"},"modified":"2019-07-02T15:12:30","modified_gmt":"2019-07-02T14:12:30","slug":"cours-particuliers-illegaux-trente-enseignants-sanctionnes-depuis-septembre-2018","status":"publish","type":"post","link":"https:\/\/kapitalis.com\/tunisie\/2019\/07\/02\/cours-particuliers-illegaux-trente-enseignants-sanctionnes-depuis-septembre-2018\/","title":{"rendered":"Cours particuliers ill\u00e9gaux : Trente enseignants sanctionn\u00e9s depuis septembre 2018"},"content":{"rendered":"\n<figure class=\"wp-block-image\"><img decoding=\"async\" src=\"http:\/\/kapitalis.com\/tunisie\/wp-content\/uploads\/2018\/05\/cours-particuliers-soutien-solaire.jpg\" alt=\"\" class=\"wp-image-154189\"\/><\/figure>\n\n\n\n<p> <strong><em>Depuis le d\u00e9but de cette ann\u00e9e scolaire 2018-2019,<\/em><\/strong> <strong><em>30 instituteurs et enseignants du secondaire ont \u00e9t\u00e9 traduits en conseil de discipline et sanctionn\u00e9s pour avoir dispens\u00e9 des cours particuliers en dehors du cadre \u00e9ducatif. Il y a encore des efforts \u00e0 faire pour venir \u00e0 bout de ce fl\u00e9au dont ne cessent de se plaindre les parents&#8230;<\/em><\/strong><\/p>\n\n\n\n<!--more-->\n\n\n\n<p>C&rsquo;est ce qu&rsquo;a indiqu\u00e9 Hatem Ben Salem, ministre de l\u2019Education, dans une d\u00e9claration aux m\u00e9dias, aujourd&rsquo;hui, mardi 2 juillet 2019, en pr\u00e9cisant que de septembre 2018 \u00e0 mai 2019, les contr\u00f4les ont permis d&rsquo;identifier ces enseignants dispensant des cours particuliers ill\u00e9galement, souvent dans des conditions d\u00e9plorables et en dehors des \u00e9tablissements scolaires.<\/p>\n\n\n\n<p>On sait cependant qu&rsquo;il ne faut pas se r\u00e9jouir de ces 30 sanctions, les cours particuliers demeurent monnaie courante et beaucoup de responsables et de parents ferment les yeux, dans une sorte de complicit\u00e9 active.<\/p>\n\n\n\n<p>Rappelons qu&rsquo;en septembre 2018, le minist\u00e8re de l&rsquo;Education a annonc\u00e9  <br>qu&rsquo;il sanctionnera les enseignants en fonction qui dispensent des cours particuliers dits anarchiques. Les sanctions pouvant aller jusqu&rsquo;au renvoi d\u00e9finitif. Le bilan, avouons-le, est encore trop maigre et le ph\u00e9nom\u00e8ne a encore de beaux jours devant lui&#8230; <\/p>\n\n\n\n<p style=\"text-align:right\"><strong>Y. N.<\/strong><\/p>\n\n\n\n<figure class=\"wp-block-embed is-type-rich is-provider-kapitalis\"><div class=\"wp-block-embed__wrapper\">\n<blockquote class=\"wp-embedded-content\" data-secret=\"kG4DsCN6qH\"><a href=\"https:\/\/kapitalis.com\/tunisie\/2018\/09\/13\/officiel-les-cours-particuliers-interdits-aux-enseignants-en-fonction\/\">Officiel : Les cours particuliers interdits aux enseignants en fonction<\/a><\/blockquote><iframe loading=\"lazy\" class=\"wp-embedded-content\" sandbox=\"allow-scripts\" security=\"restricted\" style=\"position: absolute; clip: rect(1px, 1px, 1px, 1px);\" title=\"\u00ab\u00a0Officiel : Les cours particuliers interdits aux enseignants en fonction\u00a0\u00bb &#8212; Kapitalis\" src=\"https:\/\/kapitalis.com\/tunisie\/2018\/09\/13\/officiel-les-cours-particuliers-interdits-aux-enseignants-en-fonction\/embed\/#?secret=kV6skooaxC#?secret=kG4DsCN6qH\" data-secret=\"kG4DsCN6qH\" width=\"600\" height=\"338\" frameborder=\"0\" marginwidth=\"0\" marginheight=\"0\" scrolling=\"no\"><\/iframe>\n<\/div><\/figure>\n\n\n\n<figure class=\"wp-block-embed is-type-rich is-provider-kapitalis\"><div class=\"wp-block-embed__wrapper\">\n<blockquote class=\"wp-embedded-content\" data-secret=\"QodyxSv6cf\"><a href=\"https:\/\/kapitalis.com\/tunisie\/2015\/09\/14\/education-neji-jalloul-declare-la-guerre-aux-cours-particuliers\/\">Education : N\u00e9ji Jalloul d\u00e9clare la guerre aux cours particuliers<\/a><\/blockquote><iframe loading=\"lazy\" class=\"wp-embedded-content\" sandbox=\"allow-scripts\" security=\"restricted\" style=\"position: absolute; clip: rect(1px, 1px, 1px, 1px);\" title=\"\u00ab\u00a0Education : N\u00e9ji Jalloul d\u00e9clare la guerre aux cours particuliers\u00a0\u00bb &#8212; Kapitalis\" src=\"https:\/\/kapitalis.com\/tunisie\/2015\/09\/14\/education-neji-jalloul-declare-la-guerre-aux-cours-particuliers\/embed\/#?secret=Y4Cz2sRQvF#?secret=QodyxSv6cf\" data-secret=\"QodyxSv6cf\" width=\"600\" height=\"338\" frameborder=\"0\" marginwidth=\"0\" marginheight=\"0\" scrolling=\"no\"><\/iframe>\n<\/div><\/figure>\n","protected":false},"excerpt":{"rendered":"<p>Depuis le d\u00e9but de cette ann\u00e9e scolaire 2018-2019, 30 instituteurs et enseignants du secondaire ont \u00e9t\u00e9 traduits en conseil de discipline et sanctionn\u00e9s pour avoir dispens\u00e9 des cours particuliers en dehors du cadre \u00e9ducatif. Il y a encore des efforts \u00e0 faire pour venir \u00e0 bout de ce fl\u00e9au dont ne cessent de se plaindre&#8230;<\/p>\n","protected":false},"author":6,"featured_media":0,"comment_status":"open","ping_status":"open","sticky":false,"template":"","format":"standard","meta":{"footnotes":""},"categories":[998,2433],"tags":[3784,306,315,327,1908,488],"class_list":["post-221811","post","type-post","status-publish","format-standard","hentry","category-societe","category-tunisie","tag-cours-particuliers","tag-education","tag-eleves","tag-enseignants","tag-hatem-ben-salem","tag-instituteurs"],"yoast_head":"<!-- This site is optimized with the Yoast SEO plugin v26.6 - https:\/\/yoast.com\/wordpress\/plugins\/seo\/ -->\n<title>Cours particuliers ill\u00e9gaux : Trente enseignants sanctionn\u00e9s depuis septembre 2018 - Kapitalis<\/title>\n<meta name=\"robots\" content=\"index, follow, max-snippet:-1, max-image-preview:large, max-video-preview:-1\" \/>\n<link rel=\"canonical\" href=\"https:\/\/kapitalis.com\/tunisie\/2019\/07\/02\/cours-particuliers-illegaux-trente-enseignants-sanctionnes-depuis-septembre-2018\/\" \/>\n<meta property=\"og:locale\" content=\"fr_FR\" \/>\n<meta property=\"og:type\" content=\"article\" \/>\n<meta property=\"og:title\" content=\"Cours particuliers ill\u00e9gaux : Trente enseignants sanctionn\u00e9s depuis septembre 2018 - Kapitalis\" \/>\n<meta property=\"og:description\" content=\"Depuis le d\u00e9but de cette ann\u00e9e scolaire 2018-2019, 30 instituteurs et enseignants du secondaire ont \u00e9t\u00e9 traduits en conseil de discipline et sanctionn\u00e9s pour avoir dispens\u00e9 des cours particuliers en dehors du cadre \u00e9ducatif. Il y a encore des efforts \u00e0 faire pour venir \u00e0 bout de ce fl\u00e9au dont ne cessent de se plaindre...\" \/>\n<meta property=\"og:url\" content=\"https:\/\/kapitalis.com\/tunisie\/2019\/07\/02\/cours-particuliers-illegaux-trente-enseignants-sanctionnes-depuis-septembre-2018\/\" \/>\n<meta property=\"og:site_name\" content=\"Kapitalis\" \/>\n<meta property=\"article:publisher\" content=\"https:\/\/www.facebook.com\/KapitalisInfo\/\" \/>\n<meta property=\"article:published_time\" content=\"2019-07-02T13:40:19+00:00\" \/>\n<meta property=\"article:modified_time\" content=\"2019-07-02T14:12:30+00:00\" \/>\n<meta property=\"og:image\" content=\"http:\/\/kapitalis.com\/tunisie\/wp-content\/uploads\/2018\/05\/cours-particuliers-soutien-solaire.jpg\" \/>\n<meta name=\"author\" content=\"Yusra NY\" \/>\n<meta name=\"twitter:card\" content=\"summary_large_image\" \/>\n<meta name=\"twitter:creator\" content=\"@KapitalisInfo\" \/>\n<meta name=\"twitter:site\" content=\"@KapitalisInfo\" \/>\n<meta name=\"twitter:label1\" content=\"\u00c9crit par\" \/>\n\t<meta name=\"twitter:data1\" content=\"Yusra NY\" \/>\n\t<meta name=\"twitter:label2\" content=\"Dur\u00e9e de lecture estim\u00e9e\" \/>\n\t<meta name=\"twitter:data2\" content=\"1 minute\" \/>\n<script type=\"application\/ld+json\" class=\"yoast-schema-graph\">{\"@context\":\"https:\/\/schema.org\",\"@graph\":[{\"@type\":\"Article\",\"@id\":\"https:\/\/kapitalis.com\/tunisie\/2019\/07\/02\/cours-particuliers-illegaux-trente-enseignants-sanctionnes-depuis-septembre-2018\/#article\",\"isPartOf\":{\"@id\":\"https:\/\/kapitalis.com\/tunisie\/2019\/07\/02\/cours-particuliers-illegaux-trente-enseignants-sanctionnes-depuis-septembre-2018\/\"},\"author\":{\"name\":\"Yusra NY\",\"@id\":\"https:\/\/kapitalis.com\/tunisie\/#\/schema\/person\/74bbde0154d49d790a92aaeac5bc01d5\"},\"headline\":\"Cours particuliers ill\u00e9gaux : Trente enseignants sanctionn\u00e9s depuis septembre 2018\",\"datePublished\":\"2019-07-02T13:40:19+00:00\",\"dateModified\":\"2019-07-02T14:12:30+00:00\",\"mainEntityOfPage\":{\"@id\":\"https:\/\/kapitalis.com\/tunisie\/2019\/07\/02\/cours-particuliers-illegaux-trente-enseignants-sanctionnes-depuis-septembre-2018\/\"},\"wordCount\":219,\"commentCount\":0,\"publisher\":{\"@id\":\"https:\/\/kapitalis.com\/tunisie\/#organization\"},\"image\":{\"@id\":\"https:\/\/kapitalis.com\/tunisie\/2019\/07\/02\/cours-particuliers-illegaux-trente-enseignants-sanctionnes-depuis-septembre-2018\/#primaryimage\"},\"thumbnailUrl\":\"http:\/\/kapitalis.com\/tunisie\/wp-content\/uploads\/2018\/05\/cours-particuliers-soutien-solaire.jpg\",\"keywords\":[\"cours particuliers\",\"\u00e9ducation\",\"\u00e9l\u00e8ves\",\"enseignants\",\"Hatem Ben Salem\",\"instituteurs\"],\"articleSection\":[\"SOCIETE\",\"Tunisie\"],\"inLanguage\":\"fr-FR\",\"potentialAction\":[{\"@type\":\"CommentAction\",\"name\":\"Comment\",\"target\":[\"https:\/\/kapitalis.com\/tunisie\/2019\/07\/02\/cours-particuliers-illegaux-trente-enseignants-sanctionnes-depuis-septembre-2018\/#respond\"]}]},{\"@type\":\"WebPage\",\"@id\":\"https:\/\/kapitalis.com\/tunisie\/2019\/07\/02\/cours-particuliers-illegaux-trente-enseignants-sanctionnes-depuis-septembre-2018\/\",\"url\":\"https:\/\/kapitalis.com\/tunisie\/2019\/07\/02\/cours-particuliers-illegaux-trente-enseignants-sanctionnes-depuis-septembre-2018\/\",\"name\":\"Cours particuliers ill\u00e9gaux : Trente enseignants sanctionn\u00e9s depuis septembre 2018 - Kapitalis\",\"isPartOf\":{\"@id\":\"https:\/\/kapitalis.com\/tunisie\/#website\"},\"primaryImageOfPage\":{\"@id\":\"https:\/\/kapitalis.com\/tunisie\/2019\/07\/02\/cours-particuliers-illegaux-trente-enseignants-sanctionnes-depuis-septembre-2018\/#primaryimage\"},\"image\":{\"@id\":\"https:\/\/kapitalis.com\/tunisie\/2019\/07\/02\/cours-particuliers-illegaux-trente-enseignants-sanctionnes-depuis-septembre-2018\/#primaryimage\"},\"thumbnailUrl\":\"http:\/\/kapitalis.com\/tunisie\/wp-content\/uploads\/2018\/05\/cours-particuliers-soutien-solaire.jpg\",\"datePublished\":\"2019-07-02T13:40:19+00:00\",\"dateModified\":\"2019-07-02T14:12:30+00:00\",\"breadcrumb\":{\"@id\":\"https:\/\/kapitalis.com\/tunisie\/2019\/07\/02\/cours-particuliers-illegaux-trente-enseignants-sanctionnes-depuis-septembre-2018\/#breadcrumb\"},\"inLanguage\":\"fr-FR\",\"potentialAction\":[{\"@type\":\"ReadAction\",\"target\":[\"https:\/\/kapitalis.com\/tunisie\/2019\/07\/02\/cours-particuliers-illegaux-trente-enseignants-sanctionnes-depuis-septembre-2018\/\"]}]},{\"@type\":\"ImageObject\",\"inLanguage\":\"fr-FR\",\"@id\":\"https:\/\/kapitalis.com\/tunisie\/2019\/07\/02\/cours-particuliers-illegaux-trente-enseignants-sanctionnes-depuis-septembre-2018\/#primaryimage\",\"url\":\"http:\/\/kapitalis.com\/tunisie\/wp-content\/uploads\/2018\/05\/cours-particuliers-soutien-solaire.jpg\",\"contentUrl\":\"http:\/\/kapitalis.com\/tunisie\/wp-content\/uploads\/2018\/05\/cours-particuliers-soutien-solaire.jpg\"},{\"@type\":\"BreadcrumbList\",\"@id\":\"https:\/\/kapitalis.com\/tunisie\/2019\/07\/02\/cours-particuliers-illegaux-trente-enseignants-sanctionnes-depuis-septembre-2018\/#breadcrumb\",\"itemListElement\":[{\"@type\":\"ListItem\",\"position\":1,\"name\":\"Accueil\",\"item\":\"https:\/\/kapitalis.com\/tunisie\/\"},{\"@type\":\"ListItem\",\"position\":2,\"name\":\"Cours particuliers ill\u00e9gaux : Trente enseignants sanctionn\u00e9s depuis septembre 2018\"}]},{\"@type\":\"WebSite\",\"@id\":\"https:\/\/kapitalis.com\/tunisie\/#website\",\"url\":\"https:\/\/kapitalis.com\/tunisie\/\",\"name\":\"Kapitalis\",\"description\":\"L&#039;actualit\u00e9 en Tunisie et dans le monde\",\"publisher\":{\"@id\":\"https:\/\/kapitalis.com\/tunisie\/#organization\"},\"potentialAction\":[{\"@type\":\"SearchAction\",\"target\":{\"@type\":\"EntryPoint\",\"urlTemplate\":\"https:\/\/kapitalis.com\/tunisie\/?s={search_term_string}\"},\"query-input\":{\"@type\":\"PropertyValueSpecification\",\"valueRequired\":true,\"valueName\":\"search_term_string\"}}],\"inLanguage\":\"fr-FR\"},{\"@type\":\"Organization\",\"@id\":\"https:\/\/kapitalis.com\/tunisie\/#organization\",\"name\":\"Kapitalis\",\"url\":\"https:\/\/kapitalis.com\/tunisie\/\",\"logo\":{\"@type\":\"ImageObject\",\"inLanguage\":\"fr-FR\",\"@id\":\"https:\/\/kapitalis.com\/tunisie\/#\/schema\/logo\/image\/\",\"url\":\"https:\/\/kapitalis.com\/tunisie\/wp-content\/uploads\/2022\/05\/Kapitalis-big-size.png\",\"contentUrl\":\"https:\/\/kapitalis.com\/tunisie\/wp-content\/uploads\/2022\/05\/Kapitalis-big-size.png\",\"width\":5000,\"height\":1500,\"caption\":\"Kapitalis\"},\"image\":{\"@id\":\"https:\/\/kapitalis.com\/tunisie\/#\/schema\/logo\/image\/\"},\"sameAs\":[\"https:\/\/www.facebook.com\/KapitalisInfo\/\",\"https:\/\/x.com\/KapitalisInfo\",\"https:\/\/www.youtube.com\/channel\/UC-yDYrHyfFBWWZaOw3FPg9Q\"]},{\"@type\":\"Person\",\"@id\":\"https:\/\/kapitalis.com\/tunisie\/#\/schema\/person\/74bbde0154d49d790a92aaeac5bc01d5\",\"name\":\"Yusra NY\",\"url\":\"https:\/\/kapitalis.com\/tunisie\/author\/yuza_adam\/\"}]}<\/script>\n<!-- \/ Yoast SEO plugin. -->","yoast_head_json":{"title":"Cours particuliers ill\u00e9gaux : Trente enseignants sanctionn\u00e9s depuis septembre 2018 - Kapitalis","robots":{"index":"index","follow":"follow","max-snippet":"max-snippet:-1","max-image-preview":"max-image-preview:large","max-video-preview":"max-video-preview:-1"},"canonical":"https:\/\/kapitalis.com\/tunisie\/2019\/07\/02\/cours-particuliers-illegaux-trente-enseignants-sanctionnes-depuis-septembre-2018\/","og_locale":"fr_FR","og_type":"article","og_title":"Cours particuliers ill\u00e9gaux : Trente enseignants sanctionn\u00e9s depuis septembre 2018 - Kapitalis","og_description":"Depuis le d\u00e9but de cette ann\u00e9e scolaire 2018-2019, 30 instituteurs et enseignants du secondaire ont \u00e9t\u00e9 traduits en conseil de discipline et sanctionn\u00e9s pour avoir dispens\u00e9 des cours particuliers en dehors du cadre \u00e9ducatif. Il y a encore des efforts \u00e0 faire pour venir \u00e0 bout de ce fl\u00e9au dont ne cessent de se plaindre...","og_url":"https:\/\/kapitalis.com\/tunisie\/2019\/07\/02\/cours-particuliers-illegaux-trente-enseignants-sanctionnes-depuis-septembre-2018\/","og_site_name":"Kapitalis","article_publisher":"https:\/\/www.facebook.com\/KapitalisInfo\/","article_published_time":"2019-07-02T13:40:19+00:00","article_modified_time":"2019-07-02T14:12:30+00:00","og_image":[{"url":"http:\/\/kapitalis.com\/tunisie\/wp-content\/uploads\/2018\/05\/cours-particuliers-soutien-solaire.jpg","type":"","width":"","height":""}],"author":"Yusra NY","twitter_card":"summary_large_image","twitter_creator":"@KapitalisInfo","twitter_site":"@KapitalisInfo","twitter_misc":{"\u00c9crit par":"Yusra NY","Dur\u00e9e de lecture estim\u00e9e":"1 minute"},"schema":{"@context":"https:\/\/schema.org","@graph":[{"@type":"Article","@id":"https:\/\/kapitalis.com\/tunisie\/2019\/07\/02\/cours-particuliers-illegaux-trente-enseignants-sanctionnes-depuis-septembre-2018\/#article","isPartOf":{"@id":"https:\/\/kapitalis.com\/tunisie\/2019\/07\/02\/cours-particuliers-illegaux-trente-enseignants-sanctionnes-depuis-septembre-2018\/"},"author":{"name":"Yusra NY","@id":"https:\/\/kapitalis.com\/tunisie\/#\/schema\/person\/74bbde0154d49d790a92aaeac5bc01d5"},"headline":"Cours particuliers ill\u00e9gaux : Trente enseignants sanctionn\u00e9s depuis septembre 2018","datePublished":"2019-07-02T13:40:19+00:00","dateModified":"2019-07-02T14:12:30+00:00","mainEntityOfPage":{"@id":"https:\/\/kapitalis.com\/tunisie\/2019\/07\/02\/cours-particuliers-illegaux-trente-enseignants-sanctionnes-depuis-septembre-2018\/"},"wordCount":219,"commentCount":0,"publisher":{"@id":"https:\/\/kapitalis.com\/tunisie\/#organization"},"image":{"@id":"https:\/\/kapitalis.com\/tunisie\/2019\/07\/02\/cours-particuliers-illegaux-trente-enseignants-sanctionnes-depuis-septembre-2018\/#primaryimage"},"thumbnailUrl":"http:\/\/kapitalis.com\/tunisie\/wp-content\/uploads\/2018\/05\/cours-particuliers-soutien-solaire.jpg","keywords":["cours particuliers","\u00e9ducation","\u00e9l\u00e8ves","enseignants","Hatem Ben Salem","instituteurs"],"articleSection":["SOCIETE","Tunisie"],"inLanguage":"fr-FR","potentialAction":[{"@type":"CommentAction","name":"Comment","target":["https:\/\/kapitalis.com\/tunisie\/2019\/07\/02\/cours-particuliers-illegaux-trente-enseignants-sanctionnes-depuis-septembre-2018\/#respond"]}]},{"@type":"WebPage","@id":"https:\/\/kapitalis.com\/tunisie\/2019\/07\/02\/cours-particuliers-illegaux-trente-enseignants-sanctionnes-depuis-septembre-2018\/","url":"https:\/\/kapitalis.com\/tunisie\/2019\/07\/02\/cours-particuliers-illegaux-trente-enseignants-sanctionnes-depuis-septembre-2018\/","name":"Cours particuliers ill\u00e9gaux : Trente enseignants sanctionn\u00e9s depuis septembre 2018 - Kapitalis","isPartOf":{"@id":"https:\/\/kapitalis.com\/tunisie\/#website"},"primaryImageOfPage":{"@id":"https:\/\/kapitalis.com\/tunisie\/2019\/07\/02\/cours-particuliers-illegaux-trente-enseignants-sanctionnes-depuis-septembre-2018\/#primaryimage"},"image":{"@id":"https:\/\/kapitalis.com\/tunisie\/2019\/07\/02\/cours-particuliers-illegaux-trente-enseignants-sanctionnes-depuis-septembre-2018\/#primaryimage"},"thumbnailUrl":"http:\/\/kapitalis.com\/tunisie\/wp-content\/uploads\/2018\/05\/cours-particuliers-soutien-solaire.jpg","datePublished":"2019-07-02T13:40:19+00:00","dateModified":"2019-07-02T14:12:30+00:00","breadcrumb":{"@id":"https:\/\/kapitalis.com\/tunisie\/2019\/07\/02\/cours-particuliers-illegaux-trente-enseignants-sanctionnes-depuis-septembre-2018\/#breadcrumb"},"inLanguage":"fr-FR","potentialAction":[{"@type":"ReadAction","target":["https:\/\/kapitalis.com\/tunisie\/2019\/07\/02\/cours-particuliers-illegaux-trente-enseignants-sanctionnes-depuis-septembre-2018\/"]}]},{"@type":"ImageObject","inLanguage":"fr-FR","@id":"https:\/\/kapitalis.com\/tunisie\/2019\/07\/02\/cours-particuliers-illegaux-trente-enseignants-sanctionnes-depuis-septembre-2018\/#primaryimage","url":"http:\/\/kapitalis.com\/tunisie\/wp-content\/uploads\/2018\/05\/cours-particuliers-soutien-solaire.jpg","contentUrl":"http:\/\/kapitalis.com\/tunisie\/wp-content\/uploads\/2018\/05\/cours-particuliers-soutien-solaire.jpg"},{"@type":"BreadcrumbList","@id":"https:\/\/kapitalis.com\/tunisie\/2019\/07\/02\/cours-particuliers-illegaux-trente-enseignants-sanctionnes-depuis-septembre-2018\/#breadcrumb","itemListElement":[{"@type":"ListItem","position":1,"name":"Accueil","item":"https:\/\/kapitalis.com\/tunisie\/"},{"@type":"ListItem","position":2,"name":"Cours particuliers ill\u00e9gaux : Trente enseignants sanctionn\u00e9s depuis septembre 2018"}]},{"@type":"WebSite","@id":"https:\/\/kapitalis.com\/tunisie\/#website","url":"https:\/\/kapitalis.com\/tunisie\/","name":"Kapitalis","description":"L&#039;actualit\u00e9 en Tunisie et dans le monde","publisher":{"@id":"https:\/\/kapitalis.com\/tunisie\/#organization"},"potentialAction":[{"@type":"SearchAction","target":{"@type":"EntryPoint","urlTemplate":"https:\/\/kapitalis.com\/tunisie\/?s={search_term_string}"},"query-input":{"@type":"PropertyValueSpecification","valueRequired":true,"valueName":"search_term_string"}}],"inLanguage":"fr-FR"},{"@type":"Organization","@id":"https:\/\/kapitalis.com\/tunisie\/#organization","name":"Kapitalis","url":"https:\/\/kapitalis.com\/tunisie\/","logo":{"@type":"ImageObject","inLanguage":"fr-FR","@id":"https:\/\/kapitalis.com\/tunisie\/#\/schema\/logo\/image\/","url":"https:\/\/kapitalis.com\/tunisie\/wp-content\/uploads\/2022\/05\/Kapitalis-big-size.png","contentUrl":"https:\/\/kapitalis.com\/tunisie\/wp-content\/uploads\/2022\/05\/Kapitalis-big-size.png","width":5000,"height":1500,"caption":"Kapitalis"},"image":{"@id":"https:\/\/kapitalis.com\/tunisie\/#\/schema\/logo\/image\/"},"sameAs":["https:\/\/www.facebook.com\/KapitalisInfo\/","https:\/\/x.com\/KapitalisInfo","https:\/\/www.youtube.com\/channel\/UC-yDYrHyfFBWWZaOw3FPg9Q"]},{"@type":"Person","@id":"https:\/\/kapitalis.com\/tunisie\/#\/schema\/person\/74bbde0154d49d790a92aaeac5bc01d5","name":"Yusra NY","url":"https:\/\/kapitalis.com\/tunisie\/author\/yuza_adam\/"}]}},"_links":{"self":[{"href":"https:\/\/kapitalis.com\/tunisie\/wp-json\/wp\/v2\/posts\/221811","targetHints":{"allow":["GET"]}}],"collection":[{"href":"https:\/\/kapitalis.com\/tunisie\/wp-json\/wp\/v2\/posts"}],"about":[{"href":"https:\/\/kapitalis.com\/tunisie\/wp-json\/wp\/v2\/types\/post"}],"author":[{"embeddable":true,"href":"https:\/\/kapitalis.com\/tunisie\/wp-json\/wp\/v2\/users\/6"}],"replies":[{"embeddable":true,"href":"https:\/\/kapitalis.com\/tunisie\/wp-json\/wp\/v2\/comments?post=221811"}],"version-history":[{"count":0,"href":"https:\/\/kapitalis.com\/tunisie\/wp-json\/wp\/v2\/posts\/221811\/revisions"}],"wp:attachment":[{"href":"https:\/\/kapitalis.com\/tunisie\/wp-json\/wp\/v2\/media?parent=221811"}],"wp:term":[{"taxonomy":"category","embeddable":true,"href":"https:\/\/kapitalis.com\/tunisie\/wp-json\/wp\/v2\/categories?post=221811"},{"taxonomy":"post_tag","embeddable":true,"href":"https:\/\/kapitalis.com\/tunisie\/wp-json\/wp\/v2\/tags?post=221811"}],"curies":[{"name":"wp","href":"https:\/\/api.w.org\/{rel}","templated":true}]}}