{"id":222210,"date":"2019-07-03T17:49:07","date_gmt":"2019-07-03T16:49:07","guid":{"rendered":"http:\/\/kapitalis.com\/tunisie\/?p=222210"},"modified":"2019-10-18T13:54:49","modified_gmt":"2019-10-18T12:54:49","slug":"omc-la-nouvelle-version-des-profils-tarifaires-dans-le-monde-dont-ceux-de-la-tunisie","status":"publish","type":"post","link":"https:\/\/kapitalis.com\/tunisie\/2019\/07\/03\/omc-la-nouvelle-version-des-profils-tarifaires-dans-le-monde-dont-ceux-de-la-tunisie\/","title":{"rendered":"OMC : La nouvelle version des profils tarifaires dans le monde, dont ceux de la Tunisie"},"content":{"rendered":"\n<figure class=\"wp-block-image\"><img decoding=\"async\" src=\"http:\/\/kapitalis.com\/tunisie\/wp-content\/uploads\/2019\/07\/OMC.jpg\" alt=\"\" class=\"wp-image-222222\"\/><\/figure>\n\n\n\n<p><strong><em>L\u2019Organisation mondiale du commerce (OMC) a publi\u00e9 hier, mardi 2 juillet 2019, la derni\u00e8re version des <a rel=\"noreferrer noopener\" aria-label=\"Profils tarifaires (s\u2019ouvre dans un nouvel onglet)\" href=\"https:\/\/www.wto.org\/english\/res_e\/booksp_e\/tariff_profiles19_e.pdf\" target=\"_blank\">Profils tarifaires<\/a> dans le monde, \u00e9tablie conjointement par le Centre du commerce international (CCI) et la Conf\u00e9rence des Nations Unies sur le commerce et le d\u00e9veloppement (Cnuced).&nbsp; <\/em><\/strong><\/p>\n\n\n\n<!--more-->\n\n\n\n<p>Le th\u00e8me sp\u00e9cial des Profils tarifaires dans le monde de cette ann\u00e9e est d&rsquo;\u00ab<em>Aligner les politiques commerciales et tarifaires sur le d\u00e9veloppement durable<\/em>\u00bb. <\/p>\n\n\n\n<p>Cette nouvelle version des Profils tarifaires donne des renseignements d\u00e9taill\u00e9s sur les droits de douane et les mesures non tarifaires, appliqu\u00e9s par plus de 170 pays et territoires douaniers dont la Tunisie. Elle accorde, \u00e9galement, une attention particuli\u00e8re, au commerce et aux objectifs de d\u00e9veloppement durable (ODD). <\/p>\n\n\n\n<p>Les donn\u00e9es tarifaires sont pr\u00e9sent\u00e9es dans des tableaux comparatifs et dans des profils d&rsquo;une page par pays. Les statistiques sur les mesures non tarifaires par pays et par groupe de produits compl\u00e8tent les donn\u00e9es sur les droits de douane. <\/p>\n\n\n\n<p>Un nouveau tableau contenant les profils d&rsquo;importation et d&rsquo;exportation indique la valeur des importations et des exportations par pays et chaque territoire douanier, ainsi que les droits de douane moyens appliqu\u00e9s \u00e0 ces produits.<\/p>\n\n\n\n<p>Le document fournit des statistiques sur les droits de douane, appliqu\u00e9s aux biens technologiques pouvant aider les pays, dont la Tunisie, \u00e0 atteindre certains objectifs de d\u00e9veloppement durable, tels que l&rsquo;ODD 3.9 (<em>d&rsquo;ici 2030, r\u00e9duire consid\u00e9rablement le nombre de d\u00e9c\u00e8s et de maladies dus \u00e0 des produits chimiques dangereux et \u00e0 la pollution et la contamination de l&rsquo;air, de l&rsquo;eau et du sol<\/em>), et SDG 7.2 (<em>d\u2019ici \u00e0 2030, augmenter sensiblement la part des \u00e9nergies renouvelables dans le bouquet \u00e9nerg\u00e9tique mondial<\/em>).<\/p>\n\n\n\n<p>Rappelons que la version fran\u00e7aise de cette nouvelle version des Profils tarifaires sera t\u00e9l\u00e9chargeable \u00e0 partir de la fin de juillet 2019.  <\/p>\n\n\n\n<p style=\"text-align:right\"><strong>Amina Mkada<\/strong> (avec OMC).<\/p>\n\n\n<p><\/p><div><\/div>\n<p><\/p>","protected":false},"excerpt":{"rendered":"<p>L\u2019Organisation mondiale du commerce (OMC) a publi\u00e9 hier, mardi 2 juillet 2019, la derni\u00e8re version des Profils tarifaires dans le monde, \u00e9tablie conjointement par le Centre du commerce international (CCI) et la Conf\u00e9rence des Nations Unies sur le commerce et le d\u00e9veloppement (Cnuced).&nbsp;<\/p>\n","protected":false},"author":22,"featured_media":222222,"comment_status":"open","ping_status":"open","sticky":false,"template":"","format":"standard","meta":{"footnotes":""},"categories":[995,2433],"tags":[48363],"class_list":["post-222210","post","type-post","status-publish","format-standard","has-post-thumbnail","hentry","category-economie","category-tunisie","tag-omc"],"yoast_head":"<!-- This site is optimized with the Yoast SEO plugin v26.6 - https:\/\/yoast.com\/wordpress\/plugins\/seo\/ -->\n<title>OMC : La nouvelle version des profils tarifaires dans le monde, dont ceux de la Tunisie - Kapitalis<\/title>\n<meta name=\"robots\" content=\"index, follow, max-snippet:-1, max-image-preview:large, max-video-preview:-1\" \/>\n<link rel=\"canonical\" href=\"https:\/\/kapitalis.com\/tunisie\/2019\/07\/03\/omc-la-nouvelle-version-des-profils-tarifaires-dans-le-monde-dont-ceux-de-la-tunisie\/\" \/>\n<meta property=\"og:locale\" content=\"fr_FR\" \/>\n<meta property=\"og:type\" content=\"article\" \/>\n<meta property=\"og:title\" content=\"OMC : La nouvelle version des profils tarifaires dans le monde, dont ceux de la Tunisie - Kapitalis\" \/>\n<meta property=\"og:description\" content=\"L\u2019Organisation mondiale du commerce (OMC) a publi\u00e9 hier, mardi 2 juillet 2019, la derni\u00e8re version des Profils tarifaires dans le monde, \u00e9tablie conjointement par le Centre du commerce international (CCI) et la Conf\u00e9rence des Nations Unies sur le commerce et le d\u00e9veloppement (Cnuced).&nbsp;\" \/>\n<meta property=\"og:url\" content=\"https:\/\/kapitalis.com\/tunisie\/2019\/07\/03\/omc-la-nouvelle-version-des-profils-tarifaires-dans-le-monde-dont-ceux-de-la-tunisie\/\" \/>\n<meta property=\"og:site_name\" content=\"Kapitalis\" \/>\n<meta property=\"article:publisher\" content=\"https:\/\/www.facebook.com\/KapitalisInfo\/\" \/>\n<meta property=\"article:published_time\" content=\"2019-07-03T16:49:07+00:00\" \/>\n<meta property=\"article:modified_time\" content=\"2019-10-18T12:54:49+00:00\" \/>\n<meta property=\"og:image\" content=\"https:\/\/kapitalis.com\/tunisie\/wp-content\/uploads\/2022\/05\/kapitalis-logo-fb.png\" \/>\n\t<meta property=\"og:image:width\" content=\"1200\" \/>\n\t<meta property=\"og:image:height\" content=\"630\" \/>\n\t<meta property=\"og:image:type\" content=\"image\/png\" \/>\n<meta name=\"author\" content=\"Amina Mkada\" \/>\n<meta name=\"twitter:card\" content=\"summary_large_image\" \/>\n<meta name=\"twitter:creator\" content=\"@KapitalisInfo\" \/>\n<meta name=\"twitter:site\" content=\"@KapitalisInfo\" \/>\n<meta name=\"twitter:label1\" content=\"\u00c9crit par\" \/>\n\t<meta name=\"twitter:data1\" content=\"Amina Mkada\" \/>\n\t<meta name=\"twitter:label2\" content=\"Dur\u00e9e de lecture estim\u00e9e\" \/>\n\t<meta name=\"twitter:data2\" content=\"2 minutes\" \/>\n<script type=\"application\/ld+json\" class=\"yoast-schema-graph\">{\"@context\":\"https:\/\/schema.org\",\"@graph\":[{\"@type\":\"Article\",\"@id\":\"https:\/\/kapitalis.com\/tunisie\/2019\/07\/03\/omc-la-nouvelle-version-des-profils-tarifaires-dans-le-monde-dont-ceux-de-la-tunisie\/#article\",\"isPartOf\":{\"@id\":\"https:\/\/kapitalis.com\/tunisie\/2019\/07\/03\/omc-la-nouvelle-version-des-profils-tarifaires-dans-le-monde-dont-ceux-de-la-tunisie\/\"},\"author\":{\"name\":\"Amina Mkada\",\"@id\":\"https:\/\/kapitalis.com\/tunisie\/#\/schema\/person\/093913313d3017554cb3ad077fff3fbd\"},\"headline\":\"OMC : La nouvelle version des profils tarifaires dans le monde, dont ceux de la Tunisie\",\"datePublished\":\"2019-07-03T16:49:07+00:00\",\"dateModified\":\"2019-10-18T12:54:49+00:00\",\"mainEntityOfPage\":{\"@id\":\"https:\/\/kapitalis.com\/tunisie\/2019\/07\/03\/omc-la-nouvelle-version-des-profils-tarifaires-dans-le-monde-dont-ceux-de-la-tunisie\/\"},\"wordCount\":326,\"commentCount\":0,\"publisher\":{\"@id\":\"https:\/\/kapitalis.com\/tunisie\/#organization\"},\"image\":{\"@id\":\"https:\/\/kapitalis.com\/tunisie\/2019\/07\/03\/omc-la-nouvelle-version-des-profils-tarifaires-dans-le-monde-dont-ceux-de-la-tunisie\/#primaryimage\"},\"thumbnailUrl\":\"\",\"keywords\":[\"OMC\"],\"articleSection\":[\"ECONOMIE\",\"Tunisie\"],\"inLanguage\":\"fr-FR\",\"potentialAction\":[{\"@type\":\"CommentAction\",\"name\":\"Comment\",\"target\":[\"https:\/\/kapitalis.com\/tunisie\/2019\/07\/03\/omc-la-nouvelle-version-des-profils-tarifaires-dans-le-monde-dont-ceux-de-la-tunisie\/#respond\"]}]},{\"@type\":\"WebPage\",\"@id\":\"https:\/\/kapitalis.com\/tunisie\/2019\/07\/03\/omc-la-nouvelle-version-des-profils-tarifaires-dans-le-monde-dont-ceux-de-la-tunisie\/\",\"url\":\"https:\/\/kapitalis.com\/tunisie\/2019\/07\/03\/omc-la-nouvelle-version-des-profils-tarifaires-dans-le-monde-dont-ceux-de-la-tunisie\/\",\"name\":\"OMC : La nouvelle version des profils tarifaires dans le monde, dont ceux de la Tunisie - Kapitalis\",\"isPartOf\":{\"@id\":\"https:\/\/kapitalis.com\/tunisie\/#website\"},\"primaryImageOfPage\":{\"@id\":\"https:\/\/kapitalis.com\/tunisie\/2019\/07\/03\/omc-la-nouvelle-version-des-profils-tarifaires-dans-le-monde-dont-ceux-de-la-tunisie\/#primaryimage\"},\"image\":{\"@id\":\"https:\/\/kapitalis.com\/tunisie\/2019\/07\/03\/omc-la-nouvelle-version-des-profils-tarifaires-dans-le-monde-dont-ceux-de-la-tunisie\/#primaryimage\"},\"thumbnailUrl\":\"\",\"datePublished\":\"2019-07-03T16:49:07+00:00\",\"dateModified\":\"2019-10-18T12:54:49+00:00\",\"breadcrumb\":{\"@id\":\"https:\/\/kapitalis.com\/tunisie\/2019\/07\/03\/omc-la-nouvelle-version-des-profils-tarifaires-dans-le-monde-dont-ceux-de-la-tunisie\/#breadcrumb\"},\"inLanguage\":\"fr-FR\",\"potentialAction\":[{\"@type\":\"ReadAction\",\"target\":[\"https:\/\/kapitalis.com\/tunisie\/2019\/07\/03\/omc-la-nouvelle-version-des-profils-tarifaires-dans-le-monde-dont-ceux-de-la-tunisie\/\"]}]},{\"@type\":\"ImageObject\",\"inLanguage\":\"fr-FR\",\"@id\":\"https:\/\/kapitalis.com\/tunisie\/2019\/07\/03\/omc-la-nouvelle-version-des-profils-tarifaires-dans-le-monde-dont-ceux-de-la-tunisie\/#primaryimage\",\"url\":\"\",\"contentUrl\":\"\"},{\"@type\":\"BreadcrumbList\",\"@id\":\"https:\/\/kapitalis.com\/tunisie\/2019\/07\/03\/omc-la-nouvelle-version-des-profils-tarifaires-dans-le-monde-dont-ceux-de-la-tunisie\/#breadcrumb\",\"itemListElement\":[{\"@type\":\"ListItem\",\"position\":1,\"name\":\"Accueil\",\"item\":\"https:\/\/kapitalis.com\/tunisie\/\"},{\"@type\":\"ListItem\",\"position\":2,\"name\":\"OMC : La nouvelle version des profils tarifaires dans le monde, dont ceux de la Tunisie\"}]},{\"@type\":\"WebSite\",\"@id\":\"https:\/\/kapitalis.com\/tunisie\/#website\",\"url\":\"https:\/\/kapitalis.com\/tunisie\/\",\"name\":\"Kapitalis\",\"description\":\"L&#039;actualit\u00e9 en Tunisie et dans le monde\",\"publisher\":{\"@id\":\"https:\/\/kapitalis.com\/tunisie\/#organization\"},\"potentialAction\":[{\"@type\":\"SearchAction\",\"target\":{\"@type\":\"EntryPoint\",\"urlTemplate\":\"https:\/\/kapitalis.com\/tunisie\/?s={search_term_string}\"},\"query-input\":{\"@type\":\"PropertyValueSpecification\",\"valueRequired\":true,\"valueName\":\"search_term_string\"}}],\"inLanguage\":\"fr-FR\"},{\"@type\":\"Organization\",\"@id\":\"https:\/\/kapitalis.com\/tunisie\/#organization\",\"name\":\"Kapitalis\",\"url\":\"https:\/\/kapitalis.com\/tunisie\/\",\"logo\":{\"@type\":\"ImageObject\",\"inLanguage\":\"fr-FR\",\"@id\":\"https:\/\/kapitalis.com\/tunisie\/#\/schema\/logo\/image\/\",\"url\":\"https:\/\/kapitalis.com\/tunisie\/wp-content\/uploads\/2022\/05\/Kapitalis-big-size.png\",\"contentUrl\":\"https:\/\/kapitalis.com\/tunisie\/wp-content\/uploads\/2022\/05\/Kapitalis-big-size.png\",\"width\":5000,\"height\":1500,\"caption\":\"Kapitalis\"},\"image\":{\"@id\":\"https:\/\/kapitalis.com\/tunisie\/#\/schema\/logo\/image\/\"},\"sameAs\":[\"https:\/\/www.facebook.com\/KapitalisInfo\/\",\"https:\/\/x.com\/KapitalisInfo\",\"https:\/\/www.youtube.com\/channel\/UC-yDYrHyfFBWWZaOw3FPg9Q\"]},{\"@type\":\"Person\",\"@id\":\"https:\/\/kapitalis.com\/tunisie\/#\/schema\/person\/093913313d3017554cb3ad077fff3fbd\",\"name\":\"Amina Mkada\",\"url\":\"https:\/\/kapitalis.com\/tunisie\/author\/amina\/\"}]}<\/script>\n<!-- \/ Yoast SEO plugin. -->","yoast_head_json":{"title":"OMC : La nouvelle version des profils tarifaires dans le monde, dont ceux de la Tunisie - Kapitalis","robots":{"index":"index","follow":"follow","max-snippet":"max-snippet:-1","max-image-preview":"max-image-preview:large","max-video-preview":"max-video-preview:-1"},"canonical":"https:\/\/kapitalis.com\/tunisie\/2019\/07\/03\/omc-la-nouvelle-version-des-profils-tarifaires-dans-le-monde-dont-ceux-de-la-tunisie\/","og_locale":"fr_FR","og_type":"article","og_title":"OMC : La nouvelle version des profils tarifaires dans le monde, dont ceux de la Tunisie - Kapitalis","og_description":"L\u2019Organisation mondiale du commerce (OMC) a publi\u00e9 hier, mardi 2 juillet 2019, la derni\u00e8re version des Profils tarifaires dans le monde, \u00e9tablie conjointement par le Centre du commerce international (CCI) et la Conf\u00e9rence des Nations Unies sur le commerce et le d\u00e9veloppement (Cnuced).&nbsp;","og_url":"https:\/\/kapitalis.com\/tunisie\/2019\/07\/03\/omc-la-nouvelle-version-des-profils-tarifaires-dans-le-monde-dont-ceux-de-la-tunisie\/","og_site_name":"Kapitalis","article_publisher":"https:\/\/www.facebook.com\/KapitalisInfo\/","article_published_time":"2019-07-03T16:49:07+00:00","article_modified_time":"2019-10-18T12:54:49+00:00","og_image":[{"width":1200,"height":630,"url":"https:\/\/kapitalis.com\/tunisie\/wp-content\/uploads\/2022\/05\/kapitalis-logo-fb.png","type":"image\/png"}],"author":"Amina Mkada","twitter_card":"summary_large_image","twitter_creator":"@KapitalisInfo","twitter_site":"@KapitalisInfo","twitter_misc":{"\u00c9crit par":"Amina Mkada","Dur\u00e9e de lecture estim\u00e9e":"2 minutes"},"schema":{"@context":"https:\/\/schema.org","@graph":[{"@type":"Article","@id":"https:\/\/kapitalis.com\/tunisie\/2019\/07\/03\/omc-la-nouvelle-version-des-profils-tarifaires-dans-le-monde-dont-ceux-de-la-tunisie\/#article","isPartOf":{"@id":"https:\/\/kapitalis.com\/tunisie\/2019\/07\/03\/omc-la-nouvelle-version-des-profils-tarifaires-dans-le-monde-dont-ceux-de-la-tunisie\/"},"author":{"name":"Amina Mkada","@id":"https:\/\/kapitalis.com\/tunisie\/#\/schema\/person\/093913313d3017554cb3ad077fff3fbd"},"headline":"OMC : La nouvelle version des profils tarifaires dans le monde, dont ceux de la Tunisie","datePublished":"2019-07-03T16:49:07+00:00","dateModified":"2019-10-18T12:54:49+00:00","mainEntityOfPage":{"@id":"https:\/\/kapitalis.com\/tunisie\/2019\/07\/03\/omc-la-nouvelle-version-des-profils-tarifaires-dans-le-monde-dont-ceux-de-la-tunisie\/"},"wordCount":326,"commentCount":0,"publisher":{"@id":"https:\/\/kapitalis.com\/tunisie\/#organization"},"image":{"@id":"https:\/\/kapitalis.com\/tunisie\/2019\/07\/03\/omc-la-nouvelle-version-des-profils-tarifaires-dans-le-monde-dont-ceux-de-la-tunisie\/#primaryimage"},"thumbnailUrl":"","keywords":["OMC"],"articleSection":["ECONOMIE","Tunisie"],"inLanguage":"fr-FR","potentialAction":[{"@type":"CommentAction","name":"Comment","target":["https:\/\/kapitalis.com\/tunisie\/2019\/07\/03\/omc-la-nouvelle-version-des-profils-tarifaires-dans-le-monde-dont-ceux-de-la-tunisie\/#respond"]}]},{"@type":"WebPage","@id":"https:\/\/kapitalis.com\/tunisie\/2019\/07\/03\/omc-la-nouvelle-version-des-profils-tarifaires-dans-le-monde-dont-ceux-de-la-tunisie\/","url":"https:\/\/kapitalis.com\/tunisie\/2019\/07\/03\/omc-la-nouvelle-version-des-profils-tarifaires-dans-le-monde-dont-ceux-de-la-tunisie\/","name":"OMC : La nouvelle version des profils tarifaires dans le monde, dont ceux de la Tunisie - Kapitalis","isPartOf":{"@id":"https:\/\/kapitalis.com\/tunisie\/#website"},"primaryImageOfPage":{"@id":"https:\/\/kapitalis.com\/tunisie\/2019\/07\/03\/omc-la-nouvelle-version-des-profils-tarifaires-dans-le-monde-dont-ceux-de-la-tunisie\/#primaryimage"},"image":{"@id":"https:\/\/kapitalis.com\/tunisie\/2019\/07\/03\/omc-la-nouvelle-version-des-profils-tarifaires-dans-le-monde-dont-ceux-de-la-tunisie\/#primaryimage"},"thumbnailUrl":"","datePublished":"2019-07-03T16:49:07+00:00","dateModified":"2019-10-18T12:54:49+00:00","breadcrumb":{"@id":"https:\/\/kapitalis.com\/tunisie\/2019\/07\/03\/omc-la-nouvelle-version-des-profils-tarifaires-dans-le-monde-dont-ceux-de-la-tunisie\/#breadcrumb"},"inLanguage":"fr-FR","potentialAction":[{"@type":"ReadAction","target":["https:\/\/kapitalis.com\/tunisie\/2019\/07\/03\/omc-la-nouvelle-version-des-profils-tarifaires-dans-le-monde-dont-ceux-de-la-tunisie\/"]}]},{"@type":"ImageObject","inLanguage":"fr-FR","@id":"https:\/\/kapitalis.com\/tunisie\/2019\/07\/03\/omc-la-nouvelle-version-des-profils-tarifaires-dans-le-monde-dont-ceux-de-la-tunisie\/#primaryimage","url":"","contentUrl":""},{"@type":"BreadcrumbList","@id":"https:\/\/kapitalis.com\/tunisie\/2019\/07\/03\/omc-la-nouvelle-version-des-profils-tarifaires-dans-le-monde-dont-ceux-de-la-tunisie\/#breadcrumb","itemListElement":[{"@type":"ListItem","position":1,"name":"Accueil","item":"https:\/\/kapitalis.com\/tunisie\/"},{"@type":"ListItem","position":2,"name":"OMC : La nouvelle version des profils tarifaires dans le monde, dont ceux de la Tunisie"}]},{"@type":"WebSite","@id":"https:\/\/kapitalis.com\/tunisie\/#website","url":"https:\/\/kapitalis.com\/tunisie\/","name":"Kapitalis","description":"L&#039;actualit\u00e9 en Tunisie et dans le monde","publisher":{"@id":"https:\/\/kapitalis.com\/tunisie\/#organization"},"potentialAction":[{"@type":"SearchAction","target":{"@type":"EntryPoint","urlTemplate":"https:\/\/kapitalis.com\/tunisie\/?s={search_term_string}"},"query-input":{"@type":"PropertyValueSpecification","valueRequired":true,"valueName":"search_term_string"}}],"inLanguage":"fr-FR"},{"@type":"Organization","@id":"https:\/\/kapitalis.com\/tunisie\/#organization","name":"Kapitalis","url":"https:\/\/kapitalis.com\/tunisie\/","logo":{"@type":"ImageObject","inLanguage":"fr-FR","@id":"https:\/\/kapitalis.com\/tunisie\/#\/schema\/logo\/image\/","url":"https:\/\/kapitalis.com\/tunisie\/wp-content\/uploads\/2022\/05\/Kapitalis-big-size.png","contentUrl":"https:\/\/kapitalis.com\/tunisie\/wp-content\/uploads\/2022\/05\/Kapitalis-big-size.png","width":5000,"height":1500,"caption":"Kapitalis"},"image":{"@id":"https:\/\/kapitalis.com\/tunisie\/#\/schema\/logo\/image\/"},"sameAs":["https:\/\/www.facebook.com\/KapitalisInfo\/","https:\/\/x.com\/KapitalisInfo","https:\/\/www.youtube.com\/channel\/UC-yDYrHyfFBWWZaOw3FPg9Q"]},{"@type":"Person","@id":"https:\/\/kapitalis.com\/tunisie\/#\/schema\/person\/093913313d3017554cb3ad077fff3fbd","name":"Amina Mkada","url":"https:\/\/kapitalis.com\/tunisie\/author\/amina\/"}]}},"_links":{"self":[{"href":"https:\/\/kapitalis.com\/tunisie\/wp-json\/wp\/v2\/posts\/222210","targetHints":{"allow":["GET"]}}],"collection":[{"href":"https:\/\/kapitalis.com\/tunisie\/wp-json\/wp\/v2\/posts"}],"about":[{"href":"https:\/\/kapitalis.com\/tunisie\/wp-json\/wp\/v2\/types\/post"}],"author":[{"embeddable":true,"href":"https:\/\/kapitalis.com\/tunisie\/wp-json\/wp\/v2\/users\/22"}],"replies":[{"embeddable":true,"href":"https:\/\/kapitalis.com\/tunisie\/wp-json\/wp\/v2\/comments?post=222210"}],"version-history":[{"count":0,"href":"https:\/\/kapitalis.com\/tunisie\/wp-json\/wp\/v2\/posts\/222210\/revisions"}],"wp:featuredmedia":[{"embeddable":true,"href":"https:\/\/kapitalis.com\/tunisie\/wp-json\/wp\/v2\/media\/222222"}],"wp:attachment":[{"href":"https:\/\/kapitalis.com\/tunisie\/wp-json\/wp\/v2\/media?parent=222210"}],"wp:term":[{"taxonomy":"category","embeddable":true,"href":"https:\/\/kapitalis.com\/tunisie\/wp-json\/wp\/v2\/categories?post=222210"},{"taxonomy":"post_tag","embeddable":true,"href":"https:\/\/kapitalis.com\/tunisie\/wp-json\/wp\/v2\/tags?post=222210"}],"curies":[{"name":"wp","href":"https:\/\/api.w.org\/{rel}","templated":true}]}}