{"id":22271,"date":"2015-10-29T16:34:45","date_gmt":"2015-10-29T15:34:45","guid":{"rendered":"http:\/\/kapitalis.com\/tunisie\/?p=22271"},"modified":"2015-10-29T16:34:45","modified_gmt":"2015-10-29T15:34:45","slug":"le-prix-sakharov-au-blogueur-saoudien-raef-badaoui","status":"publish","type":"post","link":"https:\/\/kapitalis.com\/tunisie\/2015\/10\/29\/le-prix-sakharov-au-blogueur-saoudien-raef-badaoui\/","title":{"rendered":"Le Prix Sakharov au blogueur saoudien Raef Badaoui"},"content":{"rendered":"<p><img loading=\"lazy\" decoding=\"async\" class=\"alignnone size-full wp-image-22272 aligncenter\" src=\"http:\/\/kapitalis.com\/tunisie\/wp-content\/uploads\/2015\/10\/Raed-Badawi.jpg\" alt=\"Raed-Badawi\" width=\"626\" height=\"380\" \/><\/p>\n<p><em><strong>Le Prix Sakharov a \u00e9t\u00e9 attribu\u00e9, aujourd\u2019hui, par le Parlement europ\u00e9en, au blogueur Raef Badaoui, emprisonn\u00e9 en Arabie saoudite depuis le 17 juin 2012.<\/strong><\/em><\/p>\n<p><!--more--><\/p>\n<p>Le pr\u00e9sident du Parlement europ\u00e9en, Martin Schulz, a appel\u00e9, aujourd\u2019hui, \u00e0 Strasbourg, les autorit\u00e9s saoudiennes \u00e0 lib\u00e9rer le laur\u00e9at du Prix Zakharov de la libert\u00e9 d\u2019expression, afin qu\u2019il puisse se rendre en France pour recevoir sa distinction.<\/p>\n<p>Raef Badaoui a \u00e9t\u00e9 arr\u00eat\u00e9 pour avoir publi\u00e9 sur son blog \u00abLib\u00e9ral Saoudi Network\u00bb des articles dont l\u2019objectif est d\u2019ouvrir un d\u00e9bat politique, social et religieux. Cela n\u2019a pas \u00e9t\u00e9 du go\u00fbt du r\u00e9gime saoudien qui l\u2019a accus\u00e9 d\u2019avoir port\u00e9 atteinte \u00e0 l\u2019islam.<\/p>\n<p>En mai 2014, le jeune blogueur a \u00e9t\u00e9 condamn\u00e9 \u00e0 10 ans de prison, 1000 coups de fouet\u00a0 et une amende de 1 million de riyals.<\/p>\n<p style=\"text-align: center;\"><img loading=\"lazy\" decoding=\"async\" class=\"alignnone size-full wp-image-22273\" src=\"http:\/\/kapitalis.com\/tunisie\/wp-content\/uploads\/2015\/10\/Raed-Badawi2.jpg\" alt=\"Raed-Badawi2\" width=\"500\" height=\"350\" \/><\/p>\n<p style=\"text-align: center;\"><em>Le rituel barbare de la flagellation publique (ici Raed Badawi) encore pratiqu\u00e9 de nos jours en Arabie saoudite.<\/em><\/p>\n<p>Cette condamnation a \u00e9t\u00e9 critiqu\u00e9e dans le monde entier et la mobilisation internationale a contraint les autorit\u00e9s saoudiennes \u00e0 mettre fin au rituel de flagellation publique du jeune homme apr\u00e8s les premiers 50 coups de fouet.<\/p>\n<p style=\"text-align: right;\"><strong>Z. A.<\/strong><\/p>\n","protected":false},"excerpt":{"rendered":"<p>Le Prix Sakharov a \u00e9t\u00e9 attribu\u00e9, aujourd\u2019hui, par le Parlement europ\u00e9en, au blogueur Raef Badaoui, emprisonn\u00e9 en Arabie saoudite depuis le 17 juin 2012.<\/p>\n","protected":false},"author":8,"featured_media":22272,"comment_status":"open","ping_status":"open","sticky":false,"template":"","format":"standard","meta":{"footnotes":""},"categories":[996],"tags":[2638,8698,693],"class_list":["post-22271","post","type-post","status-publish","format-standard","has-post-thumbnail","hentry","category-media","tag-arabie-saoudite","tag-liberte-dexpression","tag-parlement-europeen"],"yoast_head":"<!-- This site is optimized with the Yoast SEO plugin v26.6 - https:\/\/yoast.com\/wordpress\/plugins\/seo\/ -->\n<title>Le Prix Sakharov au blogueur saoudien Raef Badaoui - Kapitalis<\/title>\n<meta name=\"robots\" content=\"index, follow, max-snippet:-1, max-image-preview:large, max-video-preview:-1\" \/>\n<link rel=\"canonical\" href=\"https:\/\/kapitalis.com\/tunisie\/2015\/10\/29\/le-prix-sakharov-au-blogueur-saoudien-raef-badaoui\/\" \/>\n<meta property=\"og:locale\" content=\"fr_FR\" \/>\n<meta property=\"og:type\" content=\"article\" \/>\n<meta property=\"og:title\" content=\"Le Prix Sakharov au blogueur saoudien Raef Badaoui - Kapitalis\" \/>\n<meta property=\"og:description\" content=\"Le Prix Sakharov a \u00e9t\u00e9 attribu\u00e9, aujourd\u2019hui, par le Parlement europ\u00e9en, au blogueur Raef Badaoui, emprisonn\u00e9 en Arabie saoudite depuis le 17 juin 2012.\" \/>\n<meta property=\"og:url\" content=\"https:\/\/kapitalis.com\/tunisie\/2015\/10\/29\/le-prix-sakharov-au-blogueur-saoudien-raef-badaoui\/\" \/>\n<meta property=\"og:site_name\" content=\"Kapitalis\" \/>\n<meta property=\"article:publisher\" content=\"https:\/\/www.facebook.com\/KapitalisInfo\/\" \/>\n<meta property=\"article:published_time\" content=\"2015-10-29T15:34:45+00:00\" \/>\n<meta property=\"og:image\" content=\"https:\/\/kapitalis.com\/tunisie\/wp-content\/uploads\/2022\/05\/kapitalis-logo-fb.png\" \/>\n\t<meta property=\"og:image:width\" content=\"1200\" \/>\n\t<meta property=\"og:image:height\" content=\"630\" \/>\n\t<meta property=\"og:image:type\" content=\"image\/png\" \/>\n<meta name=\"author\" content=\"webmaster kapitalis\" \/>\n<meta name=\"twitter:card\" content=\"summary_large_image\" \/>\n<meta name=\"twitter:creator\" content=\"@KapitalisInfo\" \/>\n<meta name=\"twitter:site\" content=\"@KapitalisInfo\" \/>\n<meta name=\"twitter:label1\" content=\"\u00c9crit par\" \/>\n\t<meta name=\"twitter:data1\" content=\"webmaster kapitalis\" \/>\n\t<meta name=\"twitter:label2\" content=\"Dur\u00e9e de lecture estim\u00e9e\" \/>\n\t<meta name=\"twitter:data2\" content=\"1 minute\" \/>\n<script type=\"application\/ld+json\" class=\"yoast-schema-graph\">{\"@context\":\"https:\/\/schema.org\",\"@graph\":[{\"@type\":\"Article\",\"@id\":\"https:\/\/kapitalis.com\/tunisie\/2015\/10\/29\/le-prix-sakharov-au-blogueur-saoudien-raef-badaoui\/#article\",\"isPartOf\":{\"@id\":\"https:\/\/kapitalis.com\/tunisie\/2015\/10\/29\/le-prix-sakharov-au-blogueur-saoudien-raef-badaoui\/\"},\"author\":{\"name\":\"webmaster kapitalis\",\"@id\":\"https:\/\/kapitalis.com\/tunisie\/#\/schema\/person\/d71f33a9ca44f7bad4698210b480c8e9\"},\"headline\":\"Le Prix Sakharov au blogueur saoudien Raef Badaoui\",\"datePublished\":\"2015-10-29T15:34:45+00:00\",\"mainEntityOfPage\":{\"@id\":\"https:\/\/kapitalis.com\/tunisie\/2015\/10\/29\/le-prix-sakharov-au-blogueur-saoudien-raef-badaoui\/\"},\"wordCount\":206,\"commentCount\":0,\"publisher\":{\"@id\":\"https:\/\/kapitalis.com\/tunisie\/#organization\"},\"image\":{\"@id\":\"https:\/\/kapitalis.com\/tunisie\/2015\/10\/29\/le-prix-sakharov-au-blogueur-saoudien-raef-badaoui\/#primaryimage\"},\"thumbnailUrl\":\"\",\"keywords\":[\"Arabie saoudite\",\"libert\u00e9 d'expression\",\"Parlement europ\u00e9en\"],\"articleSection\":[\"MEDIA\"],\"inLanguage\":\"fr-FR\",\"potentialAction\":[{\"@type\":\"CommentAction\",\"name\":\"Comment\",\"target\":[\"https:\/\/kapitalis.com\/tunisie\/2015\/10\/29\/le-prix-sakharov-au-blogueur-saoudien-raef-badaoui\/#respond\"]}]},{\"@type\":\"WebPage\",\"@id\":\"https:\/\/kapitalis.com\/tunisie\/2015\/10\/29\/le-prix-sakharov-au-blogueur-saoudien-raef-badaoui\/\",\"url\":\"https:\/\/kapitalis.com\/tunisie\/2015\/10\/29\/le-prix-sakharov-au-blogueur-saoudien-raef-badaoui\/\",\"name\":\"Le Prix Sakharov au blogueur saoudien Raef Badaoui - Kapitalis\",\"isPartOf\":{\"@id\":\"https:\/\/kapitalis.com\/tunisie\/#website\"},\"primaryImageOfPage\":{\"@id\":\"https:\/\/kapitalis.com\/tunisie\/2015\/10\/29\/le-prix-sakharov-au-blogueur-saoudien-raef-badaoui\/#primaryimage\"},\"image\":{\"@id\":\"https:\/\/kapitalis.com\/tunisie\/2015\/10\/29\/le-prix-sakharov-au-blogueur-saoudien-raef-badaoui\/#primaryimage\"},\"thumbnailUrl\":\"\",\"datePublished\":\"2015-10-29T15:34:45+00:00\",\"breadcrumb\":{\"@id\":\"https:\/\/kapitalis.com\/tunisie\/2015\/10\/29\/le-prix-sakharov-au-blogueur-saoudien-raef-badaoui\/#breadcrumb\"},\"inLanguage\":\"fr-FR\",\"potentialAction\":[{\"@type\":\"ReadAction\",\"target\":[\"https:\/\/kapitalis.com\/tunisie\/2015\/10\/29\/le-prix-sakharov-au-blogueur-saoudien-raef-badaoui\/\"]}]},{\"@type\":\"ImageObject\",\"inLanguage\":\"fr-FR\",\"@id\":\"https:\/\/kapitalis.com\/tunisie\/2015\/10\/29\/le-prix-sakharov-au-blogueur-saoudien-raef-badaoui\/#primaryimage\",\"url\":\"\",\"contentUrl\":\"\"},{\"@type\":\"BreadcrumbList\",\"@id\":\"https:\/\/kapitalis.com\/tunisie\/2015\/10\/29\/le-prix-sakharov-au-blogueur-saoudien-raef-badaoui\/#breadcrumb\",\"itemListElement\":[{\"@type\":\"ListItem\",\"position\":1,\"name\":\"Accueil\",\"item\":\"https:\/\/kapitalis.com\/tunisie\/\"},{\"@type\":\"ListItem\",\"position\":2,\"name\":\"Le Prix Sakharov au blogueur saoudien Raef Badaoui\"}]},{\"@type\":\"WebSite\",\"@id\":\"https:\/\/kapitalis.com\/tunisie\/#website\",\"url\":\"https:\/\/kapitalis.com\/tunisie\/\",\"name\":\"Kapitalis\",\"description\":\"L&#039;actualit\u00e9 en Tunisie et dans le monde\",\"publisher\":{\"@id\":\"https:\/\/kapitalis.com\/tunisie\/#organization\"},\"potentialAction\":[{\"@type\":\"SearchAction\",\"target\":{\"@type\":\"EntryPoint\",\"urlTemplate\":\"https:\/\/kapitalis.com\/tunisie\/?s={search_term_string}\"},\"query-input\":{\"@type\":\"PropertyValueSpecification\",\"valueRequired\":true,\"valueName\":\"search_term_string\"}}],\"inLanguage\":\"fr-FR\"},{\"@type\":\"Organization\",\"@id\":\"https:\/\/kapitalis.com\/tunisie\/#organization\",\"name\":\"Kapitalis\",\"url\":\"https:\/\/kapitalis.com\/tunisie\/\",\"logo\":{\"@type\":\"ImageObject\",\"inLanguage\":\"fr-FR\",\"@id\":\"https:\/\/kapitalis.com\/tunisie\/#\/schema\/logo\/image\/\",\"url\":\"https:\/\/kapitalis.com\/tunisie\/wp-content\/uploads\/2022\/05\/Kapitalis-big-size.png\",\"contentUrl\":\"https:\/\/kapitalis.com\/tunisie\/wp-content\/uploads\/2022\/05\/Kapitalis-big-size.png\",\"width\":5000,\"height\":1500,\"caption\":\"Kapitalis\"},\"image\":{\"@id\":\"https:\/\/kapitalis.com\/tunisie\/#\/schema\/logo\/image\/\"},\"sameAs\":[\"https:\/\/www.facebook.com\/KapitalisInfo\/\",\"https:\/\/x.com\/KapitalisInfo\",\"https:\/\/www.youtube.com\/channel\/UC-yDYrHyfFBWWZaOw3FPg9Q\"]},{\"@type\":\"Person\",\"@id\":\"https:\/\/kapitalis.com\/tunisie\/#\/schema\/person\/d71f33a9ca44f7bad4698210b480c8e9\",\"name\":\"webmaster kapitalis\",\"url\":\"https:\/\/kapitalis.com\/tunisie\/author\/webmaster-kapitalis\/\"}]}<\/script>\n<!-- \/ Yoast SEO plugin. -->","yoast_head_json":{"title":"Le Prix Sakharov au blogueur saoudien Raef Badaoui - Kapitalis","robots":{"index":"index","follow":"follow","max-snippet":"max-snippet:-1","max-image-preview":"max-image-preview:large","max-video-preview":"max-video-preview:-1"},"canonical":"https:\/\/kapitalis.com\/tunisie\/2015\/10\/29\/le-prix-sakharov-au-blogueur-saoudien-raef-badaoui\/","og_locale":"fr_FR","og_type":"article","og_title":"Le Prix Sakharov au blogueur saoudien Raef Badaoui - Kapitalis","og_description":"Le Prix Sakharov a \u00e9t\u00e9 attribu\u00e9, aujourd\u2019hui, par le Parlement europ\u00e9en, au blogueur Raef Badaoui, emprisonn\u00e9 en Arabie saoudite depuis le 17 juin 2012.","og_url":"https:\/\/kapitalis.com\/tunisie\/2015\/10\/29\/le-prix-sakharov-au-blogueur-saoudien-raef-badaoui\/","og_site_name":"Kapitalis","article_publisher":"https:\/\/www.facebook.com\/KapitalisInfo\/","article_published_time":"2015-10-29T15:34:45+00:00","og_image":[{"width":1200,"height":630,"url":"https:\/\/kapitalis.com\/tunisie\/wp-content\/uploads\/2022\/05\/kapitalis-logo-fb.png","type":"image\/png"}],"author":"webmaster kapitalis","twitter_card":"summary_large_image","twitter_creator":"@KapitalisInfo","twitter_site":"@KapitalisInfo","twitter_misc":{"\u00c9crit par":"webmaster kapitalis","Dur\u00e9e de lecture estim\u00e9e":"1 minute"},"schema":{"@context":"https:\/\/schema.org","@graph":[{"@type":"Article","@id":"https:\/\/kapitalis.com\/tunisie\/2015\/10\/29\/le-prix-sakharov-au-blogueur-saoudien-raef-badaoui\/#article","isPartOf":{"@id":"https:\/\/kapitalis.com\/tunisie\/2015\/10\/29\/le-prix-sakharov-au-blogueur-saoudien-raef-badaoui\/"},"author":{"name":"webmaster kapitalis","@id":"https:\/\/kapitalis.com\/tunisie\/#\/schema\/person\/d71f33a9ca44f7bad4698210b480c8e9"},"headline":"Le Prix Sakharov au blogueur saoudien Raef Badaoui","datePublished":"2015-10-29T15:34:45+00:00","mainEntityOfPage":{"@id":"https:\/\/kapitalis.com\/tunisie\/2015\/10\/29\/le-prix-sakharov-au-blogueur-saoudien-raef-badaoui\/"},"wordCount":206,"commentCount":0,"publisher":{"@id":"https:\/\/kapitalis.com\/tunisie\/#organization"},"image":{"@id":"https:\/\/kapitalis.com\/tunisie\/2015\/10\/29\/le-prix-sakharov-au-blogueur-saoudien-raef-badaoui\/#primaryimage"},"thumbnailUrl":"","keywords":["Arabie saoudite","libert\u00e9 d'expression","Parlement europ\u00e9en"],"articleSection":["MEDIA"],"inLanguage":"fr-FR","potentialAction":[{"@type":"CommentAction","name":"Comment","target":["https:\/\/kapitalis.com\/tunisie\/2015\/10\/29\/le-prix-sakharov-au-blogueur-saoudien-raef-badaoui\/#respond"]}]},{"@type":"WebPage","@id":"https:\/\/kapitalis.com\/tunisie\/2015\/10\/29\/le-prix-sakharov-au-blogueur-saoudien-raef-badaoui\/","url":"https:\/\/kapitalis.com\/tunisie\/2015\/10\/29\/le-prix-sakharov-au-blogueur-saoudien-raef-badaoui\/","name":"Le Prix Sakharov au blogueur saoudien Raef Badaoui - Kapitalis","isPartOf":{"@id":"https:\/\/kapitalis.com\/tunisie\/#website"},"primaryImageOfPage":{"@id":"https:\/\/kapitalis.com\/tunisie\/2015\/10\/29\/le-prix-sakharov-au-blogueur-saoudien-raef-badaoui\/#primaryimage"},"image":{"@id":"https:\/\/kapitalis.com\/tunisie\/2015\/10\/29\/le-prix-sakharov-au-blogueur-saoudien-raef-badaoui\/#primaryimage"},"thumbnailUrl":"","datePublished":"2015-10-29T15:34:45+00:00","breadcrumb":{"@id":"https:\/\/kapitalis.com\/tunisie\/2015\/10\/29\/le-prix-sakharov-au-blogueur-saoudien-raef-badaoui\/#breadcrumb"},"inLanguage":"fr-FR","potentialAction":[{"@type":"ReadAction","target":["https:\/\/kapitalis.com\/tunisie\/2015\/10\/29\/le-prix-sakharov-au-blogueur-saoudien-raef-badaoui\/"]}]},{"@type":"ImageObject","inLanguage":"fr-FR","@id":"https:\/\/kapitalis.com\/tunisie\/2015\/10\/29\/le-prix-sakharov-au-blogueur-saoudien-raef-badaoui\/#primaryimage","url":"","contentUrl":""},{"@type":"BreadcrumbList","@id":"https:\/\/kapitalis.com\/tunisie\/2015\/10\/29\/le-prix-sakharov-au-blogueur-saoudien-raef-badaoui\/#breadcrumb","itemListElement":[{"@type":"ListItem","position":1,"name":"Accueil","item":"https:\/\/kapitalis.com\/tunisie\/"},{"@type":"ListItem","position":2,"name":"Le Prix Sakharov au blogueur saoudien Raef Badaoui"}]},{"@type":"WebSite","@id":"https:\/\/kapitalis.com\/tunisie\/#website","url":"https:\/\/kapitalis.com\/tunisie\/","name":"Kapitalis","description":"L&#039;actualit\u00e9 en Tunisie et dans le monde","publisher":{"@id":"https:\/\/kapitalis.com\/tunisie\/#organization"},"potentialAction":[{"@type":"SearchAction","target":{"@type":"EntryPoint","urlTemplate":"https:\/\/kapitalis.com\/tunisie\/?s={search_term_string}"},"query-input":{"@type":"PropertyValueSpecification","valueRequired":true,"valueName":"search_term_string"}}],"inLanguage":"fr-FR"},{"@type":"Organization","@id":"https:\/\/kapitalis.com\/tunisie\/#organization","name":"Kapitalis","url":"https:\/\/kapitalis.com\/tunisie\/","logo":{"@type":"ImageObject","inLanguage":"fr-FR","@id":"https:\/\/kapitalis.com\/tunisie\/#\/schema\/logo\/image\/","url":"https:\/\/kapitalis.com\/tunisie\/wp-content\/uploads\/2022\/05\/Kapitalis-big-size.png","contentUrl":"https:\/\/kapitalis.com\/tunisie\/wp-content\/uploads\/2022\/05\/Kapitalis-big-size.png","width":5000,"height":1500,"caption":"Kapitalis"},"image":{"@id":"https:\/\/kapitalis.com\/tunisie\/#\/schema\/logo\/image\/"},"sameAs":["https:\/\/www.facebook.com\/KapitalisInfo\/","https:\/\/x.com\/KapitalisInfo","https:\/\/www.youtube.com\/channel\/UC-yDYrHyfFBWWZaOw3FPg9Q"]},{"@type":"Person","@id":"https:\/\/kapitalis.com\/tunisie\/#\/schema\/person\/d71f33a9ca44f7bad4698210b480c8e9","name":"webmaster kapitalis","url":"https:\/\/kapitalis.com\/tunisie\/author\/webmaster-kapitalis\/"}]}},"_links":{"self":[{"href":"https:\/\/kapitalis.com\/tunisie\/wp-json\/wp\/v2\/posts\/22271","targetHints":{"allow":["GET"]}}],"collection":[{"href":"https:\/\/kapitalis.com\/tunisie\/wp-json\/wp\/v2\/posts"}],"about":[{"href":"https:\/\/kapitalis.com\/tunisie\/wp-json\/wp\/v2\/types\/post"}],"author":[{"embeddable":true,"href":"https:\/\/kapitalis.com\/tunisie\/wp-json\/wp\/v2\/users\/8"}],"replies":[{"embeddable":true,"href":"https:\/\/kapitalis.com\/tunisie\/wp-json\/wp\/v2\/comments?post=22271"}],"version-history":[{"count":0,"href":"https:\/\/kapitalis.com\/tunisie\/wp-json\/wp\/v2\/posts\/22271\/revisions"}],"wp:featuredmedia":[{"embeddable":true,"href":"https:\/\/kapitalis.com\/tunisie\/wp-json\/wp\/v2\/media\/22272"}],"wp:attachment":[{"href":"https:\/\/kapitalis.com\/tunisie\/wp-json\/wp\/v2\/media?parent=22271"}],"wp:term":[{"taxonomy":"category","embeddable":true,"href":"https:\/\/kapitalis.com\/tunisie\/wp-json\/wp\/v2\/categories?post=22271"},{"taxonomy":"post_tag","embeddable":true,"href":"https:\/\/kapitalis.com\/tunisie\/wp-json\/wp\/v2\/tags?post=22271"}],"curies":[{"name":"wp","href":"https:\/\/api.w.org\/{rel}","templated":true}]}}