{"id":22274,"date":"2015-10-29T16:48:11","date_gmt":"2015-10-29T15:48:11","guid":{"rendered":"http:\/\/kapitalis.com\/tunisie\/?p=22274"},"modified":"2015-10-29T17:08:54","modified_gmt":"2015-10-29T16:08:54","slug":"le-code-dinvestissement-demain-devant-le-conseil-des-ministres","status":"publish","type":"post","link":"https:\/\/kapitalis.com\/tunisie\/2015\/10\/29\/le-code-dinvestissement-demain-devant-le-conseil-des-ministres\/","title":{"rendered":"Le code d\u2019investissement demain devant le Conseil des ministres"},"content":{"rendered":"<p><img loading=\"lazy\" decoding=\"async\" class=\"alignnone size-full wp-image-22280 aligncenter\" src=\"http:\/\/kapitalis.com\/tunisie\/wp-content\/uploads\/2015\/10\/conect-essid.jpg\" alt=\"conect essid\" width=\"626\" height=\"380\" \/><\/p>\n<p><em><strong>\u00a0Habib Essid, a inaugur\u00e9 aujourd\u2019hui le forum \u00abFinances et Affaires 2015\u00bb organis\u00e9 par la Conf\u00e9d\u00e9ration des entreprises citoyennes de Tunisie (Conect).<\/strong> <\/em><br \/>\n<!--more--><\/p>\n<p>Le chef du gouvernement a annonc\u00e9 la tenue, au cours du premier semestre 2016, d\u2019une conf\u00e9rence internationale sur l&rsquo;investissement qui cl\u00f4turera les travaux du plan quinquennal de d\u00e9veloppement (2016\/2020) en cours d&rsquo;\u00e9laboration.<\/p>\n<p>Inaugurant les travaux de la 3e \u00e9dition du forum \u00ab<em>Maal Wa Aamal Tunisie 2015<\/em>\u00bb, organis\u00e9 par la Conect, Habib Essid a soulign\u00e9 que la Tunisie garantit \u00e0 ses partenaires et amis de grandes opportunit\u00e9s d&rsquo;investissement et de coop\u00e9ration dans le cadre de projets destin\u00e9s au march\u00e9 int\u00e9rieur et \u00e0 d&rsquo;autres march\u00e9s offrant des positions pr\u00e9f\u00e9rentielles.<\/p>\n<p>Il a ajout\u00e9 que les garanties offertes par la Tunisie \u00e0 ses partenaires concernent notamment la libert\u00e9 d&rsquo;investissement, le transfert du capital et du b\u00e9n\u00e9fice, outre le d\u00e9veloppement des l\u00e9gislations et leur adaptation aux exigences de l&rsquo;heure et aux attentes des investisseurs.<\/p>\n<p>Tarek Cherif, pr\u00e9sident de la Conect, a pour sa part d\u00e9clar\u00e9 que l&rsquo;objectif du forum est de trouver des financements pour 20 projets dans plusieurs domaines dont les services et l&rsquo;\u00e9nergie.<\/p>\n<p>Plusieurs hommes et femmes d&rsquo;affaires des \u00c9mirats arabes unis et de l&rsquo;Arabie saoudite participent \u00e0 ce forum, ce qui refl\u00e8te, a estim\u00e9 M. Ch\u00e9rif, la capacit\u00e9 de la Tunisie d&rsquo;attirer l&rsquo;investissement et de garantir un climat s\u00e9curitaire \u00e0 m\u00eame de booster l&rsquo;\u00e9conomie.<\/p>\n<p>De son c\u00f4t\u00e9, le ministre du D\u00e9veloppement, de l&rsquo;Investissement et de la Coop\u00e9ration internationale, Yassine Brahim, a annonc\u00e9 \u00e0 la m\u00eame tribune, que le nouveau projet du code de l&rsquo;investissement sera soumis, vendredi, au conseil des ministres pour adoption, avant d&rsquo;\u00eatre soumis \u00e0 l&rsquo;examen de l&rsquo;Assembl\u00e9e. Il est pr\u00e9vu qu&rsquo;il soit adopt\u00e9 avant la fin de l&rsquo;ann\u00e9e.<\/p>\n<p>Le ministre a pr\u00e9cis\u00e9 que la Tunisie per\u00e7oit la coop\u00e9ration inter-arabe comme \u00ab<em>un choix strat\u00e9gique<\/em>\u00bb en annon\u00e7ant que les investisseurs \u00e9trangers auront l&rsquo;opportunit\u00e9 d&rsquo;acc\u00e9der \u00e0 la propri\u00e9t\u00e9 en Tunisie, en dehors des terres agricoles.<\/p>\n<p style=\"text-align: right;\"><strong>A. B. M.<\/strong> <em>(avec Tap)<\/em><\/p>\n","protected":false},"excerpt":{"rendered":"<p>\u00a0Habib Essid, a inaugur\u00e9 aujourd\u2019hui le forum \u00abFinances et Affaires 2015\u00bb organis\u00e9 par la Conf\u00e9d\u00e9ration des entreprises citoyennes de Tunisie (Conect).<\/p>\n","protected":false},"author":11,"featured_media":22280,"comment_status":"open","ping_status":"open","sticky":false,"template":"","format":"standard","meta":{"footnotes":""},"categories":[995,2433],"tags":[1359,2144,435,2145],"class_list":["post-22274","post","type-post","status-publish","format-standard","has-post-thumbnail","hentry","category-economie","category-tunisie","tag-code-dinvestissement","tag-conect","tag-habib-essid","tag-tarek-cherif"],"yoast_head":"<!-- This site is optimized with the Yoast SEO plugin v26.6 - https:\/\/yoast.com\/wordpress\/plugins\/seo\/ -->\n<title>Le code d\u2019investissement demain devant le Conseil des ministres - Kapitalis<\/title>\n<meta name=\"robots\" content=\"index, follow, max-snippet:-1, max-image-preview:large, max-video-preview:-1\" \/>\n<link rel=\"canonical\" href=\"https:\/\/kapitalis.com\/tunisie\/2015\/10\/29\/le-code-dinvestissement-demain-devant-le-conseil-des-ministres\/\" \/>\n<meta property=\"og:locale\" content=\"fr_FR\" \/>\n<meta property=\"og:type\" content=\"article\" \/>\n<meta property=\"og:title\" content=\"Le code d\u2019investissement demain devant le Conseil des ministres - Kapitalis\" \/>\n<meta property=\"og:description\" content=\"\u00a0Habib Essid, a inaugur\u00e9 aujourd\u2019hui le forum \u00abFinances et Affaires 2015\u00bb organis\u00e9 par la Conf\u00e9d\u00e9ration des entreprises citoyennes de Tunisie (Conect).\" \/>\n<meta property=\"og:url\" content=\"https:\/\/kapitalis.com\/tunisie\/2015\/10\/29\/le-code-dinvestissement-demain-devant-le-conseil-des-ministres\/\" \/>\n<meta property=\"og:site_name\" content=\"Kapitalis\" \/>\n<meta property=\"article:publisher\" content=\"https:\/\/www.facebook.com\/KapitalisInfo\/\" \/>\n<meta property=\"article:published_time\" content=\"2015-10-29T15:48:11+00:00\" \/>\n<meta property=\"article:modified_time\" content=\"2015-10-29T16:08:54+00:00\" \/>\n<meta property=\"og:image\" content=\"https:\/\/kapitalis.com\/tunisie\/wp-content\/uploads\/2022\/05\/kapitalis-logo-fb.png\" \/>\n\t<meta property=\"og:image:width\" content=\"1200\" \/>\n\t<meta property=\"og:image:height\" content=\"630\" \/>\n\t<meta property=\"og:image:type\" content=\"image\/png\" \/>\n<meta name=\"author\" content=\"benmansour3 benmansour\" \/>\n<meta name=\"twitter:card\" content=\"summary_large_image\" \/>\n<meta name=\"twitter:creator\" content=\"@KapitalisInfo\" \/>\n<meta name=\"twitter:site\" content=\"@KapitalisInfo\" \/>\n<meta name=\"twitter:label1\" content=\"\u00c9crit par\" \/>\n\t<meta name=\"twitter:data1\" content=\"benmansour3 benmansour\" \/>\n\t<meta name=\"twitter:label2\" content=\"Dur\u00e9e de lecture estim\u00e9e\" \/>\n\t<meta name=\"twitter:data2\" content=\"2 minutes\" \/>\n<script type=\"application\/ld+json\" class=\"yoast-schema-graph\">{\"@context\":\"https:\/\/schema.org\",\"@graph\":[{\"@type\":\"Article\",\"@id\":\"https:\/\/kapitalis.com\/tunisie\/2015\/10\/29\/le-code-dinvestissement-demain-devant-le-conseil-des-ministres\/#article\",\"isPartOf\":{\"@id\":\"https:\/\/kapitalis.com\/tunisie\/2015\/10\/29\/le-code-dinvestissement-demain-devant-le-conseil-des-ministres\/\"},\"author\":{\"name\":\"benmansour3 benmansour\",\"@id\":\"https:\/\/kapitalis.com\/tunisie\/#\/schema\/person\/035372e645ad321edc01006468cd4c8b\"},\"headline\":\"Le code d\u2019investissement demain devant le Conseil des ministres\",\"datePublished\":\"2015-10-29T15:48:11+00:00\",\"dateModified\":\"2015-10-29T16:08:54+00:00\",\"mainEntityOfPage\":{\"@id\":\"https:\/\/kapitalis.com\/tunisie\/2015\/10\/29\/le-code-dinvestissement-demain-devant-le-conseil-des-ministres\/\"},\"wordCount\":358,\"commentCount\":1,\"publisher\":{\"@id\":\"https:\/\/kapitalis.com\/tunisie\/#organization\"},\"image\":{\"@id\":\"https:\/\/kapitalis.com\/tunisie\/2015\/10\/29\/le-code-dinvestissement-demain-devant-le-conseil-des-ministres\/#primaryimage\"},\"thumbnailUrl\":\"\",\"keywords\":[\"code d'investissement\",\"Conect\",\"Habib Essid\",\"Tarek Cherif\"],\"articleSection\":[\"ECONOMIE\",\"Tunisie\"],\"inLanguage\":\"fr-FR\",\"potentialAction\":[{\"@type\":\"CommentAction\",\"name\":\"Comment\",\"target\":[\"https:\/\/kapitalis.com\/tunisie\/2015\/10\/29\/le-code-dinvestissement-demain-devant-le-conseil-des-ministres\/#respond\"]}]},{\"@type\":\"WebPage\",\"@id\":\"https:\/\/kapitalis.com\/tunisie\/2015\/10\/29\/le-code-dinvestissement-demain-devant-le-conseil-des-ministres\/\",\"url\":\"https:\/\/kapitalis.com\/tunisie\/2015\/10\/29\/le-code-dinvestissement-demain-devant-le-conseil-des-ministres\/\",\"name\":\"Le code d\u2019investissement demain devant le Conseil des ministres - Kapitalis\",\"isPartOf\":{\"@id\":\"https:\/\/kapitalis.com\/tunisie\/#website\"},\"primaryImageOfPage\":{\"@id\":\"https:\/\/kapitalis.com\/tunisie\/2015\/10\/29\/le-code-dinvestissement-demain-devant-le-conseil-des-ministres\/#primaryimage\"},\"image\":{\"@id\":\"https:\/\/kapitalis.com\/tunisie\/2015\/10\/29\/le-code-dinvestissement-demain-devant-le-conseil-des-ministres\/#primaryimage\"},\"thumbnailUrl\":\"\",\"datePublished\":\"2015-10-29T15:48:11+00:00\",\"dateModified\":\"2015-10-29T16:08:54+00:00\",\"breadcrumb\":{\"@id\":\"https:\/\/kapitalis.com\/tunisie\/2015\/10\/29\/le-code-dinvestissement-demain-devant-le-conseil-des-ministres\/#breadcrumb\"},\"inLanguage\":\"fr-FR\",\"potentialAction\":[{\"@type\":\"ReadAction\",\"target\":[\"https:\/\/kapitalis.com\/tunisie\/2015\/10\/29\/le-code-dinvestissement-demain-devant-le-conseil-des-ministres\/\"]}]},{\"@type\":\"ImageObject\",\"inLanguage\":\"fr-FR\",\"@id\":\"https:\/\/kapitalis.com\/tunisie\/2015\/10\/29\/le-code-dinvestissement-demain-devant-le-conseil-des-ministres\/#primaryimage\",\"url\":\"\",\"contentUrl\":\"\"},{\"@type\":\"BreadcrumbList\",\"@id\":\"https:\/\/kapitalis.com\/tunisie\/2015\/10\/29\/le-code-dinvestissement-demain-devant-le-conseil-des-ministres\/#breadcrumb\",\"itemListElement\":[{\"@type\":\"ListItem\",\"position\":1,\"name\":\"Accueil\",\"item\":\"https:\/\/kapitalis.com\/tunisie\/\"},{\"@type\":\"ListItem\",\"position\":2,\"name\":\"Le code d\u2019investissement demain devant le Conseil des ministres\"}]},{\"@type\":\"WebSite\",\"@id\":\"https:\/\/kapitalis.com\/tunisie\/#website\",\"url\":\"https:\/\/kapitalis.com\/tunisie\/\",\"name\":\"Kapitalis\",\"description\":\"L&#039;actualit\u00e9 en Tunisie et dans le monde\",\"publisher\":{\"@id\":\"https:\/\/kapitalis.com\/tunisie\/#organization\"},\"potentialAction\":[{\"@type\":\"SearchAction\",\"target\":{\"@type\":\"EntryPoint\",\"urlTemplate\":\"https:\/\/kapitalis.com\/tunisie\/?s={search_term_string}\"},\"query-input\":{\"@type\":\"PropertyValueSpecification\",\"valueRequired\":true,\"valueName\":\"search_term_string\"}}],\"inLanguage\":\"fr-FR\"},{\"@type\":\"Organization\",\"@id\":\"https:\/\/kapitalis.com\/tunisie\/#organization\",\"name\":\"Kapitalis\",\"url\":\"https:\/\/kapitalis.com\/tunisie\/\",\"logo\":{\"@type\":\"ImageObject\",\"inLanguage\":\"fr-FR\",\"@id\":\"https:\/\/kapitalis.com\/tunisie\/#\/schema\/logo\/image\/\",\"url\":\"https:\/\/kapitalis.com\/tunisie\/wp-content\/uploads\/2022\/05\/Kapitalis-big-size.png\",\"contentUrl\":\"https:\/\/kapitalis.com\/tunisie\/wp-content\/uploads\/2022\/05\/Kapitalis-big-size.png\",\"width\":5000,\"height\":1500,\"caption\":\"Kapitalis\"},\"image\":{\"@id\":\"https:\/\/kapitalis.com\/tunisie\/#\/schema\/logo\/image\/\"},\"sameAs\":[\"https:\/\/www.facebook.com\/KapitalisInfo\/\",\"https:\/\/x.com\/KapitalisInfo\",\"https:\/\/www.youtube.com\/channel\/UC-yDYrHyfFBWWZaOw3FPg9Q\"]},{\"@type\":\"Person\",\"@id\":\"https:\/\/kapitalis.com\/tunisie\/#\/schema\/person\/035372e645ad321edc01006468cd4c8b\",\"name\":\"benmansour3 benmansour\",\"url\":\"https:\/\/kapitalis.com\/tunisie\/author\/benmansour3\/\"}]}<\/script>\n<!-- \/ Yoast SEO plugin. -->","yoast_head_json":{"title":"Le code d\u2019investissement demain devant le Conseil des ministres - Kapitalis","robots":{"index":"index","follow":"follow","max-snippet":"max-snippet:-1","max-image-preview":"max-image-preview:large","max-video-preview":"max-video-preview:-1"},"canonical":"https:\/\/kapitalis.com\/tunisie\/2015\/10\/29\/le-code-dinvestissement-demain-devant-le-conseil-des-ministres\/","og_locale":"fr_FR","og_type":"article","og_title":"Le code d\u2019investissement demain devant le Conseil des ministres - Kapitalis","og_description":"\u00a0Habib Essid, a inaugur\u00e9 aujourd\u2019hui le forum \u00abFinances et Affaires 2015\u00bb organis\u00e9 par la Conf\u00e9d\u00e9ration des entreprises citoyennes de Tunisie (Conect).","og_url":"https:\/\/kapitalis.com\/tunisie\/2015\/10\/29\/le-code-dinvestissement-demain-devant-le-conseil-des-ministres\/","og_site_name":"Kapitalis","article_publisher":"https:\/\/www.facebook.com\/KapitalisInfo\/","article_published_time":"2015-10-29T15:48:11+00:00","article_modified_time":"2015-10-29T16:08:54+00:00","og_image":[{"width":1200,"height":630,"url":"https:\/\/kapitalis.com\/tunisie\/wp-content\/uploads\/2022\/05\/kapitalis-logo-fb.png","type":"image\/png"}],"author":"benmansour3 benmansour","twitter_card":"summary_large_image","twitter_creator":"@KapitalisInfo","twitter_site":"@KapitalisInfo","twitter_misc":{"\u00c9crit par":"benmansour3 benmansour","Dur\u00e9e de lecture estim\u00e9e":"2 minutes"},"schema":{"@context":"https:\/\/schema.org","@graph":[{"@type":"Article","@id":"https:\/\/kapitalis.com\/tunisie\/2015\/10\/29\/le-code-dinvestissement-demain-devant-le-conseil-des-ministres\/#article","isPartOf":{"@id":"https:\/\/kapitalis.com\/tunisie\/2015\/10\/29\/le-code-dinvestissement-demain-devant-le-conseil-des-ministres\/"},"author":{"name":"benmansour3 benmansour","@id":"https:\/\/kapitalis.com\/tunisie\/#\/schema\/person\/035372e645ad321edc01006468cd4c8b"},"headline":"Le code d\u2019investissement demain devant le Conseil des ministres","datePublished":"2015-10-29T15:48:11+00:00","dateModified":"2015-10-29T16:08:54+00:00","mainEntityOfPage":{"@id":"https:\/\/kapitalis.com\/tunisie\/2015\/10\/29\/le-code-dinvestissement-demain-devant-le-conseil-des-ministres\/"},"wordCount":358,"commentCount":1,"publisher":{"@id":"https:\/\/kapitalis.com\/tunisie\/#organization"},"image":{"@id":"https:\/\/kapitalis.com\/tunisie\/2015\/10\/29\/le-code-dinvestissement-demain-devant-le-conseil-des-ministres\/#primaryimage"},"thumbnailUrl":"","keywords":["code d'investissement","Conect","Habib Essid","Tarek Cherif"],"articleSection":["ECONOMIE","Tunisie"],"inLanguage":"fr-FR","potentialAction":[{"@type":"CommentAction","name":"Comment","target":["https:\/\/kapitalis.com\/tunisie\/2015\/10\/29\/le-code-dinvestissement-demain-devant-le-conseil-des-ministres\/#respond"]}]},{"@type":"WebPage","@id":"https:\/\/kapitalis.com\/tunisie\/2015\/10\/29\/le-code-dinvestissement-demain-devant-le-conseil-des-ministres\/","url":"https:\/\/kapitalis.com\/tunisie\/2015\/10\/29\/le-code-dinvestissement-demain-devant-le-conseil-des-ministres\/","name":"Le code d\u2019investissement demain devant le Conseil des ministres - Kapitalis","isPartOf":{"@id":"https:\/\/kapitalis.com\/tunisie\/#website"},"primaryImageOfPage":{"@id":"https:\/\/kapitalis.com\/tunisie\/2015\/10\/29\/le-code-dinvestissement-demain-devant-le-conseil-des-ministres\/#primaryimage"},"image":{"@id":"https:\/\/kapitalis.com\/tunisie\/2015\/10\/29\/le-code-dinvestissement-demain-devant-le-conseil-des-ministres\/#primaryimage"},"thumbnailUrl":"","datePublished":"2015-10-29T15:48:11+00:00","dateModified":"2015-10-29T16:08:54+00:00","breadcrumb":{"@id":"https:\/\/kapitalis.com\/tunisie\/2015\/10\/29\/le-code-dinvestissement-demain-devant-le-conseil-des-ministres\/#breadcrumb"},"inLanguage":"fr-FR","potentialAction":[{"@type":"ReadAction","target":["https:\/\/kapitalis.com\/tunisie\/2015\/10\/29\/le-code-dinvestissement-demain-devant-le-conseil-des-ministres\/"]}]},{"@type":"ImageObject","inLanguage":"fr-FR","@id":"https:\/\/kapitalis.com\/tunisie\/2015\/10\/29\/le-code-dinvestissement-demain-devant-le-conseil-des-ministres\/#primaryimage","url":"","contentUrl":""},{"@type":"BreadcrumbList","@id":"https:\/\/kapitalis.com\/tunisie\/2015\/10\/29\/le-code-dinvestissement-demain-devant-le-conseil-des-ministres\/#breadcrumb","itemListElement":[{"@type":"ListItem","position":1,"name":"Accueil","item":"https:\/\/kapitalis.com\/tunisie\/"},{"@type":"ListItem","position":2,"name":"Le code d\u2019investissement demain devant le Conseil des ministres"}]},{"@type":"WebSite","@id":"https:\/\/kapitalis.com\/tunisie\/#website","url":"https:\/\/kapitalis.com\/tunisie\/","name":"Kapitalis","description":"L&#039;actualit\u00e9 en Tunisie et dans le monde","publisher":{"@id":"https:\/\/kapitalis.com\/tunisie\/#organization"},"potentialAction":[{"@type":"SearchAction","target":{"@type":"EntryPoint","urlTemplate":"https:\/\/kapitalis.com\/tunisie\/?s={search_term_string}"},"query-input":{"@type":"PropertyValueSpecification","valueRequired":true,"valueName":"search_term_string"}}],"inLanguage":"fr-FR"},{"@type":"Organization","@id":"https:\/\/kapitalis.com\/tunisie\/#organization","name":"Kapitalis","url":"https:\/\/kapitalis.com\/tunisie\/","logo":{"@type":"ImageObject","inLanguage":"fr-FR","@id":"https:\/\/kapitalis.com\/tunisie\/#\/schema\/logo\/image\/","url":"https:\/\/kapitalis.com\/tunisie\/wp-content\/uploads\/2022\/05\/Kapitalis-big-size.png","contentUrl":"https:\/\/kapitalis.com\/tunisie\/wp-content\/uploads\/2022\/05\/Kapitalis-big-size.png","width":5000,"height":1500,"caption":"Kapitalis"},"image":{"@id":"https:\/\/kapitalis.com\/tunisie\/#\/schema\/logo\/image\/"},"sameAs":["https:\/\/www.facebook.com\/KapitalisInfo\/","https:\/\/x.com\/KapitalisInfo","https:\/\/www.youtube.com\/channel\/UC-yDYrHyfFBWWZaOw3FPg9Q"]},{"@type":"Person","@id":"https:\/\/kapitalis.com\/tunisie\/#\/schema\/person\/035372e645ad321edc01006468cd4c8b","name":"benmansour3 benmansour","url":"https:\/\/kapitalis.com\/tunisie\/author\/benmansour3\/"}]}},"_links":{"self":[{"href":"https:\/\/kapitalis.com\/tunisie\/wp-json\/wp\/v2\/posts\/22274","targetHints":{"allow":["GET"]}}],"collection":[{"href":"https:\/\/kapitalis.com\/tunisie\/wp-json\/wp\/v2\/posts"}],"about":[{"href":"https:\/\/kapitalis.com\/tunisie\/wp-json\/wp\/v2\/types\/post"}],"author":[{"embeddable":true,"href":"https:\/\/kapitalis.com\/tunisie\/wp-json\/wp\/v2\/users\/11"}],"replies":[{"embeddable":true,"href":"https:\/\/kapitalis.com\/tunisie\/wp-json\/wp\/v2\/comments?post=22274"}],"version-history":[{"count":0,"href":"https:\/\/kapitalis.com\/tunisie\/wp-json\/wp\/v2\/posts\/22274\/revisions"}],"wp:featuredmedia":[{"embeddable":true,"href":"https:\/\/kapitalis.com\/tunisie\/wp-json\/wp\/v2\/media\/22280"}],"wp:attachment":[{"href":"https:\/\/kapitalis.com\/tunisie\/wp-json\/wp\/v2\/media?parent=22274"}],"wp:term":[{"taxonomy":"category","embeddable":true,"href":"https:\/\/kapitalis.com\/tunisie\/wp-json\/wp\/v2\/categories?post=22274"},{"taxonomy":"post_tag","embeddable":true,"href":"https:\/\/kapitalis.com\/tunisie\/wp-json\/wp\/v2\/tags?post=22274"}],"curies":[{"name":"wp","href":"https:\/\/api.w.org\/{rel}","templated":true}]}}