{"id":222847,"date":"2019-07-05T18:57:04","date_gmt":"2019-07-05T17:57:04","guid":{"rendered":"http:\/\/kapitalis.com\/tunisie\/?p=222847"},"modified":"2019-07-05T19:02:30","modified_gmt":"2019-07-05T18:02:30","slug":"la-chambre-de-commerce-tuniso-britannique-participe-au-1er-sommet-economique-arabo-britannique-a-londres","status":"publish","type":"post","link":"https:\/\/kapitalis.com\/tunisie\/2019\/07\/05\/la-chambre-de-commerce-tuniso-britannique-participe-au-1er-sommet-economique-arabo-britannique-a-londres\/","title":{"rendered":"La Chambre de commerce tuniso-britannique participe au 1er Sommet \u00e9conomique arabo-britannique \u00e0 Londres"},"content":{"rendered":"\n<figure class=\"wp-block-image\"><img decoding=\"async\" src=\"http:\/\/kapitalis.com\/tunisie\/wp-content\/uploads\/2019\/07\/CCTB-Sommer-arabo-britanniue.jpg\" alt=\"\" class=\"wp-image-222848\"\/><\/figure>\n\n\n\n<p><strong><em>Une d\u00e9l\u00e9gation de la Chambre de commerce tuniso-britannique (CCTB) a particip\u00e9 au premier Sommet \u00e9conomique arabo-britannique, mercredi 3 juillet 2019, \u00e0 Londres, aux c\u00f4t\u00e9s de l\u2019ambassade de Tunisie et de la Fipa. <\/em><\/strong><br><\/p>\n\n\n\n<!--more-->\n\n\n\n<p> Le sommet a vu la participation de plusieurs personnalit\u00e9s importantes dont on peut citer, Ahmed Aboul Gheit, secr\u00e9taire g\u00e9n\u00e9ral de la Ligue arabe, George Hollingbery MP, ministre charg\u00e9 de la Politique commerciale au minist\u00e8re britannique du Commerce international, Alderman Peter Estlin, Lord Maire de la City de Londres, ainsi qu\u2019un nombre consid\u00e9rable d\u2019hommes et de femmes d\u2019affaires du Royaume-Uni et du Monde Arabe.<br><\/p>\n\n\n\n<p> Mehdi Ben Abdallah, pr\u00e9sident de la CCTB, a \u00e9t\u00e9 invit\u00e9 par la Chambre de commerce arabo-britannique \u00e0 pr\u00e9sider le premier panel sur les infrastructures, les investissements et le d\u00e9veloppement durable. Il a mis en avant l\u2019importance de l\u2019adoption en 2015 par les Nations-Unis de l\u2019agenda 2030 pour le d\u00e9veloppement durable insistant sur quatre des objectifs essentiels en rapport avec son panel, l\u2019acc\u00e8s \u00e0 l\u2019eau, le d\u00e9veloppement des \u00e9nergies renouvelables, la n\u00e9cessit\u00e9 de b\u00e2tir une infrastructure r\u00e9siliente et de promouvoir une industrialisation durable tout en encourageant l\u2019innovation, et enfin le besoin de concevoir des villes et des communaut\u00e9s durables. <br><\/p>\n\n\n\n<div class=\"wp-block-image\"><figure class=\"aligncenter is-resized\"><img loading=\"lazy\" decoding=\"async\" src=\"http:\/\/kapitalis.com\/tunisie\/wp-content\/uploads\/2019\/07\/CCTB-Londre.jpg\" alt=\"\" class=\"wp-image-222853\" width=\"500\" height=\"435\"\/><\/figure><\/div>\n\n\n\n<p> Il a \u00e9galement rappel\u00e9 la contribution de la Tunisie \u00e0 cet agenda des Nations Unis, et plus sp\u00e9cialement \u00e0 ces principaux objectifs li\u00e9s \u00e0 l\u2019infrastructure, l\u2019investissement et le d\u00e9veloppement durable, y compris les avanc\u00e9es faites dans les \u00e9nergies renouvelables.<br><\/p>\n\n\n\n<p> \u00c0 l\u2019occasion de ce sommet, un stand Tunisie a permis aussi de pr\u00e9senter le pays et ses opportunit\u00e9s \u00e0 plusieurs participants dont un certain nombre d\u2019investisseurs et de repr\u00e9sentants de la communaut\u00e9 d\u2019affaire du Royaume-Uni qui souhaitaient mieux connaitre la Tunisie et son potentiel. <br><\/p>\n\n\n\n<p> <strong><em>Source<\/em><\/strong> : communiqu\u00e9. <\/p>\n","protected":false},"excerpt":{"rendered":"<p>Une d\u00e9l\u00e9gation de la Chambre de commerce tuniso-britannique (CCTB) a particip\u00e9 au premier Sommet \u00e9conomique arabo-britannique, mercredi 3 juillet 2019, \u00e0 Londres, aux c\u00f4t\u00e9s de l\u2019ambassade de Tunisie et de la Fipa.<\/p>\n","protected":false},"author":8,"featured_media":222848,"comment_status":"open","ping_status":"open","sticky":false,"template":"","format":"standard","meta":{"footnotes":""},"categories":[995,2433],"tags":[16202],"class_list":["post-222847","post","type-post","status-publish","format-standard","has-post-thumbnail","hentry","category-economie","category-tunisie","tag-chambre-de-commerce-tuniso-britannique"],"yoast_head":"<!-- This site is optimized with the Yoast SEO plugin v26.6 - https:\/\/yoast.com\/wordpress\/plugins\/seo\/ -->\n<title>La Chambre de commerce tuniso-britannique participe au 1er Sommet \u00e9conomique arabo-britannique \u00e0 Londres - Kapitalis<\/title>\n<meta name=\"robots\" content=\"index, follow, max-snippet:-1, max-image-preview:large, max-video-preview:-1\" \/>\n<link rel=\"canonical\" href=\"https:\/\/kapitalis.com\/tunisie\/2019\/07\/05\/la-chambre-de-commerce-tuniso-britannique-participe-au-1er-sommet-economique-arabo-britannique-a-londres\/\" \/>\n<meta property=\"og:locale\" content=\"fr_FR\" \/>\n<meta property=\"og:type\" content=\"article\" \/>\n<meta property=\"og:title\" content=\"La Chambre de commerce tuniso-britannique participe au 1er Sommet \u00e9conomique arabo-britannique \u00e0 Londres - Kapitalis\" \/>\n<meta property=\"og:description\" content=\"Une d\u00e9l\u00e9gation de la Chambre de commerce tuniso-britannique (CCTB) a particip\u00e9 au premier Sommet \u00e9conomique arabo-britannique, mercredi 3 juillet 2019, \u00e0 Londres, aux c\u00f4t\u00e9s de l\u2019ambassade de Tunisie et de la Fipa.\" \/>\n<meta property=\"og:url\" content=\"https:\/\/kapitalis.com\/tunisie\/2019\/07\/05\/la-chambre-de-commerce-tuniso-britannique-participe-au-1er-sommet-economique-arabo-britannique-a-londres\/\" \/>\n<meta property=\"og:site_name\" content=\"Kapitalis\" \/>\n<meta property=\"article:publisher\" content=\"https:\/\/www.facebook.com\/KapitalisInfo\/\" \/>\n<meta property=\"article:published_time\" content=\"2019-07-05T17:57:04+00:00\" \/>\n<meta property=\"article:modified_time\" content=\"2019-07-05T18:02:30+00:00\" \/>\n<meta property=\"og:image\" content=\"https:\/\/kapitalis.com\/tunisie\/wp-content\/uploads\/2022\/05\/kapitalis-logo-fb.png\" \/>\n\t<meta property=\"og:image:width\" content=\"1200\" \/>\n\t<meta property=\"og:image:height\" content=\"630\" \/>\n\t<meta property=\"og:image:type\" content=\"image\/png\" \/>\n<meta name=\"author\" content=\"webmaster kapitalis\" \/>\n<meta name=\"twitter:card\" content=\"summary_large_image\" \/>\n<meta name=\"twitter:creator\" content=\"@KapitalisInfo\" \/>\n<meta name=\"twitter:site\" content=\"@KapitalisInfo\" \/>\n<meta name=\"twitter:label1\" content=\"\u00c9crit par\" \/>\n\t<meta name=\"twitter:data1\" content=\"webmaster kapitalis\" \/>\n\t<meta name=\"twitter:label2\" content=\"Dur\u00e9e de lecture estim\u00e9e\" \/>\n\t<meta name=\"twitter:data2\" content=\"2 minutes\" \/>\n<script type=\"application\/ld+json\" class=\"yoast-schema-graph\">{\"@context\":\"https:\/\/schema.org\",\"@graph\":[{\"@type\":\"Article\",\"@id\":\"https:\/\/kapitalis.com\/tunisie\/2019\/07\/05\/la-chambre-de-commerce-tuniso-britannique-participe-au-1er-sommet-economique-arabo-britannique-a-londres\/#article\",\"isPartOf\":{\"@id\":\"https:\/\/kapitalis.com\/tunisie\/2019\/07\/05\/la-chambre-de-commerce-tuniso-britannique-participe-au-1er-sommet-economique-arabo-britannique-a-londres\/\"},\"author\":{\"name\":\"webmaster kapitalis\",\"@id\":\"https:\/\/kapitalis.com\/tunisie\/#\/schema\/person\/d71f33a9ca44f7bad4698210b480c8e9\"},\"headline\":\"La Chambre de commerce tuniso-britannique participe au 1er Sommet \u00e9conomique arabo-britannique \u00e0 Londres\",\"datePublished\":\"2019-07-05T17:57:04+00:00\",\"dateModified\":\"2019-07-05T18:02:30+00:00\",\"mainEntityOfPage\":{\"@id\":\"https:\/\/kapitalis.com\/tunisie\/2019\/07\/05\/la-chambre-de-commerce-tuniso-britannique-participe-au-1er-sommet-economique-arabo-britannique-a-londres\/\"},\"wordCount\":320,\"commentCount\":0,\"publisher\":{\"@id\":\"https:\/\/kapitalis.com\/tunisie\/#organization\"},\"image\":{\"@id\":\"https:\/\/kapitalis.com\/tunisie\/2019\/07\/05\/la-chambre-de-commerce-tuniso-britannique-participe-au-1er-sommet-economique-arabo-britannique-a-londres\/#primaryimage\"},\"thumbnailUrl\":\"\",\"keywords\":[\"Chambre de commerce tuniso-britannique\"],\"articleSection\":[\"ECONOMIE\",\"Tunisie\"],\"inLanguage\":\"fr-FR\",\"potentialAction\":[{\"@type\":\"CommentAction\",\"name\":\"Comment\",\"target\":[\"https:\/\/kapitalis.com\/tunisie\/2019\/07\/05\/la-chambre-de-commerce-tuniso-britannique-participe-au-1er-sommet-economique-arabo-britannique-a-londres\/#respond\"]}]},{\"@type\":\"WebPage\",\"@id\":\"https:\/\/kapitalis.com\/tunisie\/2019\/07\/05\/la-chambre-de-commerce-tuniso-britannique-participe-au-1er-sommet-economique-arabo-britannique-a-londres\/\",\"url\":\"https:\/\/kapitalis.com\/tunisie\/2019\/07\/05\/la-chambre-de-commerce-tuniso-britannique-participe-au-1er-sommet-economique-arabo-britannique-a-londres\/\",\"name\":\"La Chambre de commerce tuniso-britannique participe au 1er Sommet \u00e9conomique arabo-britannique \u00e0 Londres - Kapitalis\",\"isPartOf\":{\"@id\":\"https:\/\/kapitalis.com\/tunisie\/#website\"},\"primaryImageOfPage\":{\"@id\":\"https:\/\/kapitalis.com\/tunisie\/2019\/07\/05\/la-chambre-de-commerce-tuniso-britannique-participe-au-1er-sommet-economique-arabo-britannique-a-londres\/#primaryimage\"},\"image\":{\"@id\":\"https:\/\/kapitalis.com\/tunisie\/2019\/07\/05\/la-chambre-de-commerce-tuniso-britannique-participe-au-1er-sommet-economique-arabo-britannique-a-londres\/#primaryimage\"},\"thumbnailUrl\":\"\",\"datePublished\":\"2019-07-05T17:57:04+00:00\",\"dateModified\":\"2019-07-05T18:02:30+00:00\",\"breadcrumb\":{\"@id\":\"https:\/\/kapitalis.com\/tunisie\/2019\/07\/05\/la-chambre-de-commerce-tuniso-britannique-participe-au-1er-sommet-economique-arabo-britannique-a-londres\/#breadcrumb\"},\"inLanguage\":\"fr-FR\",\"potentialAction\":[{\"@type\":\"ReadAction\",\"target\":[\"https:\/\/kapitalis.com\/tunisie\/2019\/07\/05\/la-chambre-de-commerce-tuniso-britannique-participe-au-1er-sommet-economique-arabo-britannique-a-londres\/\"]}]},{\"@type\":\"ImageObject\",\"inLanguage\":\"fr-FR\",\"@id\":\"https:\/\/kapitalis.com\/tunisie\/2019\/07\/05\/la-chambre-de-commerce-tuniso-britannique-participe-au-1er-sommet-economique-arabo-britannique-a-londres\/#primaryimage\",\"url\":\"\",\"contentUrl\":\"\"},{\"@type\":\"BreadcrumbList\",\"@id\":\"https:\/\/kapitalis.com\/tunisie\/2019\/07\/05\/la-chambre-de-commerce-tuniso-britannique-participe-au-1er-sommet-economique-arabo-britannique-a-londres\/#breadcrumb\",\"itemListElement\":[{\"@type\":\"ListItem\",\"position\":1,\"name\":\"Accueil\",\"item\":\"https:\/\/kapitalis.com\/tunisie\/\"},{\"@type\":\"ListItem\",\"position\":2,\"name\":\"La Chambre de commerce tuniso-britannique participe au 1er Sommet \u00e9conomique arabo-britannique \u00e0 Londres\"}]},{\"@type\":\"WebSite\",\"@id\":\"https:\/\/kapitalis.com\/tunisie\/#website\",\"url\":\"https:\/\/kapitalis.com\/tunisie\/\",\"name\":\"Kapitalis\",\"description\":\"L&#039;actualit\u00e9 en Tunisie et dans le monde\",\"publisher\":{\"@id\":\"https:\/\/kapitalis.com\/tunisie\/#organization\"},\"potentialAction\":[{\"@type\":\"SearchAction\",\"target\":{\"@type\":\"EntryPoint\",\"urlTemplate\":\"https:\/\/kapitalis.com\/tunisie\/?s={search_term_string}\"},\"query-input\":{\"@type\":\"PropertyValueSpecification\",\"valueRequired\":true,\"valueName\":\"search_term_string\"}}],\"inLanguage\":\"fr-FR\"},{\"@type\":\"Organization\",\"@id\":\"https:\/\/kapitalis.com\/tunisie\/#organization\",\"name\":\"Kapitalis\",\"url\":\"https:\/\/kapitalis.com\/tunisie\/\",\"logo\":{\"@type\":\"ImageObject\",\"inLanguage\":\"fr-FR\",\"@id\":\"https:\/\/kapitalis.com\/tunisie\/#\/schema\/logo\/image\/\",\"url\":\"https:\/\/kapitalis.com\/tunisie\/wp-content\/uploads\/2022\/05\/Kapitalis-big-size.png\",\"contentUrl\":\"https:\/\/kapitalis.com\/tunisie\/wp-content\/uploads\/2022\/05\/Kapitalis-big-size.png\",\"width\":5000,\"height\":1500,\"caption\":\"Kapitalis\"},\"image\":{\"@id\":\"https:\/\/kapitalis.com\/tunisie\/#\/schema\/logo\/image\/\"},\"sameAs\":[\"https:\/\/www.facebook.com\/KapitalisInfo\/\",\"https:\/\/x.com\/KapitalisInfo\",\"https:\/\/www.youtube.com\/channel\/UC-yDYrHyfFBWWZaOw3FPg9Q\"]},{\"@type\":\"Person\",\"@id\":\"https:\/\/kapitalis.com\/tunisie\/#\/schema\/person\/d71f33a9ca44f7bad4698210b480c8e9\",\"name\":\"webmaster kapitalis\",\"url\":\"https:\/\/kapitalis.com\/tunisie\/author\/webmaster-kapitalis\/\"}]}<\/script>\n<!-- \/ Yoast SEO plugin. -->","yoast_head_json":{"title":"La Chambre de commerce tuniso-britannique participe au 1er Sommet \u00e9conomique arabo-britannique \u00e0 Londres - Kapitalis","robots":{"index":"index","follow":"follow","max-snippet":"max-snippet:-1","max-image-preview":"max-image-preview:large","max-video-preview":"max-video-preview:-1"},"canonical":"https:\/\/kapitalis.com\/tunisie\/2019\/07\/05\/la-chambre-de-commerce-tuniso-britannique-participe-au-1er-sommet-economique-arabo-britannique-a-londres\/","og_locale":"fr_FR","og_type":"article","og_title":"La Chambre de commerce tuniso-britannique participe au 1er Sommet \u00e9conomique arabo-britannique \u00e0 Londres - Kapitalis","og_description":"Une d\u00e9l\u00e9gation de la Chambre de commerce tuniso-britannique (CCTB) a particip\u00e9 au premier Sommet \u00e9conomique arabo-britannique, mercredi 3 juillet 2019, \u00e0 Londres, aux c\u00f4t\u00e9s de l\u2019ambassade de Tunisie et de la Fipa.","og_url":"https:\/\/kapitalis.com\/tunisie\/2019\/07\/05\/la-chambre-de-commerce-tuniso-britannique-participe-au-1er-sommet-economique-arabo-britannique-a-londres\/","og_site_name":"Kapitalis","article_publisher":"https:\/\/www.facebook.com\/KapitalisInfo\/","article_published_time":"2019-07-05T17:57:04+00:00","article_modified_time":"2019-07-05T18:02:30+00:00","og_image":[{"width":1200,"height":630,"url":"https:\/\/kapitalis.com\/tunisie\/wp-content\/uploads\/2022\/05\/kapitalis-logo-fb.png","type":"image\/png"}],"author":"webmaster kapitalis","twitter_card":"summary_large_image","twitter_creator":"@KapitalisInfo","twitter_site":"@KapitalisInfo","twitter_misc":{"\u00c9crit par":"webmaster kapitalis","Dur\u00e9e de lecture estim\u00e9e":"2 minutes"},"schema":{"@context":"https:\/\/schema.org","@graph":[{"@type":"Article","@id":"https:\/\/kapitalis.com\/tunisie\/2019\/07\/05\/la-chambre-de-commerce-tuniso-britannique-participe-au-1er-sommet-economique-arabo-britannique-a-londres\/#article","isPartOf":{"@id":"https:\/\/kapitalis.com\/tunisie\/2019\/07\/05\/la-chambre-de-commerce-tuniso-britannique-participe-au-1er-sommet-economique-arabo-britannique-a-londres\/"},"author":{"name":"webmaster kapitalis","@id":"https:\/\/kapitalis.com\/tunisie\/#\/schema\/person\/d71f33a9ca44f7bad4698210b480c8e9"},"headline":"La Chambre de commerce tuniso-britannique participe au 1er Sommet \u00e9conomique arabo-britannique \u00e0 Londres","datePublished":"2019-07-05T17:57:04+00:00","dateModified":"2019-07-05T18:02:30+00:00","mainEntityOfPage":{"@id":"https:\/\/kapitalis.com\/tunisie\/2019\/07\/05\/la-chambre-de-commerce-tuniso-britannique-participe-au-1er-sommet-economique-arabo-britannique-a-londres\/"},"wordCount":320,"commentCount":0,"publisher":{"@id":"https:\/\/kapitalis.com\/tunisie\/#organization"},"image":{"@id":"https:\/\/kapitalis.com\/tunisie\/2019\/07\/05\/la-chambre-de-commerce-tuniso-britannique-participe-au-1er-sommet-economique-arabo-britannique-a-londres\/#primaryimage"},"thumbnailUrl":"","keywords":["Chambre de commerce tuniso-britannique"],"articleSection":["ECONOMIE","Tunisie"],"inLanguage":"fr-FR","potentialAction":[{"@type":"CommentAction","name":"Comment","target":["https:\/\/kapitalis.com\/tunisie\/2019\/07\/05\/la-chambre-de-commerce-tuniso-britannique-participe-au-1er-sommet-economique-arabo-britannique-a-londres\/#respond"]}]},{"@type":"WebPage","@id":"https:\/\/kapitalis.com\/tunisie\/2019\/07\/05\/la-chambre-de-commerce-tuniso-britannique-participe-au-1er-sommet-economique-arabo-britannique-a-londres\/","url":"https:\/\/kapitalis.com\/tunisie\/2019\/07\/05\/la-chambre-de-commerce-tuniso-britannique-participe-au-1er-sommet-economique-arabo-britannique-a-londres\/","name":"La Chambre de commerce tuniso-britannique participe au 1er Sommet \u00e9conomique arabo-britannique \u00e0 Londres - Kapitalis","isPartOf":{"@id":"https:\/\/kapitalis.com\/tunisie\/#website"},"primaryImageOfPage":{"@id":"https:\/\/kapitalis.com\/tunisie\/2019\/07\/05\/la-chambre-de-commerce-tuniso-britannique-participe-au-1er-sommet-economique-arabo-britannique-a-londres\/#primaryimage"},"image":{"@id":"https:\/\/kapitalis.com\/tunisie\/2019\/07\/05\/la-chambre-de-commerce-tuniso-britannique-participe-au-1er-sommet-economique-arabo-britannique-a-londres\/#primaryimage"},"thumbnailUrl":"","datePublished":"2019-07-05T17:57:04+00:00","dateModified":"2019-07-05T18:02:30+00:00","breadcrumb":{"@id":"https:\/\/kapitalis.com\/tunisie\/2019\/07\/05\/la-chambre-de-commerce-tuniso-britannique-participe-au-1er-sommet-economique-arabo-britannique-a-londres\/#breadcrumb"},"inLanguage":"fr-FR","potentialAction":[{"@type":"ReadAction","target":["https:\/\/kapitalis.com\/tunisie\/2019\/07\/05\/la-chambre-de-commerce-tuniso-britannique-participe-au-1er-sommet-economique-arabo-britannique-a-londres\/"]}]},{"@type":"ImageObject","inLanguage":"fr-FR","@id":"https:\/\/kapitalis.com\/tunisie\/2019\/07\/05\/la-chambre-de-commerce-tuniso-britannique-participe-au-1er-sommet-economique-arabo-britannique-a-londres\/#primaryimage","url":"","contentUrl":""},{"@type":"BreadcrumbList","@id":"https:\/\/kapitalis.com\/tunisie\/2019\/07\/05\/la-chambre-de-commerce-tuniso-britannique-participe-au-1er-sommet-economique-arabo-britannique-a-londres\/#breadcrumb","itemListElement":[{"@type":"ListItem","position":1,"name":"Accueil","item":"https:\/\/kapitalis.com\/tunisie\/"},{"@type":"ListItem","position":2,"name":"La Chambre de commerce tuniso-britannique participe au 1er Sommet \u00e9conomique arabo-britannique \u00e0 Londres"}]},{"@type":"WebSite","@id":"https:\/\/kapitalis.com\/tunisie\/#website","url":"https:\/\/kapitalis.com\/tunisie\/","name":"Kapitalis","description":"L&#039;actualit\u00e9 en Tunisie et dans le monde","publisher":{"@id":"https:\/\/kapitalis.com\/tunisie\/#organization"},"potentialAction":[{"@type":"SearchAction","target":{"@type":"EntryPoint","urlTemplate":"https:\/\/kapitalis.com\/tunisie\/?s={search_term_string}"},"query-input":{"@type":"PropertyValueSpecification","valueRequired":true,"valueName":"search_term_string"}}],"inLanguage":"fr-FR"},{"@type":"Organization","@id":"https:\/\/kapitalis.com\/tunisie\/#organization","name":"Kapitalis","url":"https:\/\/kapitalis.com\/tunisie\/","logo":{"@type":"ImageObject","inLanguage":"fr-FR","@id":"https:\/\/kapitalis.com\/tunisie\/#\/schema\/logo\/image\/","url":"https:\/\/kapitalis.com\/tunisie\/wp-content\/uploads\/2022\/05\/Kapitalis-big-size.png","contentUrl":"https:\/\/kapitalis.com\/tunisie\/wp-content\/uploads\/2022\/05\/Kapitalis-big-size.png","width":5000,"height":1500,"caption":"Kapitalis"},"image":{"@id":"https:\/\/kapitalis.com\/tunisie\/#\/schema\/logo\/image\/"},"sameAs":["https:\/\/www.facebook.com\/KapitalisInfo\/","https:\/\/x.com\/KapitalisInfo","https:\/\/www.youtube.com\/channel\/UC-yDYrHyfFBWWZaOw3FPg9Q"]},{"@type":"Person","@id":"https:\/\/kapitalis.com\/tunisie\/#\/schema\/person\/d71f33a9ca44f7bad4698210b480c8e9","name":"webmaster kapitalis","url":"https:\/\/kapitalis.com\/tunisie\/author\/webmaster-kapitalis\/"}]}},"_links":{"self":[{"href":"https:\/\/kapitalis.com\/tunisie\/wp-json\/wp\/v2\/posts\/222847","targetHints":{"allow":["GET"]}}],"collection":[{"href":"https:\/\/kapitalis.com\/tunisie\/wp-json\/wp\/v2\/posts"}],"about":[{"href":"https:\/\/kapitalis.com\/tunisie\/wp-json\/wp\/v2\/types\/post"}],"author":[{"embeddable":true,"href":"https:\/\/kapitalis.com\/tunisie\/wp-json\/wp\/v2\/users\/8"}],"replies":[{"embeddable":true,"href":"https:\/\/kapitalis.com\/tunisie\/wp-json\/wp\/v2\/comments?post=222847"}],"version-history":[{"count":0,"href":"https:\/\/kapitalis.com\/tunisie\/wp-json\/wp\/v2\/posts\/222847\/revisions"}],"wp:featuredmedia":[{"embeddable":true,"href":"https:\/\/kapitalis.com\/tunisie\/wp-json\/wp\/v2\/media\/222848"}],"wp:attachment":[{"href":"https:\/\/kapitalis.com\/tunisie\/wp-json\/wp\/v2\/media?parent=222847"}],"wp:term":[{"taxonomy":"category","embeddable":true,"href":"https:\/\/kapitalis.com\/tunisie\/wp-json\/wp\/v2\/categories?post=222847"},{"taxonomy":"post_tag","embeddable":true,"href":"https:\/\/kapitalis.com\/tunisie\/wp-json\/wp\/v2\/tags?post=222847"}],"curies":[{"name":"wp","href":"https:\/\/api.w.org\/{rel}","templated":true}]}}