{"id":2229541,"date":"2022-07-13T17:34:46","date_gmt":"2022-07-13T16:34:46","guid":{"rendered":"https:\/\/kapitalis.com\/tunisie\/?p=2229541"},"modified":"2022-07-13T17:34:48","modified_gmt":"2022-07-13T16:34:48","slug":"tunisie-le-pdl-depose-un-recours-en-refere-pour-demander-larret-de-la-campagne-referendaire","status":"publish","type":"post","link":"https:\/\/kapitalis.com\/tunisie\/2022\/07\/13\/tunisie-le-pdl-depose-un-recours-en-refere-pour-demander-larret-de-la-campagne-referendaire\/","title":{"rendered":"Tunisie : le PDL d\u00e9pose un recours en r\u00e9f\u00e9r\u00e9 pour demander l&rsquo;arr\u00eat de la campagne r\u00e9f\u00e9rendaire"},"content":{"rendered":"\n<p><em><strong>Le Parti destourien libre (PDL) a d\u00e9cid\u00e9 de d\u00e9poser un recours en r\u00e9f\u00e9r\u00e9 aupr\u00e8s du Tribunal de premi\u00e8re instance de Tunis pour demander l\u2019arr\u00eat de la campagne r\u00e9f\u00e9rendaire, a indiqu\u00e9, ce mercredi 13 juillet 2022, l&rsquo;avocat du parti Ali Bejaoui.<\/strong><\/em><\/p>\n\n\n\n<!--more-->\n\n\n\n<p>Cette campagne repr\u00e9sente \u00ab<em>un p\u00e9ril imminent<\/em>\u00bb, a expliqu\u00e9 le pr\u00e9sident du comit\u00e9 de d\u00e9fense du parti.<\/p>\n\n\n\n<p>Et d&rsquo;ajouter que le PDL transmettra tous les dossiers de corruption administrative et financi\u00e8re de la pr\u00e9sidence de la r\u00e9publique, de la pr\u00e9sidence du gouvernement, du minist\u00e8re des Finances et de l\u2019Instance sup\u00e9rieure ind\u00e9pendante pour les \u00e9lections (Isie), au parquet, \u00ab<em>conform\u00e9ment \u00e0 la loi organique n\u00b0 2017-10 du 7 mars 2017, relative au signalement des faits de corruption et \u00e0 la protection des lanceurs d\u2019alert<\/em>e\u00bb.<\/p>\n\n\n\n<p>Il a, \u00e9galement fait savoir qu\u2019une autre plainte a \u00e9t\u00e9 d\u00e9pos\u00e9e \u00e0 l\u2019encontre du premier pr\u00e9sident du Tribunal administratif pour \u00ab<em>transgression de la loi et non-examen des demandes de report et suspension des d\u00e9crets pr\u00e9sidentiels<\/em>\u00bb.<\/p>\n\n\n\n<p class=\"has-text-align-right\"><strong>C. B. Y.<\/strong><\/p>\n","protected":false},"excerpt":{"rendered":"<p>Le Parti destourien libre (PDL) a d\u00e9cid\u00e9 de d\u00e9poser un recours en r\u00e9f\u00e9r\u00e9 aupr\u00e8s du Tribunal de premi\u00e8re instance de Tunis pour demander l\u2019arr\u00eat de la campagne r\u00e9f\u00e9rendaire, a indiqu\u00e9, ce mercredi 13 juillet 2022, l&rsquo;avocat du parti Ali Bejaoui.<\/p>\n","protected":false},"author":24,"featured_media":2229870,"comment_status":"open","ping_status":"open","sticky":false,"template":"","format":"standard","meta":{"footnotes":""},"categories":[997,2433],"tags":[101350,101351,33536,62643],"class_list":["post-2229541","post","type-post","status-publish","format-standard","has-post-thumbnail","hentry","category-politique","category-tunisie","tag-ali-bejaoui","tag-campgane-referendaire","tag-pdl","tag-tunisie"],"yoast_head":"<!-- This site is optimized with the Yoast SEO plugin v26.6 - https:\/\/yoast.com\/wordpress\/plugins\/seo\/ -->\n<title>Tunisie : le PDL d\u00e9pose un recours en r\u00e9f\u00e9r\u00e9 pour demander l&#039;arr\u00eat de la campagne r\u00e9f\u00e9rendaire - Kapitalis<\/title>\n<meta name=\"robots\" content=\"index, follow, max-snippet:-1, max-image-preview:large, max-video-preview:-1\" \/>\n<link rel=\"canonical\" href=\"https:\/\/kapitalis.com\/tunisie\/2022\/07\/13\/tunisie-le-pdl-depose-un-recours-en-refere-pour-demander-larret-de-la-campagne-referendaire\/\" \/>\n<meta property=\"og:locale\" content=\"fr_FR\" \/>\n<meta property=\"og:type\" content=\"article\" \/>\n<meta property=\"og:title\" content=\"Tunisie : le PDL d\u00e9pose un recours en r\u00e9f\u00e9r\u00e9 pour demander l&#039;arr\u00eat de la campagne r\u00e9f\u00e9rendaire - Kapitalis\" \/>\n<meta property=\"og:description\" content=\"Le Parti destourien libre (PDL) a d\u00e9cid\u00e9 de d\u00e9poser un recours en r\u00e9f\u00e9r\u00e9 aupr\u00e8s du Tribunal de premi\u00e8re instance de Tunis pour demander l\u2019arr\u00eat de la campagne r\u00e9f\u00e9rendaire, a indiqu\u00e9, ce mercredi 13 juillet 2022, l&rsquo;avocat du parti Ali Bejaoui.\" \/>\n<meta property=\"og:url\" content=\"https:\/\/kapitalis.com\/tunisie\/2022\/07\/13\/tunisie-le-pdl-depose-un-recours-en-refere-pour-demander-larret-de-la-campagne-referendaire\/\" \/>\n<meta property=\"og:site_name\" content=\"Kapitalis\" \/>\n<meta property=\"article:publisher\" content=\"https:\/\/www.facebook.com\/KapitalisInfo\/\" \/>\n<meta property=\"article:published_time\" content=\"2022-07-13T16:34:46+00:00\" \/>\n<meta property=\"article:modified_time\" content=\"2022-07-13T16:34:48+00:00\" \/>\n<meta property=\"og:image\" content=\"https:\/\/kapitalis.com\/tunisie\/wp-content\/uploads\/2022\/07\/conference-pdl.jpg\" \/>\n\t<meta property=\"og:image:width\" content=\"1200\" \/>\n\t<meta property=\"og:image:height\" content=\"630\" \/>\n\t<meta property=\"og:image:type\" content=\"image\/jpeg\" \/>\n<meta name=\"author\" content=\"Cherif Benyounes\" \/>\n<meta name=\"twitter:card\" content=\"summary_large_image\" \/>\n<meta name=\"twitter:creator\" content=\"@KapitalisInfo\" \/>\n<meta name=\"twitter:site\" content=\"@KapitalisInfo\" \/>\n<meta name=\"twitter:label1\" content=\"\u00c9crit par\" \/>\n\t<meta name=\"twitter:data1\" content=\"Cherif Benyounes\" \/>\n\t<meta name=\"twitter:label2\" content=\"Dur\u00e9e de lecture estim\u00e9e\" \/>\n\t<meta name=\"twitter:data2\" content=\"1 minute\" \/>\n<script type=\"application\/ld+json\" class=\"yoast-schema-graph\">{\"@context\":\"https:\/\/schema.org\",\"@graph\":[{\"@type\":\"Article\",\"@id\":\"https:\/\/kapitalis.com\/tunisie\/2022\/07\/13\/tunisie-le-pdl-depose-un-recours-en-refere-pour-demander-larret-de-la-campagne-referendaire\/#article\",\"isPartOf\":{\"@id\":\"https:\/\/kapitalis.com\/tunisie\/2022\/07\/13\/tunisie-le-pdl-depose-un-recours-en-refere-pour-demander-larret-de-la-campagne-referendaire\/\"},\"author\":{\"name\":\"Cherif Benyounes\",\"@id\":\"https:\/\/kapitalis.com\/tunisie\/#\/schema\/person\/b35b8d631961131107263178aeb8019e\"},\"headline\":\"Tunisie : le PDL d\u00e9pose un recours en r\u00e9f\u00e9r\u00e9 pour demander l&rsquo;arr\u00eat de la campagne r\u00e9f\u00e9rendaire\",\"datePublished\":\"2022-07-13T16:34:46+00:00\",\"dateModified\":\"2022-07-13T16:34:48+00:00\",\"mainEntityOfPage\":{\"@id\":\"https:\/\/kapitalis.com\/tunisie\/2022\/07\/13\/tunisie-le-pdl-depose-un-recours-en-refere-pour-demander-larret-de-la-campagne-referendaire\/\"},\"wordCount\":204,\"commentCount\":0,\"publisher\":{\"@id\":\"https:\/\/kapitalis.com\/tunisie\/#organization\"},\"image\":{\"@id\":\"https:\/\/kapitalis.com\/tunisie\/2022\/07\/13\/tunisie-le-pdl-depose-un-recours-en-refere-pour-demander-larret-de-la-campagne-referendaire\/#primaryimage\"},\"thumbnailUrl\":\"https:\/\/kapitalis.com\/tunisie\/wp-content\/uploads\/2022\/07\/conference-pdl.jpg\",\"keywords\":[\"Ali Bejaoui\",\"campgane r\u00e9f\u00e9rendaire\",\"PDL\",\"Tunisie\"],\"articleSection\":[\"POLITIQUE\",\"Tunisie\"],\"inLanguage\":\"fr-FR\",\"potentialAction\":[{\"@type\":\"CommentAction\",\"name\":\"Comment\",\"target\":[\"https:\/\/kapitalis.com\/tunisie\/2022\/07\/13\/tunisie-le-pdl-depose-un-recours-en-refere-pour-demander-larret-de-la-campagne-referendaire\/#respond\"]}]},{\"@type\":\"WebPage\",\"@id\":\"https:\/\/kapitalis.com\/tunisie\/2022\/07\/13\/tunisie-le-pdl-depose-un-recours-en-refere-pour-demander-larret-de-la-campagne-referendaire\/\",\"url\":\"https:\/\/kapitalis.com\/tunisie\/2022\/07\/13\/tunisie-le-pdl-depose-un-recours-en-refere-pour-demander-larret-de-la-campagne-referendaire\/\",\"name\":\"Tunisie : le PDL d\u00e9pose un recours en r\u00e9f\u00e9r\u00e9 pour demander l'arr\u00eat de la campagne r\u00e9f\u00e9rendaire - Kapitalis\",\"isPartOf\":{\"@id\":\"https:\/\/kapitalis.com\/tunisie\/#website\"},\"primaryImageOfPage\":{\"@id\":\"https:\/\/kapitalis.com\/tunisie\/2022\/07\/13\/tunisie-le-pdl-depose-un-recours-en-refere-pour-demander-larret-de-la-campagne-referendaire\/#primaryimage\"},\"image\":{\"@id\":\"https:\/\/kapitalis.com\/tunisie\/2022\/07\/13\/tunisie-le-pdl-depose-un-recours-en-refere-pour-demander-larret-de-la-campagne-referendaire\/#primaryimage\"},\"thumbnailUrl\":\"https:\/\/kapitalis.com\/tunisie\/wp-content\/uploads\/2022\/07\/conference-pdl.jpg\",\"datePublished\":\"2022-07-13T16:34:46+00:00\",\"dateModified\":\"2022-07-13T16:34:48+00:00\",\"breadcrumb\":{\"@id\":\"https:\/\/kapitalis.com\/tunisie\/2022\/07\/13\/tunisie-le-pdl-depose-un-recours-en-refere-pour-demander-larret-de-la-campagne-referendaire\/#breadcrumb\"},\"inLanguage\":\"fr-FR\",\"potentialAction\":[{\"@type\":\"ReadAction\",\"target\":[\"https:\/\/kapitalis.com\/tunisie\/2022\/07\/13\/tunisie-le-pdl-depose-un-recours-en-refere-pour-demander-larret-de-la-campagne-referendaire\/\"]}]},{\"@type\":\"ImageObject\",\"inLanguage\":\"fr-FR\",\"@id\":\"https:\/\/kapitalis.com\/tunisie\/2022\/07\/13\/tunisie-le-pdl-depose-un-recours-en-refere-pour-demander-larret-de-la-campagne-referendaire\/#primaryimage\",\"url\":\"https:\/\/kapitalis.com\/tunisie\/wp-content\/uploads\/2022\/07\/conference-pdl.jpg\",\"contentUrl\":\"https:\/\/kapitalis.com\/tunisie\/wp-content\/uploads\/2022\/07\/conference-pdl.jpg\",\"width\":1200,\"height\":630},{\"@type\":\"BreadcrumbList\",\"@id\":\"https:\/\/kapitalis.com\/tunisie\/2022\/07\/13\/tunisie-le-pdl-depose-un-recours-en-refere-pour-demander-larret-de-la-campagne-referendaire\/#breadcrumb\",\"itemListElement\":[{\"@type\":\"ListItem\",\"position\":1,\"name\":\"Accueil\",\"item\":\"https:\/\/kapitalis.com\/tunisie\/\"},{\"@type\":\"ListItem\",\"position\":2,\"name\":\"Tunisie : le PDL d\u00e9pose un recours en r\u00e9f\u00e9r\u00e9 pour demander l&rsquo;arr\u00eat de la campagne r\u00e9f\u00e9rendaire\"}]},{\"@type\":\"WebSite\",\"@id\":\"https:\/\/kapitalis.com\/tunisie\/#website\",\"url\":\"https:\/\/kapitalis.com\/tunisie\/\",\"name\":\"Kapitalis\",\"description\":\"L&#039;actualit\u00e9 en Tunisie et dans le monde\",\"publisher\":{\"@id\":\"https:\/\/kapitalis.com\/tunisie\/#organization\"},\"potentialAction\":[{\"@type\":\"SearchAction\",\"target\":{\"@type\":\"EntryPoint\",\"urlTemplate\":\"https:\/\/kapitalis.com\/tunisie\/?s={search_term_string}\"},\"query-input\":{\"@type\":\"PropertyValueSpecification\",\"valueRequired\":true,\"valueName\":\"search_term_string\"}}],\"inLanguage\":\"fr-FR\"},{\"@type\":\"Organization\",\"@id\":\"https:\/\/kapitalis.com\/tunisie\/#organization\",\"name\":\"Kapitalis\",\"url\":\"https:\/\/kapitalis.com\/tunisie\/\",\"logo\":{\"@type\":\"ImageObject\",\"inLanguage\":\"fr-FR\",\"@id\":\"https:\/\/kapitalis.com\/tunisie\/#\/schema\/logo\/image\/\",\"url\":\"https:\/\/kapitalis.com\/tunisie\/wp-content\/uploads\/2022\/05\/Kapitalis-big-size.png\",\"contentUrl\":\"https:\/\/kapitalis.com\/tunisie\/wp-content\/uploads\/2022\/05\/Kapitalis-big-size.png\",\"width\":5000,\"height\":1500,\"caption\":\"Kapitalis\"},\"image\":{\"@id\":\"https:\/\/kapitalis.com\/tunisie\/#\/schema\/logo\/image\/\"},\"sameAs\":[\"https:\/\/www.facebook.com\/KapitalisInfo\/\",\"https:\/\/x.com\/KapitalisInfo\",\"https:\/\/www.youtube.com\/channel\/UC-yDYrHyfFBWWZaOw3FPg9Q\"]},{\"@type\":\"Person\",\"@id\":\"https:\/\/kapitalis.com\/tunisie\/#\/schema\/person\/b35b8d631961131107263178aeb8019e\",\"name\":\"Cherif Benyounes\",\"url\":\"https:\/\/kapitalis.com\/tunisie\/author\/cherif\/\"}]}<\/script>\n<!-- \/ Yoast SEO plugin. -->","yoast_head_json":{"title":"Tunisie : le PDL d\u00e9pose un recours en r\u00e9f\u00e9r\u00e9 pour demander l'arr\u00eat de la campagne r\u00e9f\u00e9rendaire - Kapitalis","robots":{"index":"index","follow":"follow","max-snippet":"max-snippet:-1","max-image-preview":"max-image-preview:large","max-video-preview":"max-video-preview:-1"},"canonical":"https:\/\/kapitalis.com\/tunisie\/2022\/07\/13\/tunisie-le-pdl-depose-un-recours-en-refere-pour-demander-larret-de-la-campagne-referendaire\/","og_locale":"fr_FR","og_type":"article","og_title":"Tunisie : le PDL d\u00e9pose un recours en r\u00e9f\u00e9r\u00e9 pour demander l'arr\u00eat de la campagne r\u00e9f\u00e9rendaire - Kapitalis","og_description":"Le Parti destourien libre (PDL) a d\u00e9cid\u00e9 de d\u00e9poser un recours en r\u00e9f\u00e9r\u00e9 aupr\u00e8s du Tribunal de premi\u00e8re instance de Tunis pour demander l\u2019arr\u00eat de la campagne r\u00e9f\u00e9rendaire, a indiqu\u00e9, ce mercredi 13 juillet 2022, l&rsquo;avocat du parti Ali Bejaoui.","og_url":"https:\/\/kapitalis.com\/tunisie\/2022\/07\/13\/tunisie-le-pdl-depose-un-recours-en-refere-pour-demander-larret-de-la-campagne-referendaire\/","og_site_name":"Kapitalis","article_publisher":"https:\/\/www.facebook.com\/KapitalisInfo\/","article_published_time":"2022-07-13T16:34:46+00:00","article_modified_time":"2022-07-13T16:34:48+00:00","og_image":[{"width":1200,"height":630,"url":"https:\/\/kapitalis.com\/tunisie\/wp-content\/uploads\/2022\/07\/conference-pdl.jpg","type":"image\/jpeg"}],"author":"Cherif Benyounes","twitter_card":"summary_large_image","twitter_creator":"@KapitalisInfo","twitter_site":"@KapitalisInfo","twitter_misc":{"\u00c9crit par":"Cherif Benyounes","Dur\u00e9e de lecture estim\u00e9e":"1 minute"},"schema":{"@context":"https:\/\/schema.org","@graph":[{"@type":"Article","@id":"https:\/\/kapitalis.com\/tunisie\/2022\/07\/13\/tunisie-le-pdl-depose-un-recours-en-refere-pour-demander-larret-de-la-campagne-referendaire\/#article","isPartOf":{"@id":"https:\/\/kapitalis.com\/tunisie\/2022\/07\/13\/tunisie-le-pdl-depose-un-recours-en-refere-pour-demander-larret-de-la-campagne-referendaire\/"},"author":{"name":"Cherif Benyounes","@id":"https:\/\/kapitalis.com\/tunisie\/#\/schema\/person\/b35b8d631961131107263178aeb8019e"},"headline":"Tunisie : le PDL d\u00e9pose un recours en r\u00e9f\u00e9r\u00e9 pour demander l&rsquo;arr\u00eat de la campagne r\u00e9f\u00e9rendaire","datePublished":"2022-07-13T16:34:46+00:00","dateModified":"2022-07-13T16:34:48+00:00","mainEntityOfPage":{"@id":"https:\/\/kapitalis.com\/tunisie\/2022\/07\/13\/tunisie-le-pdl-depose-un-recours-en-refere-pour-demander-larret-de-la-campagne-referendaire\/"},"wordCount":204,"commentCount":0,"publisher":{"@id":"https:\/\/kapitalis.com\/tunisie\/#organization"},"image":{"@id":"https:\/\/kapitalis.com\/tunisie\/2022\/07\/13\/tunisie-le-pdl-depose-un-recours-en-refere-pour-demander-larret-de-la-campagne-referendaire\/#primaryimage"},"thumbnailUrl":"https:\/\/kapitalis.com\/tunisie\/wp-content\/uploads\/2022\/07\/conference-pdl.jpg","keywords":["Ali Bejaoui","campgane r\u00e9f\u00e9rendaire","PDL","Tunisie"],"articleSection":["POLITIQUE","Tunisie"],"inLanguage":"fr-FR","potentialAction":[{"@type":"CommentAction","name":"Comment","target":["https:\/\/kapitalis.com\/tunisie\/2022\/07\/13\/tunisie-le-pdl-depose-un-recours-en-refere-pour-demander-larret-de-la-campagne-referendaire\/#respond"]}]},{"@type":"WebPage","@id":"https:\/\/kapitalis.com\/tunisie\/2022\/07\/13\/tunisie-le-pdl-depose-un-recours-en-refere-pour-demander-larret-de-la-campagne-referendaire\/","url":"https:\/\/kapitalis.com\/tunisie\/2022\/07\/13\/tunisie-le-pdl-depose-un-recours-en-refere-pour-demander-larret-de-la-campagne-referendaire\/","name":"Tunisie : le PDL d\u00e9pose un recours en r\u00e9f\u00e9r\u00e9 pour demander l'arr\u00eat de la campagne r\u00e9f\u00e9rendaire - Kapitalis","isPartOf":{"@id":"https:\/\/kapitalis.com\/tunisie\/#website"},"primaryImageOfPage":{"@id":"https:\/\/kapitalis.com\/tunisie\/2022\/07\/13\/tunisie-le-pdl-depose-un-recours-en-refere-pour-demander-larret-de-la-campagne-referendaire\/#primaryimage"},"image":{"@id":"https:\/\/kapitalis.com\/tunisie\/2022\/07\/13\/tunisie-le-pdl-depose-un-recours-en-refere-pour-demander-larret-de-la-campagne-referendaire\/#primaryimage"},"thumbnailUrl":"https:\/\/kapitalis.com\/tunisie\/wp-content\/uploads\/2022\/07\/conference-pdl.jpg","datePublished":"2022-07-13T16:34:46+00:00","dateModified":"2022-07-13T16:34:48+00:00","breadcrumb":{"@id":"https:\/\/kapitalis.com\/tunisie\/2022\/07\/13\/tunisie-le-pdl-depose-un-recours-en-refere-pour-demander-larret-de-la-campagne-referendaire\/#breadcrumb"},"inLanguage":"fr-FR","potentialAction":[{"@type":"ReadAction","target":["https:\/\/kapitalis.com\/tunisie\/2022\/07\/13\/tunisie-le-pdl-depose-un-recours-en-refere-pour-demander-larret-de-la-campagne-referendaire\/"]}]},{"@type":"ImageObject","inLanguage":"fr-FR","@id":"https:\/\/kapitalis.com\/tunisie\/2022\/07\/13\/tunisie-le-pdl-depose-un-recours-en-refere-pour-demander-larret-de-la-campagne-referendaire\/#primaryimage","url":"https:\/\/kapitalis.com\/tunisie\/wp-content\/uploads\/2022\/07\/conference-pdl.jpg","contentUrl":"https:\/\/kapitalis.com\/tunisie\/wp-content\/uploads\/2022\/07\/conference-pdl.jpg","width":1200,"height":630},{"@type":"BreadcrumbList","@id":"https:\/\/kapitalis.com\/tunisie\/2022\/07\/13\/tunisie-le-pdl-depose-un-recours-en-refere-pour-demander-larret-de-la-campagne-referendaire\/#breadcrumb","itemListElement":[{"@type":"ListItem","position":1,"name":"Accueil","item":"https:\/\/kapitalis.com\/tunisie\/"},{"@type":"ListItem","position":2,"name":"Tunisie : le PDL d\u00e9pose un recours en r\u00e9f\u00e9r\u00e9 pour demander l&rsquo;arr\u00eat de la campagne r\u00e9f\u00e9rendaire"}]},{"@type":"WebSite","@id":"https:\/\/kapitalis.com\/tunisie\/#website","url":"https:\/\/kapitalis.com\/tunisie\/","name":"Kapitalis","description":"L&#039;actualit\u00e9 en Tunisie et dans le monde","publisher":{"@id":"https:\/\/kapitalis.com\/tunisie\/#organization"},"potentialAction":[{"@type":"SearchAction","target":{"@type":"EntryPoint","urlTemplate":"https:\/\/kapitalis.com\/tunisie\/?s={search_term_string}"},"query-input":{"@type":"PropertyValueSpecification","valueRequired":true,"valueName":"search_term_string"}}],"inLanguage":"fr-FR"},{"@type":"Organization","@id":"https:\/\/kapitalis.com\/tunisie\/#organization","name":"Kapitalis","url":"https:\/\/kapitalis.com\/tunisie\/","logo":{"@type":"ImageObject","inLanguage":"fr-FR","@id":"https:\/\/kapitalis.com\/tunisie\/#\/schema\/logo\/image\/","url":"https:\/\/kapitalis.com\/tunisie\/wp-content\/uploads\/2022\/05\/Kapitalis-big-size.png","contentUrl":"https:\/\/kapitalis.com\/tunisie\/wp-content\/uploads\/2022\/05\/Kapitalis-big-size.png","width":5000,"height":1500,"caption":"Kapitalis"},"image":{"@id":"https:\/\/kapitalis.com\/tunisie\/#\/schema\/logo\/image\/"},"sameAs":["https:\/\/www.facebook.com\/KapitalisInfo\/","https:\/\/x.com\/KapitalisInfo","https:\/\/www.youtube.com\/channel\/UC-yDYrHyfFBWWZaOw3FPg9Q"]},{"@type":"Person","@id":"https:\/\/kapitalis.com\/tunisie\/#\/schema\/person\/b35b8d631961131107263178aeb8019e","name":"Cherif Benyounes","url":"https:\/\/kapitalis.com\/tunisie\/author\/cherif\/"}]}},"_links":{"self":[{"href":"https:\/\/kapitalis.com\/tunisie\/wp-json\/wp\/v2\/posts\/2229541","targetHints":{"allow":["GET"]}}],"collection":[{"href":"https:\/\/kapitalis.com\/tunisie\/wp-json\/wp\/v2\/posts"}],"about":[{"href":"https:\/\/kapitalis.com\/tunisie\/wp-json\/wp\/v2\/types\/post"}],"author":[{"embeddable":true,"href":"https:\/\/kapitalis.com\/tunisie\/wp-json\/wp\/v2\/users\/24"}],"replies":[{"embeddable":true,"href":"https:\/\/kapitalis.com\/tunisie\/wp-json\/wp\/v2\/comments?post=2229541"}],"version-history":[{"count":0,"href":"https:\/\/kapitalis.com\/tunisie\/wp-json\/wp\/v2\/posts\/2229541\/revisions"}],"wp:featuredmedia":[{"embeddable":true,"href":"https:\/\/kapitalis.com\/tunisie\/wp-json\/wp\/v2\/media\/2229870"}],"wp:attachment":[{"href":"https:\/\/kapitalis.com\/tunisie\/wp-json\/wp\/v2\/media?parent=2229541"}],"wp:term":[{"taxonomy":"category","embeddable":true,"href":"https:\/\/kapitalis.com\/tunisie\/wp-json\/wp\/v2\/categories?post=2229541"},{"taxonomy":"post_tag","embeddable":true,"href":"https:\/\/kapitalis.com\/tunisie\/wp-json\/wp\/v2\/tags?post=2229541"}],"curies":[{"name":"wp","href":"https:\/\/api.w.org\/{rel}","templated":true}]}}