{"id":223205,"date":"2019-07-08T09:59:58","date_gmt":"2019-07-08T08:59:58","guid":{"rendered":"http:\/\/kapitalis.com\/tunisie\/?p=223205"},"modified":"2019-07-08T10:14:36","modified_gmt":"2019-07-08T09:14:36","slug":"incendie-a-bizerte-pres-de-90-ha-de-residus-de-moisson-et-10-ha-de-foret-ravages-par-le-feu","status":"publish","type":"post","link":"https:\/\/kapitalis.com\/tunisie\/2019\/07\/08\/incendie-a-bizerte-pres-de-90-ha-de-residus-de-moisson-et-10-ha-de-foret-ravages-par-le-feu\/","title":{"rendered":"Incendie \u00e0 Bizerte : Pr\u00e8s de 90 Ha de r\u00e9sidus de moisson  et 10 Ha de for\u00eat ravag\u00e9s par le feu"},"content":{"rendered":"\n<figure class=\"wp-block-image\"><img decoding=\"async\" src=\"http:\/\/kapitalis.com\/tunisie\/wp-content\/uploads\/2019\/07\/Bizerte-incendie.jpg\" alt=\"\" class=\"wp-image-223211\"\/><\/figure>\n\n\n\n<p><strong><em>Un incendie s\u2019est d\u00e9clar\u00e9 hier, dimanche 7 juillet 2019, au sud de Bizerte ayant n\u00e9cessite l&rsquo;intervention de la protection civile, la garde nationale et l&rsquo;arm\u00e9e. Les flammes ont ravag\u00e9 pr\u00e8s de 90 Ha de r\u00e9sidus de moisson et 10 Ha de for\u00eat.<\/em><\/strong><\/p>\n\n\n\n<!--more-->\n\n\n\n<p>C&rsquo;est ce qu&rsquo;indique le Commissariat r\u00e9gional du d\u00e9veloppement agricole de Bizerte, dans un communiqu\u00e9 rendu public ce matin, en pr\u00e9cisant que l&rsquo;incendie, qui n&rsquo;a pas entra\u00een\u00e9 de d\u00e9g\u00e2ts humains, a \u00e9t\u00e9 totalement ma\u00eetris\u00e9 en fin de journ\u00e9e, apr\u00e8s 6 heures de lutte acharn\u00e9e contre les flammes.<\/p>\n\n\n\n<p>La protection civile de Bizerte a du faire appel \u00e0 un renfort de Ben Arous et de l\u2019Ariana ainsi qu&rsquo;\u00e0 l&rsquo;arm\u00e9e nationale, qui a d\u00e9ploy\u00e9 un h\u00e9licopt\u00e8re et des v\u00e9hicules sp\u00e9cialis\u00e9s.<\/p>\n\n\n\n<p>Le CRDA a salu\u00e9 les efforts d\u00e9ploy\u00e9s par les diff\u00e9rentes \u00e9quipes en affirmant que la t\u00e2che ne f\u00fbt pas facile \u00e0 cause des conditions m\u00e9t\u00e9orologiques.<\/p>\n\n\n\n<p style=\"text-align:right\"><strong>Y. N.<\/strong><\/p>\n","protected":false},"excerpt":{"rendered":"<p>Un incendie s\u2019est d\u00e9clar\u00e9 hier, dimanche 7 juillet 2019, au sud de Bizerte ayant n\u00e9cessite l&rsquo;intervention de la protection civile, la garde nationale et l&rsquo;arm\u00e9e. Les flammes ont ravag\u00e9 pr\u00e8s de 90 Ha de r\u00e9sidus de moisson et 10 Ha de for\u00eat.<\/p>\n","protected":false},"author":6,"featured_media":223211,"comment_status":"open","ping_status":"open","sticky":false,"template":"","format":"standard","meta":{"footnotes":""},"categories":[998,2433],"tags":[80,148,380,1037,1009,1035,754],"class_list":["post-223205","post","type-post","status-publish","format-standard","has-post-thumbnail","hentry","category-societe","category-tunisie","tag-armee","tag-bizerte","tag-feu","tag-flamme","tag-foret","tag-incendie","tag-protection-civile"],"yoast_head":"<!-- This site is optimized with the Yoast SEO plugin v26.6 - https:\/\/yoast.com\/wordpress\/plugins\/seo\/ -->\n<title>Incendie \u00e0 Bizerte : Pr\u00e8s de 90 Ha de r\u00e9sidus de moisson et 10 Ha de for\u00eat ravag\u00e9s par le feu - Kapitalis<\/title>\n<meta name=\"robots\" content=\"index, follow, max-snippet:-1, max-image-preview:large, max-video-preview:-1\" \/>\n<link rel=\"canonical\" href=\"https:\/\/kapitalis.com\/tunisie\/2019\/07\/08\/incendie-a-bizerte-pres-de-90-ha-de-residus-de-moisson-et-10-ha-de-foret-ravages-par-le-feu\/\" \/>\n<meta property=\"og:locale\" content=\"fr_FR\" \/>\n<meta property=\"og:type\" content=\"article\" \/>\n<meta property=\"og:title\" content=\"Incendie \u00e0 Bizerte : Pr\u00e8s de 90 Ha de r\u00e9sidus de moisson et 10 Ha de for\u00eat ravag\u00e9s par le feu - Kapitalis\" \/>\n<meta property=\"og:description\" content=\"Un incendie s\u2019est d\u00e9clar\u00e9 hier, dimanche 7 juillet 2019, au sud de Bizerte ayant n\u00e9cessite l&rsquo;intervention de la protection civile, la garde nationale et l&rsquo;arm\u00e9e. Les flammes ont ravag\u00e9 pr\u00e8s de 90 Ha de r\u00e9sidus de moisson et 10 Ha de for\u00eat.\" \/>\n<meta property=\"og:url\" content=\"https:\/\/kapitalis.com\/tunisie\/2019\/07\/08\/incendie-a-bizerte-pres-de-90-ha-de-residus-de-moisson-et-10-ha-de-foret-ravages-par-le-feu\/\" \/>\n<meta property=\"og:site_name\" content=\"Kapitalis\" \/>\n<meta property=\"article:publisher\" content=\"https:\/\/www.facebook.com\/KapitalisInfo\/\" \/>\n<meta property=\"article:published_time\" content=\"2019-07-08T08:59:58+00:00\" \/>\n<meta property=\"article:modified_time\" content=\"2019-07-08T09:14:36+00:00\" \/>\n<meta property=\"og:image\" content=\"https:\/\/kapitalis.com\/tunisie\/wp-content\/uploads\/2022\/05\/kapitalis-logo-fb.png\" \/>\n\t<meta property=\"og:image:width\" content=\"1200\" \/>\n\t<meta property=\"og:image:height\" content=\"630\" \/>\n\t<meta property=\"og:image:type\" content=\"image\/png\" \/>\n<meta name=\"author\" content=\"Yusra NY\" \/>\n<meta name=\"twitter:card\" content=\"summary_large_image\" \/>\n<meta name=\"twitter:creator\" content=\"@KapitalisInfo\" \/>\n<meta name=\"twitter:site\" content=\"@KapitalisInfo\" \/>\n<meta name=\"twitter:label1\" content=\"\u00c9crit par\" \/>\n\t<meta name=\"twitter:data1\" content=\"Yusra NY\" \/>\n\t<meta name=\"twitter:label2\" content=\"Dur\u00e9e de lecture estim\u00e9e\" \/>\n\t<meta name=\"twitter:data2\" content=\"1 minute\" \/>\n<script type=\"application\/ld+json\" class=\"yoast-schema-graph\">{\"@context\":\"https:\/\/schema.org\",\"@graph\":[{\"@type\":\"Article\",\"@id\":\"https:\/\/kapitalis.com\/tunisie\/2019\/07\/08\/incendie-a-bizerte-pres-de-90-ha-de-residus-de-moisson-et-10-ha-de-foret-ravages-par-le-feu\/#article\",\"isPartOf\":{\"@id\":\"https:\/\/kapitalis.com\/tunisie\/2019\/07\/08\/incendie-a-bizerte-pres-de-90-ha-de-residus-de-moisson-et-10-ha-de-foret-ravages-par-le-feu\/\"},\"author\":{\"name\":\"Yusra NY\",\"@id\":\"https:\/\/kapitalis.com\/tunisie\/#\/schema\/person\/74bbde0154d49d790a92aaeac5bc01d5\"},\"headline\":\"Incendie \u00e0 Bizerte : Pr\u00e8s de 90 Ha de r\u00e9sidus de moisson et 10 Ha de for\u00eat ravag\u00e9s par le feu\",\"datePublished\":\"2019-07-08T08:59:58+00:00\",\"dateModified\":\"2019-07-08T09:14:36+00:00\",\"mainEntityOfPage\":{\"@id\":\"https:\/\/kapitalis.com\/tunisie\/2019\/07\/08\/incendie-a-bizerte-pres-de-90-ha-de-residus-de-moisson-et-10-ha-de-foret-ravages-par-le-feu\/\"},\"wordCount\":192,\"commentCount\":0,\"publisher\":{\"@id\":\"https:\/\/kapitalis.com\/tunisie\/#organization\"},\"image\":{\"@id\":\"https:\/\/kapitalis.com\/tunisie\/2019\/07\/08\/incendie-a-bizerte-pres-de-90-ha-de-residus-de-moisson-et-10-ha-de-foret-ravages-par-le-feu\/#primaryimage\"},\"thumbnailUrl\":\"\",\"keywords\":[\"arm\u00e9e\",\"Bizerte\",\"feu\",\"flamme\",\"for\u00eat\",\"Incendie\",\"protection civile\"],\"articleSection\":[\"SOCIETE\",\"Tunisie\"],\"inLanguage\":\"fr-FR\",\"potentialAction\":[{\"@type\":\"CommentAction\",\"name\":\"Comment\",\"target\":[\"https:\/\/kapitalis.com\/tunisie\/2019\/07\/08\/incendie-a-bizerte-pres-de-90-ha-de-residus-de-moisson-et-10-ha-de-foret-ravages-par-le-feu\/#respond\"]}]},{\"@type\":\"WebPage\",\"@id\":\"https:\/\/kapitalis.com\/tunisie\/2019\/07\/08\/incendie-a-bizerte-pres-de-90-ha-de-residus-de-moisson-et-10-ha-de-foret-ravages-par-le-feu\/\",\"url\":\"https:\/\/kapitalis.com\/tunisie\/2019\/07\/08\/incendie-a-bizerte-pres-de-90-ha-de-residus-de-moisson-et-10-ha-de-foret-ravages-par-le-feu\/\",\"name\":\"Incendie \u00e0 Bizerte : Pr\u00e8s de 90 Ha de r\u00e9sidus de moisson et 10 Ha de for\u00eat ravag\u00e9s par le feu - Kapitalis\",\"isPartOf\":{\"@id\":\"https:\/\/kapitalis.com\/tunisie\/#website\"},\"primaryImageOfPage\":{\"@id\":\"https:\/\/kapitalis.com\/tunisie\/2019\/07\/08\/incendie-a-bizerte-pres-de-90-ha-de-residus-de-moisson-et-10-ha-de-foret-ravages-par-le-feu\/#primaryimage\"},\"image\":{\"@id\":\"https:\/\/kapitalis.com\/tunisie\/2019\/07\/08\/incendie-a-bizerte-pres-de-90-ha-de-residus-de-moisson-et-10-ha-de-foret-ravages-par-le-feu\/#primaryimage\"},\"thumbnailUrl\":\"\",\"datePublished\":\"2019-07-08T08:59:58+00:00\",\"dateModified\":\"2019-07-08T09:14:36+00:00\",\"breadcrumb\":{\"@id\":\"https:\/\/kapitalis.com\/tunisie\/2019\/07\/08\/incendie-a-bizerte-pres-de-90-ha-de-residus-de-moisson-et-10-ha-de-foret-ravages-par-le-feu\/#breadcrumb\"},\"inLanguage\":\"fr-FR\",\"potentialAction\":[{\"@type\":\"ReadAction\",\"target\":[\"https:\/\/kapitalis.com\/tunisie\/2019\/07\/08\/incendie-a-bizerte-pres-de-90-ha-de-residus-de-moisson-et-10-ha-de-foret-ravages-par-le-feu\/\"]}]},{\"@type\":\"ImageObject\",\"inLanguage\":\"fr-FR\",\"@id\":\"https:\/\/kapitalis.com\/tunisie\/2019\/07\/08\/incendie-a-bizerte-pres-de-90-ha-de-residus-de-moisson-et-10-ha-de-foret-ravages-par-le-feu\/#primaryimage\",\"url\":\"\",\"contentUrl\":\"\"},{\"@type\":\"BreadcrumbList\",\"@id\":\"https:\/\/kapitalis.com\/tunisie\/2019\/07\/08\/incendie-a-bizerte-pres-de-90-ha-de-residus-de-moisson-et-10-ha-de-foret-ravages-par-le-feu\/#breadcrumb\",\"itemListElement\":[{\"@type\":\"ListItem\",\"position\":1,\"name\":\"Accueil\",\"item\":\"https:\/\/kapitalis.com\/tunisie\/\"},{\"@type\":\"ListItem\",\"position\":2,\"name\":\"Incendie \u00e0 Bizerte : Pr\u00e8s de 90 Ha de r\u00e9sidus de moisson et 10 Ha de for\u00eat ravag\u00e9s par le feu\"}]},{\"@type\":\"WebSite\",\"@id\":\"https:\/\/kapitalis.com\/tunisie\/#website\",\"url\":\"https:\/\/kapitalis.com\/tunisie\/\",\"name\":\"Kapitalis\",\"description\":\"L&#039;actualit\u00e9 en Tunisie et dans le monde\",\"publisher\":{\"@id\":\"https:\/\/kapitalis.com\/tunisie\/#organization\"},\"potentialAction\":[{\"@type\":\"SearchAction\",\"target\":{\"@type\":\"EntryPoint\",\"urlTemplate\":\"https:\/\/kapitalis.com\/tunisie\/?s={search_term_string}\"},\"query-input\":{\"@type\":\"PropertyValueSpecification\",\"valueRequired\":true,\"valueName\":\"search_term_string\"}}],\"inLanguage\":\"fr-FR\"},{\"@type\":\"Organization\",\"@id\":\"https:\/\/kapitalis.com\/tunisie\/#organization\",\"name\":\"Kapitalis\",\"url\":\"https:\/\/kapitalis.com\/tunisie\/\",\"logo\":{\"@type\":\"ImageObject\",\"inLanguage\":\"fr-FR\",\"@id\":\"https:\/\/kapitalis.com\/tunisie\/#\/schema\/logo\/image\/\",\"url\":\"https:\/\/kapitalis.com\/tunisie\/wp-content\/uploads\/2022\/05\/Kapitalis-big-size.png\",\"contentUrl\":\"https:\/\/kapitalis.com\/tunisie\/wp-content\/uploads\/2022\/05\/Kapitalis-big-size.png\",\"width\":5000,\"height\":1500,\"caption\":\"Kapitalis\"},\"image\":{\"@id\":\"https:\/\/kapitalis.com\/tunisie\/#\/schema\/logo\/image\/\"},\"sameAs\":[\"https:\/\/www.facebook.com\/KapitalisInfo\/\",\"https:\/\/x.com\/KapitalisInfo\",\"https:\/\/www.youtube.com\/channel\/UC-yDYrHyfFBWWZaOw3FPg9Q\"]},{\"@type\":\"Person\",\"@id\":\"https:\/\/kapitalis.com\/tunisie\/#\/schema\/person\/74bbde0154d49d790a92aaeac5bc01d5\",\"name\":\"Yusra NY\",\"url\":\"https:\/\/kapitalis.com\/tunisie\/author\/yuza_adam\/\"}]}<\/script>\n<!-- \/ Yoast SEO plugin. -->","yoast_head_json":{"title":"Incendie \u00e0 Bizerte : Pr\u00e8s de 90 Ha de r\u00e9sidus de moisson et 10 Ha de for\u00eat ravag\u00e9s par le feu - Kapitalis","robots":{"index":"index","follow":"follow","max-snippet":"max-snippet:-1","max-image-preview":"max-image-preview:large","max-video-preview":"max-video-preview:-1"},"canonical":"https:\/\/kapitalis.com\/tunisie\/2019\/07\/08\/incendie-a-bizerte-pres-de-90-ha-de-residus-de-moisson-et-10-ha-de-foret-ravages-par-le-feu\/","og_locale":"fr_FR","og_type":"article","og_title":"Incendie \u00e0 Bizerte : Pr\u00e8s de 90 Ha de r\u00e9sidus de moisson et 10 Ha de for\u00eat ravag\u00e9s par le feu - Kapitalis","og_description":"Un incendie s\u2019est d\u00e9clar\u00e9 hier, dimanche 7 juillet 2019, au sud de Bizerte ayant n\u00e9cessite l&rsquo;intervention de la protection civile, la garde nationale et l&rsquo;arm\u00e9e. Les flammes ont ravag\u00e9 pr\u00e8s de 90 Ha de r\u00e9sidus de moisson et 10 Ha de for\u00eat.","og_url":"https:\/\/kapitalis.com\/tunisie\/2019\/07\/08\/incendie-a-bizerte-pres-de-90-ha-de-residus-de-moisson-et-10-ha-de-foret-ravages-par-le-feu\/","og_site_name":"Kapitalis","article_publisher":"https:\/\/www.facebook.com\/KapitalisInfo\/","article_published_time":"2019-07-08T08:59:58+00:00","article_modified_time":"2019-07-08T09:14:36+00:00","og_image":[{"width":1200,"height":630,"url":"https:\/\/kapitalis.com\/tunisie\/wp-content\/uploads\/2022\/05\/kapitalis-logo-fb.png","type":"image\/png"}],"author":"Yusra NY","twitter_card":"summary_large_image","twitter_creator":"@KapitalisInfo","twitter_site":"@KapitalisInfo","twitter_misc":{"\u00c9crit par":"Yusra NY","Dur\u00e9e de lecture estim\u00e9e":"1 minute"},"schema":{"@context":"https:\/\/schema.org","@graph":[{"@type":"Article","@id":"https:\/\/kapitalis.com\/tunisie\/2019\/07\/08\/incendie-a-bizerte-pres-de-90-ha-de-residus-de-moisson-et-10-ha-de-foret-ravages-par-le-feu\/#article","isPartOf":{"@id":"https:\/\/kapitalis.com\/tunisie\/2019\/07\/08\/incendie-a-bizerte-pres-de-90-ha-de-residus-de-moisson-et-10-ha-de-foret-ravages-par-le-feu\/"},"author":{"name":"Yusra NY","@id":"https:\/\/kapitalis.com\/tunisie\/#\/schema\/person\/74bbde0154d49d790a92aaeac5bc01d5"},"headline":"Incendie \u00e0 Bizerte : Pr\u00e8s de 90 Ha de r\u00e9sidus de moisson et 10 Ha de for\u00eat ravag\u00e9s par le feu","datePublished":"2019-07-08T08:59:58+00:00","dateModified":"2019-07-08T09:14:36+00:00","mainEntityOfPage":{"@id":"https:\/\/kapitalis.com\/tunisie\/2019\/07\/08\/incendie-a-bizerte-pres-de-90-ha-de-residus-de-moisson-et-10-ha-de-foret-ravages-par-le-feu\/"},"wordCount":192,"commentCount":0,"publisher":{"@id":"https:\/\/kapitalis.com\/tunisie\/#organization"},"image":{"@id":"https:\/\/kapitalis.com\/tunisie\/2019\/07\/08\/incendie-a-bizerte-pres-de-90-ha-de-residus-de-moisson-et-10-ha-de-foret-ravages-par-le-feu\/#primaryimage"},"thumbnailUrl":"","keywords":["arm\u00e9e","Bizerte","feu","flamme","for\u00eat","Incendie","protection civile"],"articleSection":["SOCIETE","Tunisie"],"inLanguage":"fr-FR","potentialAction":[{"@type":"CommentAction","name":"Comment","target":["https:\/\/kapitalis.com\/tunisie\/2019\/07\/08\/incendie-a-bizerte-pres-de-90-ha-de-residus-de-moisson-et-10-ha-de-foret-ravages-par-le-feu\/#respond"]}]},{"@type":"WebPage","@id":"https:\/\/kapitalis.com\/tunisie\/2019\/07\/08\/incendie-a-bizerte-pres-de-90-ha-de-residus-de-moisson-et-10-ha-de-foret-ravages-par-le-feu\/","url":"https:\/\/kapitalis.com\/tunisie\/2019\/07\/08\/incendie-a-bizerte-pres-de-90-ha-de-residus-de-moisson-et-10-ha-de-foret-ravages-par-le-feu\/","name":"Incendie \u00e0 Bizerte : Pr\u00e8s de 90 Ha de r\u00e9sidus de moisson et 10 Ha de for\u00eat ravag\u00e9s par le feu - Kapitalis","isPartOf":{"@id":"https:\/\/kapitalis.com\/tunisie\/#website"},"primaryImageOfPage":{"@id":"https:\/\/kapitalis.com\/tunisie\/2019\/07\/08\/incendie-a-bizerte-pres-de-90-ha-de-residus-de-moisson-et-10-ha-de-foret-ravages-par-le-feu\/#primaryimage"},"image":{"@id":"https:\/\/kapitalis.com\/tunisie\/2019\/07\/08\/incendie-a-bizerte-pres-de-90-ha-de-residus-de-moisson-et-10-ha-de-foret-ravages-par-le-feu\/#primaryimage"},"thumbnailUrl":"","datePublished":"2019-07-08T08:59:58+00:00","dateModified":"2019-07-08T09:14:36+00:00","breadcrumb":{"@id":"https:\/\/kapitalis.com\/tunisie\/2019\/07\/08\/incendie-a-bizerte-pres-de-90-ha-de-residus-de-moisson-et-10-ha-de-foret-ravages-par-le-feu\/#breadcrumb"},"inLanguage":"fr-FR","potentialAction":[{"@type":"ReadAction","target":["https:\/\/kapitalis.com\/tunisie\/2019\/07\/08\/incendie-a-bizerte-pres-de-90-ha-de-residus-de-moisson-et-10-ha-de-foret-ravages-par-le-feu\/"]}]},{"@type":"ImageObject","inLanguage":"fr-FR","@id":"https:\/\/kapitalis.com\/tunisie\/2019\/07\/08\/incendie-a-bizerte-pres-de-90-ha-de-residus-de-moisson-et-10-ha-de-foret-ravages-par-le-feu\/#primaryimage","url":"","contentUrl":""},{"@type":"BreadcrumbList","@id":"https:\/\/kapitalis.com\/tunisie\/2019\/07\/08\/incendie-a-bizerte-pres-de-90-ha-de-residus-de-moisson-et-10-ha-de-foret-ravages-par-le-feu\/#breadcrumb","itemListElement":[{"@type":"ListItem","position":1,"name":"Accueil","item":"https:\/\/kapitalis.com\/tunisie\/"},{"@type":"ListItem","position":2,"name":"Incendie \u00e0 Bizerte : Pr\u00e8s de 90 Ha de r\u00e9sidus de moisson et 10 Ha de for\u00eat ravag\u00e9s par le feu"}]},{"@type":"WebSite","@id":"https:\/\/kapitalis.com\/tunisie\/#website","url":"https:\/\/kapitalis.com\/tunisie\/","name":"Kapitalis","description":"L&#039;actualit\u00e9 en Tunisie et dans le monde","publisher":{"@id":"https:\/\/kapitalis.com\/tunisie\/#organization"},"potentialAction":[{"@type":"SearchAction","target":{"@type":"EntryPoint","urlTemplate":"https:\/\/kapitalis.com\/tunisie\/?s={search_term_string}"},"query-input":{"@type":"PropertyValueSpecification","valueRequired":true,"valueName":"search_term_string"}}],"inLanguage":"fr-FR"},{"@type":"Organization","@id":"https:\/\/kapitalis.com\/tunisie\/#organization","name":"Kapitalis","url":"https:\/\/kapitalis.com\/tunisie\/","logo":{"@type":"ImageObject","inLanguage":"fr-FR","@id":"https:\/\/kapitalis.com\/tunisie\/#\/schema\/logo\/image\/","url":"https:\/\/kapitalis.com\/tunisie\/wp-content\/uploads\/2022\/05\/Kapitalis-big-size.png","contentUrl":"https:\/\/kapitalis.com\/tunisie\/wp-content\/uploads\/2022\/05\/Kapitalis-big-size.png","width":5000,"height":1500,"caption":"Kapitalis"},"image":{"@id":"https:\/\/kapitalis.com\/tunisie\/#\/schema\/logo\/image\/"},"sameAs":["https:\/\/www.facebook.com\/KapitalisInfo\/","https:\/\/x.com\/KapitalisInfo","https:\/\/www.youtube.com\/channel\/UC-yDYrHyfFBWWZaOw3FPg9Q"]},{"@type":"Person","@id":"https:\/\/kapitalis.com\/tunisie\/#\/schema\/person\/74bbde0154d49d790a92aaeac5bc01d5","name":"Yusra NY","url":"https:\/\/kapitalis.com\/tunisie\/author\/yuza_adam\/"}]}},"_links":{"self":[{"href":"https:\/\/kapitalis.com\/tunisie\/wp-json\/wp\/v2\/posts\/223205","targetHints":{"allow":["GET"]}}],"collection":[{"href":"https:\/\/kapitalis.com\/tunisie\/wp-json\/wp\/v2\/posts"}],"about":[{"href":"https:\/\/kapitalis.com\/tunisie\/wp-json\/wp\/v2\/types\/post"}],"author":[{"embeddable":true,"href":"https:\/\/kapitalis.com\/tunisie\/wp-json\/wp\/v2\/users\/6"}],"replies":[{"embeddable":true,"href":"https:\/\/kapitalis.com\/tunisie\/wp-json\/wp\/v2\/comments?post=223205"}],"version-history":[{"count":0,"href":"https:\/\/kapitalis.com\/tunisie\/wp-json\/wp\/v2\/posts\/223205\/revisions"}],"wp:featuredmedia":[{"embeddable":true,"href":"https:\/\/kapitalis.com\/tunisie\/wp-json\/wp\/v2\/media\/223211"}],"wp:attachment":[{"href":"https:\/\/kapitalis.com\/tunisie\/wp-json\/wp\/v2\/media?parent=223205"}],"wp:term":[{"taxonomy":"category","embeddable":true,"href":"https:\/\/kapitalis.com\/tunisie\/wp-json\/wp\/v2\/categories?post=223205"},{"taxonomy":"post_tag","embeddable":true,"href":"https:\/\/kapitalis.com\/tunisie\/wp-json\/wp\/v2\/tags?post=223205"}],"curies":[{"name":"wp","href":"https:\/\/api.w.org\/{rel}","templated":true}]}}