{"id":223343,"date":"2019-07-08T14:41:48","date_gmt":"2019-07-08T13:41:48","guid":{"rendered":"http:\/\/kapitalis.com\/tunisie\/?p=223343"},"modified":"2019-07-08T14:41:51","modified_gmt":"2019-07-08T13:41:51","slug":"landor-les-actions-non-souscrites-ouvertes-au-public-du-8-au-12-juillet-inclus","status":"publish","type":"post","link":"https:\/\/kapitalis.com\/tunisie\/2019\/07\/08\/landor-les-actions-non-souscrites-ouvertes-au-public-du-8-au-12-juillet-inclus\/","title":{"rendered":"Land\u2019Or : Les actions non souscrites ouvertes au public du 8 au 12 juillet inclus"},"content":{"rendered":"\n<figure class=\"wp-block-image\"><img decoding=\"async\" src=\"http:\/\/kapitalis.com\/tunisie\/wp-content\/uploads\/2019\/07\/LandOr.jpg\" alt=\"\" class=\"wp-image-223358\"\/><\/figure>\n\n\n\n<p><strong><em>La soci\u00e9t\u00e9 Land\u2019Or SA informe ses actionnaires et le public que les souscriptions \u00e0 l\u2019augmentation de capital en num\u00e9raire n\u2019ont pas atteint la totalit\u00e9 de l\u2019augmentation du capital. Aussi, les actions non souscrites seront ouvertes au public, du 8 au 12 juillet 2019 inclus.<\/em><\/strong><\/p>\n\n\n\n<!--more Lire la suite-->\n\n\n\n<p>Cette d\u00e9cision est prise par la soci\u00e9t\u00e9 Land\u2019Or SA, conform\u00e9ment \u00e0 ce qui a \u00e9t\u00e9 pr\u00e9vu dans le prospectus vis\u00e9 par le Conseil mon\u00e9taire et financier (CMF) du 29 avril 2019, sous le num\u00e9ro 19-1027. <\/p>\n\n\n\n<p>Cela est du au fait qu&rsquo;en 2019, les souscriptions \u00e0 l\u2019augmentation de capital en num\u00e9raire, r\u00e9alis\u00e9es \u00e0 titre irr\u00e9ductible et r\u00e9ductible, ouvertes du 20 mai au 28 juin 2019, ainsi que la redistribution des actions non souscrites, entre les actionnaires de la soci\u00e9t\u00e9, ouvertes du 1er au 5 juillet 2019, n\u2019ont pas atteint la totalit\u00e9 de l\u2019augmentation du capital. <\/p>\n\n\n\n<p>Cette augmentation a pour but de financer les investissements de la soci\u00e9t\u00e9 concernant l&rsquo;extension de son usine de production en Tunisie, et l&rsquo;installation d&rsquo;une unit\u00e9 industrielle au Maroc. Elle vise aussi \u00e0 r\u00e9duire l&rsquo;endettement \u00e0 court terme de la soci\u00e9t\u00e9 et \u00e0 assainir son bilan financier, ainsi qu&rsquo;\u00e0 am\u00e9liorer sa tr\u00e9sorerie.<\/p>\n\n\n<div><strong><em>Source:<\/em><\/strong> <a href=\"https:\/\/www.cmf.tn\/?q=ouverture-des-souscriptions-au-public-land%E2%80%99or\" target=\"_blank\" rel=\"noreferrer noopener\" aria-label=\"CMF (s\u2019ouvre dans un nouvel onglet)\">CMF<\/a><\/div>","protected":false},"excerpt":{"rendered":"<p>La soci\u00e9t\u00e9 Land\u2019Or SA informe ses actionnaires et le public que les souscriptions \u00e0 l\u2019augmentation de capital en num\u00e9raire n\u2019ont pas atteint la totalit\u00e9 de l\u2019augmentation du capital. Aussi, les actions non souscrites seront ouvertes au public, du 8 au 12 juillet 2019 inclus.<\/p>\n","protected":false},"author":22,"featured_media":223358,"comment_status":"open","ping_status":"open","sticky":false,"template":"","format":"standard","meta":{"footnotes":""},"categories":[995,2433],"tags":[3843,535],"class_list":["post-223343","post","type-post","status-publish","format-standard","has-post-thumbnail","hentry","category-economie","category-tunisie","tag-cmf","tag-landor"],"yoast_head":"<!-- This site is optimized with the Yoast SEO plugin v26.6 - https:\/\/yoast.com\/wordpress\/plugins\/seo\/ -->\n<title>Land\u2019Or : Les actions non souscrites ouvertes au public du 8 au 12 juillet inclus - Kapitalis<\/title>\n<meta name=\"robots\" content=\"index, follow, max-snippet:-1, max-image-preview:large, max-video-preview:-1\" \/>\n<link rel=\"canonical\" href=\"https:\/\/kapitalis.com\/tunisie\/2019\/07\/08\/landor-les-actions-non-souscrites-ouvertes-au-public-du-8-au-12-juillet-inclus\/\" \/>\n<meta property=\"og:locale\" content=\"fr_FR\" \/>\n<meta property=\"og:type\" content=\"article\" \/>\n<meta property=\"og:title\" content=\"Land\u2019Or : Les actions non souscrites ouvertes au public du 8 au 12 juillet inclus - Kapitalis\" \/>\n<meta property=\"og:description\" content=\"La soci\u00e9t\u00e9 Land\u2019Or SA informe ses actionnaires et le public que les souscriptions \u00e0 l\u2019augmentation de capital en num\u00e9raire n\u2019ont pas atteint la totalit\u00e9 de l\u2019augmentation du capital. Aussi, les actions non souscrites seront ouvertes au public, du 8 au 12 juillet 2019 inclus.\" \/>\n<meta property=\"og:url\" content=\"https:\/\/kapitalis.com\/tunisie\/2019\/07\/08\/landor-les-actions-non-souscrites-ouvertes-au-public-du-8-au-12-juillet-inclus\/\" \/>\n<meta property=\"og:site_name\" content=\"Kapitalis\" \/>\n<meta property=\"article:publisher\" content=\"https:\/\/www.facebook.com\/KapitalisInfo\/\" \/>\n<meta property=\"article:published_time\" content=\"2019-07-08T13:41:48+00:00\" \/>\n<meta property=\"article:modified_time\" content=\"2019-07-08T13:41:51+00:00\" \/>\n<meta property=\"og:image\" content=\"https:\/\/kapitalis.com\/tunisie\/wp-content\/uploads\/2022\/05\/kapitalis-logo-fb.png\" \/>\n\t<meta property=\"og:image:width\" content=\"1200\" \/>\n\t<meta property=\"og:image:height\" content=\"630\" \/>\n\t<meta property=\"og:image:type\" content=\"image\/png\" \/>\n<meta name=\"author\" content=\"Amina Mkada\" \/>\n<meta name=\"twitter:card\" content=\"summary_large_image\" \/>\n<meta name=\"twitter:creator\" content=\"@KapitalisInfo\" \/>\n<meta name=\"twitter:site\" content=\"@KapitalisInfo\" \/>\n<meta name=\"twitter:label1\" content=\"\u00c9crit par\" \/>\n\t<meta name=\"twitter:data1\" content=\"Amina Mkada\" \/>\n\t<meta name=\"twitter:label2\" content=\"Dur\u00e9e de lecture estim\u00e9e\" \/>\n\t<meta name=\"twitter:data2\" content=\"1 minute\" \/>\n<script type=\"application\/ld+json\" class=\"yoast-schema-graph\">{\"@context\":\"https:\/\/schema.org\",\"@graph\":[{\"@type\":\"Article\",\"@id\":\"https:\/\/kapitalis.com\/tunisie\/2019\/07\/08\/landor-les-actions-non-souscrites-ouvertes-au-public-du-8-au-12-juillet-inclus\/#article\",\"isPartOf\":{\"@id\":\"https:\/\/kapitalis.com\/tunisie\/2019\/07\/08\/landor-les-actions-non-souscrites-ouvertes-au-public-du-8-au-12-juillet-inclus\/\"},\"author\":{\"name\":\"Amina Mkada\",\"@id\":\"https:\/\/kapitalis.com\/tunisie\/#\/schema\/person\/093913313d3017554cb3ad077fff3fbd\"},\"headline\":\"Land\u2019Or : Les actions non souscrites ouvertes au public du 8 au 12 juillet inclus\",\"datePublished\":\"2019-07-08T13:41:48+00:00\",\"dateModified\":\"2019-07-08T13:41:51+00:00\",\"mainEntityOfPage\":{\"@id\":\"https:\/\/kapitalis.com\/tunisie\/2019\/07\/08\/landor-les-actions-non-souscrites-ouvertes-au-public-du-8-au-12-juillet-inclus\/\"},\"wordCount\":213,\"commentCount\":0,\"publisher\":{\"@id\":\"https:\/\/kapitalis.com\/tunisie\/#organization\"},\"image\":{\"@id\":\"https:\/\/kapitalis.com\/tunisie\/2019\/07\/08\/landor-les-actions-non-souscrites-ouvertes-au-public-du-8-au-12-juillet-inclus\/#primaryimage\"},\"thumbnailUrl\":\"\",\"keywords\":[\"CMF\",\"Land'Or\"],\"articleSection\":[\"ECONOMIE\",\"Tunisie\"],\"inLanguage\":\"fr-FR\",\"potentialAction\":[{\"@type\":\"CommentAction\",\"name\":\"Comment\",\"target\":[\"https:\/\/kapitalis.com\/tunisie\/2019\/07\/08\/landor-les-actions-non-souscrites-ouvertes-au-public-du-8-au-12-juillet-inclus\/#respond\"]}]},{\"@type\":\"WebPage\",\"@id\":\"https:\/\/kapitalis.com\/tunisie\/2019\/07\/08\/landor-les-actions-non-souscrites-ouvertes-au-public-du-8-au-12-juillet-inclus\/\",\"url\":\"https:\/\/kapitalis.com\/tunisie\/2019\/07\/08\/landor-les-actions-non-souscrites-ouvertes-au-public-du-8-au-12-juillet-inclus\/\",\"name\":\"Land\u2019Or : Les actions non souscrites ouvertes au public du 8 au 12 juillet inclus - Kapitalis\",\"isPartOf\":{\"@id\":\"https:\/\/kapitalis.com\/tunisie\/#website\"},\"primaryImageOfPage\":{\"@id\":\"https:\/\/kapitalis.com\/tunisie\/2019\/07\/08\/landor-les-actions-non-souscrites-ouvertes-au-public-du-8-au-12-juillet-inclus\/#primaryimage\"},\"image\":{\"@id\":\"https:\/\/kapitalis.com\/tunisie\/2019\/07\/08\/landor-les-actions-non-souscrites-ouvertes-au-public-du-8-au-12-juillet-inclus\/#primaryimage\"},\"thumbnailUrl\":\"\",\"datePublished\":\"2019-07-08T13:41:48+00:00\",\"dateModified\":\"2019-07-08T13:41:51+00:00\",\"breadcrumb\":{\"@id\":\"https:\/\/kapitalis.com\/tunisie\/2019\/07\/08\/landor-les-actions-non-souscrites-ouvertes-au-public-du-8-au-12-juillet-inclus\/#breadcrumb\"},\"inLanguage\":\"fr-FR\",\"potentialAction\":[{\"@type\":\"ReadAction\",\"target\":[\"https:\/\/kapitalis.com\/tunisie\/2019\/07\/08\/landor-les-actions-non-souscrites-ouvertes-au-public-du-8-au-12-juillet-inclus\/\"]}]},{\"@type\":\"ImageObject\",\"inLanguage\":\"fr-FR\",\"@id\":\"https:\/\/kapitalis.com\/tunisie\/2019\/07\/08\/landor-les-actions-non-souscrites-ouvertes-au-public-du-8-au-12-juillet-inclus\/#primaryimage\",\"url\":\"\",\"contentUrl\":\"\"},{\"@type\":\"BreadcrumbList\",\"@id\":\"https:\/\/kapitalis.com\/tunisie\/2019\/07\/08\/landor-les-actions-non-souscrites-ouvertes-au-public-du-8-au-12-juillet-inclus\/#breadcrumb\",\"itemListElement\":[{\"@type\":\"ListItem\",\"position\":1,\"name\":\"Accueil\",\"item\":\"https:\/\/kapitalis.com\/tunisie\/\"},{\"@type\":\"ListItem\",\"position\":2,\"name\":\"Land\u2019Or : Les actions non souscrites ouvertes au public du 8 au 12 juillet inclus\"}]},{\"@type\":\"WebSite\",\"@id\":\"https:\/\/kapitalis.com\/tunisie\/#website\",\"url\":\"https:\/\/kapitalis.com\/tunisie\/\",\"name\":\"Kapitalis\",\"description\":\"L&#039;actualit\u00e9 en Tunisie et dans le monde\",\"publisher\":{\"@id\":\"https:\/\/kapitalis.com\/tunisie\/#organization\"},\"potentialAction\":[{\"@type\":\"SearchAction\",\"target\":{\"@type\":\"EntryPoint\",\"urlTemplate\":\"https:\/\/kapitalis.com\/tunisie\/?s={search_term_string}\"},\"query-input\":{\"@type\":\"PropertyValueSpecification\",\"valueRequired\":true,\"valueName\":\"search_term_string\"}}],\"inLanguage\":\"fr-FR\"},{\"@type\":\"Organization\",\"@id\":\"https:\/\/kapitalis.com\/tunisie\/#organization\",\"name\":\"Kapitalis\",\"url\":\"https:\/\/kapitalis.com\/tunisie\/\",\"logo\":{\"@type\":\"ImageObject\",\"inLanguage\":\"fr-FR\",\"@id\":\"https:\/\/kapitalis.com\/tunisie\/#\/schema\/logo\/image\/\",\"url\":\"https:\/\/kapitalis.com\/tunisie\/wp-content\/uploads\/2022\/05\/Kapitalis-big-size.png\",\"contentUrl\":\"https:\/\/kapitalis.com\/tunisie\/wp-content\/uploads\/2022\/05\/Kapitalis-big-size.png\",\"width\":5000,\"height\":1500,\"caption\":\"Kapitalis\"},\"image\":{\"@id\":\"https:\/\/kapitalis.com\/tunisie\/#\/schema\/logo\/image\/\"},\"sameAs\":[\"https:\/\/www.facebook.com\/KapitalisInfo\/\",\"https:\/\/x.com\/KapitalisInfo\",\"https:\/\/www.youtube.com\/channel\/UC-yDYrHyfFBWWZaOw3FPg9Q\"]},{\"@type\":\"Person\",\"@id\":\"https:\/\/kapitalis.com\/tunisie\/#\/schema\/person\/093913313d3017554cb3ad077fff3fbd\",\"name\":\"Amina Mkada\",\"url\":\"https:\/\/kapitalis.com\/tunisie\/author\/amina\/\"}]}<\/script>\n<!-- \/ Yoast SEO plugin. -->","yoast_head_json":{"title":"Land\u2019Or : Les actions non souscrites ouvertes au public du 8 au 12 juillet inclus - Kapitalis","robots":{"index":"index","follow":"follow","max-snippet":"max-snippet:-1","max-image-preview":"max-image-preview:large","max-video-preview":"max-video-preview:-1"},"canonical":"https:\/\/kapitalis.com\/tunisie\/2019\/07\/08\/landor-les-actions-non-souscrites-ouvertes-au-public-du-8-au-12-juillet-inclus\/","og_locale":"fr_FR","og_type":"article","og_title":"Land\u2019Or : Les actions non souscrites ouvertes au public du 8 au 12 juillet inclus - Kapitalis","og_description":"La soci\u00e9t\u00e9 Land\u2019Or SA informe ses actionnaires et le public que les souscriptions \u00e0 l\u2019augmentation de capital en num\u00e9raire n\u2019ont pas atteint la totalit\u00e9 de l\u2019augmentation du capital. Aussi, les actions non souscrites seront ouvertes au public, du 8 au 12 juillet 2019 inclus.","og_url":"https:\/\/kapitalis.com\/tunisie\/2019\/07\/08\/landor-les-actions-non-souscrites-ouvertes-au-public-du-8-au-12-juillet-inclus\/","og_site_name":"Kapitalis","article_publisher":"https:\/\/www.facebook.com\/KapitalisInfo\/","article_published_time":"2019-07-08T13:41:48+00:00","article_modified_time":"2019-07-08T13:41:51+00:00","og_image":[{"width":1200,"height":630,"url":"https:\/\/kapitalis.com\/tunisie\/wp-content\/uploads\/2022\/05\/kapitalis-logo-fb.png","type":"image\/png"}],"author":"Amina Mkada","twitter_card":"summary_large_image","twitter_creator":"@KapitalisInfo","twitter_site":"@KapitalisInfo","twitter_misc":{"\u00c9crit par":"Amina Mkada","Dur\u00e9e de lecture estim\u00e9e":"1 minute"},"schema":{"@context":"https:\/\/schema.org","@graph":[{"@type":"Article","@id":"https:\/\/kapitalis.com\/tunisie\/2019\/07\/08\/landor-les-actions-non-souscrites-ouvertes-au-public-du-8-au-12-juillet-inclus\/#article","isPartOf":{"@id":"https:\/\/kapitalis.com\/tunisie\/2019\/07\/08\/landor-les-actions-non-souscrites-ouvertes-au-public-du-8-au-12-juillet-inclus\/"},"author":{"name":"Amina Mkada","@id":"https:\/\/kapitalis.com\/tunisie\/#\/schema\/person\/093913313d3017554cb3ad077fff3fbd"},"headline":"Land\u2019Or : Les actions non souscrites ouvertes au public du 8 au 12 juillet inclus","datePublished":"2019-07-08T13:41:48+00:00","dateModified":"2019-07-08T13:41:51+00:00","mainEntityOfPage":{"@id":"https:\/\/kapitalis.com\/tunisie\/2019\/07\/08\/landor-les-actions-non-souscrites-ouvertes-au-public-du-8-au-12-juillet-inclus\/"},"wordCount":213,"commentCount":0,"publisher":{"@id":"https:\/\/kapitalis.com\/tunisie\/#organization"},"image":{"@id":"https:\/\/kapitalis.com\/tunisie\/2019\/07\/08\/landor-les-actions-non-souscrites-ouvertes-au-public-du-8-au-12-juillet-inclus\/#primaryimage"},"thumbnailUrl":"","keywords":["CMF","Land'Or"],"articleSection":["ECONOMIE","Tunisie"],"inLanguage":"fr-FR","potentialAction":[{"@type":"CommentAction","name":"Comment","target":["https:\/\/kapitalis.com\/tunisie\/2019\/07\/08\/landor-les-actions-non-souscrites-ouvertes-au-public-du-8-au-12-juillet-inclus\/#respond"]}]},{"@type":"WebPage","@id":"https:\/\/kapitalis.com\/tunisie\/2019\/07\/08\/landor-les-actions-non-souscrites-ouvertes-au-public-du-8-au-12-juillet-inclus\/","url":"https:\/\/kapitalis.com\/tunisie\/2019\/07\/08\/landor-les-actions-non-souscrites-ouvertes-au-public-du-8-au-12-juillet-inclus\/","name":"Land\u2019Or : Les actions non souscrites ouvertes au public du 8 au 12 juillet inclus - Kapitalis","isPartOf":{"@id":"https:\/\/kapitalis.com\/tunisie\/#website"},"primaryImageOfPage":{"@id":"https:\/\/kapitalis.com\/tunisie\/2019\/07\/08\/landor-les-actions-non-souscrites-ouvertes-au-public-du-8-au-12-juillet-inclus\/#primaryimage"},"image":{"@id":"https:\/\/kapitalis.com\/tunisie\/2019\/07\/08\/landor-les-actions-non-souscrites-ouvertes-au-public-du-8-au-12-juillet-inclus\/#primaryimage"},"thumbnailUrl":"","datePublished":"2019-07-08T13:41:48+00:00","dateModified":"2019-07-08T13:41:51+00:00","breadcrumb":{"@id":"https:\/\/kapitalis.com\/tunisie\/2019\/07\/08\/landor-les-actions-non-souscrites-ouvertes-au-public-du-8-au-12-juillet-inclus\/#breadcrumb"},"inLanguage":"fr-FR","potentialAction":[{"@type":"ReadAction","target":["https:\/\/kapitalis.com\/tunisie\/2019\/07\/08\/landor-les-actions-non-souscrites-ouvertes-au-public-du-8-au-12-juillet-inclus\/"]}]},{"@type":"ImageObject","inLanguage":"fr-FR","@id":"https:\/\/kapitalis.com\/tunisie\/2019\/07\/08\/landor-les-actions-non-souscrites-ouvertes-au-public-du-8-au-12-juillet-inclus\/#primaryimage","url":"","contentUrl":""},{"@type":"BreadcrumbList","@id":"https:\/\/kapitalis.com\/tunisie\/2019\/07\/08\/landor-les-actions-non-souscrites-ouvertes-au-public-du-8-au-12-juillet-inclus\/#breadcrumb","itemListElement":[{"@type":"ListItem","position":1,"name":"Accueil","item":"https:\/\/kapitalis.com\/tunisie\/"},{"@type":"ListItem","position":2,"name":"Land\u2019Or : Les actions non souscrites ouvertes au public du 8 au 12 juillet inclus"}]},{"@type":"WebSite","@id":"https:\/\/kapitalis.com\/tunisie\/#website","url":"https:\/\/kapitalis.com\/tunisie\/","name":"Kapitalis","description":"L&#039;actualit\u00e9 en Tunisie et dans le monde","publisher":{"@id":"https:\/\/kapitalis.com\/tunisie\/#organization"},"potentialAction":[{"@type":"SearchAction","target":{"@type":"EntryPoint","urlTemplate":"https:\/\/kapitalis.com\/tunisie\/?s={search_term_string}"},"query-input":{"@type":"PropertyValueSpecification","valueRequired":true,"valueName":"search_term_string"}}],"inLanguage":"fr-FR"},{"@type":"Organization","@id":"https:\/\/kapitalis.com\/tunisie\/#organization","name":"Kapitalis","url":"https:\/\/kapitalis.com\/tunisie\/","logo":{"@type":"ImageObject","inLanguage":"fr-FR","@id":"https:\/\/kapitalis.com\/tunisie\/#\/schema\/logo\/image\/","url":"https:\/\/kapitalis.com\/tunisie\/wp-content\/uploads\/2022\/05\/Kapitalis-big-size.png","contentUrl":"https:\/\/kapitalis.com\/tunisie\/wp-content\/uploads\/2022\/05\/Kapitalis-big-size.png","width":5000,"height":1500,"caption":"Kapitalis"},"image":{"@id":"https:\/\/kapitalis.com\/tunisie\/#\/schema\/logo\/image\/"},"sameAs":["https:\/\/www.facebook.com\/KapitalisInfo\/","https:\/\/x.com\/KapitalisInfo","https:\/\/www.youtube.com\/channel\/UC-yDYrHyfFBWWZaOw3FPg9Q"]},{"@type":"Person","@id":"https:\/\/kapitalis.com\/tunisie\/#\/schema\/person\/093913313d3017554cb3ad077fff3fbd","name":"Amina Mkada","url":"https:\/\/kapitalis.com\/tunisie\/author\/amina\/"}]}},"_links":{"self":[{"href":"https:\/\/kapitalis.com\/tunisie\/wp-json\/wp\/v2\/posts\/223343","targetHints":{"allow":["GET"]}}],"collection":[{"href":"https:\/\/kapitalis.com\/tunisie\/wp-json\/wp\/v2\/posts"}],"about":[{"href":"https:\/\/kapitalis.com\/tunisie\/wp-json\/wp\/v2\/types\/post"}],"author":[{"embeddable":true,"href":"https:\/\/kapitalis.com\/tunisie\/wp-json\/wp\/v2\/users\/22"}],"replies":[{"embeddable":true,"href":"https:\/\/kapitalis.com\/tunisie\/wp-json\/wp\/v2\/comments?post=223343"}],"version-history":[{"count":0,"href":"https:\/\/kapitalis.com\/tunisie\/wp-json\/wp\/v2\/posts\/223343\/revisions"}],"wp:featuredmedia":[{"embeddable":true,"href":"https:\/\/kapitalis.com\/tunisie\/wp-json\/wp\/v2\/media\/223358"}],"wp:attachment":[{"href":"https:\/\/kapitalis.com\/tunisie\/wp-json\/wp\/v2\/media?parent=223343"}],"wp:term":[{"taxonomy":"category","embeddable":true,"href":"https:\/\/kapitalis.com\/tunisie\/wp-json\/wp\/v2\/categories?post=223343"},{"taxonomy":"post_tag","embeddable":true,"href":"https:\/\/kapitalis.com\/tunisie\/wp-json\/wp\/v2\/tags?post=223343"}],"curies":[{"name":"wp","href":"https:\/\/api.w.org\/{rel}","templated":true}]}}