{"id":223983,"date":"2019-07-10T18:17:16","date_gmt":"2019-07-10T17:17:16","guid":{"rendered":"http:\/\/kapitalis.com\/tunisie\/?p=223983"},"modified":"2019-07-13T14:13:26","modified_gmt":"2019-07-13T13:13:26","slug":"les-tunisiens-doivent-eviter-le-vide-politique-et-rester-unis-face-au-terrorisme","status":"publish","type":"post","link":"https:\/\/kapitalis.com\/tunisie\/2019\/07\/10\/les-tunisiens-doivent-eviter-le-vide-politique-et-rester-unis-face-au-terrorisme\/","title":{"rendered":"Les Tunisiens doivent \u00e9viter le vide politique et rester unis face au terrorisme"},"content":{"rendered":"\n<figure class=\"wp-block-image\"><img decoding=\"async\" src=\"http:\/\/kapitalis.com\/tunisie\/wp-content\/uploads\/2019\/07\/attentat-du-27-juin.jpg\" alt=\"\" class=\"wp-image-224029\"\/><\/figure>\n\n\n\n<p><strong><em>L&rsquo;article ci-dessous, dont le titre original est \u00ab\u00a0Terror should not hurt Tunisia&rsquo;s democratic gains\u00a0\u00bb, a \u00e9t\u00e9 publi\u00e9 <\/em><\/strong><em><strong>par le  <\/strong><\/em><strong><em>journal \u00e9mirati <a rel=\"noreferrer noopener\" aria-label=\"&quot;Khaleej Times&quot; (s\u2019ouvre dans un nouvel onglet)\" href=\"https:\/\/www.khaleejtimes.com\/editorials-columns\/terror-should-not-hurt-tunisias-democratic-gains\" target=\"_blank\">\u00ab\u00a0Khaleej Times\u00a0\u00bb<\/a>, le 29 juin 2019, deux jours apr\u00e8s les attentats-suicides du centre-ville de Tunis (2 morts). L&rsquo;auteure <\/em><\/strong><strong><em>analyse la situation politique actuelle en Tunisie.<\/em><\/strong><\/p>\n\n\n\n<p>Par  <strong>Christiane Waked<\/strong> *<\/p>\n\n\n\n<!--more-->\n\n\n\n<div class=\"wp-block-image\"><figure class=\"alignleft\"><img decoding=\"async\" src=\"http:\/\/kapitalis.com\/tunisie\/wp-content\/uploads\/2019\/07\/Christiane-Waked.jpg\" alt=\"\" class=\"wp-image-224097\"\/><\/figure><\/div>\n\n\n\n<p>Depuis les attaques terroristes du 26 juin 2015, lorsqu&rsquo;un homme arm\u00e9 d&rsquo;une kalachnikov, a pris d&rsquo;assaut une plage pr\u00e8s de Sousse et tu\u00e9 38 personnes, la Tunisie est aux prises avec des incertitudes, et fait face aux menaces terroristes \u00e9manant d&rsquo;extr\u00e9mistes nationaux, et de la Libye voisine. Les 2 attentats \u00e0 la bombe du jeudi 27 juin visant les forces de s\u00e9curit\u00e9 du pays en sont un autre exemple. <\/p>\n\n\n\n<h3 class=\"wp-block-heading\">Le timing de ces attaques semble tr\u00e8s calcul\u00e9<\/h3>\n\n\n\n<p>Selon Emmanuel Dupuy, pr\u00e9sident de l&rsquo;Institut pour la s\u00e9curit\u00e9 et les perspectives europ\u00e9ennes, bas\u00e9 \u00e0 Paris, <em>\u00able double attentat-suicide qui a simultan\u00e9ment frapp\u00e9 un v\u00e9hicule de la police sur l&rsquo;Avenue Bourguiba, au centre-ville de Tunis, et une caserne de la garde nationale \u00e0 Gorjani, si\u00e8ge de l&rsquo;unit\u00e9 anti-terroriste, le 27 juin 2019, s&rsquo;est produit au d\u00e9but de la saison touristique, dans un contexte de climat politique tendu, en raison de la pr\u00e9paration des prochaines \u00e9lections pr\u00e9sidentielles et l\u00e9gislatives, pr\u00e9vues pour octobre et novembre 2019. En outre, la d\u00e9t\u00e9rioration de l&rsquo;\u00e9tat de sant\u00e9 du pr\u00e9sident B\u00e9ji Caid Essebsi, 92 ans, laisse pr\u00e9sager une crise politique dans un puzzle institutionnel inextricable\u00bb. <\/em><\/p>\n\n\n\n<p>(&#8230;)<\/p>\n\n\n\n<p>En premier lieu, ce double-attentat marque le d\u00e9but de la saison estivale pour le secteur du tourisme, qui est l\u2019une des principales sources de revenus pour l\u2019\u00e9conomie. Selon un classement de la Seto, un syndicat regroupant quelque 70 voyagistes fran\u00e7ais, la Tunisie est la 4e destination touristique des Fran\u00e7ais, pour les prochaines vacances estivales. <\/p>\n\n\n\n<h3 class=\"wp-block-heading\">Les prochaines \u00e9lections pr\u00e9sidentielles pourraient \u00eatre \u00e9branl\u00e9es<\/h3>\n\n\n\n<p>Selon M. Dupuy, l&rsquo;absence de la Cour constitutionnelle (qui devait, selon la constitution de 2014, \u00eatre pr\u00eate d\u00e8s 2015, Ndlr), pourrait constituer un \u00e9l\u00e9ment de tension en cas de fortes divergences entre les partis politiques.  La seule issue serait donc une transition \u00abconsensuelle\u00bb du pouvoir et de l&rsquo;organisation des \u00e9lections \u00e0 la date convenue. <\/p>\n\n\n\n<p> <em>\u00abCependant<\/em>, ajoute-t-il, <em>ce n&rsquo;est pas ce qui semble \u00eatre le cas du climat politique actuel, o\u00f9 les 218 partis politiques tunisiens avaient eu du mal \u00e0 se mettre d&rsquo;accord sur cet agenda.\u00bb <\/em><\/p>\n\n\n\n<h3 class=\"wp-block-heading\">Daech cherche \u00e0 transformer la Tunisie en une plate-forme strat\u00e9gique<\/h3>\n\n\n\n<p>La Tunisie n&rsquo;a pas d&rsquo;organisation interne li\u00e9e \u00e0 Daech, mais une <em>\u00ab\u00a0katiba\u00a0\u00bb <\/em>appel\u00e9e Okba Ibn Nafaa, un groupe de combattants li\u00e9 \u00e0 Al-Qa\u00efda au Maghreb islamique (AQMI). Apr\u00e8s la d\u00e9faite en Syrie et en Irak, Daech est en train de se r\u00e9organiser et de d\u00e9placer son groupe, qui chercherait \u00e0 transformer la Tunisie en une plate-forme strat\u00e9gique pour les groupes terroristes install\u00e9s en Libye. La plateforme pourrait \u00e9galement \u00e9largir son soutien \u00e0 l\u2019ouest, notamment \u00e0 l\u2019Alg\u00e9rie, au reste du Maghreb, et \u00e0 la partie occidentale de l\u2019Afrique. L&rsquo;expansion de Daech au Maghreb provoquerait probablement des dissensions avec l&rsquo;AQMI. Depuis la cr\u00e9ation de Daech, les 2 groupes ont eu des d\u00e9saccords sur la tactique et les priorit\u00e9s.<\/p>\n\n\n\n<figure class=\"wp-block-image\"><img decoding=\"async\" src=\"http:\/\/kapitalis.com\/tunisie\/wp-content\/uploads\/2019\/07\/pauvret\u00e9-taille-500.jpg\" alt=\"\" class=\"wp-image-224033\"\/><\/figure>\n\n\n\n<h3 class=\"wp-block-heading\">Les Tunisiens doivent rester plus que jamais unis contre le terrorisme <\/h3>\n\n\n\n<p>Le manque d&rsquo;opportunit\u00e9s d&#8217;emplois et une grave crise socio-\u00e9conomique sont \u00e0 d\u00e9plorer. La situation \u00e9conomique en Tunisie est mauvaise. Le niveau de la dette ext\u00e9rieure est \u00e9lev\u00e9, atteignant un record de 78% du PIB au premier semestre de 2018. Le Fonds mon\u00e9taire international (FMI) n&rsquo;\u00e9carte pas la possibilit\u00e9 qu&rsquo;il puisse franchir la barre des 100% dans les ann\u00e9es \u00e0 venir. N\u00e9anmoins, le taux de ch\u00f4mage a l\u00e9g\u00e8rement diminu\u00e9 pour s&rsquo;\u00e9tablir \u00e0 15,30% en mars 2019, alors qu&rsquo;il \u00e9tait de 15,50% en d\u00e9cembre 2018.<\/p>\n\n\n\n<p>Le gouvernement et tous les responsables doivent \u00e9tudier judicieusement la prochaine \u00e9tape, car tout vide politique pourrait conduire le pays au chaos et \u00e0 la guerre lorsque la situation \u00e9conomique est mauvaise.**<\/p>\n\n\n\n<p style=\"text-align:right\"><em>Traduit de l&rsquo;anglais par <\/em><strong>Amina Mkada<\/strong><\/p>\n\n\n\n<p><strong><em>*<\/em><\/strong><em> Analyste politique bas\u00e9e \u00e0 Beyrouth.<\/em><\/p>\n\n\n\n<p><em>** Le titre et les intertitres sont de la r\u00e9daction.<\/em><\/p>\n","protected":false},"excerpt":{"rendered":"<p>L&rsquo;article ci-dessous, dont le titre original est \u00ab\u00a0Terror should not hurt Tunisia&rsquo;s democratic gains\u00a0\u00bb, a \u00e9t\u00e9 publi\u00e9 par le journal \u00e9mirati \u00ab\u00a0Khaleej Times\u00a0\u00bb, le 29 juin 2019, deux jours apr\u00e8s les attentats-suicides du centre-ville de Tunis (2 morts). L&rsquo;auteure analyse la situation politique actuelle en Tunisie. Par Christiane Waked *<\/p>\n","protected":false},"author":22,"featured_media":224029,"comment_status":"open","ping_status":"open","sticky":false,"template":"","format":"standard","meta":{"footnotes":""},"categories":[992,997,1000,2433],"tags":[2566,7476],"class_list":["post-223983","post","type-post","status-publish","format-standard","has-post-thumbnail","hentry","category-a-la-une","category-politique","category-tribune","category-tunisie","tag-aqmi","tag-cour-constitutionnelle"],"yoast_head":"<!-- This site is optimized with the Yoast SEO plugin v26.6 - https:\/\/yoast.com\/wordpress\/plugins\/seo\/ -->\n<title>Les Tunisiens doivent \u00e9viter le vide politique et rester unis face au terrorisme - Kapitalis<\/title>\n<meta name=\"robots\" content=\"index, follow, max-snippet:-1, max-image-preview:large, max-video-preview:-1\" \/>\n<link rel=\"canonical\" href=\"https:\/\/kapitalis.com\/tunisie\/2019\/07\/10\/les-tunisiens-doivent-eviter-le-vide-politique-et-rester-unis-face-au-terrorisme\/\" \/>\n<meta property=\"og:locale\" content=\"fr_FR\" \/>\n<meta property=\"og:type\" content=\"article\" \/>\n<meta property=\"og:title\" content=\"Les Tunisiens doivent \u00e9viter le vide politique et rester unis face au terrorisme - Kapitalis\" \/>\n<meta property=\"og:description\" content=\"L&rsquo;article ci-dessous, dont le titre original est \u00ab\u00a0Terror should not hurt Tunisia&rsquo;s democratic gains\u00a0\u00bb, a \u00e9t\u00e9 publi\u00e9 par le journal \u00e9mirati \u00ab\u00a0Khaleej Times\u00a0\u00bb, le 29 juin 2019, deux jours apr\u00e8s les attentats-suicides du centre-ville de Tunis (2 morts). L&rsquo;auteure analyse la situation politique actuelle en Tunisie. Par Christiane Waked *\" \/>\n<meta property=\"og:url\" content=\"https:\/\/kapitalis.com\/tunisie\/2019\/07\/10\/les-tunisiens-doivent-eviter-le-vide-politique-et-rester-unis-face-au-terrorisme\/\" \/>\n<meta property=\"og:site_name\" content=\"Kapitalis\" \/>\n<meta property=\"article:publisher\" content=\"https:\/\/www.facebook.com\/KapitalisInfo\/\" \/>\n<meta property=\"article:published_time\" content=\"2019-07-10T17:17:16+00:00\" \/>\n<meta property=\"article:modified_time\" content=\"2019-07-13T13:13:26+00:00\" \/>\n<meta property=\"og:image\" content=\"https:\/\/kapitalis.com\/tunisie\/wp-content\/uploads\/2022\/05\/kapitalis-logo-fb.png\" \/>\n\t<meta property=\"og:image:width\" content=\"1200\" \/>\n\t<meta property=\"og:image:height\" content=\"630\" \/>\n\t<meta property=\"og:image:type\" content=\"image\/png\" \/>\n<meta name=\"author\" content=\"Amina Mkada\" \/>\n<meta name=\"twitter:card\" content=\"summary_large_image\" \/>\n<meta name=\"twitter:creator\" content=\"@KapitalisInfo\" \/>\n<meta name=\"twitter:site\" content=\"@KapitalisInfo\" \/>\n<meta name=\"twitter:label1\" content=\"\u00c9crit par\" \/>\n\t<meta name=\"twitter:data1\" content=\"Amina Mkada\" \/>\n\t<meta name=\"twitter:label2\" content=\"Dur\u00e9e de lecture estim\u00e9e\" \/>\n\t<meta name=\"twitter:data2\" content=\"3 minutes\" \/>\n<script type=\"application\/ld+json\" class=\"yoast-schema-graph\">{\"@context\":\"https:\/\/schema.org\",\"@graph\":[{\"@type\":\"Article\",\"@id\":\"https:\/\/kapitalis.com\/tunisie\/2019\/07\/10\/les-tunisiens-doivent-eviter-le-vide-politique-et-rester-unis-face-au-terrorisme\/#article\",\"isPartOf\":{\"@id\":\"https:\/\/kapitalis.com\/tunisie\/2019\/07\/10\/les-tunisiens-doivent-eviter-le-vide-politique-et-rester-unis-face-au-terrorisme\/\"},\"author\":{\"name\":\"Amina Mkada\",\"@id\":\"https:\/\/kapitalis.com\/tunisie\/#\/schema\/person\/093913313d3017554cb3ad077fff3fbd\"},\"headline\":\"Les Tunisiens doivent \u00e9viter le vide politique et rester unis face au terrorisme\",\"datePublished\":\"2019-07-10T17:17:16+00:00\",\"dateModified\":\"2019-07-13T13:13:26+00:00\",\"mainEntityOfPage\":{\"@id\":\"https:\/\/kapitalis.com\/tunisie\/2019\/07\/10\/les-tunisiens-doivent-eviter-le-vide-politique-et-rester-unis-face-au-terrorisme\/\"},\"wordCount\":690,\"commentCount\":4,\"publisher\":{\"@id\":\"https:\/\/kapitalis.com\/tunisie\/#organization\"},\"image\":{\"@id\":\"https:\/\/kapitalis.com\/tunisie\/2019\/07\/10\/les-tunisiens-doivent-eviter-le-vide-politique-et-rester-unis-face-au-terrorisme\/#primaryimage\"},\"thumbnailUrl\":\"\",\"keywords\":[\"Aqmi\",\"Cour constitutionnelle\"],\"articleSection\":[\"A LA UNE\",\"POLITIQUE\",\"TRIBUNE\",\"Tunisie\"],\"inLanguage\":\"fr-FR\",\"potentialAction\":[{\"@type\":\"CommentAction\",\"name\":\"Comment\",\"target\":[\"https:\/\/kapitalis.com\/tunisie\/2019\/07\/10\/les-tunisiens-doivent-eviter-le-vide-politique-et-rester-unis-face-au-terrorisme\/#respond\"]}]},{\"@type\":\"WebPage\",\"@id\":\"https:\/\/kapitalis.com\/tunisie\/2019\/07\/10\/les-tunisiens-doivent-eviter-le-vide-politique-et-rester-unis-face-au-terrorisme\/\",\"url\":\"https:\/\/kapitalis.com\/tunisie\/2019\/07\/10\/les-tunisiens-doivent-eviter-le-vide-politique-et-rester-unis-face-au-terrorisme\/\",\"name\":\"Les Tunisiens doivent \u00e9viter le vide politique et rester unis face au terrorisme - Kapitalis\",\"isPartOf\":{\"@id\":\"https:\/\/kapitalis.com\/tunisie\/#website\"},\"primaryImageOfPage\":{\"@id\":\"https:\/\/kapitalis.com\/tunisie\/2019\/07\/10\/les-tunisiens-doivent-eviter-le-vide-politique-et-rester-unis-face-au-terrorisme\/#primaryimage\"},\"image\":{\"@id\":\"https:\/\/kapitalis.com\/tunisie\/2019\/07\/10\/les-tunisiens-doivent-eviter-le-vide-politique-et-rester-unis-face-au-terrorisme\/#primaryimage\"},\"thumbnailUrl\":\"\",\"datePublished\":\"2019-07-10T17:17:16+00:00\",\"dateModified\":\"2019-07-13T13:13:26+00:00\",\"breadcrumb\":{\"@id\":\"https:\/\/kapitalis.com\/tunisie\/2019\/07\/10\/les-tunisiens-doivent-eviter-le-vide-politique-et-rester-unis-face-au-terrorisme\/#breadcrumb\"},\"inLanguage\":\"fr-FR\",\"potentialAction\":[{\"@type\":\"ReadAction\",\"target\":[\"https:\/\/kapitalis.com\/tunisie\/2019\/07\/10\/les-tunisiens-doivent-eviter-le-vide-politique-et-rester-unis-face-au-terrorisme\/\"]}]},{\"@type\":\"ImageObject\",\"inLanguage\":\"fr-FR\",\"@id\":\"https:\/\/kapitalis.com\/tunisie\/2019\/07\/10\/les-tunisiens-doivent-eviter-le-vide-politique-et-rester-unis-face-au-terrorisme\/#primaryimage\",\"url\":\"\",\"contentUrl\":\"\"},{\"@type\":\"BreadcrumbList\",\"@id\":\"https:\/\/kapitalis.com\/tunisie\/2019\/07\/10\/les-tunisiens-doivent-eviter-le-vide-politique-et-rester-unis-face-au-terrorisme\/#breadcrumb\",\"itemListElement\":[{\"@type\":\"ListItem\",\"position\":1,\"name\":\"Accueil\",\"item\":\"https:\/\/kapitalis.com\/tunisie\/\"},{\"@type\":\"ListItem\",\"position\":2,\"name\":\"Les Tunisiens doivent \u00e9viter le vide politique et rester unis face au terrorisme\"}]},{\"@type\":\"WebSite\",\"@id\":\"https:\/\/kapitalis.com\/tunisie\/#website\",\"url\":\"https:\/\/kapitalis.com\/tunisie\/\",\"name\":\"Kapitalis\",\"description\":\"L&#039;actualit\u00e9 en Tunisie et dans le monde\",\"publisher\":{\"@id\":\"https:\/\/kapitalis.com\/tunisie\/#organization\"},\"potentialAction\":[{\"@type\":\"SearchAction\",\"target\":{\"@type\":\"EntryPoint\",\"urlTemplate\":\"https:\/\/kapitalis.com\/tunisie\/?s={search_term_string}\"},\"query-input\":{\"@type\":\"PropertyValueSpecification\",\"valueRequired\":true,\"valueName\":\"search_term_string\"}}],\"inLanguage\":\"fr-FR\"},{\"@type\":\"Organization\",\"@id\":\"https:\/\/kapitalis.com\/tunisie\/#organization\",\"name\":\"Kapitalis\",\"url\":\"https:\/\/kapitalis.com\/tunisie\/\",\"logo\":{\"@type\":\"ImageObject\",\"inLanguage\":\"fr-FR\",\"@id\":\"https:\/\/kapitalis.com\/tunisie\/#\/schema\/logo\/image\/\",\"url\":\"https:\/\/kapitalis.com\/tunisie\/wp-content\/uploads\/2022\/05\/Kapitalis-big-size.png\",\"contentUrl\":\"https:\/\/kapitalis.com\/tunisie\/wp-content\/uploads\/2022\/05\/Kapitalis-big-size.png\",\"width\":5000,\"height\":1500,\"caption\":\"Kapitalis\"},\"image\":{\"@id\":\"https:\/\/kapitalis.com\/tunisie\/#\/schema\/logo\/image\/\"},\"sameAs\":[\"https:\/\/www.facebook.com\/KapitalisInfo\/\",\"https:\/\/x.com\/KapitalisInfo\",\"https:\/\/www.youtube.com\/channel\/UC-yDYrHyfFBWWZaOw3FPg9Q\"]},{\"@type\":\"Person\",\"@id\":\"https:\/\/kapitalis.com\/tunisie\/#\/schema\/person\/093913313d3017554cb3ad077fff3fbd\",\"name\":\"Amina Mkada\",\"url\":\"https:\/\/kapitalis.com\/tunisie\/author\/amina\/\"}]}<\/script>\n<!-- \/ Yoast SEO plugin. -->","yoast_head_json":{"title":"Les Tunisiens doivent \u00e9viter le vide politique et rester unis face au terrorisme - Kapitalis","robots":{"index":"index","follow":"follow","max-snippet":"max-snippet:-1","max-image-preview":"max-image-preview:large","max-video-preview":"max-video-preview:-1"},"canonical":"https:\/\/kapitalis.com\/tunisie\/2019\/07\/10\/les-tunisiens-doivent-eviter-le-vide-politique-et-rester-unis-face-au-terrorisme\/","og_locale":"fr_FR","og_type":"article","og_title":"Les Tunisiens doivent \u00e9viter le vide politique et rester unis face au terrorisme - Kapitalis","og_description":"L&rsquo;article ci-dessous, dont le titre original est \u00ab\u00a0Terror should not hurt Tunisia&rsquo;s democratic gains\u00a0\u00bb, a \u00e9t\u00e9 publi\u00e9 par le journal \u00e9mirati \u00ab\u00a0Khaleej Times\u00a0\u00bb, le 29 juin 2019, deux jours apr\u00e8s les attentats-suicides du centre-ville de Tunis (2 morts). L&rsquo;auteure analyse la situation politique actuelle en Tunisie. Par Christiane Waked *","og_url":"https:\/\/kapitalis.com\/tunisie\/2019\/07\/10\/les-tunisiens-doivent-eviter-le-vide-politique-et-rester-unis-face-au-terrorisme\/","og_site_name":"Kapitalis","article_publisher":"https:\/\/www.facebook.com\/KapitalisInfo\/","article_published_time":"2019-07-10T17:17:16+00:00","article_modified_time":"2019-07-13T13:13:26+00:00","og_image":[{"width":1200,"height":630,"url":"https:\/\/kapitalis.com\/tunisie\/wp-content\/uploads\/2022\/05\/kapitalis-logo-fb.png","type":"image\/png"}],"author":"Amina Mkada","twitter_card":"summary_large_image","twitter_creator":"@KapitalisInfo","twitter_site":"@KapitalisInfo","twitter_misc":{"\u00c9crit par":"Amina Mkada","Dur\u00e9e de lecture estim\u00e9e":"3 minutes"},"schema":{"@context":"https:\/\/schema.org","@graph":[{"@type":"Article","@id":"https:\/\/kapitalis.com\/tunisie\/2019\/07\/10\/les-tunisiens-doivent-eviter-le-vide-politique-et-rester-unis-face-au-terrorisme\/#article","isPartOf":{"@id":"https:\/\/kapitalis.com\/tunisie\/2019\/07\/10\/les-tunisiens-doivent-eviter-le-vide-politique-et-rester-unis-face-au-terrorisme\/"},"author":{"name":"Amina Mkada","@id":"https:\/\/kapitalis.com\/tunisie\/#\/schema\/person\/093913313d3017554cb3ad077fff3fbd"},"headline":"Les Tunisiens doivent \u00e9viter le vide politique et rester unis face au terrorisme","datePublished":"2019-07-10T17:17:16+00:00","dateModified":"2019-07-13T13:13:26+00:00","mainEntityOfPage":{"@id":"https:\/\/kapitalis.com\/tunisie\/2019\/07\/10\/les-tunisiens-doivent-eviter-le-vide-politique-et-rester-unis-face-au-terrorisme\/"},"wordCount":690,"commentCount":4,"publisher":{"@id":"https:\/\/kapitalis.com\/tunisie\/#organization"},"image":{"@id":"https:\/\/kapitalis.com\/tunisie\/2019\/07\/10\/les-tunisiens-doivent-eviter-le-vide-politique-et-rester-unis-face-au-terrorisme\/#primaryimage"},"thumbnailUrl":"","keywords":["Aqmi","Cour constitutionnelle"],"articleSection":["A LA UNE","POLITIQUE","TRIBUNE","Tunisie"],"inLanguage":"fr-FR","potentialAction":[{"@type":"CommentAction","name":"Comment","target":["https:\/\/kapitalis.com\/tunisie\/2019\/07\/10\/les-tunisiens-doivent-eviter-le-vide-politique-et-rester-unis-face-au-terrorisme\/#respond"]}]},{"@type":"WebPage","@id":"https:\/\/kapitalis.com\/tunisie\/2019\/07\/10\/les-tunisiens-doivent-eviter-le-vide-politique-et-rester-unis-face-au-terrorisme\/","url":"https:\/\/kapitalis.com\/tunisie\/2019\/07\/10\/les-tunisiens-doivent-eviter-le-vide-politique-et-rester-unis-face-au-terrorisme\/","name":"Les Tunisiens doivent \u00e9viter le vide politique et rester unis face au terrorisme - Kapitalis","isPartOf":{"@id":"https:\/\/kapitalis.com\/tunisie\/#website"},"primaryImageOfPage":{"@id":"https:\/\/kapitalis.com\/tunisie\/2019\/07\/10\/les-tunisiens-doivent-eviter-le-vide-politique-et-rester-unis-face-au-terrorisme\/#primaryimage"},"image":{"@id":"https:\/\/kapitalis.com\/tunisie\/2019\/07\/10\/les-tunisiens-doivent-eviter-le-vide-politique-et-rester-unis-face-au-terrorisme\/#primaryimage"},"thumbnailUrl":"","datePublished":"2019-07-10T17:17:16+00:00","dateModified":"2019-07-13T13:13:26+00:00","breadcrumb":{"@id":"https:\/\/kapitalis.com\/tunisie\/2019\/07\/10\/les-tunisiens-doivent-eviter-le-vide-politique-et-rester-unis-face-au-terrorisme\/#breadcrumb"},"inLanguage":"fr-FR","potentialAction":[{"@type":"ReadAction","target":["https:\/\/kapitalis.com\/tunisie\/2019\/07\/10\/les-tunisiens-doivent-eviter-le-vide-politique-et-rester-unis-face-au-terrorisme\/"]}]},{"@type":"ImageObject","inLanguage":"fr-FR","@id":"https:\/\/kapitalis.com\/tunisie\/2019\/07\/10\/les-tunisiens-doivent-eviter-le-vide-politique-et-rester-unis-face-au-terrorisme\/#primaryimage","url":"","contentUrl":""},{"@type":"BreadcrumbList","@id":"https:\/\/kapitalis.com\/tunisie\/2019\/07\/10\/les-tunisiens-doivent-eviter-le-vide-politique-et-rester-unis-face-au-terrorisme\/#breadcrumb","itemListElement":[{"@type":"ListItem","position":1,"name":"Accueil","item":"https:\/\/kapitalis.com\/tunisie\/"},{"@type":"ListItem","position":2,"name":"Les Tunisiens doivent \u00e9viter le vide politique et rester unis face au terrorisme"}]},{"@type":"WebSite","@id":"https:\/\/kapitalis.com\/tunisie\/#website","url":"https:\/\/kapitalis.com\/tunisie\/","name":"Kapitalis","description":"L&#039;actualit\u00e9 en Tunisie et dans le monde","publisher":{"@id":"https:\/\/kapitalis.com\/tunisie\/#organization"},"potentialAction":[{"@type":"SearchAction","target":{"@type":"EntryPoint","urlTemplate":"https:\/\/kapitalis.com\/tunisie\/?s={search_term_string}"},"query-input":{"@type":"PropertyValueSpecification","valueRequired":true,"valueName":"search_term_string"}}],"inLanguage":"fr-FR"},{"@type":"Organization","@id":"https:\/\/kapitalis.com\/tunisie\/#organization","name":"Kapitalis","url":"https:\/\/kapitalis.com\/tunisie\/","logo":{"@type":"ImageObject","inLanguage":"fr-FR","@id":"https:\/\/kapitalis.com\/tunisie\/#\/schema\/logo\/image\/","url":"https:\/\/kapitalis.com\/tunisie\/wp-content\/uploads\/2022\/05\/Kapitalis-big-size.png","contentUrl":"https:\/\/kapitalis.com\/tunisie\/wp-content\/uploads\/2022\/05\/Kapitalis-big-size.png","width":5000,"height":1500,"caption":"Kapitalis"},"image":{"@id":"https:\/\/kapitalis.com\/tunisie\/#\/schema\/logo\/image\/"},"sameAs":["https:\/\/www.facebook.com\/KapitalisInfo\/","https:\/\/x.com\/KapitalisInfo","https:\/\/www.youtube.com\/channel\/UC-yDYrHyfFBWWZaOw3FPg9Q"]},{"@type":"Person","@id":"https:\/\/kapitalis.com\/tunisie\/#\/schema\/person\/093913313d3017554cb3ad077fff3fbd","name":"Amina Mkada","url":"https:\/\/kapitalis.com\/tunisie\/author\/amina\/"}]}},"_links":{"self":[{"href":"https:\/\/kapitalis.com\/tunisie\/wp-json\/wp\/v2\/posts\/223983","targetHints":{"allow":["GET"]}}],"collection":[{"href":"https:\/\/kapitalis.com\/tunisie\/wp-json\/wp\/v2\/posts"}],"about":[{"href":"https:\/\/kapitalis.com\/tunisie\/wp-json\/wp\/v2\/types\/post"}],"author":[{"embeddable":true,"href":"https:\/\/kapitalis.com\/tunisie\/wp-json\/wp\/v2\/users\/22"}],"replies":[{"embeddable":true,"href":"https:\/\/kapitalis.com\/tunisie\/wp-json\/wp\/v2\/comments?post=223983"}],"version-history":[{"count":0,"href":"https:\/\/kapitalis.com\/tunisie\/wp-json\/wp\/v2\/posts\/223983\/revisions"}],"wp:featuredmedia":[{"embeddable":true,"href":"https:\/\/kapitalis.com\/tunisie\/wp-json\/wp\/v2\/media\/224029"}],"wp:attachment":[{"href":"https:\/\/kapitalis.com\/tunisie\/wp-json\/wp\/v2\/media?parent=223983"}],"wp:term":[{"taxonomy":"category","embeddable":true,"href":"https:\/\/kapitalis.com\/tunisie\/wp-json\/wp\/v2\/categories?post=223983"},{"taxonomy":"post_tag","embeddable":true,"href":"https:\/\/kapitalis.com\/tunisie\/wp-json\/wp\/v2\/tags?post=223983"}],"curies":[{"name":"wp","href":"https:\/\/api.w.org\/{rel}","templated":true}]}}